{"id":906949,"date":"2025-05-29T10:29:37","date_gmt":"2025-05-29T13:29:37","guid":{"rendered":"https:\/\/bahiaeconomica.com.br\/wp\/?p=906949"},"modified":"2025-05-29T10:29:37","modified_gmt":"2025-05-29T13:29:37","slug":"mc-poze-do-rodo-e-preso-por-envolvimento-com-trafico-de-drogas-entenda","status":"publish","type":"post","link":"https:\/\/bahiaeconomica.com.br\/wp\/2025\/05\/29\/mc-poze-do-rodo-e-preso-por-envolvimento-com-trafico-de-drogas-entenda\/","title":{"rendered":"MC POZE DO RODO \u00c9 PRESO POR ENVOLVIMENTO COM TR\u00c1FICO DE DROGAS; ENTENDA"},"content":{"rendered":"<p>O cantor Mc Poze do Rodo foi preso na madrugada desta quinta-feira (29) por agentes da Delegacia de Repress\u00e3o a Entorpecentes (DRE) da Pol\u00edcia Civil do Rio de Janeiro. Os policiais cumpriram o mandado de pris\u00e3o tempor\u00e1ria na casa do artista, localizada em um condom\u00ednio no Recreio dos Bandeirantes, na Zona Oeste. O cantor \u00e9 investigado por apologia ao crime e por envolvimento com o tr\u00e1fico de drogas.<\/p>\n<p>De acordo com a pol\u00edcia, o &#8220;MC&#8221; realiza show em \u00e1reas exclusivamente dominadas pela fac\u00e7\u00e3o do Comando Vermelho (CV). Nesses shows \u00e9 recorrente a presen\u00e7a de traficantes armados com fuzis e armas de grosso calibre. Ainda segundo o DRE, o &#8220;PROIBID\u00c3O&#8221;, musicas que o artista canta em seus shows, faz clara apologia ao trafico e consumo de drogas, uso ilegal de armas e o consumo de drogas, al\u00e9m de acalorar o confronto contra fac\u00e7\u00f5es rivais.<\/p>\n<p>Poze n\u00e3o quis dar declara\u00e7\u00f5es durante a sua pris\u00e3o, mas seu advogado, Fernando Henrique Cardoso Neves, afirmou que essas acusa\u00e7\u00f5es s\u00e3o decorrentes de antigas narrativas. \u201cQueremos entender o motivo dessa nova pris\u00e3o. Essa \u00e9 uma narrativa j\u00e1 antiga. Se ele n\u00e3o for liberado, vamos entrar com um habeas corpus\u201d, disse o advogado.<\/p>\n<p>Foto: Reprodu\u00e7\u00e3o G1<\/p>\n","protected":false},"excerpt":{"rendered":"<p>O cantor Mc Poze do Rodo foi preso na madrugada desta quinta-feira (29) por agentes da Delegacia de Repress\u00e3o a Entorpecentes (DRE) da Pol\u00edcia Civil do Rio de Janeiro. Os policiais cumpriram o mandado de pris\u00e3o tempor\u00e1ria na casa do artista, localizada em um condom\u00ednio no Recreio dos Bandeirantes, na Zona Oeste. O cantor \u00e9 [&hellip;]<\/p>\n","protected":false},"author":28,"featured_media":907007,"comment_status":"closed","ping_status":"closed","sticky":false,"template":"","format":"standard","meta":[],"categories":[4],"tags":[3660,10558,15048,277,411,11488],"acf":[],"yoast_head":"<!-- This site is optimized with the Yoast SEO plugin v20.8 - https:\/\/yoast.com\/wordpress\/plugins\/seo\/ -->\n<title>MC POZE DO RODO \u00c9 PRESO POR ENVOLVIMENTO COM TR\u00c1FICO DE DROGAS; ENTENDA - Bahia Economica<\/title>\n<meta name=\"description\" content=\"O maior portal de Economia da Bahia ENTRETENIMENTO Bahia Economica Cantor foi preso na madrugada desta quinta-feira (29)\" \/>\n<meta name=\"robots\" content=\"index, follow, max-snippet:-1, max-image-preview:large, max-video-preview:-1\" \/>\n<link rel=\"canonical\" href=\"https:\/\/bahiaeconomica.com.br\/wp\/2025\/05\/29\/mc-poze-do-rodo-e-preso-por-envolvimento-com-trafico-de-drogas-entenda\/\" \/>\n<meta property=\"og:locale\" content=\"pt_BR\" \/>\n<meta property=\"og:type\" content=\"article\" \/>\n<meta property=\"og:title\" content=\"MC POZE DO RODO \u00c9 PRESO POR ENVOLVIMENTO COM TR\u00c1FICO DE DROGAS; ENTENDA - Bahia Economica\" \/>\n<meta property=\"og:description\" content=\"O maior portal de Economia da Bahia ENTRETENIMENTO Bahia Economica Cantor foi preso na madrugada desta quinta-feira (29)\" \/>\n<meta property=\"og:url\" content=\"https:\/\/bahiaeconomica.com.br\/wp\/2025\/05\/29\/mc-poze-do-rodo-e-preso-por-envolvimento-com-trafico-de-drogas-entenda\/\" \/>\n<meta property=\"og:site_name\" content=\"Bahia Economica\" \/>\n<meta property=\"article:publisher\" content=\"https:\/\/www.facebook.com\/bahiaeconomica\" \/>\n<meta property=\"article:published_time\" content=\"2025-05-29T13:29:37+00:00\" \/>\n<meta property=\"og:image\" content=\"https:\/\/bahiaeconomica.com.br\/wp\/wp-content\/uploads\/2025\/05\/poze.jpg\" \/>\n\t<meta property=\"og:image:width\" content=\"731\" \/>\n\t<meta property=\"og:image:height\" content=\"407\" \/>\n\t<meta property=\"og:image:type\" content=\"image\/jpeg\" \/>\n<meta name=\"author\" content=\"RONALD GUEDES\" \/>\n<meta name=\"twitter:card\" content=\"summary_large_image\" \/>\n<meta name=\"twitter:label1\" content=\"Escrito por\" \/>\n\t<meta name=\"twitter:data1\" content=\"RONALD GUEDES\" \/>\n\t<meta name=\"twitter:label2\" content=\"Est. tempo de leitura\" \/>\n\t<meta name=\"twitter:data2\" content=\"2 minutos\" \/>\n<script type=\"application\/ld+json\" class=\"yoast-schema-graph\">{\"@context\":\"https:\/\/schema.org\",\"@graph\":[{\"@type\":\"Article\",\"@id\":\"https:\/\/bahiaeconomica.com.br\/wp\/2025\/05\/29\/mc-poze-do-rodo-e-preso-por-envolvimento-com-trafico-de-drogas-entenda\/#article\",\"isPartOf\":{\"@id\":\"https:\/\/bahiaeconomica.com.br\/wp\/2025\/05\/29\/mc-poze-do-rodo-e-preso-por-envolvimento-com-trafico-de-drogas-entenda\/\"},\"author\":{\"name\":\"RONALD GUEDES\",\"@id\":\"https:\/\/bahiaeconomica.com.br\/wp\/#\/schema\/person\/c02f2f72b6a14e195cdca740ddfc9e3c\"},\"headline\":\"MC POZE DO RODO \u00c9 PRESO POR ENVOLVIMENTO COM TR\u00c1FICO DE DROGAS; ENTENDA\",\"datePublished\":\"2025-05-29T13:29:37+00:00\",\"dateModified\":\"2025-05-29T13:29:37+00:00\",\"mainEntityOfPage\":{\"@id\":\"https:\/\/bahiaeconomica.com.br\/wp\/2025\/05\/29\/mc-poze-do-rodo-e-preso-por-envolvimento-com-trafico-de-drogas-entenda\/\"},\"wordCount\":227,\"publisher\":{\"@id\":\"https:\/\/bahiaeconomica.com.br\/wp\/#organization\"},\"keywords\":[\"crime\",\"funk\",\"mc poze\",\"Pris\u00e3o\",\"Rio de Janeiro\",\"tr\u00e1fico de drogas\"],\"articleSection\":[\"ENTRETENIMENTO\"],\"inLanguage\":\"pt-BR\"},{\"@type\":\"WebPage\",\"@id\":\"https:\/\/bahiaeconomica.com.br\/wp\/2025\/05\/29\/mc-poze-do-rodo-e-preso-por-envolvimento-com-trafico-de-drogas-entenda\/\",\"url\":\"https:\/\/bahiaeconomica.com.br\/wp\/2025\/05\/29\/mc-poze-do-rodo-e-preso-por-envolvimento-com-trafico-de-drogas-entenda\/\",\"name\":\"MC POZE DO RODO \u00c9 PRESO POR ENVOLVIMENTO COM TR\u00c1FICO DE DROGAS; ENTENDA - Bahia Economica\",\"isPartOf\":{\"@id\":\"https:\/\/bahiaeconomica.com.br\/wp\/#website\"},\"datePublished\":\"2025-05-29T13:29:37+00:00\",\"dateModified\":\"2025-05-29T13:29:37+00:00\",\"description\":\"O maior portal de Economia da Bahia ENTRETENIMENTO Bahia Economica Cantor foi preso na madrugada desta quinta-feira (29)\",\"breadcrumb\":{\"@id\":\"https:\/\/bahiaeconomica.com.br\/wp\/2025\/05\/29\/mc-poze-do-rodo-e-preso-por-envolvimento-com-trafico-de-drogas-entenda\/#breadcrumb\"},\"inLanguage\":\"pt-BR\",\"potentialAction\":[{\"@type\":\"ReadAction\",\"target\":[\"https:\/\/bahiaeconomica.com.br\/wp\/2025\/05\/29\/mc-poze-do-rodo-e-preso-por-envolvimento-com-trafico-de-drogas-entenda\/\"]}]},{\"@type\":\"BreadcrumbList\",\"@id\":\"https:\/\/bahiaeconomica.com.br\/wp\/2025\/05\/29\/mc-poze-do-rodo-e-preso-por-envolvimento-com-trafico-de-drogas-entenda\/#breadcrumb\",\"itemListElement\":[{\"@type\":\"ListItem\",\"position\":1,\"name\":\"In\u00edcio\",\"item\":\"https:\/\/bahiaeconomica.com.br\/wp\/\"},{\"@type\":\"ListItem\",\"position\":2,\"name\":\"MC POZE DO RODO \u00c9 PRESO POR ENVOLVIMENTO COM TR\u00c1FICO DE DROGAS; ENTENDA\"}]},{\"@type\":\"WebSite\",\"@id\":\"https:\/\/bahiaeconomica.com.br\/wp\/#website\",\"url\":\"https:\/\/bahiaeconomica.com.br\/wp\/\",\"name\":\"Bahia Economica\",\"description\":\"O maior portal de Economia da Bahia\",\"publisher\":{\"@id\":\"https:\/\/bahiaeconomica.com.br\/wp\/#organization\"},\"potentialAction\":[{\"@type\":\"SearchAction\",\"target\":{\"@type\":\"EntryPoint\",\"urlTemplate\":\"https:\/\/bahiaeconomica.com.br\/wp\/?s={search_term_string}\"},\"query-input\":\"required name=search_term_string\"}],\"inLanguage\":\"pt-BR\"},{\"@type\":\"Organization\",\"@id\":\"https:\/\/bahiaeconomica.com.br\/wp\/#organization\",\"name\":\"Bahia Econ\u00f4mica\",\"url\":\"https:\/\/bahiaeconomica.com.br\/wp\/\",\"logo\":{\"@type\":\"ImageObject\",\"inLanguage\":\"pt-BR\",\"@id\":\"https:\/\/bahiaeconomica.com.br\/wp\/#\/schema\/logo\/image\/\",\"url\":\"https:\/\/bahiaeconomica.com.br\/wp\/wp-content\/uploads\/2020\/12\/cropped-BE.png\",\"contentUrl\":\"https:\/\/bahiaeconomica.com.br\/wp\/wp-content\/uploads\/2020\/12\/cropped-BE.png\",\"width\":512,\"height\":512,\"caption\":\"Bahia Econ\u00f4mica\"},\"image\":{\"@id\":\"https:\/\/bahiaeconomica.com.br\/wp\/#\/schema\/logo\/image\/\"},\"sameAs\":[\"https:\/\/www.facebook.com\/bahiaeconomica\"]},{\"@type\":\"Person\",\"@id\":\"https:\/\/bahiaeconomica.com.br\/wp\/#\/schema\/person\/c02f2f72b6a14e195cdca740ddfc9e3c\",\"name\":\"RONALD GUEDES\",\"sameAs\":[\"http:\/\/www.bahiaeconomica.com.br\"],\"url\":\"https:\/\/bahiaeconomica.com.br\/wp\/author\/ronald-guedes\/\"}]}<\/script>\n<!-- \/ Yoast SEO plugin. -->","yoast_head_json":{"title":"MC POZE DO RODO \u00c9 PRESO POR ENVOLVIMENTO COM TR\u00c1FICO DE DROGAS; ENTENDA - Bahia Economica","description":"O maior portal de Economia da Bahia ENTRETENIMENTO Bahia Economica Cantor foi preso na madrugada desta quinta-feira (29)","robots":{"index":"index","follow":"follow","max-snippet":"max-snippet:-1","max-image-preview":"max-image-preview:large","max-video-preview":"max-video-preview:-1"},"canonical":"https:\/\/bahiaeconomica.com.br\/wp\/2025\/05\/29\/mc-poze-do-rodo-e-preso-por-envolvimento-com-trafico-de-drogas-entenda\/","og_locale":"pt_BR","og_type":"article","og_title":"MC POZE DO RODO \u00c9 PRESO POR ENVOLVIMENTO COM TR\u00c1FICO DE DROGAS; ENTENDA - Bahia Economica","og_description":"O maior portal de Economia da Bahia ENTRETENIMENTO Bahia Economica Cantor foi preso na madrugada desta quinta-feira (29)","og_url":"https:\/\/bahiaeconomica.com.br\/wp\/2025\/05\/29\/mc-poze-do-rodo-e-preso-por-envolvimento-com-trafico-de-drogas-entenda\/","og_site_name":"Bahia Economica","article_publisher":"https:\/\/www.facebook.com\/bahiaeconomica","article_published_time":"2025-05-29T13:29:37+00:00","og_image":[{"width":731,"height":407,"url":"https:\/\/bahiaeconomica.com.br\/wp\/wp-content\/uploads\/2025\/05\/poze.jpg","type":"image\/jpeg"}],"author":"RONALD GUEDES","twitter_card":"summary_large_image","twitter_misc":{"Escrito por":"RONALD GUEDES","Est. tempo de leitura":"2 minutos"},"schema":{"@context":"https:\/\/schema.org","@graph":[{"@type":"Article","@id":"https:\/\/bahiaeconomica.com.br\/wp\/2025\/05\/29\/mc-poze-do-rodo-e-preso-por-envolvimento-com-trafico-de-drogas-entenda\/#article","isPartOf":{"@id":"https:\/\/bahiaeconomica.com.br\/wp\/2025\/05\/29\/mc-poze-do-rodo-e-preso-por-envolvimento-com-trafico-de-drogas-entenda\/"},"author":{"name":"RONALD GUEDES","@id":"https:\/\/bahiaeconomica.com.br\/wp\/#\/schema\/person\/c02f2f72b6a14e195cdca740ddfc9e3c"},"headline":"MC POZE DO RODO \u00c9 PRESO POR ENVOLVIMENTO COM TR\u00c1FICO DE DROGAS; ENTENDA","datePublished":"2025-05-29T13:29:37+00:00","dateModified":"2025-05-29T13:29:37+00:00","mainEntityOfPage":{"@id":"https:\/\/bahiaeconomica.com.br\/wp\/2025\/05\/29\/mc-poze-do-rodo-e-preso-por-envolvimento-com-trafico-de-drogas-entenda\/"},"wordCount":227,"publisher":{"@id":"https:\/\/bahiaeconomica.com.br\/wp\/#organization"},"keywords":["crime","funk","mc poze","Pris\u00e3o","Rio de Janeiro","tr\u00e1fico de drogas"],"articleSection":["ENTRETENIMENTO"],"inLanguage":"pt-BR"},{"@type":"WebPage","@id":"https:\/\/bahiaeconomica.com.br\/wp\/2025\/05\/29\/mc-poze-do-rodo-e-preso-por-envolvimento-com-trafico-de-drogas-entenda\/","url":"https:\/\/bahiaeconomica.com.br\/wp\/2025\/05\/29\/mc-poze-do-rodo-e-preso-por-envolvimento-com-trafico-de-drogas-entenda\/","name":"MC POZE DO RODO \u00c9 PRESO POR ENVOLVIMENTO COM TR\u00c1FICO DE DROGAS; ENTENDA - Bahia Economica","isPartOf":{"@id":"https:\/\/bahiaeconomica.com.br\/wp\/#website"},"datePublished":"2025-05-29T13:29:37+00:00","dateModified":"2025-05-29T13:29:37+00:00","description":"O maior portal de Economia da Bahia ENTRETENIMENTO Bahia Economica Cantor foi preso na madrugada desta quinta-feira (29)","breadcrumb":{"@id":"https:\/\/bahiaeconomica.com.br\/wp\/2025\/05\/29\/mc-poze-do-rodo-e-preso-por-envolvimento-com-trafico-de-drogas-entenda\/#breadcrumb"},"inLanguage":"pt-BR","potentialAction":[{"@type":"ReadAction","target":["https:\/\/bahiaeconomica.com.br\/wp\/2025\/05\/29\/mc-poze-do-rodo-e-preso-por-envolvimento-com-trafico-de-drogas-entenda\/"]}]},{"@type":"BreadcrumbList","@id":"https:\/\/bahiaeconomica.com.br\/wp\/2025\/05\/29\/mc-poze-do-rodo-e-preso-por-envolvimento-com-trafico-de-drogas-entenda\/#breadcrumb","itemListElement":[{"@type":"ListItem","position":1,"name":"In\u00edcio","item":"https:\/\/bahiaeconomica.com.br\/wp\/"},{"@type":"ListItem","position":2,"name":"MC POZE DO RODO \u00c9 PRESO POR ENVOLVIMENTO COM TR\u00c1FICO DE DROGAS; ENTENDA"}]},{"@type":"WebSite","@id":"https:\/\/bahiaeconomica.com.br\/wp\/#website","url":"https:\/\/bahiaeconomica.com.br\/wp\/","name":"Bahia Economica","description":"O maior portal de Economia da Bahia","publisher":{"@id":"https:\/\/bahiaeconomica.com.br\/wp\/#organization"},"potentialAction":[{"@type":"SearchAction","target":{"@type":"EntryPoint","urlTemplate":"https:\/\/bahiaeconomica.com.br\/wp\/?s={search_term_string}"},"query-input":"required name=search_term_string"}],"inLanguage":"pt-BR"},{"@type":"Organization","@id":"https:\/\/bahiaeconomica.com.br\/wp\/#organization","name":"Bahia Econ\u00f4mica","url":"https:\/\/bahiaeconomica.com.br\/wp\/","logo":{"@type":"ImageObject","inLanguage":"pt-BR","@id":"https:\/\/bahiaeconomica.com.br\/wp\/#\/schema\/logo\/image\/","url":"https:\/\/bahiaeconomica.com.br\/wp\/wp-content\/uploads\/2020\/12\/cropped-BE.png","contentUrl":"https:\/\/bahiaeconomica.com.br\/wp\/wp-content\/uploads\/2020\/12\/cropped-BE.png","width":512,"height":512,"caption":"Bahia Econ\u00f4mica"},"image":{"@id":"https:\/\/bahiaeconomica.com.br\/wp\/#\/schema\/logo\/image\/"},"sameAs":["https:\/\/www.facebook.com\/bahiaeconomica"]},{"@type":"Person","@id":"https:\/\/bahiaeconomica.com.br\/wp\/#\/schema\/person\/c02f2f72b6a14e195cdca740ddfc9e3c","name":"RONALD GUEDES","sameAs":["http:\/\/www.bahiaeconomica.com.br"],"url":"https:\/\/bahiaeconomica.com.br\/wp\/author\/ronald-guedes\/"}]}},"views":32,"_links":{"self":[{"href":"https:\/\/bahiaeconomica.com.br\/wp\/wp-json\/wp\/v2\/posts\/906949"}],"collection":[{"href":"https:\/\/bahiaeconomica.com.br\/wp\/wp-json\/wp\/v2\/posts"}],"about":[{"href":"https:\/\/bahiaeconomica.com.br\/wp\/wp-json\/wp\/v2\/types\/post"}],"author":[{"embeddable":true,"href":"https:\/\/bahiaeconomica.com.br\/wp\/wp-json\/wp\/v2\/users\/28"}],"replies":[{"embeddable":true,"href":"https:\/\/bahiaeconomica.com.br\/wp\/wp-json\/wp\/v2\/comments?post=906949"}],"version-history":[{"count":3,"href":"https:\/\/bahiaeconomica.com.br\/wp\/wp-json\/wp\/v2\/posts\/906949\/revisions"}],"predecessor-version":[{"id":907034,"href":"https:\/\/bahiaeconomica.com.br\/wp\/wp-json\/wp\/v2\/posts\/906949\/revisions\/907034"}],"wp:featuredmedia":[{"embeddable":true,"href":"https:\/\/bahiaeconomica.com.br\/wp\/wp-json\/wp\/v2\/media\/907007"}],"wp:attachment":[{"href":"https:\/\/bahiaeconomica.com.br\/wp\/wp-json\/wp\/v2\/media?parent=906949"}],"wp:term":[{"taxonomy":"category","embeddable":true,"href":"https:\/\/bahiaeconomica.com.br\/wp\/wp-json\/wp\/v2\/categories?post=906949"},{"taxonomy":"post_tag","embeddable":true,"href":"https:\/\/bahiaeconomica.com.br\/wp\/wp-json\/wp\/v2\/tags?post=906949"}],"curies":[{"name":"wp","href":"https:\/\/api.w.org\/{rel}","templated":true}]}}