{"id":906627,"date":"2025-05-28T11:58:34","date_gmt":"2025-05-28T14:58:34","guid":{"rendered":"https:\/\/bahiaeconomica.com.br\/wp\/?p=906627"},"modified":"2025-05-28T11:32:22","modified_gmt":"2025-05-28T14:32:22","slug":"autoshow-realiza-edicao-inedita-com-exposicao-e-campeonato-de-carros-modificados","status":"publish","type":"post","link":"https:\/\/bahiaeconomica.com.br\/wp\/2025\/05\/28\/autoshow-realiza-edicao-inedita-com-exposicao-e-campeonato-de-carros-modificados\/","title":{"rendered":"AUTOSHOW REALIZA EDI\u00c7\u00c3O IN\u00c9DITA COM EXPOSI\u00c7\u00c3O E CAMPEONATO DE CARROS MODIFICADOS"},"content":{"rendered":"<p>Pela primeira vez em Lauro de Freitas, o Autoshow chega com sua 5\u00aa edi\u00e7\u00e3o ao galp\u00e3o externo do Parque Shopping Bahia, no pr\u00f3ximo domingo (1\u00ba), a partir das 10h. O evento automotivo, j\u00e1 consagrado entre os apaixonados por carros modificados, promete reunir fam\u00edlias, amigos e entusiastas de todas as idades em um dia de experi\u00eancias \u00fanicas e muita paix\u00e3o sobre rodas.<\/p>\n<p>Com uma exposi\u00e7\u00e3o e um campeonato, o p\u00fablico poder\u00e1 conferir de perto ve\u00edculos rebaixados, antigos, turbinados e diversos projetos exclusivos, que transformam carros em verdadeiras obras de arte. Os visitantes ter\u00e3o acesso total \u00e0 \u00e1rea interna do shopping, incluindo lojas e pra\u00e7a de alimenta\u00e7\u00e3o, mediante troca do ingresso por uma pulseira de identifica\u00e7\u00e3o na entrada do evento. Os ingressos est\u00e3o \u00e0 venda na plataforma Sympla, j\u00e1 no terceiro lote, com valores a partir de R$15 (pedestres) e R$50 (condutores).<\/p>\n<p>Al\u00e9m de proporcionar inova\u00e7\u00e3o para toda a fam\u00edlia, o evento promete trazer para Lauro de Freitas p\u00fablicos de outras cidades baianas. &#8220;O Autoshow \u00e9 uma celebra\u00e7\u00e3o da criatividade, do estilo e da conex\u00e3o entre pessoas que compartilham a mesma paix\u00e3o. O Parque Shopping Bahia fica feliz em receber um evento desse porte, que movimenta a cidade e oferece uma experi\u00eancia completa para toda a fam\u00edlia&#8221;, afirma Lulie Najar, superintendente do Parque Shopping Bahia.<\/p>\n<p><strong>SERVI\u00c7O<\/strong><br \/>\n<strong>O qu\u00ea:<\/strong> 5\u00aa Edi\u00e7\u00e3o Autoshow<br \/>\n<strong>Quando:<\/strong> Domingo (01), a partir das 10h<br \/>\n<strong>Onde:<\/strong> Galp\u00e3o Externo do Parque Shopping Bahia &#8211; Lauro de Freitas<br \/>\n<strong>Ingressos:<\/strong>https:\/\/www.sympla.com.br\/evento\/autoshow-parque-shopping-exposicao-de-carros\/2899415?referrer=www.google.com<\/p>\n<p>Foto: Autoshow\/ Houserules<\/p>\n","protected":false},"excerpt":{"rendered":"<p>Pela primeira vez em Lauro de Freitas, o Autoshow chega com sua 5\u00aa edi\u00e7\u00e3o ao galp\u00e3o externo do Parque Shopping Bahia, no pr\u00f3ximo domingo (1\u00ba), a partir das 10h. O evento automotivo, j\u00e1 consagrado entre os apaixonados por carros modificados, promete reunir fam\u00edlias, amigos e entusiastas de todas as idades em um dia de experi\u00eancias [&hellip;]<\/p>\n","protected":false},"author":20,"featured_media":906656,"comment_status":"closed","ping_status":"closed","sticky":false,"template":"","format":"standard","meta":[],"categories":[5],"tags":[39306,5032,39307,6304,330,21644],"acf":[],"yoast_head":"<!-- This site is optimized with the Yoast SEO plugin v20.8 - https:\/\/yoast.com\/wordpress\/plugins\/seo\/ -->\n<title>AUTOSHOW REALIZA EDI\u00c7\u00c3O IN\u00c9DITA COM EXPOSI\u00c7\u00c3O E CAMPEONATO DE CARROS MODIFICADOS - Bahia Economica<\/title>\n<meta name=\"description\" content=\"O maior portal de Economia da Bahia MUNIC\u00cdPIOS Bahia Economica Evento acontece no domingo (1\u00ba) no Parque Shopping Bahia\" \/>\n<meta name=\"robots\" content=\"index, follow, max-snippet:-1, max-image-preview:large, max-video-preview:-1\" \/>\n<link rel=\"canonical\" href=\"https:\/\/bahiaeconomica.com.br\/wp\/2025\/05\/28\/autoshow-realiza-edicao-inedita-com-exposicao-e-campeonato-de-carros-modificados\/\" \/>\n<meta property=\"og:locale\" content=\"pt_BR\" \/>\n<meta property=\"og:type\" content=\"article\" \/>\n<meta property=\"og:title\" content=\"AUTOSHOW REALIZA EDI\u00c7\u00c3O IN\u00c9DITA COM EXPOSI\u00c7\u00c3O E CAMPEONATO DE CARROS MODIFICADOS - Bahia Economica\" \/>\n<meta property=\"og:description\" content=\"O maior portal de Economia da Bahia MUNIC\u00cdPIOS Bahia Economica Evento acontece no domingo (1\u00ba) no Parque Shopping Bahia\" \/>\n<meta property=\"og:url\" content=\"https:\/\/bahiaeconomica.com.br\/wp\/2025\/05\/28\/autoshow-realiza-edicao-inedita-com-exposicao-e-campeonato-de-carros-modificados\/\" \/>\n<meta property=\"og:site_name\" content=\"Bahia Economica\" \/>\n<meta property=\"article:publisher\" content=\"https:\/\/www.facebook.com\/bahiaeconomica\" \/>\n<meta property=\"article:published_time\" content=\"2025-05-28T14:58:34+00:00\" \/>\n<meta property=\"article:modified_time\" content=\"2025-05-28T14:32:22+00:00\" \/>\n<meta property=\"og:image\" content=\"https:\/\/bahiaeconomica.com.br\/wp\/wp-content\/uploads\/2025\/05\/WhatsApp-Image-2025-05-28-at-11.26.38.jpeg\" \/>\n\t<meta property=\"og:image:width\" content=\"1280\" \/>\n\t<meta property=\"og:image:height\" content=\"638\" \/>\n\t<meta property=\"og:image:type\" content=\"image\/jpeg\" \/>\n<meta name=\"author\" content=\"BRUNA CARVALHO\" \/>\n<meta name=\"twitter:card\" content=\"summary_large_image\" \/>\n<meta name=\"twitter:label1\" content=\"Escrito por\" \/>\n\t<meta name=\"twitter:data1\" content=\"BRUNA CARVALHO\" \/>\n\t<meta name=\"twitter:label2\" content=\"Est. tempo de leitura\" \/>\n\t<meta name=\"twitter:data2\" content=\"2 minutos\" \/>\n<script type=\"application\/ld+json\" class=\"yoast-schema-graph\">{\"@context\":\"https:\/\/schema.org\",\"@graph\":[{\"@type\":\"Article\",\"@id\":\"https:\/\/bahiaeconomica.com.br\/wp\/2025\/05\/28\/autoshow-realiza-edicao-inedita-com-exposicao-e-campeonato-de-carros-modificados\/#article\",\"isPartOf\":{\"@id\":\"https:\/\/bahiaeconomica.com.br\/wp\/2025\/05\/28\/autoshow-realiza-edicao-inedita-com-exposicao-e-campeonato-de-carros-modificados\/\"},\"author\":{\"name\":\"BRUNA CARVALHO\",\"@id\":\"https:\/\/bahiaeconomica.com.br\/wp\/#\/schema\/person\/9310b0e591f5979f6f99773eac5804e6\"},\"headline\":\"AUTOSHOW REALIZA EDI\u00c7\u00c3O IN\u00c9DITA COM EXPOSI\u00c7\u00c3O E CAMPEONATO DE CARROS MODIFICADOS\",\"datePublished\":\"2025-05-28T14:58:34+00:00\",\"dateModified\":\"2025-05-28T14:32:22+00:00\",\"mainEntityOfPage\":{\"@id\":\"https:\/\/bahiaeconomica.com.br\/wp\/2025\/05\/28\/autoshow-realiza-edicao-inedita-com-exposicao-e-campeonato-de-carros-modificados\/\"},\"wordCount\":285,\"publisher\":{\"@id\":\"https:\/\/bahiaeconomica.com.br\/wp\/#organization\"},\"keywords\":[\"autoshow\",\"campeonato\",\"carros modificados\",\"exposi\u00e7\u00e3o\",\"Lauro de Freitas\",\"Parque Shopping Bahia\"],\"articleSection\":[\"MUNIC\u00cdPIOS\"],\"inLanguage\":\"pt-BR\"},{\"@type\":\"WebPage\",\"@id\":\"https:\/\/bahiaeconomica.com.br\/wp\/2025\/05\/28\/autoshow-realiza-edicao-inedita-com-exposicao-e-campeonato-de-carros-modificados\/\",\"url\":\"https:\/\/bahiaeconomica.com.br\/wp\/2025\/05\/28\/autoshow-realiza-edicao-inedita-com-exposicao-e-campeonato-de-carros-modificados\/\",\"name\":\"AUTOSHOW REALIZA EDI\u00c7\u00c3O IN\u00c9DITA COM EXPOSI\u00c7\u00c3O E CAMPEONATO DE CARROS MODIFICADOS - Bahia Economica\",\"isPartOf\":{\"@id\":\"https:\/\/bahiaeconomica.com.br\/wp\/#website\"},\"datePublished\":\"2025-05-28T14:58:34+00:00\",\"dateModified\":\"2025-05-28T14:32:22+00:00\",\"description\":\"O maior portal de Economia da Bahia MUNIC\u00cdPIOS Bahia Economica Evento acontece no domingo (1\u00ba) no Parque Shopping Bahia\",\"breadcrumb\":{\"@id\":\"https:\/\/bahiaeconomica.com.br\/wp\/2025\/05\/28\/autoshow-realiza-edicao-inedita-com-exposicao-e-campeonato-de-carros-modificados\/#breadcrumb\"},\"inLanguage\":\"pt-BR\",\"potentialAction\":[{\"@type\":\"ReadAction\",\"target\":[\"https:\/\/bahiaeconomica.com.br\/wp\/2025\/05\/28\/autoshow-realiza-edicao-inedita-com-exposicao-e-campeonato-de-carros-modificados\/\"]}]},{\"@type\":\"BreadcrumbList\",\"@id\":\"https:\/\/bahiaeconomica.com.br\/wp\/2025\/05\/28\/autoshow-realiza-edicao-inedita-com-exposicao-e-campeonato-de-carros-modificados\/#breadcrumb\",\"itemListElement\":[{\"@type\":\"ListItem\",\"position\":1,\"name\":\"In\u00edcio\",\"item\":\"https:\/\/bahiaeconomica.com.br\/wp\/\"},{\"@type\":\"ListItem\",\"position\":2,\"name\":\"AUTOSHOW REALIZA EDI\u00c7\u00c3O IN\u00c9DITA COM EXPOSI\u00c7\u00c3O E CAMPEONATO DE CARROS MODIFICADOS\"}]},{\"@type\":\"WebSite\",\"@id\":\"https:\/\/bahiaeconomica.com.br\/wp\/#website\",\"url\":\"https:\/\/bahiaeconomica.com.br\/wp\/\",\"name\":\"Bahia Economica\",\"description\":\"O maior portal de Economia da Bahia\",\"publisher\":{\"@id\":\"https:\/\/bahiaeconomica.com.br\/wp\/#organization\"},\"potentialAction\":[{\"@type\":\"SearchAction\",\"target\":{\"@type\":\"EntryPoint\",\"urlTemplate\":\"https:\/\/bahiaeconomica.com.br\/wp\/?s={search_term_string}\"},\"query-input\":\"required name=search_term_string\"}],\"inLanguage\":\"pt-BR\"},{\"@type\":\"Organization\",\"@id\":\"https:\/\/bahiaeconomica.com.br\/wp\/#organization\",\"name\":\"Bahia Econ\u00f4mica\",\"url\":\"https:\/\/bahiaeconomica.com.br\/wp\/\",\"logo\":{\"@type\":\"ImageObject\",\"inLanguage\":\"pt-BR\",\"@id\":\"https:\/\/bahiaeconomica.com.br\/wp\/#\/schema\/logo\/image\/\",\"url\":\"https:\/\/bahiaeconomica.com.br\/wp\/wp-content\/uploads\/2020\/12\/cropped-BE.png\",\"contentUrl\":\"https:\/\/bahiaeconomica.com.br\/wp\/wp-content\/uploads\/2020\/12\/cropped-BE.png\",\"width\":512,\"height\":512,\"caption\":\"Bahia Econ\u00f4mica\"},\"image\":{\"@id\":\"https:\/\/bahiaeconomica.com.br\/wp\/#\/schema\/logo\/image\/\"},\"sameAs\":[\"https:\/\/www.facebook.com\/bahiaeconomica\"]},{\"@type\":\"Person\",\"@id\":\"https:\/\/bahiaeconomica.com.br\/wp\/#\/schema\/person\/9310b0e591f5979f6f99773eac5804e6\",\"name\":\"BRUNA CARVALHO\",\"sameAs\":[\"http:\/\/www.bahiaeconomica.com.br\"],\"url\":\"https:\/\/bahiaeconomica.com.br\/wp\/author\/bruna\/\"}]}<\/script>\n<!-- \/ Yoast SEO plugin. -->","yoast_head_json":{"title":"AUTOSHOW REALIZA EDI\u00c7\u00c3O IN\u00c9DITA COM EXPOSI\u00c7\u00c3O E CAMPEONATO DE CARROS MODIFICADOS - Bahia Economica","description":"O maior portal de Economia da Bahia MUNIC\u00cdPIOS Bahia Economica Evento acontece no domingo (1\u00ba) no Parque Shopping Bahia","robots":{"index":"index","follow":"follow","max-snippet":"max-snippet:-1","max-image-preview":"max-image-preview:large","max-video-preview":"max-video-preview:-1"},"canonical":"https:\/\/bahiaeconomica.com.br\/wp\/2025\/05\/28\/autoshow-realiza-edicao-inedita-com-exposicao-e-campeonato-de-carros-modificados\/","og_locale":"pt_BR","og_type":"article","og_title":"AUTOSHOW REALIZA EDI\u00c7\u00c3O IN\u00c9DITA COM EXPOSI\u00c7\u00c3O E CAMPEONATO DE CARROS MODIFICADOS - Bahia Economica","og_description":"O maior portal de Economia da Bahia MUNIC\u00cdPIOS Bahia Economica Evento acontece no domingo (1\u00ba) no Parque Shopping Bahia","og_url":"https:\/\/bahiaeconomica.com.br\/wp\/2025\/05\/28\/autoshow-realiza-edicao-inedita-com-exposicao-e-campeonato-de-carros-modificados\/","og_site_name":"Bahia Economica","article_publisher":"https:\/\/www.facebook.com\/bahiaeconomica","article_published_time":"2025-05-28T14:58:34+00:00","article_modified_time":"2025-05-28T14:32:22+00:00","og_image":[{"width":1280,"height":638,"url":"https:\/\/bahiaeconomica.com.br\/wp\/wp-content\/uploads\/2025\/05\/WhatsApp-Image-2025-05-28-at-11.26.38.jpeg","type":"image\/jpeg"}],"author":"BRUNA CARVALHO","twitter_card":"summary_large_image","twitter_misc":{"Escrito por":"BRUNA CARVALHO","Est. tempo de leitura":"2 minutos"},"schema":{"@context":"https:\/\/schema.org","@graph":[{"@type":"Article","@id":"https:\/\/bahiaeconomica.com.br\/wp\/2025\/05\/28\/autoshow-realiza-edicao-inedita-com-exposicao-e-campeonato-de-carros-modificados\/#article","isPartOf":{"@id":"https:\/\/bahiaeconomica.com.br\/wp\/2025\/05\/28\/autoshow-realiza-edicao-inedita-com-exposicao-e-campeonato-de-carros-modificados\/"},"author":{"name":"BRUNA CARVALHO","@id":"https:\/\/bahiaeconomica.com.br\/wp\/#\/schema\/person\/9310b0e591f5979f6f99773eac5804e6"},"headline":"AUTOSHOW REALIZA EDI\u00c7\u00c3O IN\u00c9DITA COM EXPOSI\u00c7\u00c3O E CAMPEONATO DE CARROS MODIFICADOS","datePublished":"2025-05-28T14:58:34+00:00","dateModified":"2025-05-28T14:32:22+00:00","mainEntityOfPage":{"@id":"https:\/\/bahiaeconomica.com.br\/wp\/2025\/05\/28\/autoshow-realiza-edicao-inedita-com-exposicao-e-campeonato-de-carros-modificados\/"},"wordCount":285,"publisher":{"@id":"https:\/\/bahiaeconomica.com.br\/wp\/#organization"},"keywords":["autoshow","campeonato","carros modificados","exposi\u00e7\u00e3o","Lauro de Freitas","Parque Shopping Bahia"],"articleSection":["MUNIC\u00cdPIOS"],"inLanguage":"pt-BR"},{"@type":"WebPage","@id":"https:\/\/bahiaeconomica.com.br\/wp\/2025\/05\/28\/autoshow-realiza-edicao-inedita-com-exposicao-e-campeonato-de-carros-modificados\/","url":"https:\/\/bahiaeconomica.com.br\/wp\/2025\/05\/28\/autoshow-realiza-edicao-inedita-com-exposicao-e-campeonato-de-carros-modificados\/","name":"AUTOSHOW REALIZA EDI\u00c7\u00c3O IN\u00c9DITA COM EXPOSI\u00c7\u00c3O E CAMPEONATO DE CARROS MODIFICADOS - Bahia Economica","isPartOf":{"@id":"https:\/\/bahiaeconomica.com.br\/wp\/#website"},"datePublished":"2025-05-28T14:58:34+00:00","dateModified":"2025-05-28T14:32:22+00:00","description":"O maior portal de Economia da Bahia MUNIC\u00cdPIOS Bahia Economica Evento acontece no domingo (1\u00ba) no Parque Shopping Bahia","breadcrumb":{"@id":"https:\/\/bahiaeconomica.com.br\/wp\/2025\/05\/28\/autoshow-realiza-edicao-inedita-com-exposicao-e-campeonato-de-carros-modificados\/#breadcrumb"},"inLanguage":"pt-BR","potentialAction":[{"@type":"ReadAction","target":["https:\/\/bahiaeconomica.com.br\/wp\/2025\/05\/28\/autoshow-realiza-edicao-inedita-com-exposicao-e-campeonato-de-carros-modificados\/"]}]},{"@type":"BreadcrumbList","@id":"https:\/\/bahiaeconomica.com.br\/wp\/2025\/05\/28\/autoshow-realiza-edicao-inedita-com-exposicao-e-campeonato-de-carros-modificados\/#breadcrumb","itemListElement":[{"@type":"ListItem","position":1,"name":"In\u00edcio","item":"https:\/\/bahiaeconomica.com.br\/wp\/"},{"@type":"ListItem","position":2,"name":"AUTOSHOW REALIZA EDI\u00c7\u00c3O IN\u00c9DITA COM EXPOSI\u00c7\u00c3O E CAMPEONATO DE CARROS MODIFICADOS"}]},{"@type":"WebSite","@id":"https:\/\/bahiaeconomica.com.br\/wp\/#website","url":"https:\/\/bahiaeconomica.com.br\/wp\/","name":"Bahia Economica","description":"O maior portal de Economia da Bahia","publisher":{"@id":"https:\/\/bahiaeconomica.com.br\/wp\/#organization"},"potentialAction":[{"@type":"SearchAction","target":{"@type":"EntryPoint","urlTemplate":"https:\/\/bahiaeconomica.com.br\/wp\/?s={search_term_string}"},"query-input":"required name=search_term_string"}],"inLanguage":"pt-BR"},{"@type":"Organization","@id":"https:\/\/bahiaeconomica.com.br\/wp\/#organization","name":"Bahia Econ\u00f4mica","url":"https:\/\/bahiaeconomica.com.br\/wp\/","logo":{"@type":"ImageObject","inLanguage":"pt-BR","@id":"https:\/\/bahiaeconomica.com.br\/wp\/#\/schema\/logo\/image\/","url":"https:\/\/bahiaeconomica.com.br\/wp\/wp-content\/uploads\/2020\/12\/cropped-BE.png","contentUrl":"https:\/\/bahiaeconomica.com.br\/wp\/wp-content\/uploads\/2020\/12\/cropped-BE.png","width":512,"height":512,"caption":"Bahia Econ\u00f4mica"},"image":{"@id":"https:\/\/bahiaeconomica.com.br\/wp\/#\/schema\/logo\/image\/"},"sameAs":["https:\/\/www.facebook.com\/bahiaeconomica"]},{"@type":"Person","@id":"https:\/\/bahiaeconomica.com.br\/wp\/#\/schema\/person\/9310b0e591f5979f6f99773eac5804e6","name":"BRUNA CARVALHO","sameAs":["http:\/\/www.bahiaeconomica.com.br"],"url":"https:\/\/bahiaeconomica.com.br\/wp\/author\/bruna\/"}]}},"views":30,"_links":{"self":[{"href":"https:\/\/bahiaeconomica.com.br\/wp\/wp-json\/wp\/v2\/posts\/906627"}],"collection":[{"href":"https:\/\/bahiaeconomica.com.br\/wp\/wp-json\/wp\/v2\/posts"}],"about":[{"href":"https:\/\/bahiaeconomica.com.br\/wp\/wp-json\/wp\/v2\/types\/post"}],"author":[{"embeddable":true,"href":"https:\/\/bahiaeconomica.com.br\/wp\/wp-json\/wp\/v2\/users\/20"}],"replies":[{"embeddable":true,"href":"https:\/\/bahiaeconomica.com.br\/wp\/wp-json\/wp\/v2\/comments?post=906627"}],"version-history":[{"count":1,"href":"https:\/\/bahiaeconomica.com.br\/wp\/wp-json\/wp\/v2\/posts\/906627\/revisions"}],"predecessor-version":[{"id":906659,"href":"https:\/\/bahiaeconomica.com.br\/wp\/wp-json\/wp\/v2\/posts\/906627\/revisions\/906659"}],"wp:featuredmedia":[{"embeddable":true,"href":"https:\/\/bahiaeconomica.com.br\/wp\/wp-json\/wp\/v2\/media\/906656"}],"wp:attachment":[{"href":"https:\/\/bahiaeconomica.com.br\/wp\/wp-json\/wp\/v2\/media?parent=906627"}],"wp:term":[{"taxonomy":"category","embeddable":true,"href":"https:\/\/bahiaeconomica.com.br\/wp\/wp-json\/wp\/v2\/categories?post=906627"},{"taxonomy":"post_tag","embeddable":true,"href":"https:\/\/bahiaeconomica.com.br\/wp\/wp-json\/wp\/v2\/tags?post=906627"}],"curies":[{"name":"wp","href":"https:\/\/api.w.org\/{rel}","templated":true}]}}