{"id":905942,"date":"2025-05-26T15:11:26","date_gmt":"2025-05-26T18:11:26","guid":{"rendered":"https:\/\/bahiaeconomica.com.br\/wp\/?p=905942"},"modified":"2025-05-26T15:11:26","modified_gmt":"2025-05-26T18:11:26","slug":"bahia-sedia-seminario-internacional-sobre-redes-integradas-de-atencao-a-saude","status":"publish","type":"post","link":"https:\/\/bahiaeconomica.com.br\/wp\/2025\/05\/26\/bahia-sedia-seminario-internacional-sobre-redes-integradas-de-atencao-a-saude\/","title":{"rendered":"BAHIA SEDIA SEMIN\u00c1RIO INTERNACIONAL SOBRE REDES INTEGRADAS DE ATEN\u00c7\u00c3O \u00c0 SA\u00daDE"},"content":{"rendered":"<div class=\"v1elementToProof\">Pesquisadores, gestores e representantes da sociedade civil de 12 pa\u00edses se reunir\u00e3o na Bahia, para debater experi\u00eancias de governan\u00e7a regional nos sistemas de sa\u00fade. Com participa\u00e7\u00e3o de Brasil, Chile, Bol\u00edvia, Col\u00f4mbia, Venezuela, M\u00e9xico, Peru, EUA, Canad\u00e1, Alemanha, Espanha e It\u00e1lia, o semin\u00e1rio internacional &#8220;Governan\u00e7a e redes integradas de aten\u00e7\u00e3o \u00e0 sa\u00fade em pa\u00edses federativos e descentralizados: experi\u00eancias, trajet\u00f3rias e li\u00e7\u00f5es para as pol\u00edticas de sa\u00fade&#8221; ser\u00e1 realizado entre 27 e 30 de maio, em Salvador.<\/div>\n<div class=\"v1elementToProof\"><\/div>\n<div class=\"v1elementToProof\">O encontro tem como objetivo promover um interc\u00e2mbio de experi\u00eancias, a partir da an\u00e1lise das caracter\u00edsticas dos mecanismos de governan\u00e7a multin\u00edvel &#8211; nacional e subnacional -, assim como sua influ\u00eancia nos processos de concep\u00e7\u00e3o, implementa\u00e7\u00e3o e avalia\u00e7\u00e3o de pol\u00edticas de sa\u00fade, identificando fatores facilitadores e obst\u00e1culos \u00e0 garantia do acesso universal \u00e0 sa\u00fade.<\/div>\n<div class=\"v1elementToProof\"><\/div>\n<div class=\"v1elementToProof\">O evento ser\u00e1 realizado em duas etapas, a primeira delas nesta ter\u00e7a (27) e quarta-feira (28), a partir das 9h, no Hotel Wish Bahia, localizado no bairro do Campo Grande. Na ocasi\u00e3o, as comitivas dos pa\u00edses convidados apresentar\u00e3o suas experi\u00eancias de governan\u00e7a, seguidas de debates e a apresenta\u00e7\u00e3o do marco conceitual das Redes Integradas de Servi\u00e7os de Sa\u00fade (RISS), al\u00e9m de discuss\u00f5es em plen\u00e1ria.<\/div>\n<div class=\"v1elementToProof\"><\/div>\n<div class=\"v1elementToProof\">O audit\u00f3rio L\u00facia Alencar, situado na sede da Secretaria da Sa\u00fade do Estado da Bahia (Sesab), no Centro Administrativo de Bahia (CAB), sediar\u00e1 a segunda parte do semin\u00e1rio, na quinta-feira (29), a partir das 9h, com oficina de consolida\u00e7\u00e3o das experi\u00eancias dos pa\u00edses e debates sobre governan\u00e7a nacional e subnacional na Am\u00e9rica do Sul.<\/div>\n<div class=\"v1elementToProof\"><\/div>\n<div class=\"v1elementToProof\">O encerramento das atividades ser\u00e1 na sexta-feira (30), com visitas ao Hospital Estadual Mont Serrat &#8211; Cuidados Paliativos e \u00e0 Policl\u00ednica de Sa\u00fade de Narandiba, unidades de sa\u00fade da Secretaria da Sa\u00fade do Estado, e tamb\u00e9m \u00e0 Central de Comando e Controle da\u00a0Sesab.<\/div>\n<div class=\"v1elementToProof\"><\/div>\n<div class=\"v1elementToProof\">O semin\u00e1rio \u00e9 promovido pelo Instituto de Sa\u00fade Coletiva da Universidade Federal da Bahia (ISC\/UFBA), com o apoio da Secretaria da Sa\u00fade do Estado da Bahia (Sesab) e a Organiza\u00e7\u00e3o Pan-Americana da Sa\u00fade (OPAS), e participa\u00e7\u00e3o do Minist\u00e9rio da Sa\u00fade do Brasil e entidades representativas do controle social e da gest\u00e3o do SUS.<\/div>\n<div class=\"v1elementToProof\"><\/div>\n<div class=\"v1elementToProof\">Foto: Jamile Amine e Leonardo Rattes \/ Sa\u00fade GovBA<\/div>\n","protected":false},"excerpt":{"rendered":"<p>Pesquisadores, gestores e representantes da sociedade civil de 12 pa\u00edses se reunir\u00e3o na Bahia, para debater experi\u00eancias de governan\u00e7a regional nos sistemas de sa\u00fade. Com participa\u00e7\u00e3o de Brasil, Chile, Bol\u00edvia, Col\u00f4mbia, Venezuela, M\u00e9xico, Peru, EUA, Canad\u00e1, Alemanha, Espanha e It\u00e1lia, o semin\u00e1rio internacional &#8220;Governan\u00e7a e redes integradas de aten\u00e7\u00e3o \u00e0 sa\u00fade em pa\u00edses federativos e [&hellip;]<\/p>\n","protected":false},"author":24,"featured_media":905943,"comment_status":"closed","ping_status":"closed","sticky":false,"template":"","format":"standard","meta":[],"categories":[5,21],"tags":[1567,58,4804],"acf":[],"yoast_head":"<!-- This site is optimized with the Yoast SEO plugin v20.8 - https:\/\/yoast.com\/wordpress\/plugins\/seo\/ -->\n<title>BAHIA SEDIA SEMIN\u00c1RIO INTERNACIONAL SOBRE REDES INTEGRADAS DE ATEN\u00c7\u00c3O \u00c0 SA\u00daDE - Bahia Economica Pesquisadores, gestores e representantes da sociedade civil de 12 pa\u00edses se reunir\u00e3o na Bahia<\/title>\n<meta name=\"description\" content=\"O maior portal de Economia da Bahia MUNIC\u00cdPIOS, Sa\u00fade \/ Educa\u00e7\u00e3o Bahia Economica Pesquisadores, gestores e representantes da sociedade civil de 12 pa\u00edses se reunir\u00e3o na Bahia\" \/>\n<meta name=\"robots\" content=\"index, follow, max-snippet:-1, max-image-preview:large, max-video-preview:-1\" \/>\n<link rel=\"canonical\" href=\"https:\/\/bahiaeconomica.com.br\/wp\/2025\/05\/26\/bahia-sedia-seminario-internacional-sobre-redes-integradas-de-atencao-a-saude\/\" \/>\n<meta property=\"og:locale\" content=\"pt_BR\" \/>\n<meta property=\"og:type\" content=\"article\" \/>\n<meta property=\"og:title\" content=\"BAHIA SEDIA SEMIN\u00c1RIO INTERNACIONAL SOBRE REDES INTEGRADAS DE ATEN\u00c7\u00c3O \u00c0 SA\u00daDE - Bahia Economica Pesquisadores, gestores e representantes da sociedade civil de 12 pa\u00edses se reunir\u00e3o na Bahia\" \/>\n<meta property=\"og:description\" content=\"O maior portal de Economia da Bahia MUNIC\u00cdPIOS, Sa\u00fade \/ Educa\u00e7\u00e3o Bahia Economica Pesquisadores, gestores e representantes da sociedade civil de 12 pa\u00edses se reunir\u00e3o na Bahia\" \/>\n<meta property=\"og:url\" content=\"https:\/\/bahiaeconomica.com.br\/wp\/2025\/05\/26\/bahia-sedia-seminario-internacional-sobre-redes-integradas-de-atencao-a-saude\/\" \/>\n<meta property=\"og:site_name\" content=\"Bahia Economica\" \/>\n<meta property=\"article:publisher\" content=\"https:\/\/www.facebook.com\/bahiaeconomica\" \/>\n<meta property=\"article:published_time\" content=\"2025-05-26T18:11:26+00:00\" \/>\n<meta property=\"og:image\" content=\"https:\/\/bahiaeconomica.com.br\/wp\/wp-content\/uploads\/2025\/05\/Foto-Jamile-Amine-Saude-GovBA-scaled.jpeg\" \/>\n\t<meta property=\"og:image:width\" content=\"2560\" \/>\n\t<meta property=\"og:image:height\" content=\"1707\" \/>\n\t<meta property=\"og:image:type\" content=\"image\/jpeg\" \/>\n<meta name=\"author\" content=\"VICTOR OLIVEIRA\" \/>\n<meta name=\"twitter:card\" content=\"summary_large_image\" \/>\n<meta name=\"twitter:label1\" content=\"Escrito por\" \/>\n\t<meta name=\"twitter:data1\" content=\"VICTOR OLIVEIRA\" \/>\n\t<meta name=\"twitter:label2\" content=\"Est. tempo de leitura\" \/>\n\t<meta name=\"twitter:data2\" content=\"2 minutos\" \/>\n<script type=\"application\/ld+json\" class=\"yoast-schema-graph\">{\"@context\":\"https:\/\/schema.org\",\"@graph\":[{\"@type\":\"Article\",\"@id\":\"https:\/\/bahiaeconomica.com.br\/wp\/2025\/05\/26\/bahia-sedia-seminario-internacional-sobre-redes-integradas-de-atencao-a-saude\/#article\",\"isPartOf\":{\"@id\":\"https:\/\/bahiaeconomica.com.br\/wp\/2025\/05\/26\/bahia-sedia-seminario-internacional-sobre-redes-integradas-de-atencao-a-saude\/\"},\"author\":{\"name\":\"VICTOR OLIVEIRA\",\"@id\":\"https:\/\/bahiaeconomica.com.br\/wp\/#\/schema\/person\/a17956d0e1112b626f403fb06b8129a9\"},\"headline\":\"BAHIA SEDIA SEMIN\u00c1RIO INTERNACIONAL SOBRE REDES INTEGRADAS DE ATEN\u00c7\u00c3O \u00c0 SA\u00daDE\",\"datePublished\":\"2025-05-26T18:11:26+00:00\",\"dateModified\":\"2025-05-26T18:11:26+00:00\",\"mainEntityOfPage\":{\"@id\":\"https:\/\/bahiaeconomica.com.br\/wp\/2025\/05\/26\/bahia-sedia-seminario-internacional-sobre-redes-integradas-de-atencao-a-saude\/\"},\"wordCount\":422,\"publisher\":{\"@id\":\"https:\/\/bahiaeconomica.com.br\/wp\/#organization\"},\"keywords\":[\"encontro\",\"sa\u00fade\",\"Semin\u00e1rio\"],\"articleSection\":[\"MUNIC\u00cdPIOS\",\"Sa\u00fade \/ Educa\u00e7\u00e3o\"],\"inLanguage\":\"pt-BR\"},{\"@type\":\"WebPage\",\"@id\":\"https:\/\/bahiaeconomica.com.br\/wp\/2025\/05\/26\/bahia-sedia-seminario-internacional-sobre-redes-integradas-de-atencao-a-saude\/\",\"url\":\"https:\/\/bahiaeconomica.com.br\/wp\/2025\/05\/26\/bahia-sedia-seminario-internacional-sobre-redes-integradas-de-atencao-a-saude\/\",\"name\":\"BAHIA SEDIA SEMIN\u00c1RIO INTERNACIONAL SOBRE REDES INTEGRADAS DE ATEN\u00c7\u00c3O \u00c0 SA\u00daDE - Bahia Economica Pesquisadores, gestores e representantes da sociedade civil de 12 pa\u00edses se reunir\u00e3o na Bahia\",\"isPartOf\":{\"@id\":\"https:\/\/bahiaeconomica.com.br\/wp\/#website\"},\"datePublished\":\"2025-05-26T18:11:26+00:00\",\"dateModified\":\"2025-05-26T18:11:26+00:00\",\"description\":\"O maior portal de Economia da Bahia MUNIC\u00cdPIOS, Sa\u00fade \/ Educa\u00e7\u00e3o Bahia Economica Pesquisadores, gestores e representantes da sociedade civil de 12 pa\u00edses se reunir\u00e3o na Bahia\",\"breadcrumb\":{\"@id\":\"https:\/\/bahiaeconomica.com.br\/wp\/2025\/05\/26\/bahia-sedia-seminario-internacional-sobre-redes-integradas-de-atencao-a-saude\/#breadcrumb\"},\"inLanguage\":\"pt-BR\",\"potentialAction\":[{\"@type\":\"ReadAction\",\"target\":[\"https:\/\/bahiaeconomica.com.br\/wp\/2025\/05\/26\/bahia-sedia-seminario-internacional-sobre-redes-integradas-de-atencao-a-saude\/\"]}]},{\"@type\":\"BreadcrumbList\",\"@id\":\"https:\/\/bahiaeconomica.com.br\/wp\/2025\/05\/26\/bahia-sedia-seminario-internacional-sobre-redes-integradas-de-atencao-a-saude\/#breadcrumb\",\"itemListElement\":[{\"@type\":\"ListItem\",\"position\":1,\"name\":\"In\u00edcio\",\"item\":\"https:\/\/bahiaeconomica.com.br\/wp\/\"},{\"@type\":\"ListItem\",\"position\":2,\"name\":\"BAHIA SEDIA SEMIN\u00c1RIO INTERNACIONAL SOBRE REDES INTEGRADAS DE ATEN\u00c7\u00c3O \u00c0 SA\u00daDE\"}]},{\"@type\":\"WebSite\",\"@id\":\"https:\/\/bahiaeconomica.com.br\/wp\/#website\",\"url\":\"https:\/\/bahiaeconomica.com.br\/wp\/\",\"name\":\"Bahia Economica\",\"description\":\"O maior portal de Economia da Bahia\",\"publisher\":{\"@id\":\"https:\/\/bahiaeconomica.com.br\/wp\/#organization\"},\"potentialAction\":[{\"@type\":\"SearchAction\",\"target\":{\"@type\":\"EntryPoint\",\"urlTemplate\":\"https:\/\/bahiaeconomica.com.br\/wp\/?s={search_term_string}\"},\"query-input\":\"required name=search_term_string\"}],\"inLanguage\":\"pt-BR\"},{\"@type\":\"Organization\",\"@id\":\"https:\/\/bahiaeconomica.com.br\/wp\/#organization\",\"name\":\"Bahia Econ\u00f4mica\",\"url\":\"https:\/\/bahiaeconomica.com.br\/wp\/\",\"logo\":{\"@type\":\"ImageObject\",\"inLanguage\":\"pt-BR\",\"@id\":\"https:\/\/bahiaeconomica.com.br\/wp\/#\/schema\/logo\/image\/\",\"url\":\"https:\/\/bahiaeconomica.com.br\/wp\/wp-content\/uploads\/2020\/12\/cropped-BE.png\",\"contentUrl\":\"https:\/\/bahiaeconomica.com.br\/wp\/wp-content\/uploads\/2020\/12\/cropped-BE.png\",\"width\":512,\"height\":512,\"caption\":\"Bahia Econ\u00f4mica\"},\"image\":{\"@id\":\"https:\/\/bahiaeconomica.com.br\/wp\/#\/schema\/logo\/image\/\"},\"sameAs\":[\"https:\/\/www.facebook.com\/bahiaeconomica\"]},{\"@type\":\"Person\",\"@id\":\"https:\/\/bahiaeconomica.com.br\/wp\/#\/schema\/person\/a17956d0e1112b626f403fb06b8129a9\",\"name\":\"VICTOR OLIVEIRA\",\"sameAs\":[\"http:\/\/www.bahiaeconomica.com.br\"],\"url\":\"https:\/\/bahiaeconomica.com.br\/wp\/author\/victor-oliveira\/\"}]}<\/script>\n<!-- \/ Yoast SEO plugin. -->","yoast_head_json":{"title":"BAHIA SEDIA SEMIN\u00c1RIO INTERNACIONAL SOBRE REDES INTEGRADAS DE ATEN\u00c7\u00c3O \u00c0 SA\u00daDE - Bahia Economica Pesquisadores, gestores e representantes da sociedade civil de 12 pa\u00edses se reunir\u00e3o na Bahia","description":"O maior portal de Economia da Bahia MUNIC\u00cdPIOS, Sa\u00fade \/ Educa\u00e7\u00e3o Bahia Economica Pesquisadores, gestores e representantes da sociedade civil de 12 pa\u00edses se reunir\u00e3o na Bahia","robots":{"index":"index","follow":"follow","max-snippet":"max-snippet:-1","max-image-preview":"max-image-preview:large","max-video-preview":"max-video-preview:-1"},"canonical":"https:\/\/bahiaeconomica.com.br\/wp\/2025\/05\/26\/bahia-sedia-seminario-internacional-sobre-redes-integradas-de-atencao-a-saude\/","og_locale":"pt_BR","og_type":"article","og_title":"BAHIA SEDIA SEMIN\u00c1RIO INTERNACIONAL SOBRE REDES INTEGRADAS DE ATEN\u00c7\u00c3O \u00c0 SA\u00daDE - Bahia Economica Pesquisadores, gestores e representantes da sociedade civil de 12 pa\u00edses se reunir\u00e3o na Bahia","og_description":"O maior portal de Economia da Bahia MUNIC\u00cdPIOS, Sa\u00fade \/ Educa\u00e7\u00e3o Bahia Economica Pesquisadores, gestores e representantes da sociedade civil de 12 pa\u00edses se reunir\u00e3o na Bahia","og_url":"https:\/\/bahiaeconomica.com.br\/wp\/2025\/05\/26\/bahia-sedia-seminario-internacional-sobre-redes-integradas-de-atencao-a-saude\/","og_site_name":"Bahia Economica","article_publisher":"https:\/\/www.facebook.com\/bahiaeconomica","article_published_time":"2025-05-26T18:11:26+00:00","og_image":[{"width":2560,"height":1707,"url":"https:\/\/bahiaeconomica.com.br\/wp\/wp-content\/uploads\/2025\/05\/Foto-Jamile-Amine-Saude-GovBA-scaled.jpeg","type":"image\/jpeg"}],"author":"VICTOR OLIVEIRA","twitter_card":"summary_large_image","twitter_misc":{"Escrito por":"VICTOR OLIVEIRA","Est. tempo de leitura":"2 minutos"},"schema":{"@context":"https:\/\/schema.org","@graph":[{"@type":"Article","@id":"https:\/\/bahiaeconomica.com.br\/wp\/2025\/05\/26\/bahia-sedia-seminario-internacional-sobre-redes-integradas-de-atencao-a-saude\/#article","isPartOf":{"@id":"https:\/\/bahiaeconomica.com.br\/wp\/2025\/05\/26\/bahia-sedia-seminario-internacional-sobre-redes-integradas-de-atencao-a-saude\/"},"author":{"name":"VICTOR OLIVEIRA","@id":"https:\/\/bahiaeconomica.com.br\/wp\/#\/schema\/person\/a17956d0e1112b626f403fb06b8129a9"},"headline":"BAHIA SEDIA SEMIN\u00c1RIO INTERNACIONAL SOBRE REDES INTEGRADAS DE ATEN\u00c7\u00c3O \u00c0 SA\u00daDE","datePublished":"2025-05-26T18:11:26+00:00","dateModified":"2025-05-26T18:11:26+00:00","mainEntityOfPage":{"@id":"https:\/\/bahiaeconomica.com.br\/wp\/2025\/05\/26\/bahia-sedia-seminario-internacional-sobre-redes-integradas-de-atencao-a-saude\/"},"wordCount":422,"publisher":{"@id":"https:\/\/bahiaeconomica.com.br\/wp\/#organization"},"keywords":["encontro","sa\u00fade","Semin\u00e1rio"],"articleSection":["MUNIC\u00cdPIOS","Sa\u00fade \/ Educa\u00e7\u00e3o"],"inLanguage":"pt-BR"},{"@type":"WebPage","@id":"https:\/\/bahiaeconomica.com.br\/wp\/2025\/05\/26\/bahia-sedia-seminario-internacional-sobre-redes-integradas-de-atencao-a-saude\/","url":"https:\/\/bahiaeconomica.com.br\/wp\/2025\/05\/26\/bahia-sedia-seminario-internacional-sobre-redes-integradas-de-atencao-a-saude\/","name":"BAHIA SEDIA SEMIN\u00c1RIO INTERNACIONAL SOBRE REDES INTEGRADAS DE ATEN\u00c7\u00c3O \u00c0 SA\u00daDE - Bahia Economica Pesquisadores, gestores e representantes da sociedade civil de 12 pa\u00edses se reunir\u00e3o na Bahia","isPartOf":{"@id":"https:\/\/bahiaeconomica.com.br\/wp\/#website"},"datePublished":"2025-05-26T18:11:26+00:00","dateModified":"2025-05-26T18:11:26+00:00","description":"O maior portal de Economia da Bahia MUNIC\u00cdPIOS, Sa\u00fade \/ Educa\u00e7\u00e3o Bahia Economica Pesquisadores, gestores e representantes da sociedade civil de 12 pa\u00edses se reunir\u00e3o na Bahia","breadcrumb":{"@id":"https:\/\/bahiaeconomica.com.br\/wp\/2025\/05\/26\/bahia-sedia-seminario-internacional-sobre-redes-integradas-de-atencao-a-saude\/#breadcrumb"},"inLanguage":"pt-BR","potentialAction":[{"@type":"ReadAction","target":["https:\/\/bahiaeconomica.com.br\/wp\/2025\/05\/26\/bahia-sedia-seminario-internacional-sobre-redes-integradas-de-atencao-a-saude\/"]}]},{"@type":"BreadcrumbList","@id":"https:\/\/bahiaeconomica.com.br\/wp\/2025\/05\/26\/bahia-sedia-seminario-internacional-sobre-redes-integradas-de-atencao-a-saude\/#breadcrumb","itemListElement":[{"@type":"ListItem","position":1,"name":"In\u00edcio","item":"https:\/\/bahiaeconomica.com.br\/wp\/"},{"@type":"ListItem","position":2,"name":"BAHIA SEDIA SEMIN\u00c1RIO INTERNACIONAL SOBRE REDES INTEGRADAS DE ATEN\u00c7\u00c3O \u00c0 SA\u00daDE"}]},{"@type":"WebSite","@id":"https:\/\/bahiaeconomica.com.br\/wp\/#website","url":"https:\/\/bahiaeconomica.com.br\/wp\/","name":"Bahia Economica","description":"O maior portal de Economia da Bahia","publisher":{"@id":"https:\/\/bahiaeconomica.com.br\/wp\/#organization"},"potentialAction":[{"@type":"SearchAction","target":{"@type":"EntryPoint","urlTemplate":"https:\/\/bahiaeconomica.com.br\/wp\/?s={search_term_string}"},"query-input":"required name=search_term_string"}],"inLanguage":"pt-BR"},{"@type":"Organization","@id":"https:\/\/bahiaeconomica.com.br\/wp\/#organization","name":"Bahia Econ\u00f4mica","url":"https:\/\/bahiaeconomica.com.br\/wp\/","logo":{"@type":"ImageObject","inLanguage":"pt-BR","@id":"https:\/\/bahiaeconomica.com.br\/wp\/#\/schema\/logo\/image\/","url":"https:\/\/bahiaeconomica.com.br\/wp\/wp-content\/uploads\/2020\/12\/cropped-BE.png","contentUrl":"https:\/\/bahiaeconomica.com.br\/wp\/wp-content\/uploads\/2020\/12\/cropped-BE.png","width":512,"height":512,"caption":"Bahia Econ\u00f4mica"},"image":{"@id":"https:\/\/bahiaeconomica.com.br\/wp\/#\/schema\/logo\/image\/"},"sameAs":["https:\/\/www.facebook.com\/bahiaeconomica"]},{"@type":"Person","@id":"https:\/\/bahiaeconomica.com.br\/wp\/#\/schema\/person\/a17956d0e1112b626f403fb06b8129a9","name":"VICTOR OLIVEIRA","sameAs":["http:\/\/www.bahiaeconomica.com.br"],"url":"https:\/\/bahiaeconomica.com.br\/wp\/author\/victor-oliveira\/"}]}},"views":2,"_links":{"self":[{"href":"https:\/\/bahiaeconomica.com.br\/wp\/wp-json\/wp\/v2\/posts\/905942"}],"collection":[{"href":"https:\/\/bahiaeconomica.com.br\/wp\/wp-json\/wp\/v2\/posts"}],"about":[{"href":"https:\/\/bahiaeconomica.com.br\/wp\/wp-json\/wp\/v2\/types\/post"}],"author":[{"embeddable":true,"href":"https:\/\/bahiaeconomica.com.br\/wp\/wp-json\/wp\/v2\/users\/24"}],"replies":[{"embeddable":true,"href":"https:\/\/bahiaeconomica.com.br\/wp\/wp-json\/wp\/v2\/comments?post=905942"}],"version-history":[{"count":1,"href":"https:\/\/bahiaeconomica.com.br\/wp\/wp-json\/wp\/v2\/posts\/905942\/revisions"}],"predecessor-version":[{"id":905944,"href":"https:\/\/bahiaeconomica.com.br\/wp\/wp-json\/wp\/v2\/posts\/905942\/revisions\/905944"}],"wp:featuredmedia":[{"embeddable":true,"href":"https:\/\/bahiaeconomica.com.br\/wp\/wp-json\/wp\/v2\/media\/905943"}],"wp:attachment":[{"href":"https:\/\/bahiaeconomica.com.br\/wp\/wp-json\/wp\/v2\/media?parent=905942"}],"wp:term":[{"taxonomy":"category","embeddable":true,"href":"https:\/\/bahiaeconomica.com.br\/wp\/wp-json\/wp\/v2\/categories?post=905942"},{"taxonomy":"post_tag","embeddable":true,"href":"https:\/\/bahiaeconomica.com.br\/wp\/wp-json\/wp\/v2\/tags?post=905942"}],"curies":[{"name":"wp","href":"https:\/\/api.w.org\/{rel}","templated":true}]}}