{"id":905679,"date":"2025-05-25T13:00:00","date_gmt":"2025-05-25T16:00:00","guid":{"rendered":"https:\/\/bahiaeconomica.com.br\/wp\/?p=905679"},"modified":"2025-05-25T07:05:34","modified_gmt":"2025-05-25T10:05:34","slug":"voz-envelhece-especialista-explica-como-cantores-perdem-qualidade-vocal-com-o-passar-do-tempo","status":"publish","type":"post","link":"https:\/\/bahiaeconomica.com.br\/wp\/2025\/05\/25\/voz-envelhece-especialista-explica-como-cantores-perdem-qualidade-vocal-com-o-passar-do-tempo\/","title":{"rendered":"ESPECIALISTA EXPLICA COMO CANTORES PERDEM QUALIDADE VOCAL COM O PASSAR DO TEMPO"},"content":{"rendered":"<p>Para os cantores, a voz \u00e9 seu principal instrumento de trabalho e express\u00e3o art\u00edstica. Mas, com o passar dos anos, at\u00e9 mesmo vozes consagradas podem perder for\u00e7a, clareza e estabilidade. O envelhecimento vocal \u00e9 um fen\u00f4meno natural, mas que pode ser influenciado por diversos fatores, como h\u00e1bitos de vida, uso excessivo e falta de cuidados preventivos.<\/p>\n<p>Casos como os de Adele, Shakira, Rod Stewart e Zez\u00e9 Di Camargo, que j\u00e1 enfrentaram problemas nas cordas vocais, mostram que at\u00e9 artistas experientes podem ser surpreendidos por altera\u00e7\u00f5es vocais ao longo da carreira. A otorrinolaringologista e especialista em laringologia, \u00c9rica Campos, explica que essas mudan\u00e7as t\u00eam origem em transforma\u00e7\u00f5es fisiol\u00f3gicas da laringe e podem ser amenizadas com medidas simples e eficazes.<\/p>\n<p>\u201cO envelhecimento das pregas vocais leva \u00e0 perda de elasticidade, de massa muscular e de capacidade vibrat\u00f3ria. Isso impacta diretamente na qualidade da voz, que pode se tornar mais fraca, tr\u00eamula e menos firme\u201d, explica a m\u00e9dica.<\/p>\n<p>A condi\u00e7\u00e3o, conhecida como presbifonia, \u00e9 comum a partir dos 60 anos, mas pode surgir antes, dependendo de fatores como estilo de vida, hidrata\u00e7\u00e3o, exposi\u00e7\u00e3o a poluentes e uso vocal intenso. \u201cO cigarro e o \u00e1lcool, por exemplo, s\u00e3o inimigos da sa\u00fade vocal. Eles ressecam e inflamam as pregas vocais, acelerando o processo de desgaste\u201d, alerta \u00c9rica.<\/p>\n<p>Assim como um atleta cuida dos m\u00fasculos para manter o desempenho, o profissional da voz precisa cuidar da laringe para manter sua fun\u00e7\u00e3o em alto n\u00edvel. \u201c\u00c9 fundamental que cantores, professores, locutores, apresentadores e demais profissionais que dependem da voz incluam cuidados vocais na sua rotina de sa\u00fade\u201d, orienta.<\/p>\n<p>Entre os principais sinais de envelhecimento vocal est\u00e3o a rouquid\u00e3o frequente, a dificuldade para sustentar frases longas, altera\u00e7\u00f5es no timbre e a necessidade de esfor\u00e7o maior para ser ouvido. \u201cPortanto, o acompanhamento com fonoaudi\u00f3logo e otorrinolaringologista pode prevenir complica\u00e7\u00f5es e ajudar a manter a sa\u00fade vocal mesmo com o passar do tempo\u201d, destaca a especialista.<\/p>\n<p>\u201cA boa not\u00edcia \u00e9 que, com os cuidados certos, \u00e9 poss\u00edvel manter uma voz expressiva e saud\u00e1vel por toda a vida\u201d, acrescenta a m\u00e9dica.<\/p>\n<p>Confira as dicas da otorrinolaringologista \u00c9rica Campos para manter a sa\u00fade vocal ao longo da vida:<\/p>\n<p>Evitar ou abandonar o tabagismo e o consumo excessivo de \u00e1lcool<\/p>\n<p>Manter hidrata\u00e7\u00e3o constante ao longo do dia<\/p>\n<p>Fazer pausas regulares no uso da voz, principalmente em longos per\u00edodos de fala ou canto<\/p>\n<p>Evitar falar em ambientes com muito ru\u00eddo<\/p>\n<p>Realizar exerc\u00edcios vocais sob orienta\u00e7\u00e3o de um fonoaudi\u00f3logo<\/p>\n<p>Procurar avalia\u00e7\u00e3o especializada ao notar mudan\u00e7as persistentes na voz<\/p>\n<p>Sobre \u00c9rica Campos<\/p>\n<p>Refer\u00eancia em transi\u00e7\u00e3o da voz, \u00c9rica Campos tem Fellowship em Laringologia e Otorrino Pediatria Avan\u00e7ada (UNICAMP), \u00e9 Mestre em Neurolaringologia (UNICAMP) e tem forma\u00e7\u00e3o complementar no Mount Sinai Hospital, em New York\/USA, e no Massachusetts General Hospital &amp; Harvard Medical School, em Massachusetts\/USA. \u00c9 Membro Titular da ABORL-CCF (Associa\u00e7\u00e3o Brasileira de Otorrinolaringologia e Cirurgia C\u00e9rvico-Facial) e Full Member da IATVS (International Association of TransVoice Surgeons). Tamb\u00e9m atua como preceptora no Servi\u00e7o de Laringologia do Hospital Universit\u00e1rio Prof. Edgard Santos (UFBA) e Hospital Otorrinos. Mais informa\u00e7\u00f5es: https:\/\/www.instagram.com\/dra.ericacampos\/<\/p>\n<p>&nbsp;<\/p>\n<p>Foto: Instagram<\/p>\n","protected":false},"excerpt":{"rendered":"<p>Para os cantores, a voz \u00e9 seu principal instrumento de trabalho e express\u00e3o art\u00edstica. Mas, com o passar dos anos, at\u00e9 mesmo vozes consagradas podem perder for\u00e7a, clareza e estabilidade. O envelhecimento vocal \u00e9 um fen\u00f4meno natural, mas que pode ser influenciado por diversos fatores, como h\u00e1bitos de vida, uso excessivo e falta de cuidados [&hellip;]<\/p>\n","protected":false},"author":8,"featured_media":905680,"comment_status":"closed","ping_status":"closed","sticky":false,"template":"","format":"standard","meta":[],"categories":[21],"tags":[100,58,2961],"acf":[],"yoast_head":"<!-- This site is optimized with the Yoast SEO plugin v20.8 - https:\/\/yoast.com\/wordpress\/plugins\/seo\/ -->\n<title>ESPECIALISTA EXPLICA COMO CANTORES PERDEM QUALIDADE VOCAL COM O PASSAR DO TEMPO - Bahia Economica<\/title>\n<meta name=\"description\" content=\"O maior portal de Economia da Bahia Sa\u00fade \/ Educa\u00e7\u00e3o Bahia Economica Procurar avalia\u00e7\u00e3o especializada ao notar mudan\u00e7as persistentes na voz\" \/>\n<meta name=\"robots\" content=\"index, follow, max-snippet:-1, max-image-preview:large, max-video-preview:-1\" \/>\n<link rel=\"canonical\" href=\"https:\/\/bahiaeconomica.com.br\/wp\/2025\/05\/25\/voz-envelhece-especialista-explica-como-cantores-perdem-qualidade-vocal-com-o-passar-do-tempo\/\" \/>\n<meta property=\"og:locale\" content=\"pt_BR\" \/>\n<meta property=\"og:type\" content=\"article\" \/>\n<meta property=\"og:title\" content=\"ESPECIALISTA EXPLICA COMO CANTORES PERDEM QUALIDADE VOCAL COM O PASSAR DO TEMPO - Bahia Economica\" \/>\n<meta property=\"og:description\" content=\"O maior portal de Economia da Bahia Sa\u00fade \/ Educa\u00e7\u00e3o Bahia Economica Procurar avalia\u00e7\u00e3o especializada ao notar mudan\u00e7as persistentes na voz\" \/>\n<meta property=\"og:url\" content=\"https:\/\/bahiaeconomica.com.br\/wp\/2025\/05\/25\/voz-envelhece-especialista-explica-como-cantores-perdem-qualidade-vocal-com-o-passar-do-tempo\/\" \/>\n<meta property=\"og:site_name\" content=\"Bahia Economica\" \/>\n<meta property=\"article:publisher\" content=\"https:\/\/www.facebook.com\/bahiaeconomica\" \/>\n<meta property=\"article:published_time\" content=\"2025-05-25T16:00:00+00:00\" \/>\n<meta property=\"article:modified_time\" content=\"2025-05-25T10:05:34+00:00\" \/>\n<meta property=\"og:image\" content=\"https:\/\/bahiaeconomica.com.br\/wp\/wp-content\/uploads\/2025\/05\/Sem-titulosssssssssssss.jpg\" \/>\n\t<meta property=\"og:image:width\" content=\"548\" \/>\n\t<meta property=\"og:image:height\" content=\"310\" \/>\n\t<meta property=\"og:image:type\" content=\"image\/jpeg\" \/>\n<meta name=\"author\" content=\"JP\" \/>\n<meta name=\"twitter:card\" content=\"summary_large_image\" \/>\n<meta name=\"twitter:label1\" content=\"Escrito por\" \/>\n\t<meta name=\"twitter:data1\" content=\"JP\" \/>\n\t<meta name=\"twitter:label2\" content=\"Est. tempo de leitura\" \/>\n\t<meta name=\"twitter:data2\" content=\"3 minutos\" \/>\n<script type=\"application\/ld+json\" class=\"yoast-schema-graph\">{\"@context\":\"https:\/\/schema.org\",\"@graph\":[{\"@type\":\"Article\",\"@id\":\"https:\/\/bahiaeconomica.com.br\/wp\/2025\/05\/25\/voz-envelhece-especialista-explica-como-cantores-perdem-qualidade-vocal-com-o-passar-do-tempo\/#article\",\"isPartOf\":{\"@id\":\"https:\/\/bahiaeconomica.com.br\/wp\/2025\/05\/25\/voz-envelhece-especialista-explica-como-cantores-perdem-qualidade-vocal-com-o-passar-do-tempo\/\"},\"author\":{\"name\":\"JP\",\"@id\":\"https:\/\/bahiaeconomica.com.br\/wp\/#\/schema\/person\/c86d3a3f8960425a0f9d0e5245991f4e\"},\"headline\":\"ESPECIALISTA EXPLICA COMO CANTORES PERDEM QUALIDADE VOCAL COM O PASSAR DO TEMPO\",\"datePublished\":\"2025-05-25T16:00:00+00:00\",\"dateModified\":\"2025-05-25T10:05:34+00:00\",\"mainEntityOfPage\":{\"@id\":\"https:\/\/bahiaeconomica.com.br\/wp\/2025\/05\/25\/voz-envelhece-especialista-explica-como-cantores-perdem-qualidade-vocal-com-o-passar-do-tempo\/\"},\"wordCount\":566,\"publisher\":{\"@id\":\"https:\/\/bahiaeconomica.com.br\/wp\/#organization\"},\"keywords\":[\"Pol\u00edtica\",\"sa\u00fade\",\"VOZ\"],\"articleSection\":[\"Sa\u00fade \/ Educa\u00e7\u00e3o\"],\"inLanguage\":\"pt-BR\"},{\"@type\":\"WebPage\",\"@id\":\"https:\/\/bahiaeconomica.com.br\/wp\/2025\/05\/25\/voz-envelhece-especialista-explica-como-cantores-perdem-qualidade-vocal-com-o-passar-do-tempo\/\",\"url\":\"https:\/\/bahiaeconomica.com.br\/wp\/2025\/05\/25\/voz-envelhece-especialista-explica-como-cantores-perdem-qualidade-vocal-com-o-passar-do-tempo\/\",\"name\":\"ESPECIALISTA EXPLICA COMO CANTORES PERDEM QUALIDADE VOCAL COM O PASSAR DO TEMPO - Bahia Economica\",\"isPartOf\":{\"@id\":\"https:\/\/bahiaeconomica.com.br\/wp\/#website\"},\"datePublished\":\"2025-05-25T16:00:00+00:00\",\"dateModified\":\"2025-05-25T10:05:34+00:00\",\"description\":\"O maior portal de Economia da Bahia Sa\u00fade \/ Educa\u00e7\u00e3o Bahia Economica Procurar avalia\u00e7\u00e3o especializada ao notar mudan\u00e7as persistentes na voz\",\"breadcrumb\":{\"@id\":\"https:\/\/bahiaeconomica.com.br\/wp\/2025\/05\/25\/voz-envelhece-especialista-explica-como-cantores-perdem-qualidade-vocal-com-o-passar-do-tempo\/#breadcrumb\"},\"inLanguage\":\"pt-BR\",\"potentialAction\":[{\"@type\":\"ReadAction\",\"target\":[\"https:\/\/bahiaeconomica.com.br\/wp\/2025\/05\/25\/voz-envelhece-especialista-explica-como-cantores-perdem-qualidade-vocal-com-o-passar-do-tempo\/\"]}]},{\"@type\":\"BreadcrumbList\",\"@id\":\"https:\/\/bahiaeconomica.com.br\/wp\/2025\/05\/25\/voz-envelhece-especialista-explica-como-cantores-perdem-qualidade-vocal-com-o-passar-do-tempo\/#breadcrumb\",\"itemListElement\":[{\"@type\":\"ListItem\",\"position\":1,\"name\":\"In\u00edcio\",\"item\":\"https:\/\/bahiaeconomica.com.br\/wp\/\"},{\"@type\":\"ListItem\",\"position\":2,\"name\":\"ESPECIALISTA EXPLICA COMO CANTORES PERDEM QUALIDADE VOCAL COM O PASSAR DO TEMPO\"}]},{\"@type\":\"WebSite\",\"@id\":\"https:\/\/bahiaeconomica.com.br\/wp\/#website\",\"url\":\"https:\/\/bahiaeconomica.com.br\/wp\/\",\"name\":\"Bahia Economica\",\"description\":\"O maior portal de Economia da Bahia\",\"publisher\":{\"@id\":\"https:\/\/bahiaeconomica.com.br\/wp\/#organization\"},\"potentialAction\":[{\"@type\":\"SearchAction\",\"target\":{\"@type\":\"EntryPoint\",\"urlTemplate\":\"https:\/\/bahiaeconomica.com.br\/wp\/?s={search_term_string}\"},\"query-input\":\"required name=search_term_string\"}],\"inLanguage\":\"pt-BR\"},{\"@type\":\"Organization\",\"@id\":\"https:\/\/bahiaeconomica.com.br\/wp\/#organization\",\"name\":\"Bahia Econ\u00f4mica\",\"url\":\"https:\/\/bahiaeconomica.com.br\/wp\/\",\"logo\":{\"@type\":\"ImageObject\",\"inLanguage\":\"pt-BR\",\"@id\":\"https:\/\/bahiaeconomica.com.br\/wp\/#\/schema\/logo\/image\/\",\"url\":\"https:\/\/bahiaeconomica.com.br\/wp\/wp-content\/uploads\/2020\/12\/cropped-BE.png\",\"contentUrl\":\"https:\/\/bahiaeconomica.com.br\/wp\/wp-content\/uploads\/2020\/12\/cropped-BE.png\",\"width\":512,\"height\":512,\"caption\":\"Bahia Econ\u00f4mica\"},\"image\":{\"@id\":\"https:\/\/bahiaeconomica.com.br\/wp\/#\/schema\/logo\/image\/\"},\"sameAs\":[\"https:\/\/www.facebook.com\/bahiaeconomica\"]},{\"@type\":\"Person\",\"@id\":\"https:\/\/bahiaeconomica.com.br\/wp\/#\/schema\/person\/c86d3a3f8960425a0f9d0e5245991f4e\",\"name\":\"JP\",\"sameAs\":[\"https:\/\/bahiaeconomica.com.br\/wp\/beta\/\"],\"url\":\"https:\/\/bahiaeconomica.com.br\/wp\/author\/jp\/\"}]}<\/script>\n<!-- \/ Yoast SEO plugin. -->","yoast_head_json":{"title":"ESPECIALISTA EXPLICA COMO CANTORES PERDEM QUALIDADE VOCAL COM O PASSAR DO TEMPO - Bahia Economica","description":"O maior portal de Economia da Bahia Sa\u00fade \/ Educa\u00e7\u00e3o Bahia Economica Procurar avalia\u00e7\u00e3o especializada ao notar mudan\u00e7as persistentes na voz","robots":{"index":"index","follow":"follow","max-snippet":"max-snippet:-1","max-image-preview":"max-image-preview:large","max-video-preview":"max-video-preview:-1"},"canonical":"https:\/\/bahiaeconomica.com.br\/wp\/2025\/05\/25\/voz-envelhece-especialista-explica-como-cantores-perdem-qualidade-vocal-com-o-passar-do-tempo\/","og_locale":"pt_BR","og_type":"article","og_title":"ESPECIALISTA EXPLICA COMO CANTORES PERDEM QUALIDADE VOCAL COM O PASSAR DO TEMPO - Bahia Economica","og_description":"O maior portal de Economia da Bahia Sa\u00fade \/ Educa\u00e7\u00e3o Bahia Economica Procurar avalia\u00e7\u00e3o especializada ao notar mudan\u00e7as persistentes na voz","og_url":"https:\/\/bahiaeconomica.com.br\/wp\/2025\/05\/25\/voz-envelhece-especialista-explica-como-cantores-perdem-qualidade-vocal-com-o-passar-do-tempo\/","og_site_name":"Bahia Economica","article_publisher":"https:\/\/www.facebook.com\/bahiaeconomica","article_published_time":"2025-05-25T16:00:00+00:00","article_modified_time":"2025-05-25T10:05:34+00:00","og_image":[{"width":548,"height":310,"url":"https:\/\/bahiaeconomica.com.br\/wp\/wp-content\/uploads\/2025\/05\/Sem-titulosssssssssssss.jpg","type":"image\/jpeg"}],"author":"JP","twitter_card":"summary_large_image","twitter_misc":{"Escrito por":"JP","Est. tempo de leitura":"3 minutos"},"schema":{"@context":"https:\/\/schema.org","@graph":[{"@type":"Article","@id":"https:\/\/bahiaeconomica.com.br\/wp\/2025\/05\/25\/voz-envelhece-especialista-explica-como-cantores-perdem-qualidade-vocal-com-o-passar-do-tempo\/#article","isPartOf":{"@id":"https:\/\/bahiaeconomica.com.br\/wp\/2025\/05\/25\/voz-envelhece-especialista-explica-como-cantores-perdem-qualidade-vocal-com-o-passar-do-tempo\/"},"author":{"name":"JP","@id":"https:\/\/bahiaeconomica.com.br\/wp\/#\/schema\/person\/c86d3a3f8960425a0f9d0e5245991f4e"},"headline":"ESPECIALISTA EXPLICA COMO CANTORES PERDEM QUALIDADE VOCAL COM O PASSAR DO TEMPO","datePublished":"2025-05-25T16:00:00+00:00","dateModified":"2025-05-25T10:05:34+00:00","mainEntityOfPage":{"@id":"https:\/\/bahiaeconomica.com.br\/wp\/2025\/05\/25\/voz-envelhece-especialista-explica-como-cantores-perdem-qualidade-vocal-com-o-passar-do-tempo\/"},"wordCount":566,"publisher":{"@id":"https:\/\/bahiaeconomica.com.br\/wp\/#organization"},"keywords":["Pol\u00edtica","sa\u00fade","VOZ"],"articleSection":["Sa\u00fade \/ Educa\u00e7\u00e3o"],"inLanguage":"pt-BR"},{"@type":"WebPage","@id":"https:\/\/bahiaeconomica.com.br\/wp\/2025\/05\/25\/voz-envelhece-especialista-explica-como-cantores-perdem-qualidade-vocal-com-o-passar-do-tempo\/","url":"https:\/\/bahiaeconomica.com.br\/wp\/2025\/05\/25\/voz-envelhece-especialista-explica-como-cantores-perdem-qualidade-vocal-com-o-passar-do-tempo\/","name":"ESPECIALISTA EXPLICA COMO CANTORES PERDEM QUALIDADE VOCAL COM O PASSAR DO TEMPO - Bahia Economica","isPartOf":{"@id":"https:\/\/bahiaeconomica.com.br\/wp\/#website"},"datePublished":"2025-05-25T16:00:00+00:00","dateModified":"2025-05-25T10:05:34+00:00","description":"O maior portal de Economia da Bahia Sa\u00fade \/ Educa\u00e7\u00e3o Bahia Economica Procurar avalia\u00e7\u00e3o especializada ao notar mudan\u00e7as persistentes na voz","breadcrumb":{"@id":"https:\/\/bahiaeconomica.com.br\/wp\/2025\/05\/25\/voz-envelhece-especialista-explica-como-cantores-perdem-qualidade-vocal-com-o-passar-do-tempo\/#breadcrumb"},"inLanguage":"pt-BR","potentialAction":[{"@type":"ReadAction","target":["https:\/\/bahiaeconomica.com.br\/wp\/2025\/05\/25\/voz-envelhece-especialista-explica-como-cantores-perdem-qualidade-vocal-com-o-passar-do-tempo\/"]}]},{"@type":"BreadcrumbList","@id":"https:\/\/bahiaeconomica.com.br\/wp\/2025\/05\/25\/voz-envelhece-especialista-explica-como-cantores-perdem-qualidade-vocal-com-o-passar-do-tempo\/#breadcrumb","itemListElement":[{"@type":"ListItem","position":1,"name":"In\u00edcio","item":"https:\/\/bahiaeconomica.com.br\/wp\/"},{"@type":"ListItem","position":2,"name":"ESPECIALISTA EXPLICA COMO CANTORES PERDEM QUALIDADE VOCAL COM O PASSAR DO TEMPO"}]},{"@type":"WebSite","@id":"https:\/\/bahiaeconomica.com.br\/wp\/#website","url":"https:\/\/bahiaeconomica.com.br\/wp\/","name":"Bahia Economica","description":"O maior portal de Economia da Bahia","publisher":{"@id":"https:\/\/bahiaeconomica.com.br\/wp\/#organization"},"potentialAction":[{"@type":"SearchAction","target":{"@type":"EntryPoint","urlTemplate":"https:\/\/bahiaeconomica.com.br\/wp\/?s={search_term_string}"},"query-input":"required name=search_term_string"}],"inLanguage":"pt-BR"},{"@type":"Organization","@id":"https:\/\/bahiaeconomica.com.br\/wp\/#organization","name":"Bahia Econ\u00f4mica","url":"https:\/\/bahiaeconomica.com.br\/wp\/","logo":{"@type":"ImageObject","inLanguage":"pt-BR","@id":"https:\/\/bahiaeconomica.com.br\/wp\/#\/schema\/logo\/image\/","url":"https:\/\/bahiaeconomica.com.br\/wp\/wp-content\/uploads\/2020\/12\/cropped-BE.png","contentUrl":"https:\/\/bahiaeconomica.com.br\/wp\/wp-content\/uploads\/2020\/12\/cropped-BE.png","width":512,"height":512,"caption":"Bahia Econ\u00f4mica"},"image":{"@id":"https:\/\/bahiaeconomica.com.br\/wp\/#\/schema\/logo\/image\/"},"sameAs":["https:\/\/www.facebook.com\/bahiaeconomica"]},{"@type":"Person","@id":"https:\/\/bahiaeconomica.com.br\/wp\/#\/schema\/person\/c86d3a3f8960425a0f9d0e5245991f4e","name":"JP","sameAs":["https:\/\/bahiaeconomica.com.br\/wp\/beta\/"],"url":"https:\/\/bahiaeconomica.com.br\/wp\/author\/jp\/"}]}},"views":9,"_links":{"self":[{"href":"https:\/\/bahiaeconomica.com.br\/wp\/wp-json\/wp\/v2\/posts\/905679"}],"collection":[{"href":"https:\/\/bahiaeconomica.com.br\/wp\/wp-json\/wp\/v2\/posts"}],"about":[{"href":"https:\/\/bahiaeconomica.com.br\/wp\/wp-json\/wp\/v2\/types\/post"}],"author":[{"embeddable":true,"href":"https:\/\/bahiaeconomica.com.br\/wp\/wp-json\/wp\/v2\/users\/8"}],"replies":[{"embeddable":true,"href":"https:\/\/bahiaeconomica.com.br\/wp\/wp-json\/wp\/v2\/comments?post=905679"}],"version-history":[{"count":2,"href":"https:\/\/bahiaeconomica.com.br\/wp\/wp-json\/wp\/v2\/posts\/905679\/revisions"}],"predecessor-version":[{"id":905745,"href":"https:\/\/bahiaeconomica.com.br\/wp\/wp-json\/wp\/v2\/posts\/905679\/revisions\/905745"}],"wp:featuredmedia":[{"embeddable":true,"href":"https:\/\/bahiaeconomica.com.br\/wp\/wp-json\/wp\/v2\/media\/905680"}],"wp:attachment":[{"href":"https:\/\/bahiaeconomica.com.br\/wp\/wp-json\/wp\/v2\/media?parent=905679"}],"wp:term":[{"taxonomy":"category","embeddable":true,"href":"https:\/\/bahiaeconomica.com.br\/wp\/wp-json\/wp\/v2\/categories?post=905679"},{"taxonomy":"post_tag","embeddable":true,"href":"https:\/\/bahiaeconomica.com.br\/wp\/wp-json\/wp\/v2\/tags?post=905679"}],"curies":[{"name":"wp","href":"https:\/\/api.w.org\/{rel}","templated":true}]}}