{"id":905638,"date":"2025-05-23T19:15:00","date_gmt":"2025-05-23T22:15:00","guid":{"rendered":"https:\/\/bahiaeconomica.com.br\/wp\/?p=905638"},"modified":"2025-05-23T19:02:49","modified_gmt":"2025-05-23T22:02:49","slug":"com-investimento-superior-a-r-1-milhao-governo-do-estado-reforca-rede-de-saude-em-maiquinique","status":"publish","type":"post","link":"https:\/\/bahiaeconomica.com.br\/wp\/2025\/05\/23\/com-investimento-superior-a-r-1-milhao-governo-do-estado-reforca-rede-de-saude-em-maiquinique\/","title":{"rendered":"COM INVESTIMENTO SUPERIOR A R$ 1 MILH\u00c3O, GOVERNO DO ESTADO REFOR\u00c7A REDE DE SA\u00daDE EM MAIQUINIQUE"},"content":{"rendered":"<div dir=\"auto\">Nesta sexta-feira (23), o munic\u00edpio de Maiquinique, no sudoeste baiano, foi contemplado com uma s\u00e9rie de entregas e an\u00fancios do Governo do Estado, somando mais de R$ 1 milh\u00e3o em investimentos para ampliar a assist\u00eancia e o cuidado na regi\u00e3o.<\/div>\n<div dir=\"auto\"><\/div>\n<div dir=\"auto\">Durante o evento, que contou com a presen\u00e7a do governador Jer\u00f4nimo Rodrigues, da secret\u00e1ria Roberta Santana, titular da Secretaria da Sa\u00fade do Estado, e de autoridades locais, foi assinado o Autorizo para celebra\u00e7\u00e3o de conv\u00eanio que visa \u00e0 reforma do Hospital Municipal de Maiquinique, com valor superior a R$ 870 mil. A unidade hospitalar, que atualmente disp\u00f5e de 14 leitos, \u00e9 refer\u00eancia na assist\u00eancia materno-infantil da regi\u00e3o.<\/div>\n<div dir=\"auto\"><\/div>\n<div dir=\"auto\">Tamb\u00e9m foram entregues um kit para sala de estabiliza\u00e7\u00e3o, um kit odontol\u00f3gico, uma van para Tratamento Fora de Domic\u00edlio (TFD) e um ve\u00edculo administrativo para apoiar as a\u00e7\u00f5es log\u00edsticas e operacionais da sa\u00fade municipal.<\/div>\n<div dir=\"auto\"><\/div>\n<div dir=\"auto\">&#8220;As entregas do Governo do Estado aqui em Maiquinique demonstram o nosso compromisso em fortalecer o cuidado com os baianos e baianas. Junto com o nosso governador Jer\u00f4nimo, estou aqui no sudoeste baiano, realizando entregas para toda a regi\u00e3o. \u00c9 o Governo presente&#8221;, afirmou a secret\u00e1ria Roberta Santana.<\/div>\n<div dir=\"auto\"><\/div>\n<div dir=\"auto\">As iniciativas fazem parte do compromisso do Governo da Bahia em ampliar o acesso a servi\u00e7os de sa\u00fade com mais qualidade, dignidade e infraestrutura, especialmente em regi\u00f5es do interior do estado.<\/div>\n<div dir=\"auto\"><\/div>\n<div dir=\"auto\"><b>Itapetinga<\/b><\/div>\n<div dir=\"auto\"><\/div>\n<div dir=\"auto\">Acompanhada da secret\u00e1ria municipal de Sa\u00fade de Itapetinga, Myllena Orrico, a gestora estadual visitou a Maternidade e Hospital Municipal Virg\u00ednia Hagge, o Hospital Cristo Redentor e a Unidade de Pronto Atendimento (UPA) do munic\u00edpio.<\/div>\n<div dir=\"auto\"><\/div>\n<div dir=\"auto\">&#8220;Acompanhar o funcionamento das unidades \u00e9 essencial para reconhecermos a real situa\u00e7\u00e3o da sa\u00fade no munic\u00edpio. Temos entregas que ser\u00e3o anunciadas para Itapetinga que n\u00e3o beneficiar\u00e3o apenas o munic\u00edpio, e sim toda a regi\u00e3o&#8221;, pontuou Roberta Santana.<\/div>\n<div dir=\"auto\"><\/div>\n<div dir=\"auto\">Fotos: Yasmim Marinho<\/div>\n","protected":false},"excerpt":{"rendered":"<p>Nesta sexta-feira (23), o munic\u00edpio de Maiquinique, no sudoeste baiano, foi contemplado com uma s\u00e9rie de entregas e an\u00fancios do Governo do Estado, somando mais de R$ 1 milh\u00e3o em investimentos para ampliar a assist\u00eancia e o cuidado na regi\u00e3o. Durante o evento, que contou com a presen\u00e7a do governador Jer\u00f4nimo Rodrigues, da secret\u00e1ria Roberta [&hellip;]<\/p>\n","protected":false},"author":24,"featured_media":905642,"comment_status":"closed","ping_status":"closed","sticky":false,"template":"","format":"standard","meta":[],"categories":[3,5],"tags":[87,740,58],"acf":[],"yoast_head":"<!-- This site is optimized with the Yoast SEO plugin v20.8 - https:\/\/yoast.com\/wordpress\/plugins\/seo\/ -->\n<title>COM INVESTIMENTO SUPERIOR A R$ 1 MILH\u00c3O, GOVERNO DO ESTADO REFOR\u00c7A REDE DE SA\u00daDE EM MAIQUINIQUE - Bahia Economica Nesta sexta-feira (23), o munic\u00edpio de Maiquinique<\/title>\n<meta name=\"description\" content=\"O maior portal de Economia da Bahia ECONOMIA \/ POL\u00cdTICA, MUNIC\u00cdPIOS Bahia Economica Nesta sexta-feira (23), o munic\u00edpio de Maiquinique\" \/>\n<meta name=\"robots\" content=\"index, follow, max-snippet:-1, max-image-preview:large, max-video-preview:-1\" \/>\n<link rel=\"canonical\" href=\"https:\/\/bahiaeconomica.com.br\/wp\/2025\/05\/23\/com-investimento-superior-a-r-1-milhao-governo-do-estado-reforca-rede-de-saude-em-maiquinique\/\" \/>\n<meta property=\"og:locale\" content=\"pt_BR\" \/>\n<meta property=\"og:type\" content=\"article\" \/>\n<meta property=\"og:title\" content=\"COM INVESTIMENTO SUPERIOR A R$ 1 MILH\u00c3O, GOVERNO DO ESTADO REFOR\u00c7A REDE DE SA\u00daDE EM MAIQUINIQUE - Bahia Economica Nesta sexta-feira (23), o munic\u00edpio de Maiquinique\" \/>\n<meta property=\"og:description\" content=\"O maior portal de Economia da Bahia ECONOMIA \/ POL\u00cdTICA, MUNIC\u00cdPIOS Bahia Economica Nesta sexta-feira (23), o munic\u00edpio de Maiquinique\" \/>\n<meta property=\"og:url\" content=\"https:\/\/bahiaeconomica.com.br\/wp\/2025\/05\/23\/com-investimento-superior-a-r-1-milhao-governo-do-estado-reforca-rede-de-saude-em-maiquinique\/\" \/>\n<meta property=\"og:site_name\" content=\"Bahia Economica\" \/>\n<meta property=\"article:publisher\" content=\"https:\/\/www.facebook.com\/bahiaeconomica\" \/>\n<meta property=\"article:published_time\" content=\"2025-05-23T22:15:00+00:00\" \/>\n<meta property=\"article:modified_time\" content=\"2025-05-23T22:02:49+00:00\" \/>\n<meta property=\"og:image\" content=\"https:\/\/bahiaeconomica.com.br\/wp\/wp-content\/uploads\/2025\/05\/IMG-20250523-WA0180-1-scaled.jpg\" \/>\n\t<meta property=\"og:image:width\" content=\"2560\" \/>\n\t<meta property=\"og:image:height\" content=\"1920\" \/>\n\t<meta property=\"og:image:type\" content=\"image\/jpeg\" \/>\n<meta name=\"author\" content=\"VICTOR OLIVEIRA\" \/>\n<meta name=\"twitter:card\" content=\"summary_large_image\" \/>\n<meta name=\"twitter:label1\" content=\"Escrito por\" \/>\n\t<meta name=\"twitter:data1\" content=\"VICTOR OLIVEIRA\" \/>\n\t<meta name=\"twitter:label2\" content=\"Est. tempo de leitura\" \/>\n\t<meta name=\"twitter:data2\" content=\"2 minutos\" \/>\n<script type=\"application\/ld+json\" class=\"yoast-schema-graph\">{\"@context\":\"https:\/\/schema.org\",\"@graph\":[{\"@type\":\"Article\",\"@id\":\"https:\/\/bahiaeconomica.com.br\/wp\/2025\/05\/23\/com-investimento-superior-a-r-1-milhao-governo-do-estado-reforca-rede-de-saude-em-maiquinique\/#article\",\"isPartOf\":{\"@id\":\"https:\/\/bahiaeconomica.com.br\/wp\/2025\/05\/23\/com-investimento-superior-a-r-1-milhao-governo-do-estado-reforca-rede-de-saude-em-maiquinique\/\"},\"author\":{\"name\":\"VICTOR OLIVEIRA\",\"@id\":\"https:\/\/bahiaeconomica.com.br\/wp\/#\/schema\/person\/a17956d0e1112b626f403fb06b8129a9\"},\"headline\":\"COM INVESTIMENTO SUPERIOR A R$ 1 MILH\u00c3O, GOVERNO DO ESTADO REFOR\u00c7A REDE DE SA\u00daDE EM MAIQUINIQUE\",\"datePublished\":\"2025-05-23T22:15:00+00:00\",\"dateModified\":\"2025-05-23T22:02:49+00:00\",\"mainEntityOfPage\":{\"@id\":\"https:\/\/bahiaeconomica.com.br\/wp\/2025\/05\/23\/com-investimento-superior-a-r-1-milhao-governo-do-estado-reforca-rede-de-saude-em-maiquinique\/\"},\"wordCount\":347,\"publisher\":{\"@id\":\"https:\/\/bahiaeconomica.com.br\/wp\/#organization\"},\"keywords\":[\"governo do estado\",\"investimento\",\"sa\u00fade\"],\"articleSection\":[\"ECONOMIA \/ POL\u00cdTICA\",\"MUNIC\u00cdPIOS\"],\"inLanguage\":\"pt-BR\"},{\"@type\":\"WebPage\",\"@id\":\"https:\/\/bahiaeconomica.com.br\/wp\/2025\/05\/23\/com-investimento-superior-a-r-1-milhao-governo-do-estado-reforca-rede-de-saude-em-maiquinique\/\",\"url\":\"https:\/\/bahiaeconomica.com.br\/wp\/2025\/05\/23\/com-investimento-superior-a-r-1-milhao-governo-do-estado-reforca-rede-de-saude-em-maiquinique\/\",\"name\":\"COM INVESTIMENTO SUPERIOR A R$ 1 MILH\u00c3O, GOVERNO DO ESTADO REFOR\u00c7A REDE DE SA\u00daDE EM MAIQUINIQUE - Bahia Economica Nesta sexta-feira (23), o munic\u00edpio de Maiquinique\",\"isPartOf\":{\"@id\":\"https:\/\/bahiaeconomica.com.br\/wp\/#website\"},\"datePublished\":\"2025-05-23T22:15:00+00:00\",\"dateModified\":\"2025-05-23T22:02:49+00:00\",\"description\":\"O maior portal de Economia da Bahia ECONOMIA \/ POL\u00cdTICA, MUNIC\u00cdPIOS Bahia Economica Nesta sexta-feira (23), o munic\u00edpio de Maiquinique\",\"breadcrumb\":{\"@id\":\"https:\/\/bahiaeconomica.com.br\/wp\/2025\/05\/23\/com-investimento-superior-a-r-1-milhao-governo-do-estado-reforca-rede-de-saude-em-maiquinique\/#breadcrumb\"},\"inLanguage\":\"pt-BR\",\"potentialAction\":[{\"@type\":\"ReadAction\",\"target\":[\"https:\/\/bahiaeconomica.com.br\/wp\/2025\/05\/23\/com-investimento-superior-a-r-1-milhao-governo-do-estado-reforca-rede-de-saude-em-maiquinique\/\"]}]},{\"@type\":\"BreadcrumbList\",\"@id\":\"https:\/\/bahiaeconomica.com.br\/wp\/2025\/05\/23\/com-investimento-superior-a-r-1-milhao-governo-do-estado-reforca-rede-de-saude-em-maiquinique\/#breadcrumb\",\"itemListElement\":[{\"@type\":\"ListItem\",\"position\":1,\"name\":\"In\u00edcio\",\"item\":\"https:\/\/bahiaeconomica.com.br\/wp\/\"},{\"@type\":\"ListItem\",\"position\":2,\"name\":\"COM INVESTIMENTO SUPERIOR A R$ 1 MILH\u00c3O, GOVERNO DO ESTADO REFOR\u00c7A REDE DE SA\u00daDE EM MAIQUINIQUE\"}]},{\"@type\":\"WebSite\",\"@id\":\"https:\/\/bahiaeconomica.com.br\/wp\/#website\",\"url\":\"https:\/\/bahiaeconomica.com.br\/wp\/\",\"name\":\"Bahia Economica\",\"description\":\"O maior portal de Economia da Bahia\",\"publisher\":{\"@id\":\"https:\/\/bahiaeconomica.com.br\/wp\/#organization\"},\"potentialAction\":[{\"@type\":\"SearchAction\",\"target\":{\"@type\":\"EntryPoint\",\"urlTemplate\":\"https:\/\/bahiaeconomica.com.br\/wp\/?s={search_term_string}\"},\"query-input\":\"required name=search_term_string\"}],\"inLanguage\":\"pt-BR\"},{\"@type\":\"Organization\",\"@id\":\"https:\/\/bahiaeconomica.com.br\/wp\/#organization\",\"name\":\"Bahia Econ\u00f4mica\",\"url\":\"https:\/\/bahiaeconomica.com.br\/wp\/\",\"logo\":{\"@type\":\"ImageObject\",\"inLanguage\":\"pt-BR\",\"@id\":\"https:\/\/bahiaeconomica.com.br\/wp\/#\/schema\/logo\/image\/\",\"url\":\"https:\/\/bahiaeconomica.com.br\/wp\/wp-content\/uploads\/2020\/12\/cropped-BE.png\",\"contentUrl\":\"https:\/\/bahiaeconomica.com.br\/wp\/wp-content\/uploads\/2020\/12\/cropped-BE.png\",\"width\":512,\"height\":512,\"caption\":\"Bahia Econ\u00f4mica\"},\"image\":{\"@id\":\"https:\/\/bahiaeconomica.com.br\/wp\/#\/schema\/logo\/image\/\"},\"sameAs\":[\"https:\/\/www.facebook.com\/bahiaeconomica\"]},{\"@type\":\"Person\",\"@id\":\"https:\/\/bahiaeconomica.com.br\/wp\/#\/schema\/person\/a17956d0e1112b626f403fb06b8129a9\",\"name\":\"VICTOR OLIVEIRA\",\"sameAs\":[\"http:\/\/www.bahiaeconomica.com.br\"],\"url\":\"https:\/\/bahiaeconomica.com.br\/wp\/author\/victor-oliveira\/\"}]}<\/script>\n<!-- \/ Yoast SEO plugin. -->","yoast_head_json":{"title":"COM INVESTIMENTO SUPERIOR A R$ 1 MILH\u00c3O, GOVERNO DO ESTADO REFOR\u00c7A REDE DE SA\u00daDE EM MAIQUINIQUE - Bahia Economica Nesta sexta-feira (23), o munic\u00edpio de Maiquinique","description":"O maior portal de Economia da Bahia ECONOMIA \/ POL\u00cdTICA, MUNIC\u00cdPIOS Bahia Economica Nesta sexta-feira (23), o munic\u00edpio de Maiquinique","robots":{"index":"index","follow":"follow","max-snippet":"max-snippet:-1","max-image-preview":"max-image-preview:large","max-video-preview":"max-video-preview:-1"},"canonical":"https:\/\/bahiaeconomica.com.br\/wp\/2025\/05\/23\/com-investimento-superior-a-r-1-milhao-governo-do-estado-reforca-rede-de-saude-em-maiquinique\/","og_locale":"pt_BR","og_type":"article","og_title":"COM INVESTIMENTO SUPERIOR A R$ 1 MILH\u00c3O, GOVERNO DO ESTADO REFOR\u00c7A REDE DE SA\u00daDE EM MAIQUINIQUE - Bahia Economica Nesta sexta-feira (23), o munic\u00edpio de Maiquinique","og_description":"O maior portal de Economia da Bahia ECONOMIA \/ POL\u00cdTICA, MUNIC\u00cdPIOS Bahia Economica Nesta sexta-feira (23), o munic\u00edpio de Maiquinique","og_url":"https:\/\/bahiaeconomica.com.br\/wp\/2025\/05\/23\/com-investimento-superior-a-r-1-milhao-governo-do-estado-reforca-rede-de-saude-em-maiquinique\/","og_site_name":"Bahia Economica","article_publisher":"https:\/\/www.facebook.com\/bahiaeconomica","article_published_time":"2025-05-23T22:15:00+00:00","article_modified_time":"2025-05-23T22:02:49+00:00","og_image":[{"width":2560,"height":1920,"url":"https:\/\/bahiaeconomica.com.br\/wp\/wp-content\/uploads\/2025\/05\/IMG-20250523-WA0180-1-scaled.jpg","type":"image\/jpeg"}],"author":"VICTOR OLIVEIRA","twitter_card":"summary_large_image","twitter_misc":{"Escrito por":"VICTOR OLIVEIRA","Est. tempo de leitura":"2 minutos"},"schema":{"@context":"https:\/\/schema.org","@graph":[{"@type":"Article","@id":"https:\/\/bahiaeconomica.com.br\/wp\/2025\/05\/23\/com-investimento-superior-a-r-1-milhao-governo-do-estado-reforca-rede-de-saude-em-maiquinique\/#article","isPartOf":{"@id":"https:\/\/bahiaeconomica.com.br\/wp\/2025\/05\/23\/com-investimento-superior-a-r-1-milhao-governo-do-estado-reforca-rede-de-saude-em-maiquinique\/"},"author":{"name":"VICTOR OLIVEIRA","@id":"https:\/\/bahiaeconomica.com.br\/wp\/#\/schema\/person\/a17956d0e1112b626f403fb06b8129a9"},"headline":"COM INVESTIMENTO SUPERIOR A R$ 1 MILH\u00c3O, GOVERNO DO ESTADO REFOR\u00c7A REDE DE SA\u00daDE EM MAIQUINIQUE","datePublished":"2025-05-23T22:15:00+00:00","dateModified":"2025-05-23T22:02:49+00:00","mainEntityOfPage":{"@id":"https:\/\/bahiaeconomica.com.br\/wp\/2025\/05\/23\/com-investimento-superior-a-r-1-milhao-governo-do-estado-reforca-rede-de-saude-em-maiquinique\/"},"wordCount":347,"publisher":{"@id":"https:\/\/bahiaeconomica.com.br\/wp\/#organization"},"keywords":["governo do estado","investimento","sa\u00fade"],"articleSection":["ECONOMIA \/ POL\u00cdTICA","MUNIC\u00cdPIOS"],"inLanguage":"pt-BR"},{"@type":"WebPage","@id":"https:\/\/bahiaeconomica.com.br\/wp\/2025\/05\/23\/com-investimento-superior-a-r-1-milhao-governo-do-estado-reforca-rede-de-saude-em-maiquinique\/","url":"https:\/\/bahiaeconomica.com.br\/wp\/2025\/05\/23\/com-investimento-superior-a-r-1-milhao-governo-do-estado-reforca-rede-de-saude-em-maiquinique\/","name":"COM INVESTIMENTO SUPERIOR A R$ 1 MILH\u00c3O, GOVERNO DO ESTADO REFOR\u00c7A REDE DE SA\u00daDE EM MAIQUINIQUE - Bahia Economica Nesta sexta-feira (23), o munic\u00edpio de Maiquinique","isPartOf":{"@id":"https:\/\/bahiaeconomica.com.br\/wp\/#website"},"datePublished":"2025-05-23T22:15:00+00:00","dateModified":"2025-05-23T22:02:49+00:00","description":"O maior portal de Economia da Bahia ECONOMIA \/ POL\u00cdTICA, MUNIC\u00cdPIOS Bahia Economica Nesta sexta-feira (23), o munic\u00edpio de Maiquinique","breadcrumb":{"@id":"https:\/\/bahiaeconomica.com.br\/wp\/2025\/05\/23\/com-investimento-superior-a-r-1-milhao-governo-do-estado-reforca-rede-de-saude-em-maiquinique\/#breadcrumb"},"inLanguage":"pt-BR","potentialAction":[{"@type":"ReadAction","target":["https:\/\/bahiaeconomica.com.br\/wp\/2025\/05\/23\/com-investimento-superior-a-r-1-milhao-governo-do-estado-reforca-rede-de-saude-em-maiquinique\/"]}]},{"@type":"BreadcrumbList","@id":"https:\/\/bahiaeconomica.com.br\/wp\/2025\/05\/23\/com-investimento-superior-a-r-1-milhao-governo-do-estado-reforca-rede-de-saude-em-maiquinique\/#breadcrumb","itemListElement":[{"@type":"ListItem","position":1,"name":"In\u00edcio","item":"https:\/\/bahiaeconomica.com.br\/wp\/"},{"@type":"ListItem","position":2,"name":"COM INVESTIMENTO SUPERIOR A R$ 1 MILH\u00c3O, GOVERNO DO ESTADO REFOR\u00c7A REDE DE SA\u00daDE EM MAIQUINIQUE"}]},{"@type":"WebSite","@id":"https:\/\/bahiaeconomica.com.br\/wp\/#website","url":"https:\/\/bahiaeconomica.com.br\/wp\/","name":"Bahia Economica","description":"O maior portal de Economia da Bahia","publisher":{"@id":"https:\/\/bahiaeconomica.com.br\/wp\/#organization"},"potentialAction":[{"@type":"SearchAction","target":{"@type":"EntryPoint","urlTemplate":"https:\/\/bahiaeconomica.com.br\/wp\/?s={search_term_string}"},"query-input":"required name=search_term_string"}],"inLanguage":"pt-BR"},{"@type":"Organization","@id":"https:\/\/bahiaeconomica.com.br\/wp\/#organization","name":"Bahia Econ\u00f4mica","url":"https:\/\/bahiaeconomica.com.br\/wp\/","logo":{"@type":"ImageObject","inLanguage":"pt-BR","@id":"https:\/\/bahiaeconomica.com.br\/wp\/#\/schema\/logo\/image\/","url":"https:\/\/bahiaeconomica.com.br\/wp\/wp-content\/uploads\/2020\/12\/cropped-BE.png","contentUrl":"https:\/\/bahiaeconomica.com.br\/wp\/wp-content\/uploads\/2020\/12\/cropped-BE.png","width":512,"height":512,"caption":"Bahia Econ\u00f4mica"},"image":{"@id":"https:\/\/bahiaeconomica.com.br\/wp\/#\/schema\/logo\/image\/"},"sameAs":["https:\/\/www.facebook.com\/bahiaeconomica"]},{"@type":"Person","@id":"https:\/\/bahiaeconomica.com.br\/wp\/#\/schema\/person\/a17956d0e1112b626f403fb06b8129a9","name":"VICTOR OLIVEIRA","sameAs":["http:\/\/www.bahiaeconomica.com.br"],"url":"https:\/\/bahiaeconomica.com.br\/wp\/author\/victor-oliveira\/"}]}},"views":20,"_links":{"self":[{"href":"https:\/\/bahiaeconomica.com.br\/wp\/wp-json\/wp\/v2\/posts\/905638"}],"collection":[{"href":"https:\/\/bahiaeconomica.com.br\/wp\/wp-json\/wp\/v2\/posts"}],"about":[{"href":"https:\/\/bahiaeconomica.com.br\/wp\/wp-json\/wp\/v2\/types\/post"}],"author":[{"embeddable":true,"href":"https:\/\/bahiaeconomica.com.br\/wp\/wp-json\/wp\/v2\/users\/24"}],"replies":[{"embeddable":true,"href":"https:\/\/bahiaeconomica.com.br\/wp\/wp-json\/wp\/v2\/comments?post=905638"}],"version-history":[{"count":1,"href":"https:\/\/bahiaeconomica.com.br\/wp\/wp-json\/wp\/v2\/posts\/905638\/revisions"}],"predecessor-version":[{"id":905644,"href":"https:\/\/bahiaeconomica.com.br\/wp\/wp-json\/wp\/v2\/posts\/905638\/revisions\/905644"}],"wp:featuredmedia":[{"embeddable":true,"href":"https:\/\/bahiaeconomica.com.br\/wp\/wp-json\/wp\/v2\/media\/905642"}],"wp:attachment":[{"href":"https:\/\/bahiaeconomica.com.br\/wp\/wp-json\/wp\/v2\/media?parent=905638"}],"wp:term":[{"taxonomy":"category","embeddable":true,"href":"https:\/\/bahiaeconomica.com.br\/wp\/wp-json\/wp\/v2\/categories?post=905638"},{"taxonomy":"post_tag","embeddable":true,"href":"https:\/\/bahiaeconomica.com.br\/wp\/wp-json\/wp\/v2\/tags?post=905638"}],"curies":[{"name":"wp","href":"https:\/\/api.w.org\/{rel}","templated":true}]}}