{"id":904893,"date":"2025-05-22T09:38:29","date_gmt":"2025-05-22T12:38:29","guid":{"rendered":"https:\/\/bahiaeconomica.com.br\/wp\/?p=904893"},"modified":"2025-05-22T08:41:34","modified_gmt":"2025-05-22T11:41:34","slug":"mp-ba-lanca-painel-que-monitora-gastos-de-municipios-com-festas-juninas-confira-os-montantes","status":"publish","type":"post","link":"https:\/\/bahiaeconomica.com.br\/wp\/2025\/05\/22\/mp-ba-lanca-painel-que-monitora-gastos-de-municipios-com-festas-juninas-confira-os-montantes\/","title":{"rendered":"MP-BA LAN\u00c7A PAINEL QUE MONITORA GASTOS DE MUNIC\u00cdPIOS COM FESTAS JUNINAS; CONFIRA OS MONTANTES"},"content":{"rendered":"<p>O Minist\u00e9rio P\u00fablico da Bahia (MP-BA) lan\u00e7ou, nesta quarta-feira (21), o Painel da Transpar\u00eancia dos Festejos Juninos de 2025, que permite acompanhar, em tempo real, os gastos das prefeituras com o S\u00e3o Jo\u00e3o. A plataforma divulga diariamente os dados do \u201cTransparent\u00f4metro\u201d, que re\u00fane informa\u00e7\u00f5es sobre contrata\u00e7\u00f5es art\u00edsticas e investimentos realizados pelas administra\u00e7\u00f5es municipais.<\/p>\n<p>At\u00e9 as 17h de ter\u00e7a-feira (20), 55 munic\u00edpios j\u00e1 haviam enviado informa\u00e7\u00f5es, totalizando R$ 73 milh\u00f5es em gastos e 390 contrata\u00e7\u00f5es. As prefeituras t\u00eam at\u00e9 31 de maio para prestar contas. A plataforma \u00e9 atualizada todos os dias com os dados enviados at\u00e9 as 16h.<\/p>\n<p>Desenvolvido em parceria com o Tribunal de Contas do Estado (TCE) e o Tribunal de Contas dos Munic\u00edpios (TCM), o painel informa ainda quais cidades j\u00e1 cumpriram a obriga\u00e7\u00e3o de prestar contas, quais est\u00e3o inadimplentes e o montante gasto por cada munic\u00edpio.<\/p>\n<p>Os munic\u00edpios que aderirem \u00e0 iniciativa e demonstrarem compromisso com a transpar\u00eancia poder\u00e3o receber o Selo de Transpar\u00eancia 2025. A cerim\u00f4nia de entrega do selo ser\u00e1 realizada no dia 10 de junho.<\/p>\n<p>Foto: Rosilda Cruz<\/p>\n","protected":false},"excerpt":{"rendered":"<p>O Minist\u00e9rio P\u00fablico da Bahia (MP-BA) lan\u00e7ou, nesta quarta-feira (21), o Painel da Transpar\u00eancia dos Festejos Juninos de 2025, que permite acompanhar, em tempo real, os gastos das prefeituras com o S\u00e3o Jo\u00e3o. A plataforma divulga diariamente os dados do \u201cTransparent\u00f4metro\u201d, que re\u00fane informa\u00e7\u00f5es sobre contrata\u00e7\u00f5es art\u00edsticas e investimentos realizados pelas administra\u00e7\u00f5es municipais. At\u00e9 as [&hellip;]<\/p>\n","protected":false},"author":20,"featured_media":904894,"comment_status":"closed","ping_status":"closed","sticky":false,"template":"","format":"standard","meta":[],"categories":[3,14601],"tags":[818,11369,444,29556,210],"acf":[],"yoast_head":"<!-- This site is optimized with the Yoast SEO plugin v20.8 - https:\/\/yoast.com\/wordpress\/plugins\/seo\/ -->\n<title>MP-BA LAN\u00c7A PAINEL QUE MONITORA GASTOS DE MUNIC\u00cdPIOS COM FESTAS JUNINAS; CONFIRA OS MONTANTES - Bahia Economica<\/title>\n<meta name=\"description\" content=\"ECONOMIA \/ POL\u00cdTICA, Pol\u00edtica Bahia Economica plataforma divulga diariamente os dados do \u201cTransparent\u00f4metro\u201d\" \/>\n<meta name=\"robots\" content=\"index, follow, max-snippet:-1, max-image-preview:large, max-video-preview:-1\" \/>\n<link rel=\"canonical\" href=\"https:\/\/bahiaeconomica.com.br\/wp\/2025\/05\/22\/mp-ba-lanca-painel-que-monitora-gastos-de-municipios-com-festas-juninas-confira-os-montantes\/\" \/>\n<meta property=\"og:locale\" content=\"pt_BR\" \/>\n<meta property=\"og:type\" content=\"article\" \/>\n<meta property=\"og:title\" content=\"MP-BA LAN\u00c7A PAINEL QUE MONITORA GASTOS DE MUNIC\u00cdPIOS COM FESTAS JUNINAS; CONFIRA OS MONTANTES - Bahia Economica\" \/>\n<meta property=\"og:description\" content=\"ECONOMIA \/ POL\u00cdTICA, Pol\u00edtica Bahia Economica plataforma divulga diariamente os dados do \u201cTransparent\u00f4metro\u201d\" \/>\n<meta property=\"og:url\" content=\"https:\/\/bahiaeconomica.com.br\/wp\/2025\/05\/22\/mp-ba-lanca-painel-que-monitora-gastos-de-municipios-com-festas-juninas-confira-os-montantes\/\" \/>\n<meta property=\"og:site_name\" content=\"Bahia Economica\" \/>\n<meta property=\"article:publisher\" content=\"https:\/\/www.facebook.com\/bahiaeconomica\" \/>\n<meta property=\"article:published_time\" content=\"2025-05-22T12:38:29+00:00\" \/>\n<meta property=\"article:modified_time\" content=\"2025-05-22T11:41:34+00:00\" \/>\n<meta property=\"og:image\" content=\"https:\/\/bahiaeconomica.com.br\/wp\/wp-content\/uploads\/2025\/05\/1560955453Rosilda_Cruz_2.jpeg\" \/>\n\t<meta property=\"og:image:width\" content=\"731\" \/>\n\t<meta property=\"og:image:height\" content=\"487\" \/>\n\t<meta property=\"og:image:type\" content=\"image\/jpeg\" \/>\n<meta name=\"author\" content=\"BRUNA CARVALHO\" \/>\n<meta name=\"twitter:card\" content=\"summary_large_image\" \/>\n<meta name=\"twitter:label1\" content=\"Escrito por\" \/>\n\t<meta name=\"twitter:data1\" content=\"BRUNA CARVALHO\" \/>\n\t<meta name=\"twitter:label2\" content=\"Est. tempo de leitura\" \/>\n\t<meta name=\"twitter:data2\" content=\"1 minuto\" \/>\n<script type=\"application\/ld+json\" class=\"yoast-schema-graph\">{\"@context\":\"https:\/\/schema.org\",\"@graph\":[{\"@type\":\"Article\",\"@id\":\"https:\/\/bahiaeconomica.com.br\/wp\/2025\/05\/22\/mp-ba-lanca-painel-que-monitora-gastos-de-municipios-com-festas-juninas-confira-os-montantes\/#article\",\"isPartOf\":{\"@id\":\"https:\/\/bahiaeconomica.com.br\/wp\/2025\/05\/22\/mp-ba-lanca-painel-que-monitora-gastos-de-municipios-com-festas-juninas-confira-os-montantes\/\"},\"author\":{\"name\":\"BRUNA CARVALHO\",\"@id\":\"https:\/\/bahiaeconomica.com.br\/wp\/#\/schema\/person\/9310b0e591f5979f6f99773eac5804e6\"},\"headline\":\"MP-BA LAN\u00c7A PAINEL QUE MONITORA GASTOS DE MUNIC\u00cdPIOS COM FESTAS JUNINAS; CONFIRA OS MONTANTES\",\"datePublished\":\"2025-05-22T12:38:29+00:00\",\"dateModified\":\"2025-05-22T11:41:34+00:00\",\"mainEntityOfPage\":{\"@id\":\"https:\/\/bahiaeconomica.com.br\/wp\/2025\/05\/22\/mp-ba-lanca-painel-que-monitora-gastos-de-municipios-com-festas-juninas-confira-os-montantes\/\"},\"wordCount\":207,\"publisher\":{\"@id\":\"https:\/\/bahiaeconomica.com.br\/wp\/#organization\"},\"keywords\":[\"gastos\",\"mp- bahia\",\"munic\u00edpios baianos\",\"painel\",\"S\u00e3o Jo\u00e3o\"],\"articleSection\":[\"ECONOMIA \/ POL\u00cdTICA\",\"Pol\u00edtica\"],\"inLanguage\":\"pt-BR\"},{\"@type\":\"WebPage\",\"@id\":\"https:\/\/bahiaeconomica.com.br\/wp\/2025\/05\/22\/mp-ba-lanca-painel-que-monitora-gastos-de-municipios-com-festas-juninas-confira-os-montantes\/\",\"url\":\"https:\/\/bahiaeconomica.com.br\/wp\/2025\/05\/22\/mp-ba-lanca-painel-que-monitora-gastos-de-municipios-com-festas-juninas-confira-os-montantes\/\",\"name\":\"MP-BA LAN\u00c7A PAINEL QUE MONITORA GASTOS DE MUNIC\u00cdPIOS COM FESTAS JUNINAS; CONFIRA OS MONTANTES - Bahia Economica\",\"isPartOf\":{\"@id\":\"https:\/\/bahiaeconomica.com.br\/wp\/#website\"},\"datePublished\":\"2025-05-22T12:38:29+00:00\",\"dateModified\":\"2025-05-22T11:41:34+00:00\",\"description\":\"ECONOMIA \/ POL\u00cdTICA, Pol\u00edtica Bahia Economica plataforma divulga diariamente os dados do \u201cTransparent\u00f4metro\u201d\",\"breadcrumb\":{\"@id\":\"https:\/\/bahiaeconomica.com.br\/wp\/2025\/05\/22\/mp-ba-lanca-painel-que-monitora-gastos-de-municipios-com-festas-juninas-confira-os-montantes\/#breadcrumb\"},\"inLanguage\":\"pt-BR\",\"potentialAction\":[{\"@type\":\"ReadAction\",\"target\":[\"https:\/\/bahiaeconomica.com.br\/wp\/2025\/05\/22\/mp-ba-lanca-painel-que-monitora-gastos-de-municipios-com-festas-juninas-confira-os-montantes\/\"]}]},{\"@type\":\"BreadcrumbList\",\"@id\":\"https:\/\/bahiaeconomica.com.br\/wp\/2025\/05\/22\/mp-ba-lanca-painel-que-monitora-gastos-de-municipios-com-festas-juninas-confira-os-montantes\/#breadcrumb\",\"itemListElement\":[{\"@type\":\"ListItem\",\"position\":1,\"name\":\"In\u00edcio\",\"item\":\"https:\/\/bahiaeconomica.com.br\/wp\/\"},{\"@type\":\"ListItem\",\"position\":2,\"name\":\"MP-BA LAN\u00c7A PAINEL QUE MONITORA GASTOS DE MUNIC\u00cdPIOS COM FESTAS JUNINAS; CONFIRA OS MONTANTES\"}]},{\"@type\":\"WebSite\",\"@id\":\"https:\/\/bahiaeconomica.com.br\/wp\/#website\",\"url\":\"https:\/\/bahiaeconomica.com.br\/wp\/\",\"name\":\"Bahia Economica\",\"description\":\"O maior portal de Economia da Bahia\",\"publisher\":{\"@id\":\"https:\/\/bahiaeconomica.com.br\/wp\/#organization\"},\"potentialAction\":[{\"@type\":\"SearchAction\",\"target\":{\"@type\":\"EntryPoint\",\"urlTemplate\":\"https:\/\/bahiaeconomica.com.br\/wp\/?s={search_term_string}\"},\"query-input\":\"required name=search_term_string\"}],\"inLanguage\":\"pt-BR\"},{\"@type\":\"Organization\",\"@id\":\"https:\/\/bahiaeconomica.com.br\/wp\/#organization\",\"name\":\"Bahia Econ\u00f4mica\",\"url\":\"https:\/\/bahiaeconomica.com.br\/wp\/\",\"logo\":{\"@type\":\"ImageObject\",\"inLanguage\":\"pt-BR\",\"@id\":\"https:\/\/bahiaeconomica.com.br\/wp\/#\/schema\/logo\/image\/\",\"url\":\"https:\/\/bahiaeconomica.com.br\/wp\/wp-content\/uploads\/2020\/12\/cropped-BE.png\",\"contentUrl\":\"https:\/\/bahiaeconomica.com.br\/wp\/wp-content\/uploads\/2020\/12\/cropped-BE.png\",\"width\":512,\"height\":512,\"caption\":\"Bahia Econ\u00f4mica\"},\"image\":{\"@id\":\"https:\/\/bahiaeconomica.com.br\/wp\/#\/schema\/logo\/image\/\"},\"sameAs\":[\"https:\/\/www.facebook.com\/bahiaeconomica\"]},{\"@type\":\"Person\",\"@id\":\"https:\/\/bahiaeconomica.com.br\/wp\/#\/schema\/person\/9310b0e591f5979f6f99773eac5804e6\",\"name\":\"BRUNA CARVALHO\",\"sameAs\":[\"http:\/\/www.bahiaeconomica.com.br\"],\"url\":\"https:\/\/bahiaeconomica.com.br\/wp\/author\/bruna\/\"}]}<\/script>\n<!-- \/ Yoast SEO plugin. -->","yoast_head_json":{"title":"MP-BA LAN\u00c7A PAINEL QUE MONITORA GASTOS DE MUNIC\u00cdPIOS COM FESTAS JUNINAS; CONFIRA OS MONTANTES - Bahia Economica","description":"ECONOMIA \/ POL\u00cdTICA, Pol\u00edtica Bahia Economica plataforma divulga diariamente os dados do \u201cTransparent\u00f4metro\u201d","robots":{"index":"index","follow":"follow","max-snippet":"max-snippet:-1","max-image-preview":"max-image-preview:large","max-video-preview":"max-video-preview:-1"},"canonical":"https:\/\/bahiaeconomica.com.br\/wp\/2025\/05\/22\/mp-ba-lanca-painel-que-monitora-gastos-de-municipios-com-festas-juninas-confira-os-montantes\/","og_locale":"pt_BR","og_type":"article","og_title":"MP-BA LAN\u00c7A PAINEL QUE MONITORA GASTOS DE MUNIC\u00cdPIOS COM FESTAS JUNINAS; CONFIRA OS MONTANTES - Bahia Economica","og_description":"ECONOMIA \/ POL\u00cdTICA, Pol\u00edtica Bahia Economica plataforma divulga diariamente os dados do \u201cTransparent\u00f4metro\u201d","og_url":"https:\/\/bahiaeconomica.com.br\/wp\/2025\/05\/22\/mp-ba-lanca-painel-que-monitora-gastos-de-municipios-com-festas-juninas-confira-os-montantes\/","og_site_name":"Bahia Economica","article_publisher":"https:\/\/www.facebook.com\/bahiaeconomica","article_published_time":"2025-05-22T12:38:29+00:00","article_modified_time":"2025-05-22T11:41:34+00:00","og_image":[{"width":731,"height":487,"url":"https:\/\/bahiaeconomica.com.br\/wp\/wp-content\/uploads\/2025\/05\/1560955453Rosilda_Cruz_2.jpeg","type":"image\/jpeg"}],"author":"BRUNA CARVALHO","twitter_card":"summary_large_image","twitter_misc":{"Escrito por":"BRUNA CARVALHO","Est. tempo de leitura":"1 minuto"},"schema":{"@context":"https:\/\/schema.org","@graph":[{"@type":"Article","@id":"https:\/\/bahiaeconomica.com.br\/wp\/2025\/05\/22\/mp-ba-lanca-painel-que-monitora-gastos-de-municipios-com-festas-juninas-confira-os-montantes\/#article","isPartOf":{"@id":"https:\/\/bahiaeconomica.com.br\/wp\/2025\/05\/22\/mp-ba-lanca-painel-que-monitora-gastos-de-municipios-com-festas-juninas-confira-os-montantes\/"},"author":{"name":"BRUNA CARVALHO","@id":"https:\/\/bahiaeconomica.com.br\/wp\/#\/schema\/person\/9310b0e591f5979f6f99773eac5804e6"},"headline":"MP-BA LAN\u00c7A PAINEL QUE MONITORA GASTOS DE MUNIC\u00cdPIOS COM FESTAS JUNINAS; CONFIRA OS MONTANTES","datePublished":"2025-05-22T12:38:29+00:00","dateModified":"2025-05-22T11:41:34+00:00","mainEntityOfPage":{"@id":"https:\/\/bahiaeconomica.com.br\/wp\/2025\/05\/22\/mp-ba-lanca-painel-que-monitora-gastos-de-municipios-com-festas-juninas-confira-os-montantes\/"},"wordCount":207,"publisher":{"@id":"https:\/\/bahiaeconomica.com.br\/wp\/#organization"},"keywords":["gastos","mp- bahia","munic\u00edpios baianos","painel","S\u00e3o Jo\u00e3o"],"articleSection":["ECONOMIA \/ POL\u00cdTICA","Pol\u00edtica"],"inLanguage":"pt-BR"},{"@type":"WebPage","@id":"https:\/\/bahiaeconomica.com.br\/wp\/2025\/05\/22\/mp-ba-lanca-painel-que-monitora-gastos-de-municipios-com-festas-juninas-confira-os-montantes\/","url":"https:\/\/bahiaeconomica.com.br\/wp\/2025\/05\/22\/mp-ba-lanca-painel-que-monitora-gastos-de-municipios-com-festas-juninas-confira-os-montantes\/","name":"MP-BA LAN\u00c7A PAINEL QUE MONITORA GASTOS DE MUNIC\u00cdPIOS COM FESTAS JUNINAS; CONFIRA OS MONTANTES - Bahia Economica","isPartOf":{"@id":"https:\/\/bahiaeconomica.com.br\/wp\/#website"},"datePublished":"2025-05-22T12:38:29+00:00","dateModified":"2025-05-22T11:41:34+00:00","description":"ECONOMIA \/ POL\u00cdTICA, Pol\u00edtica Bahia Economica plataforma divulga diariamente os dados do \u201cTransparent\u00f4metro\u201d","breadcrumb":{"@id":"https:\/\/bahiaeconomica.com.br\/wp\/2025\/05\/22\/mp-ba-lanca-painel-que-monitora-gastos-de-municipios-com-festas-juninas-confira-os-montantes\/#breadcrumb"},"inLanguage":"pt-BR","potentialAction":[{"@type":"ReadAction","target":["https:\/\/bahiaeconomica.com.br\/wp\/2025\/05\/22\/mp-ba-lanca-painel-que-monitora-gastos-de-municipios-com-festas-juninas-confira-os-montantes\/"]}]},{"@type":"BreadcrumbList","@id":"https:\/\/bahiaeconomica.com.br\/wp\/2025\/05\/22\/mp-ba-lanca-painel-que-monitora-gastos-de-municipios-com-festas-juninas-confira-os-montantes\/#breadcrumb","itemListElement":[{"@type":"ListItem","position":1,"name":"In\u00edcio","item":"https:\/\/bahiaeconomica.com.br\/wp\/"},{"@type":"ListItem","position":2,"name":"MP-BA LAN\u00c7A PAINEL QUE MONITORA GASTOS DE MUNIC\u00cdPIOS COM FESTAS JUNINAS; CONFIRA OS MONTANTES"}]},{"@type":"WebSite","@id":"https:\/\/bahiaeconomica.com.br\/wp\/#website","url":"https:\/\/bahiaeconomica.com.br\/wp\/","name":"Bahia Economica","description":"O maior portal de Economia da Bahia","publisher":{"@id":"https:\/\/bahiaeconomica.com.br\/wp\/#organization"},"potentialAction":[{"@type":"SearchAction","target":{"@type":"EntryPoint","urlTemplate":"https:\/\/bahiaeconomica.com.br\/wp\/?s={search_term_string}"},"query-input":"required name=search_term_string"}],"inLanguage":"pt-BR"},{"@type":"Organization","@id":"https:\/\/bahiaeconomica.com.br\/wp\/#organization","name":"Bahia Econ\u00f4mica","url":"https:\/\/bahiaeconomica.com.br\/wp\/","logo":{"@type":"ImageObject","inLanguage":"pt-BR","@id":"https:\/\/bahiaeconomica.com.br\/wp\/#\/schema\/logo\/image\/","url":"https:\/\/bahiaeconomica.com.br\/wp\/wp-content\/uploads\/2020\/12\/cropped-BE.png","contentUrl":"https:\/\/bahiaeconomica.com.br\/wp\/wp-content\/uploads\/2020\/12\/cropped-BE.png","width":512,"height":512,"caption":"Bahia Econ\u00f4mica"},"image":{"@id":"https:\/\/bahiaeconomica.com.br\/wp\/#\/schema\/logo\/image\/"},"sameAs":["https:\/\/www.facebook.com\/bahiaeconomica"]},{"@type":"Person","@id":"https:\/\/bahiaeconomica.com.br\/wp\/#\/schema\/person\/9310b0e591f5979f6f99773eac5804e6","name":"BRUNA CARVALHO","sameAs":["http:\/\/www.bahiaeconomica.com.br"],"url":"https:\/\/bahiaeconomica.com.br\/wp\/author\/bruna\/"}]}},"views":124,"_links":{"self":[{"href":"https:\/\/bahiaeconomica.com.br\/wp\/wp-json\/wp\/v2\/posts\/904893"}],"collection":[{"href":"https:\/\/bahiaeconomica.com.br\/wp\/wp-json\/wp\/v2\/posts"}],"about":[{"href":"https:\/\/bahiaeconomica.com.br\/wp\/wp-json\/wp\/v2\/types\/post"}],"author":[{"embeddable":true,"href":"https:\/\/bahiaeconomica.com.br\/wp\/wp-json\/wp\/v2\/users\/20"}],"replies":[{"embeddable":true,"href":"https:\/\/bahiaeconomica.com.br\/wp\/wp-json\/wp\/v2\/comments?post=904893"}],"version-history":[{"count":1,"href":"https:\/\/bahiaeconomica.com.br\/wp\/wp-json\/wp\/v2\/posts\/904893\/revisions"}],"predecessor-version":[{"id":904895,"href":"https:\/\/bahiaeconomica.com.br\/wp\/wp-json\/wp\/v2\/posts\/904893\/revisions\/904895"}],"wp:featuredmedia":[{"embeddable":true,"href":"https:\/\/bahiaeconomica.com.br\/wp\/wp-json\/wp\/v2\/media\/904894"}],"wp:attachment":[{"href":"https:\/\/bahiaeconomica.com.br\/wp\/wp-json\/wp\/v2\/media?parent=904893"}],"wp:term":[{"taxonomy":"category","embeddable":true,"href":"https:\/\/bahiaeconomica.com.br\/wp\/wp-json\/wp\/v2\/categories?post=904893"},{"taxonomy":"post_tag","embeddable":true,"href":"https:\/\/bahiaeconomica.com.br\/wp\/wp-json\/wp\/v2\/tags?post=904893"}],"curies":[{"name":"wp","href":"https:\/\/api.w.org\/{rel}","templated":true}]}}