{"id":904694,"date":"2025-05-21T15:11:55","date_gmt":"2025-05-21T18:11:55","guid":{"rendered":"https:\/\/bahiaeconomica.com.br\/wp\/?p=904694"},"modified":"2025-05-21T15:11:55","modified_gmt":"2025-05-21T18:11:55","slug":"bahia-registra-queda-nas-taxas-de-hiv-aids","status":"publish","type":"post","link":"https:\/\/bahiaeconomica.com.br\/wp\/2025\/05\/21\/bahia-registra-queda-nas-taxas-de-hiv-aids\/","title":{"rendered":"BAHIA REGISTRA QUEDA NAS TAXAS DE HIV\/AIDS"},"content":{"rendered":"<p>A Bahia registrou uma redu\u00e7\u00e3o consider\u00e1vel nas taxas de detec\u00e7\u00e3o de HIV e Aids, posicionando-se abaixo da m\u00e9dia nacional, segundo o Boletim Epidemiol\u00f3gico HIV\/Aids 2024, divulgado pelo Minist\u00e9rio da Sa\u00fade. Em 2023, o estado contabilizou 2.665 novos casos de HIV, o que representa 5,7% do total brasileiro. A taxa de detec\u00e7\u00e3o foi de 17,8 casos por 100 mil habitantes \u2014 inferior \u00e0 m\u00e9dia nacional de 21,8. J\u00e1 em rela\u00e7\u00e3o aos casos de Aids, foram 14,2 por 100 mil habitantes, enquanto a m\u00e9dia do pa\u00eds chegou a 17,8.<\/p>\n<p>A redu\u00e7\u00e3o tamb\u00e9m se reflete na mortalidade, segundo dados oficiais. Em 2023, o coeficiente de mortalidade por Aids na Bahia foi de 3,3 por 100 mil habitantes, enquanto a m\u00e9dia nacional foi de 3,9. Apesar disso, os dados revelam disparidades importantes. A epidemia no pa\u00eds tamb\u00e9m apresenta um recorte racial preocupante: 63,2% dos casos de HIV foram registrados entre pessoas negras. Especificamente em 2023, foram notificados 46.495 casos de infec\u00e7\u00e3o pelo HIV no Brasil, representando um aumento de 4,5% em rela\u00e7\u00e3o ao ano anterior.<\/p>\n<p>Outro ponto que merece aten\u00e7\u00e3o \u00e9 o perfil nacional das infec\u00e7\u00f5es por g\u00eanero. Entre 2007 e junho de 2024, nos indiv\u00edduos 13 anos ou mais de idade, a principal categoria de exposi\u00e7\u00e3o no sexo masculino foi a de homens que fazem sexo com homens, que representou 52,8% dos casos. No sexo feminino, a principal categoria de exposi\u00e7\u00e3o foi a pr\u00e1tica heterossexual, que correspondeu a 86,4% dos casos.<\/p>\n<p>A Profilaxia Pr\u00e9-Exposi\u00e7\u00e3o (PrEP) tem se destacado como uma das principais estrat\u00e9gias de preven\u00e7\u00e3o adotadas pelo Minist\u00e9rio da Sa\u00fade. Dispon\u00edvel gratuitamente no SUS desde 2017, a PrEP combina os medicamentos tenofovir e emtricitabina, com efic\u00e1cia superior a 90% na preven\u00e7\u00e3o da infec\u00e7\u00e3o pelo HIV quando utilizada corretamente. At\u00e9 o final de 2023, mais de 100 mil brasileiros j\u00e1 haviam iniciado o uso da profilaxia, consolidando o pa\u00eds como uma refer\u00eancia na Am\u00e9rica Latina.<\/p>\n<p>A PrEP \u00e9 especialmente recomendada para popula\u00e7\u00f5es-chave com maior vulnerabilidade, como homens que fazem sexo com homens (HSH), pessoas trans, trabalhadores do sexo e casais sorodiferentes. Na Bahia, sua amplia\u00e7\u00e3o tem contribu\u00eddo para a queda das taxas de infec\u00e7\u00e3o e refor\u00e7a o papel da preven\u00e7\u00e3o combinada, que inclui estrat\u00e9gias biom\u00e9dicas, comportamentais e estruturais.<\/p>\n<p>Foto: Jonathan Heckler\/Agencia RBS\/Divulga\u00e7\u00e3o<\/p>\n","protected":false},"excerpt":{"rendered":"<p>A Bahia registrou uma redu\u00e7\u00e3o consider\u00e1vel nas taxas de detec\u00e7\u00e3o de HIV e Aids, posicionando-se abaixo da m\u00e9dia nacional, segundo o Boletim Epidemiol\u00f3gico HIV\/Aids 2024, divulgado pelo Minist\u00e9rio da Sa\u00fade. Em 2023, o estado contabilizou 2.665 novos casos de HIV, o que representa 5,7% do total brasileiro. A taxa de detec\u00e7\u00e3o foi de 17,8 casos [&hellip;]<\/p>\n","protected":false},"author":16,"featured_media":904698,"comment_status":"closed","ping_status":"closed","sticky":false,"template":"","format":"standard","meta":[],"categories":[21],"tags":[85,1609,58],"acf":[],"yoast_head":"<!-- This site is optimized with the Yoast SEO plugin v20.8 - https:\/\/yoast.com\/wordpress\/plugins\/seo\/ -->\n<title>BAHIA REGISTRA QUEDA NAS TAXAS DE HIV\/AIDS - Bahia Economica<\/title>\n<meta name=\"description\" content=\"O maior portal de Economia da Bahia Sa\u00fade \/ Educa\u00e7\u00e3o Bahia Economica\" \/>\n<meta name=\"robots\" content=\"index, follow, max-snippet:-1, max-image-preview:large, max-video-preview:-1\" \/>\n<link rel=\"canonical\" href=\"https:\/\/bahiaeconomica.com.br\/wp\/2025\/05\/21\/bahia-registra-queda-nas-taxas-de-hiv-aids\/\" \/>\n<meta property=\"og:locale\" content=\"pt_BR\" \/>\n<meta property=\"og:type\" content=\"article\" \/>\n<meta property=\"og:title\" content=\"BAHIA REGISTRA QUEDA NAS TAXAS DE HIV\/AIDS - Bahia Economica\" \/>\n<meta property=\"og:description\" content=\"O maior portal de Economia da Bahia Sa\u00fade \/ Educa\u00e7\u00e3o Bahia Economica\" \/>\n<meta property=\"og:url\" content=\"https:\/\/bahiaeconomica.com.br\/wp\/2025\/05\/21\/bahia-registra-queda-nas-taxas-de-hiv-aids\/\" \/>\n<meta property=\"og:site_name\" content=\"Bahia Economica\" \/>\n<meta property=\"article:publisher\" content=\"https:\/\/www.facebook.com\/bahiaeconomica\" \/>\n<meta property=\"article:published_time\" content=\"2025-05-21T18:11:55+00:00\" \/>\n<meta property=\"og:image\" content=\"https:\/\/bahiaeconomica.com.br\/wp\/wp-content\/uploads\/2025\/05\/Foto-Jonathan-Heckler_Agencia-RBS.jpg\" \/>\n\t<meta property=\"og:image:width\" content=\"2048\" \/>\n\t<meta property=\"og:image:height\" content=\"1364\" \/>\n\t<meta property=\"og:image:type\" content=\"image\/jpeg\" \/>\n<meta name=\"author\" content=\"LUIZA NASCIMENTO\" \/>\n<meta name=\"twitter:card\" content=\"summary_large_image\" \/>\n<meta name=\"twitter:label1\" content=\"Escrito por\" \/>\n\t<meta name=\"twitter:data1\" content=\"LUIZA NASCIMENTO\" \/>\n\t<meta name=\"twitter:label2\" content=\"Est. tempo de leitura\" \/>\n\t<meta name=\"twitter:data2\" content=\"3 minutos\" \/>\n<script type=\"application\/ld+json\" class=\"yoast-schema-graph\">{\"@context\":\"https:\/\/schema.org\",\"@graph\":[{\"@type\":\"Article\",\"@id\":\"https:\/\/bahiaeconomica.com.br\/wp\/2025\/05\/21\/bahia-registra-queda-nas-taxas-de-hiv-aids\/#article\",\"isPartOf\":{\"@id\":\"https:\/\/bahiaeconomica.com.br\/wp\/2025\/05\/21\/bahia-registra-queda-nas-taxas-de-hiv-aids\/\"},\"author\":{\"name\":\"LUIZA NASCIMENTO\",\"@id\":\"https:\/\/bahiaeconomica.com.br\/wp\/#\/schema\/person\/18273ac0fe04bfd4e7b101bf17d40152\"},\"headline\":\"BAHIA REGISTRA QUEDA NAS TAXAS DE HIV\/AIDS\",\"datePublished\":\"2025-05-21T18:11:55+00:00\",\"dateModified\":\"2025-05-21T18:11:55+00:00\",\"mainEntityOfPage\":{\"@id\":\"https:\/\/bahiaeconomica.com.br\/wp\/2025\/05\/21\/bahia-registra-queda-nas-taxas-de-hiv-aids\/\"},\"wordCount\":396,\"publisher\":{\"@id\":\"https:\/\/bahiaeconomica.com.br\/wp\/#organization\"},\"keywords\":[\"Bahia\",\"HIV\",\"sa\u00fade\"],\"articleSection\":[\"Sa\u00fade \/ Educa\u00e7\u00e3o\"],\"inLanguage\":\"pt-BR\"},{\"@type\":\"WebPage\",\"@id\":\"https:\/\/bahiaeconomica.com.br\/wp\/2025\/05\/21\/bahia-registra-queda-nas-taxas-de-hiv-aids\/\",\"url\":\"https:\/\/bahiaeconomica.com.br\/wp\/2025\/05\/21\/bahia-registra-queda-nas-taxas-de-hiv-aids\/\",\"name\":\"BAHIA REGISTRA QUEDA NAS TAXAS DE HIV\/AIDS - Bahia Economica\",\"isPartOf\":{\"@id\":\"https:\/\/bahiaeconomica.com.br\/wp\/#website\"},\"datePublished\":\"2025-05-21T18:11:55+00:00\",\"dateModified\":\"2025-05-21T18:11:55+00:00\",\"description\":\"O maior portal de Economia da Bahia Sa\u00fade \/ Educa\u00e7\u00e3o Bahia Economica\",\"breadcrumb\":{\"@id\":\"https:\/\/bahiaeconomica.com.br\/wp\/2025\/05\/21\/bahia-registra-queda-nas-taxas-de-hiv-aids\/#breadcrumb\"},\"inLanguage\":\"pt-BR\",\"potentialAction\":[{\"@type\":\"ReadAction\",\"target\":[\"https:\/\/bahiaeconomica.com.br\/wp\/2025\/05\/21\/bahia-registra-queda-nas-taxas-de-hiv-aids\/\"]}]},{\"@type\":\"BreadcrumbList\",\"@id\":\"https:\/\/bahiaeconomica.com.br\/wp\/2025\/05\/21\/bahia-registra-queda-nas-taxas-de-hiv-aids\/#breadcrumb\",\"itemListElement\":[{\"@type\":\"ListItem\",\"position\":1,\"name\":\"In\u00edcio\",\"item\":\"https:\/\/bahiaeconomica.com.br\/wp\/\"},{\"@type\":\"ListItem\",\"position\":2,\"name\":\"BAHIA REGISTRA QUEDA NAS TAXAS DE HIV\/AIDS\"}]},{\"@type\":\"WebSite\",\"@id\":\"https:\/\/bahiaeconomica.com.br\/wp\/#website\",\"url\":\"https:\/\/bahiaeconomica.com.br\/wp\/\",\"name\":\"Bahia Economica\",\"description\":\"O maior portal de Economia da Bahia\",\"publisher\":{\"@id\":\"https:\/\/bahiaeconomica.com.br\/wp\/#organization\"},\"potentialAction\":[{\"@type\":\"SearchAction\",\"target\":{\"@type\":\"EntryPoint\",\"urlTemplate\":\"https:\/\/bahiaeconomica.com.br\/wp\/?s={search_term_string}\"},\"query-input\":\"required name=search_term_string\"}],\"inLanguage\":\"pt-BR\"},{\"@type\":\"Organization\",\"@id\":\"https:\/\/bahiaeconomica.com.br\/wp\/#organization\",\"name\":\"Bahia Econ\u00f4mica\",\"url\":\"https:\/\/bahiaeconomica.com.br\/wp\/\",\"logo\":{\"@type\":\"ImageObject\",\"inLanguage\":\"pt-BR\",\"@id\":\"https:\/\/bahiaeconomica.com.br\/wp\/#\/schema\/logo\/image\/\",\"url\":\"https:\/\/bahiaeconomica.com.br\/wp\/wp-content\/uploads\/2020\/12\/cropped-BE.png\",\"contentUrl\":\"https:\/\/bahiaeconomica.com.br\/wp\/wp-content\/uploads\/2020\/12\/cropped-BE.png\",\"width\":512,\"height\":512,\"caption\":\"Bahia Econ\u00f4mica\"},\"image\":{\"@id\":\"https:\/\/bahiaeconomica.com.br\/wp\/#\/schema\/logo\/image\/\"},\"sameAs\":[\"https:\/\/www.facebook.com\/bahiaeconomica\"]},{\"@type\":\"Person\",\"@id\":\"https:\/\/bahiaeconomica.com.br\/wp\/#\/schema\/person\/18273ac0fe04bfd4e7b101bf17d40152\",\"name\":\"LUIZA NASCIMENTO\",\"sameAs\":[\"http:\/\/www.bahiaeconomica.com.br\"],\"url\":\"https:\/\/bahiaeconomica.com.br\/wp\/author\/luiza-nascimento\/\"}]}<\/script>\n<!-- \/ Yoast SEO plugin. -->","yoast_head_json":{"title":"BAHIA REGISTRA QUEDA NAS TAXAS DE HIV\/AIDS - Bahia Economica","description":"O maior portal de Economia da Bahia Sa\u00fade \/ Educa\u00e7\u00e3o Bahia Economica","robots":{"index":"index","follow":"follow","max-snippet":"max-snippet:-1","max-image-preview":"max-image-preview:large","max-video-preview":"max-video-preview:-1"},"canonical":"https:\/\/bahiaeconomica.com.br\/wp\/2025\/05\/21\/bahia-registra-queda-nas-taxas-de-hiv-aids\/","og_locale":"pt_BR","og_type":"article","og_title":"BAHIA REGISTRA QUEDA NAS TAXAS DE HIV\/AIDS - Bahia Economica","og_description":"O maior portal de Economia da Bahia Sa\u00fade \/ Educa\u00e7\u00e3o Bahia Economica","og_url":"https:\/\/bahiaeconomica.com.br\/wp\/2025\/05\/21\/bahia-registra-queda-nas-taxas-de-hiv-aids\/","og_site_name":"Bahia Economica","article_publisher":"https:\/\/www.facebook.com\/bahiaeconomica","article_published_time":"2025-05-21T18:11:55+00:00","og_image":[{"width":2048,"height":1364,"url":"https:\/\/bahiaeconomica.com.br\/wp\/wp-content\/uploads\/2025\/05\/Foto-Jonathan-Heckler_Agencia-RBS.jpg","type":"image\/jpeg"}],"author":"LUIZA NASCIMENTO","twitter_card":"summary_large_image","twitter_misc":{"Escrito por":"LUIZA NASCIMENTO","Est. tempo de leitura":"3 minutos"},"schema":{"@context":"https:\/\/schema.org","@graph":[{"@type":"Article","@id":"https:\/\/bahiaeconomica.com.br\/wp\/2025\/05\/21\/bahia-registra-queda-nas-taxas-de-hiv-aids\/#article","isPartOf":{"@id":"https:\/\/bahiaeconomica.com.br\/wp\/2025\/05\/21\/bahia-registra-queda-nas-taxas-de-hiv-aids\/"},"author":{"name":"LUIZA NASCIMENTO","@id":"https:\/\/bahiaeconomica.com.br\/wp\/#\/schema\/person\/18273ac0fe04bfd4e7b101bf17d40152"},"headline":"BAHIA REGISTRA QUEDA NAS TAXAS DE HIV\/AIDS","datePublished":"2025-05-21T18:11:55+00:00","dateModified":"2025-05-21T18:11:55+00:00","mainEntityOfPage":{"@id":"https:\/\/bahiaeconomica.com.br\/wp\/2025\/05\/21\/bahia-registra-queda-nas-taxas-de-hiv-aids\/"},"wordCount":396,"publisher":{"@id":"https:\/\/bahiaeconomica.com.br\/wp\/#organization"},"keywords":["Bahia","HIV","sa\u00fade"],"articleSection":["Sa\u00fade \/ Educa\u00e7\u00e3o"],"inLanguage":"pt-BR"},{"@type":"WebPage","@id":"https:\/\/bahiaeconomica.com.br\/wp\/2025\/05\/21\/bahia-registra-queda-nas-taxas-de-hiv-aids\/","url":"https:\/\/bahiaeconomica.com.br\/wp\/2025\/05\/21\/bahia-registra-queda-nas-taxas-de-hiv-aids\/","name":"BAHIA REGISTRA QUEDA NAS TAXAS DE HIV\/AIDS - Bahia Economica","isPartOf":{"@id":"https:\/\/bahiaeconomica.com.br\/wp\/#website"},"datePublished":"2025-05-21T18:11:55+00:00","dateModified":"2025-05-21T18:11:55+00:00","description":"O maior portal de Economia da Bahia Sa\u00fade \/ Educa\u00e7\u00e3o Bahia Economica","breadcrumb":{"@id":"https:\/\/bahiaeconomica.com.br\/wp\/2025\/05\/21\/bahia-registra-queda-nas-taxas-de-hiv-aids\/#breadcrumb"},"inLanguage":"pt-BR","potentialAction":[{"@type":"ReadAction","target":["https:\/\/bahiaeconomica.com.br\/wp\/2025\/05\/21\/bahia-registra-queda-nas-taxas-de-hiv-aids\/"]}]},{"@type":"BreadcrumbList","@id":"https:\/\/bahiaeconomica.com.br\/wp\/2025\/05\/21\/bahia-registra-queda-nas-taxas-de-hiv-aids\/#breadcrumb","itemListElement":[{"@type":"ListItem","position":1,"name":"In\u00edcio","item":"https:\/\/bahiaeconomica.com.br\/wp\/"},{"@type":"ListItem","position":2,"name":"BAHIA REGISTRA QUEDA NAS TAXAS DE HIV\/AIDS"}]},{"@type":"WebSite","@id":"https:\/\/bahiaeconomica.com.br\/wp\/#website","url":"https:\/\/bahiaeconomica.com.br\/wp\/","name":"Bahia Economica","description":"O maior portal de Economia da Bahia","publisher":{"@id":"https:\/\/bahiaeconomica.com.br\/wp\/#organization"},"potentialAction":[{"@type":"SearchAction","target":{"@type":"EntryPoint","urlTemplate":"https:\/\/bahiaeconomica.com.br\/wp\/?s={search_term_string}"},"query-input":"required name=search_term_string"}],"inLanguage":"pt-BR"},{"@type":"Organization","@id":"https:\/\/bahiaeconomica.com.br\/wp\/#organization","name":"Bahia Econ\u00f4mica","url":"https:\/\/bahiaeconomica.com.br\/wp\/","logo":{"@type":"ImageObject","inLanguage":"pt-BR","@id":"https:\/\/bahiaeconomica.com.br\/wp\/#\/schema\/logo\/image\/","url":"https:\/\/bahiaeconomica.com.br\/wp\/wp-content\/uploads\/2020\/12\/cropped-BE.png","contentUrl":"https:\/\/bahiaeconomica.com.br\/wp\/wp-content\/uploads\/2020\/12\/cropped-BE.png","width":512,"height":512,"caption":"Bahia Econ\u00f4mica"},"image":{"@id":"https:\/\/bahiaeconomica.com.br\/wp\/#\/schema\/logo\/image\/"},"sameAs":["https:\/\/www.facebook.com\/bahiaeconomica"]},{"@type":"Person","@id":"https:\/\/bahiaeconomica.com.br\/wp\/#\/schema\/person\/18273ac0fe04bfd4e7b101bf17d40152","name":"LUIZA NASCIMENTO","sameAs":["http:\/\/www.bahiaeconomica.com.br"],"url":"https:\/\/bahiaeconomica.com.br\/wp\/author\/luiza-nascimento\/"}]}},"views":59,"_links":{"self":[{"href":"https:\/\/bahiaeconomica.com.br\/wp\/wp-json\/wp\/v2\/posts\/904694"}],"collection":[{"href":"https:\/\/bahiaeconomica.com.br\/wp\/wp-json\/wp\/v2\/posts"}],"about":[{"href":"https:\/\/bahiaeconomica.com.br\/wp\/wp-json\/wp\/v2\/types\/post"}],"author":[{"embeddable":true,"href":"https:\/\/bahiaeconomica.com.br\/wp\/wp-json\/wp\/v2\/users\/16"}],"replies":[{"embeddable":true,"href":"https:\/\/bahiaeconomica.com.br\/wp\/wp-json\/wp\/v2\/comments?post=904694"}],"version-history":[{"count":1,"href":"https:\/\/bahiaeconomica.com.br\/wp\/wp-json\/wp\/v2\/posts\/904694\/revisions"}],"predecessor-version":[{"id":904700,"href":"https:\/\/bahiaeconomica.com.br\/wp\/wp-json\/wp\/v2\/posts\/904694\/revisions\/904700"}],"wp:featuredmedia":[{"embeddable":true,"href":"https:\/\/bahiaeconomica.com.br\/wp\/wp-json\/wp\/v2\/media\/904698"}],"wp:attachment":[{"href":"https:\/\/bahiaeconomica.com.br\/wp\/wp-json\/wp\/v2\/media?parent=904694"}],"wp:term":[{"taxonomy":"category","embeddable":true,"href":"https:\/\/bahiaeconomica.com.br\/wp\/wp-json\/wp\/v2\/categories?post=904694"},{"taxonomy":"post_tag","embeddable":true,"href":"https:\/\/bahiaeconomica.com.br\/wp\/wp-json\/wp\/v2\/tags?post=904694"}],"curies":[{"name":"wp","href":"https:\/\/api.w.org\/{rel}","templated":true}]}}