{"id":904039,"date":"2025-05-19T15:00:34","date_gmt":"2025-05-19T18:00:34","guid":{"rendered":"https:\/\/bahiaeconomica.com.br\/wp\/?p=904039"},"modified":"2025-05-19T21:51:47","modified_gmt":"2025-05-20T00:51:47","slug":"deputado-participa-de-seminario-no-ceara-em-defesa-dos-pms-e-bms","status":"publish","type":"post","link":"https:\/\/bahiaeconomica.com.br\/wp\/2025\/05\/19\/deputado-participa-de-seminario-no-ceara-em-defesa-dos-pms-e-bms\/","title":{"rendered":"DEPUTADO PARTICIPA DE SEMIN\u00c1RIO NO CEAR\u00c1 EM DEFESA DOS PMS E BMS\u00a0\u00a0"},"content":{"rendered":"<p>Na tarde desta segunda-feira (19), na Assembleia Legislativa do Cear\u00e1 foi realizado um Semin\u00e1rio da Comiss\u00e3o de Seguran\u00e7a P\u00fablica e Combate ao Crime Organizado (CSPCCO) da C\u00e2mara Federal, com o tema Lei Org\u00e2nica da Pol\u00edcia Militar e Corpo de Bombeiros Militar. O evento contou a participa\u00e7\u00e3o de pol\u00edticos e autoridades, a exemplo do deputado federal Capit\u00e3o Alden (PL-BA), membro titular da CSPCCO e da Frente Parlamentar da Seguran\u00e7a P\u00fablica.<\/p>\n<p>Durante as discuss\u00f5es os participantes refor\u00e7aram a necessidade da urg\u00eancia da implementa\u00e7\u00e3o da Lei Org\u00e2nica da Pol\u00edcia Militar e Corpo de Bombeiros Militar em todos os estados do Brasil e como esta legisla\u00e7\u00e3o ser\u00e1 essencial para avan\u00e7os nas carreiras de policiais militares e bombeiros militares.<\/p>\n<p>Para o deputado federal Capit\u00e3o Alden, com a implementa\u00e7\u00e3o plena da Lei Org\u00e2nica da Pol\u00edcia Militar e Corpo de Bombeiros Militar, pode-se inclusive descartar a necessidade de uma Proposta de Emenda \u00e0 Constitui\u00e7\u00e3o da Seguran\u00e7a P\u00fablica (PEC da Seguran\u00e7a P\u00fablica). O parlamentar ressalta que na Bahia, seu estado de origem, com a implementa\u00e7\u00e3o da Lei Org\u00e2nica far\u00e1 com que os militares baianos passem finalmente por avan\u00e7os aguardados por muitos anos.<\/p>\n<p>\u201cTodos os estados brasileiros que t\u00eam avan\u00e7ado no sentido de combater, efetivamente, o crime e a viol\u00eancia t\u00eam em comum a valoriza\u00e7\u00e3o policial! Ent\u00e3o a Lei Org\u00e2nica traz elementos fundamentais e essenciais para garantir a valoriza\u00e7\u00e3o do profissional nas carreiras militares\u201d, pontua Alden.<\/p>\n","protected":false},"excerpt":{"rendered":"<p>Na tarde desta segunda-feira (19), na Assembleia Legislativa do Cear\u00e1 foi realizado um Semin\u00e1rio da Comiss\u00e3o de Seguran\u00e7a P\u00fablica e Combate ao Crime Organizado (CSPCCO) da C\u00e2mara Federal, com o tema Lei Org\u00e2nica da Pol\u00edcia Militar e Corpo de Bombeiros Militar. O evento contou a participa\u00e7\u00e3o de pol\u00edticos e autoridades, a exemplo do deputado federal [&hellip;]<\/p>\n","protected":false},"author":8,"featured_media":904042,"comment_status":"closed","ping_status":"closed","sticky":false,"template":"","format":"standard","meta":[],"categories":[21931,14601],"tags":[2501,85,826,100,1205,1170],"acf":[],"yoast_head":"<!-- This site is optimized with the Yoast SEO plugin v20.8 - https:\/\/yoast.com\/wordpress\/plugins\/seo\/ -->\n<title>DEPUTADO PARTICIPA DE SEMIN\u00c1RIO NO CEAR\u00c1 EM DEFESA DOS PMS E BMS\u00a0\u00a0 - Bahia Economica<\/title>\n<meta name=\"description\" content=\"O maior portal de Economia da Bahia NORDESTE INVEST, Pol\u00edtica Bahia Economica tarde desta segunda-feira (19), na Assembleia Legislativa do Cear\u00e1\" \/>\n<meta name=\"robots\" content=\"index, follow, max-snippet:-1, max-image-preview:large, max-video-preview:-1\" \/>\n<link rel=\"canonical\" href=\"https:\/\/bahiaeconomica.com.br\/wp\/2025\/05\/19\/deputado-participa-de-seminario-no-ceara-em-defesa-dos-pms-e-bms\/\" \/>\n<meta property=\"og:locale\" content=\"pt_BR\" \/>\n<meta property=\"og:type\" content=\"article\" \/>\n<meta property=\"og:title\" content=\"DEPUTADO PARTICIPA DE SEMIN\u00c1RIO NO CEAR\u00c1 EM DEFESA DOS PMS E BMS\u00a0\u00a0 - Bahia Economica\" \/>\n<meta property=\"og:description\" content=\"O maior portal de Economia da Bahia NORDESTE INVEST, Pol\u00edtica Bahia Economica tarde desta segunda-feira (19), na Assembleia Legislativa do Cear\u00e1\" \/>\n<meta property=\"og:url\" content=\"https:\/\/bahiaeconomica.com.br\/wp\/2025\/05\/19\/deputado-participa-de-seminario-no-ceara-em-defesa-dos-pms-e-bms\/\" \/>\n<meta property=\"og:site_name\" content=\"Bahia Economica\" \/>\n<meta property=\"article:publisher\" content=\"https:\/\/www.facebook.com\/bahiaeconomica\" \/>\n<meta property=\"article:published_time\" content=\"2025-05-19T18:00:34+00:00\" \/>\n<meta property=\"article:modified_time\" content=\"2025-05-20T00:51:47+00:00\" \/>\n<meta property=\"og:image\" content=\"https:\/\/bahiaeconomica.com.br\/wp\/wp-content\/uploads\/2025\/05\/WhatsApp-Image-2025-05-19-at-18.43.40.jpeg\" \/>\n\t<meta property=\"og:image:width\" content=\"1600\" \/>\n\t<meta property=\"og:image:height\" content=\"900\" \/>\n\t<meta property=\"og:image:type\" content=\"image\/jpeg\" \/>\n<meta name=\"author\" content=\"JP\" \/>\n<meta name=\"twitter:card\" content=\"summary_large_image\" \/>\n<meta name=\"twitter:label1\" content=\"Escrito por\" \/>\n\t<meta name=\"twitter:data1\" content=\"JP\" \/>\n\t<meta name=\"twitter:label2\" content=\"Est. tempo de leitura\" \/>\n\t<meta name=\"twitter:data2\" content=\"2 minutos\" \/>\n<script type=\"application\/ld+json\" class=\"yoast-schema-graph\">{\"@context\":\"https:\/\/schema.org\",\"@graph\":[{\"@type\":\"Article\",\"@id\":\"https:\/\/bahiaeconomica.com.br\/wp\/2025\/05\/19\/deputado-participa-de-seminario-no-ceara-em-defesa-dos-pms-e-bms\/#article\",\"isPartOf\":{\"@id\":\"https:\/\/bahiaeconomica.com.br\/wp\/2025\/05\/19\/deputado-participa-de-seminario-no-ceara-em-defesa-dos-pms-e-bms\/\"},\"author\":{\"name\":\"JP\",\"@id\":\"https:\/\/bahiaeconomica.com.br\/wp\/#\/schema\/person\/c86d3a3f8960425a0f9d0e5245991f4e\"},\"headline\":\"DEPUTADO PARTICIPA DE SEMIN\u00c1RIO NO CEAR\u00c1 EM DEFESA DOS PMS E BMS\u00a0\u00a0\",\"datePublished\":\"2025-05-19T18:00:34+00:00\",\"dateModified\":\"2025-05-20T00:51:47+00:00\",\"mainEntityOfPage\":{\"@id\":\"https:\/\/bahiaeconomica.com.br\/wp\/2025\/05\/19\/deputado-participa-de-seminario-no-ceara-em-defesa-dos-pms-e-bms\/\"},\"wordCount\":278,\"publisher\":{\"@id\":\"https:\/\/bahiaeconomica.com.br\/wp\/#organization\"},\"keywords\":[\"alden\",\"Bahia\",\"deputado\",\"Pol\u00edtica\",\"reuniao\",\"trabalho\"],\"articleSection\":[\"NORDESTE INVEST\",\"Pol\u00edtica\"],\"inLanguage\":\"pt-BR\"},{\"@type\":\"WebPage\",\"@id\":\"https:\/\/bahiaeconomica.com.br\/wp\/2025\/05\/19\/deputado-participa-de-seminario-no-ceara-em-defesa-dos-pms-e-bms\/\",\"url\":\"https:\/\/bahiaeconomica.com.br\/wp\/2025\/05\/19\/deputado-participa-de-seminario-no-ceara-em-defesa-dos-pms-e-bms\/\",\"name\":\"DEPUTADO PARTICIPA DE SEMIN\u00c1RIO NO CEAR\u00c1 EM DEFESA DOS PMS E BMS\u00a0\u00a0 - Bahia Economica\",\"isPartOf\":{\"@id\":\"https:\/\/bahiaeconomica.com.br\/wp\/#website\"},\"datePublished\":\"2025-05-19T18:00:34+00:00\",\"dateModified\":\"2025-05-20T00:51:47+00:00\",\"description\":\"O maior portal de Economia da Bahia NORDESTE INVEST, Pol\u00edtica Bahia Economica tarde desta segunda-feira (19), na Assembleia Legislativa do Cear\u00e1\",\"breadcrumb\":{\"@id\":\"https:\/\/bahiaeconomica.com.br\/wp\/2025\/05\/19\/deputado-participa-de-seminario-no-ceara-em-defesa-dos-pms-e-bms\/#breadcrumb\"},\"inLanguage\":\"pt-BR\",\"potentialAction\":[{\"@type\":\"ReadAction\",\"target\":[\"https:\/\/bahiaeconomica.com.br\/wp\/2025\/05\/19\/deputado-participa-de-seminario-no-ceara-em-defesa-dos-pms-e-bms\/\"]}]},{\"@type\":\"BreadcrumbList\",\"@id\":\"https:\/\/bahiaeconomica.com.br\/wp\/2025\/05\/19\/deputado-participa-de-seminario-no-ceara-em-defesa-dos-pms-e-bms\/#breadcrumb\",\"itemListElement\":[{\"@type\":\"ListItem\",\"position\":1,\"name\":\"In\u00edcio\",\"item\":\"https:\/\/bahiaeconomica.com.br\/wp\/\"},{\"@type\":\"ListItem\",\"position\":2,\"name\":\"DEPUTADO PARTICIPA DE SEMIN\u00c1RIO NO CEAR\u00c1 EM DEFESA DOS PMS E BMS\u00a0\u00a0\"}]},{\"@type\":\"WebSite\",\"@id\":\"https:\/\/bahiaeconomica.com.br\/wp\/#website\",\"url\":\"https:\/\/bahiaeconomica.com.br\/wp\/\",\"name\":\"Bahia Economica\",\"description\":\"O maior portal de Economia da Bahia\",\"publisher\":{\"@id\":\"https:\/\/bahiaeconomica.com.br\/wp\/#organization\"},\"potentialAction\":[{\"@type\":\"SearchAction\",\"target\":{\"@type\":\"EntryPoint\",\"urlTemplate\":\"https:\/\/bahiaeconomica.com.br\/wp\/?s={search_term_string}\"},\"query-input\":\"required name=search_term_string\"}],\"inLanguage\":\"pt-BR\"},{\"@type\":\"Organization\",\"@id\":\"https:\/\/bahiaeconomica.com.br\/wp\/#organization\",\"name\":\"Bahia Econ\u00f4mica\",\"url\":\"https:\/\/bahiaeconomica.com.br\/wp\/\",\"logo\":{\"@type\":\"ImageObject\",\"inLanguage\":\"pt-BR\",\"@id\":\"https:\/\/bahiaeconomica.com.br\/wp\/#\/schema\/logo\/image\/\",\"url\":\"https:\/\/bahiaeconomica.com.br\/wp\/wp-content\/uploads\/2020\/12\/cropped-BE.png\",\"contentUrl\":\"https:\/\/bahiaeconomica.com.br\/wp\/wp-content\/uploads\/2020\/12\/cropped-BE.png\",\"width\":512,\"height\":512,\"caption\":\"Bahia Econ\u00f4mica\"},\"image\":{\"@id\":\"https:\/\/bahiaeconomica.com.br\/wp\/#\/schema\/logo\/image\/\"},\"sameAs\":[\"https:\/\/www.facebook.com\/bahiaeconomica\"]},{\"@type\":\"Person\",\"@id\":\"https:\/\/bahiaeconomica.com.br\/wp\/#\/schema\/person\/c86d3a3f8960425a0f9d0e5245991f4e\",\"name\":\"JP\",\"sameAs\":[\"https:\/\/bahiaeconomica.com.br\/wp\/beta\/\"],\"url\":\"https:\/\/bahiaeconomica.com.br\/wp\/author\/jp\/\"}]}<\/script>\n<!-- \/ Yoast SEO plugin. -->","yoast_head_json":{"title":"DEPUTADO PARTICIPA DE SEMIN\u00c1RIO NO CEAR\u00c1 EM DEFESA DOS PMS E BMS\u00a0\u00a0 - Bahia Economica","description":"O maior portal de Economia da Bahia NORDESTE INVEST, Pol\u00edtica Bahia Economica tarde desta segunda-feira (19), na Assembleia Legislativa do Cear\u00e1","robots":{"index":"index","follow":"follow","max-snippet":"max-snippet:-1","max-image-preview":"max-image-preview:large","max-video-preview":"max-video-preview:-1"},"canonical":"https:\/\/bahiaeconomica.com.br\/wp\/2025\/05\/19\/deputado-participa-de-seminario-no-ceara-em-defesa-dos-pms-e-bms\/","og_locale":"pt_BR","og_type":"article","og_title":"DEPUTADO PARTICIPA DE SEMIN\u00c1RIO NO CEAR\u00c1 EM DEFESA DOS PMS E BMS\u00a0\u00a0 - Bahia Economica","og_description":"O maior portal de Economia da Bahia NORDESTE INVEST, Pol\u00edtica Bahia Economica tarde desta segunda-feira (19), na Assembleia Legislativa do Cear\u00e1","og_url":"https:\/\/bahiaeconomica.com.br\/wp\/2025\/05\/19\/deputado-participa-de-seminario-no-ceara-em-defesa-dos-pms-e-bms\/","og_site_name":"Bahia Economica","article_publisher":"https:\/\/www.facebook.com\/bahiaeconomica","article_published_time":"2025-05-19T18:00:34+00:00","article_modified_time":"2025-05-20T00:51:47+00:00","og_image":[{"width":1600,"height":900,"url":"https:\/\/bahiaeconomica.com.br\/wp\/wp-content\/uploads\/2025\/05\/WhatsApp-Image-2025-05-19-at-18.43.40.jpeg","type":"image\/jpeg"}],"author":"JP","twitter_card":"summary_large_image","twitter_misc":{"Escrito por":"JP","Est. tempo de leitura":"2 minutos"},"schema":{"@context":"https:\/\/schema.org","@graph":[{"@type":"Article","@id":"https:\/\/bahiaeconomica.com.br\/wp\/2025\/05\/19\/deputado-participa-de-seminario-no-ceara-em-defesa-dos-pms-e-bms\/#article","isPartOf":{"@id":"https:\/\/bahiaeconomica.com.br\/wp\/2025\/05\/19\/deputado-participa-de-seminario-no-ceara-em-defesa-dos-pms-e-bms\/"},"author":{"name":"JP","@id":"https:\/\/bahiaeconomica.com.br\/wp\/#\/schema\/person\/c86d3a3f8960425a0f9d0e5245991f4e"},"headline":"DEPUTADO PARTICIPA DE SEMIN\u00c1RIO NO CEAR\u00c1 EM DEFESA DOS PMS E BMS\u00a0\u00a0","datePublished":"2025-05-19T18:00:34+00:00","dateModified":"2025-05-20T00:51:47+00:00","mainEntityOfPage":{"@id":"https:\/\/bahiaeconomica.com.br\/wp\/2025\/05\/19\/deputado-participa-de-seminario-no-ceara-em-defesa-dos-pms-e-bms\/"},"wordCount":278,"publisher":{"@id":"https:\/\/bahiaeconomica.com.br\/wp\/#organization"},"keywords":["alden","Bahia","deputado","Pol\u00edtica","reuniao","trabalho"],"articleSection":["NORDESTE INVEST","Pol\u00edtica"],"inLanguage":"pt-BR"},{"@type":"WebPage","@id":"https:\/\/bahiaeconomica.com.br\/wp\/2025\/05\/19\/deputado-participa-de-seminario-no-ceara-em-defesa-dos-pms-e-bms\/","url":"https:\/\/bahiaeconomica.com.br\/wp\/2025\/05\/19\/deputado-participa-de-seminario-no-ceara-em-defesa-dos-pms-e-bms\/","name":"DEPUTADO PARTICIPA DE SEMIN\u00c1RIO NO CEAR\u00c1 EM DEFESA DOS PMS E BMS\u00a0\u00a0 - Bahia Economica","isPartOf":{"@id":"https:\/\/bahiaeconomica.com.br\/wp\/#website"},"datePublished":"2025-05-19T18:00:34+00:00","dateModified":"2025-05-20T00:51:47+00:00","description":"O maior portal de Economia da Bahia NORDESTE INVEST, Pol\u00edtica Bahia Economica tarde desta segunda-feira (19), na Assembleia Legislativa do Cear\u00e1","breadcrumb":{"@id":"https:\/\/bahiaeconomica.com.br\/wp\/2025\/05\/19\/deputado-participa-de-seminario-no-ceara-em-defesa-dos-pms-e-bms\/#breadcrumb"},"inLanguage":"pt-BR","potentialAction":[{"@type":"ReadAction","target":["https:\/\/bahiaeconomica.com.br\/wp\/2025\/05\/19\/deputado-participa-de-seminario-no-ceara-em-defesa-dos-pms-e-bms\/"]}]},{"@type":"BreadcrumbList","@id":"https:\/\/bahiaeconomica.com.br\/wp\/2025\/05\/19\/deputado-participa-de-seminario-no-ceara-em-defesa-dos-pms-e-bms\/#breadcrumb","itemListElement":[{"@type":"ListItem","position":1,"name":"In\u00edcio","item":"https:\/\/bahiaeconomica.com.br\/wp\/"},{"@type":"ListItem","position":2,"name":"DEPUTADO PARTICIPA DE SEMIN\u00c1RIO NO CEAR\u00c1 EM DEFESA DOS PMS E BMS\u00a0\u00a0"}]},{"@type":"WebSite","@id":"https:\/\/bahiaeconomica.com.br\/wp\/#website","url":"https:\/\/bahiaeconomica.com.br\/wp\/","name":"Bahia Economica","description":"O maior portal de Economia da Bahia","publisher":{"@id":"https:\/\/bahiaeconomica.com.br\/wp\/#organization"},"potentialAction":[{"@type":"SearchAction","target":{"@type":"EntryPoint","urlTemplate":"https:\/\/bahiaeconomica.com.br\/wp\/?s={search_term_string}"},"query-input":"required name=search_term_string"}],"inLanguage":"pt-BR"},{"@type":"Organization","@id":"https:\/\/bahiaeconomica.com.br\/wp\/#organization","name":"Bahia Econ\u00f4mica","url":"https:\/\/bahiaeconomica.com.br\/wp\/","logo":{"@type":"ImageObject","inLanguage":"pt-BR","@id":"https:\/\/bahiaeconomica.com.br\/wp\/#\/schema\/logo\/image\/","url":"https:\/\/bahiaeconomica.com.br\/wp\/wp-content\/uploads\/2020\/12\/cropped-BE.png","contentUrl":"https:\/\/bahiaeconomica.com.br\/wp\/wp-content\/uploads\/2020\/12\/cropped-BE.png","width":512,"height":512,"caption":"Bahia Econ\u00f4mica"},"image":{"@id":"https:\/\/bahiaeconomica.com.br\/wp\/#\/schema\/logo\/image\/"},"sameAs":["https:\/\/www.facebook.com\/bahiaeconomica"]},{"@type":"Person","@id":"https:\/\/bahiaeconomica.com.br\/wp\/#\/schema\/person\/c86d3a3f8960425a0f9d0e5245991f4e","name":"JP","sameAs":["https:\/\/bahiaeconomica.com.br\/wp\/beta\/"],"url":"https:\/\/bahiaeconomica.com.br\/wp\/author\/jp\/"}]}},"views":12,"_links":{"self":[{"href":"https:\/\/bahiaeconomica.com.br\/wp\/wp-json\/wp\/v2\/posts\/904039"}],"collection":[{"href":"https:\/\/bahiaeconomica.com.br\/wp\/wp-json\/wp\/v2\/posts"}],"about":[{"href":"https:\/\/bahiaeconomica.com.br\/wp\/wp-json\/wp\/v2\/types\/post"}],"author":[{"embeddable":true,"href":"https:\/\/bahiaeconomica.com.br\/wp\/wp-json\/wp\/v2\/users\/8"}],"replies":[{"embeddable":true,"href":"https:\/\/bahiaeconomica.com.br\/wp\/wp-json\/wp\/v2\/comments?post=904039"}],"version-history":[{"count":2,"href":"https:\/\/bahiaeconomica.com.br\/wp\/wp-json\/wp\/v2\/posts\/904039\/revisions"}],"predecessor-version":[{"id":904041,"href":"https:\/\/bahiaeconomica.com.br\/wp\/wp-json\/wp\/v2\/posts\/904039\/revisions\/904041"}],"wp:featuredmedia":[{"embeddable":true,"href":"https:\/\/bahiaeconomica.com.br\/wp\/wp-json\/wp\/v2\/media\/904042"}],"wp:attachment":[{"href":"https:\/\/bahiaeconomica.com.br\/wp\/wp-json\/wp\/v2\/media?parent=904039"}],"wp:term":[{"taxonomy":"category","embeddable":true,"href":"https:\/\/bahiaeconomica.com.br\/wp\/wp-json\/wp\/v2\/categories?post=904039"},{"taxonomy":"post_tag","embeddable":true,"href":"https:\/\/bahiaeconomica.com.br\/wp\/wp-json\/wp\/v2\/tags?post=904039"}],"curies":[{"name":"wp","href":"https:\/\/api.w.org\/{rel}","templated":true}]}}