{"id":903982,"date":"2025-05-19T19:25:39","date_gmt":"2025-05-19T22:25:39","guid":{"rendered":"https:\/\/bahiaeconomica.com.br\/wp\/?p=903982"},"modified":"2025-05-19T18:56:34","modified_gmt":"2025-05-19T21:56:34","slug":"janja-desmente-lula-e-afirma-nao-ha-protocolo-que-me-faca-calar","status":"publish","type":"post","link":"https:\/\/bahiaeconomica.com.br\/wp\/2025\/05\/19\/janja-desmente-lula-e-afirma-nao-ha-protocolo-que-me-faca-calar\/","title":{"rendered":"JANJA DESMENTE LULA E AFIRMA &#8220;N\u00c3O H\u00c1 PROTOCOLO QUE ME FA\u00c7A CALAR&#8221;"},"content":{"rendered":"<p>A primeira-dama Janja se defendeu, nesta segunda-feira (19), das acusa\u00e7\u00f5es de que teria \u201cquebrado o protocolo\u201d ao falar sobre os efeitos do TikTok, rede social chinesa, em um jantar na China com o presidente Xi Jinping na semana passada. Ela afirmou que n\u00e3o admite que \u201calgu\u00e9m me dirija dizendo que eu tenho que ficar calada\u201d.<\/p>\n<p>\u201cN\u00e3o h\u00e1 protocolo que me fa\u00e7a calar se eu tiver uma oportunidade de falar sobre isso com qualquer pessoa que seja, do maior grau ao menor grau, do mais alto n\u00edvel \u00e0 qualquer cidad\u00e3o comum\u201d, disse Janja em discurso na Abertura da Semana Nacional de Enfrentamento \u00e0 Viol\u00eancia Sexual contra Crian\u00e7as e Adolescentes, nesta manh\u00e3.<\/p>\n<p>\u201cEu quero dizer que a minha voz voc\u00eas podem ter certeza que vai ser usada para isso. E foi para isso que ele foi usada na semana passada quando eu me dirigi ao presidente Xi Jinping ap\u00f3s a fala do meu marido sobre uma rede social. Ent\u00e3o, eu quero dizer que eu, como mulher, n\u00e3o admito que algu\u00e9m me dirija dizendo que eu tenho que ficar calada. Eu n\u00e3o me calarei quando for para proteger a vida das nossas crian\u00e7as e dos nossos adolescentes\u201d, prosseguiu a primeira-dama.<\/p>\n","protected":false},"excerpt":{"rendered":"<p>A primeira-dama Janja se defendeu, nesta segunda-feira (19), das acusa\u00e7\u00f5es de que teria \u201cquebrado o protocolo\u201d ao falar sobre os efeitos do TikTok, rede social chinesa, em um jantar na China com o presidente Xi Jinping na semana passada. Ela afirmou que n\u00e3o admite que \u201calgu\u00e9m me dirija dizendo que eu tenho que ficar calada\u201d. [&hellip;]<\/p>\n","protected":false},"author":22,"featured_media":798490,"comment_status":"closed","ping_status":"closed","sticky":false,"template":"","format":"standard","meta":[],"categories":[14601],"tags":[750,3645,39060,6015,182],"acf":[],"yoast_head":"<!-- This site is optimized with the Yoast SEO plugin v20.8 - https:\/\/yoast.com\/wordpress\/plugins\/seo\/ -->\n<title>JANJA DESMENTE LULA E AFIRMA &quot;N\u00c3O H\u00c1 PROTOCOLO QUE ME FA\u00c7A CALAR&quot; - Bahia Economica<\/title>\n<meta name=\"description\" content=\"O maior portal de Economia da Bahia Pol\u00edtica Bahia Economica\" \/>\n<meta name=\"robots\" content=\"index, follow, max-snippet:-1, max-image-preview:large, max-video-preview:-1\" \/>\n<link rel=\"canonical\" href=\"https:\/\/bahiaeconomica.com.br\/wp\/2025\/05\/19\/janja-desmente-lula-e-afirma-nao-ha-protocolo-que-me-faca-calar\/\" \/>\n<meta property=\"og:locale\" content=\"pt_BR\" \/>\n<meta property=\"og:type\" content=\"article\" \/>\n<meta property=\"og:title\" content=\"JANJA DESMENTE LULA E AFIRMA &quot;N\u00c3O H\u00c1 PROTOCOLO QUE ME FA\u00c7A CALAR&quot; - Bahia Economica\" \/>\n<meta property=\"og:description\" content=\"O maior portal de Economia da Bahia Pol\u00edtica Bahia Economica\" \/>\n<meta property=\"og:url\" content=\"https:\/\/bahiaeconomica.com.br\/wp\/2025\/05\/19\/janja-desmente-lula-e-afirma-nao-ha-protocolo-que-me-faca-calar\/\" \/>\n<meta property=\"og:site_name\" content=\"Bahia Economica\" \/>\n<meta property=\"article:publisher\" content=\"https:\/\/www.facebook.com\/bahiaeconomica\" \/>\n<meta property=\"article:published_time\" content=\"2025-05-19T22:25:39+00:00\" \/>\n<meta property=\"article:modified_time\" content=\"2025-05-19T21:56:34+00:00\" \/>\n<meta property=\"og:image\" content=\"https:\/\/bahiaeconomica.com.br\/wp\/wp-content\/uploads\/2024\/02\/Janja-defende-Lula-sobre-Holocauso-Sejamos-honesto0125961900202402191429-ScaleDownProportional.webp\" \/>\n\t<meta property=\"og:image:width\" content=\"1170\" \/>\n\t<meta property=\"og:image:height\" content=\"700\" \/>\n\t<meta property=\"og:image:type\" content=\"image\/webp\" \/>\n<meta name=\"author\" content=\"Matheus Souza\" \/>\n<meta name=\"twitter:card\" content=\"summary_large_image\" \/>\n<meta name=\"twitter:label1\" content=\"Escrito por\" \/>\n\t<meta name=\"twitter:data1\" content=\"Matheus Souza\" \/>\n\t<meta name=\"twitter:label2\" content=\"Est. tempo de leitura\" \/>\n\t<meta name=\"twitter:data2\" content=\"2 minutos\" \/>\n<script type=\"application\/ld+json\" class=\"yoast-schema-graph\">{\"@context\":\"https:\/\/schema.org\",\"@graph\":[{\"@type\":\"Article\",\"@id\":\"https:\/\/bahiaeconomica.com.br\/wp\/2025\/05\/19\/janja-desmente-lula-e-afirma-nao-ha-protocolo-que-me-faca-calar\/#article\",\"isPartOf\":{\"@id\":\"https:\/\/bahiaeconomica.com.br\/wp\/2025\/05\/19\/janja-desmente-lula-e-afirma-nao-ha-protocolo-que-me-faca-calar\/\"},\"author\":{\"name\":\"Matheus Souza\",\"@id\":\"https:\/\/bahiaeconomica.com.br\/wp\/#\/schema\/person\/3304d50cfd32353c7d08c39066638997\"},\"headline\":\"JANJA DESMENTE LULA E AFIRMA &#8220;N\u00c3O H\u00c1 PROTOCOLO QUE ME FA\u00c7A CALAR&#8221;\",\"datePublished\":\"2025-05-19T22:25:39+00:00\",\"dateModified\":\"2025-05-19T21:56:34+00:00\",\"mainEntityOfPage\":{\"@id\":\"https:\/\/bahiaeconomica.com.br\/wp\/2025\/05\/19\/janja-desmente-lula-e-afirma-nao-ha-protocolo-que-me-faca-calar\/\"},\"wordCount\":224,\"publisher\":{\"@id\":\"https:\/\/bahiaeconomica.com.br\/wp\/#organization\"},\"keywords\":[\"China\",\"comitiva\",\"delcara\u00e7\u00e3o\",\"janja\",\"Lula\"],\"articleSection\":[\"Pol\u00edtica\"],\"inLanguage\":\"pt-BR\"},{\"@type\":\"WebPage\",\"@id\":\"https:\/\/bahiaeconomica.com.br\/wp\/2025\/05\/19\/janja-desmente-lula-e-afirma-nao-ha-protocolo-que-me-faca-calar\/\",\"url\":\"https:\/\/bahiaeconomica.com.br\/wp\/2025\/05\/19\/janja-desmente-lula-e-afirma-nao-ha-protocolo-que-me-faca-calar\/\",\"name\":\"JANJA DESMENTE LULA E AFIRMA \\\"N\u00c3O H\u00c1 PROTOCOLO QUE ME FA\u00c7A CALAR\\\" - Bahia Economica\",\"isPartOf\":{\"@id\":\"https:\/\/bahiaeconomica.com.br\/wp\/#website\"},\"datePublished\":\"2025-05-19T22:25:39+00:00\",\"dateModified\":\"2025-05-19T21:56:34+00:00\",\"description\":\"O maior portal de Economia da Bahia Pol\u00edtica Bahia Economica\",\"breadcrumb\":{\"@id\":\"https:\/\/bahiaeconomica.com.br\/wp\/2025\/05\/19\/janja-desmente-lula-e-afirma-nao-ha-protocolo-que-me-faca-calar\/#breadcrumb\"},\"inLanguage\":\"pt-BR\",\"potentialAction\":[{\"@type\":\"ReadAction\",\"target\":[\"https:\/\/bahiaeconomica.com.br\/wp\/2025\/05\/19\/janja-desmente-lula-e-afirma-nao-ha-protocolo-que-me-faca-calar\/\"]}]},{\"@type\":\"BreadcrumbList\",\"@id\":\"https:\/\/bahiaeconomica.com.br\/wp\/2025\/05\/19\/janja-desmente-lula-e-afirma-nao-ha-protocolo-que-me-faca-calar\/#breadcrumb\",\"itemListElement\":[{\"@type\":\"ListItem\",\"position\":1,\"name\":\"In\u00edcio\",\"item\":\"https:\/\/bahiaeconomica.com.br\/wp\/\"},{\"@type\":\"ListItem\",\"position\":2,\"name\":\"JANJA DESMENTE LULA E AFIRMA &#8220;N\u00c3O H\u00c1 PROTOCOLO QUE ME FA\u00c7A CALAR&#8221;\"}]},{\"@type\":\"WebSite\",\"@id\":\"https:\/\/bahiaeconomica.com.br\/wp\/#website\",\"url\":\"https:\/\/bahiaeconomica.com.br\/wp\/\",\"name\":\"Bahia Economica\",\"description\":\"O maior portal de Economia da Bahia\",\"publisher\":{\"@id\":\"https:\/\/bahiaeconomica.com.br\/wp\/#organization\"},\"potentialAction\":[{\"@type\":\"SearchAction\",\"target\":{\"@type\":\"EntryPoint\",\"urlTemplate\":\"https:\/\/bahiaeconomica.com.br\/wp\/?s={search_term_string}\"},\"query-input\":\"required name=search_term_string\"}],\"inLanguage\":\"pt-BR\"},{\"@type\":\"Organization\",\"@id\":\"https:\/\/bahiaeconomica.com.br\/wp\/#organization\",\"name\":\"Bahia Econ\u00f4mica\",\"url\":\"https:\/\/bahiaeconomica.com.br\/wp\/\",\"logo\":{\"@type\":\"ImageObject\",\"inLanguage\":\"pt-BR\",\"@id\":\"https:\/\/bahiaeconomica.com.br\/wp\/#\/schema\/logo\/image\/\",\"url\":\"https:\/\/bahiaeconomica.com.br\/wp\/wp-content\/uploads\/2020\/12\/cropped-BE.png\",\"contentUrl\":\"https:\/\/bahiaeconomica.com.br\/wp\/wp-content\/uploads\/2020\/12\/cropped-BE.png\",\"width\":512,\"height\":512,\"caption\":\"Bahia Econ\u00f4mica\"},\"image\":{\"@id\":\"https:\/\/bahiaeconomica.com.br\/wp\/#\/schema\/logo\/image\/\"},\"sameAs\":[\"https:\/\/www.facebook.com\/bahiaeconomica\"]},{\"@type\":\"Person\",\"@id\":\"https:\/\/bahiaeconomica.com.br\/wp\/#\/schema\/person\/3304d50cfd32353c7d08c39066638997\",\"name\":\"Matheus Souza\",\"sameAs\":[\"http:\/\/www.bahiaeconomica.com.br\"],\"url\":\"https:\/\/bahiaeconomica.com.br\/wp\/author\/matheus-souza\/\"}]}<\/script>\n<!-- \/ Yoast SEO plugin. -->","yoast_head_json":{"title":"JANJA DESMENTE LULA E AFIRMA \"N\u00c3O H\u00c1 PROTOCOLO QUE ME FA\u00c7A CALAR\" - Bahia Economica","description":"O maior portal de Economia da Bahia Pol\u00edtica Bahia Economica","robots":{"index":"index","follow":"follow","max-snippet":"max-snippet:-1","max-image-preview":"max-image-preview:large","max-video-preview":"max-video-preview:-1"},"canonical":"https:\/\/bahiaeconomica.com.br\/wp\/2025\/05\/19\/janja-desmente-lula-e-afirma-nao-ha-protocolo-que-me-faca-calar\/","og_locale":"pt_BR","og_type":"article","og_title":"JANJA DESMENTE LULA E AFIRMA \"N\u00c3O H\u00c1 PROTOCOLO QUE ME FA\u00c7A CALAR\" - Bahia Economica","og_description":"O maior portal de Economia da Bahia Pol\u00edtica Bahia Economica","og_url":"https:\/\/bahiaeconomica.com.br\/wp\/2025\/05\/19\/janja-desmente-lula-e-afirma-nao-ha-protocolo-que-me-faca-calar\/","og_site_name":"Bahia Economica","article_publisher":"https:\/\/www.facebook.com\/bahiaeconomica","article_published_time":"2025-05-19T22:25:39+00:00","article_modified_time":"2025-05-19T21:56:34+00:00","og_image":[{"width":1170,"height":700,"url":"https:\/\/bahiaeconomica.com.br\/wp\/wp-content\/uploads\/2024\/02\/Janja-defende-Lula-sobre-Holocauso-Sejamos-honesto0125961900202402191429-ScaleDownProportional.webp","type":"image\/webp"}],"author":"Matheus Souza","twitter_card":"summary_large_image","twitter_misc":{"Escrito por":"Matheus Souza","Est. tempo de leitura":"2 minutos"},"schema":{"@context":"https:\/\/schema.org","@graph":[{"@type":"Article","@id":"https:\/\/bahiaeconomica.com.br\/wp\/2025\/05\/19\/janja-desmente-lula-e-afirma-nao-ha-protocolo-que-me-faca-calar\/#article","isPartOf":{"@id":"https:\/\/bahiaeconomica.com.br\/wp\/2025\/05\/19\/janja-desmente-lula-e-afirma-nao-ha-protocolo-que-me-faca-calar\/"},"author":{"name":"Matheus Souza","@id":"https:\/\/bahiaeconomica.com.br\/wp\/#\/schema\/person\/3304d50cfd32353c7d08c39066638997"},"headline":"JANJA DESMENTE LULA E AFIRMA &#8220;N\u00c3O H\u00c1 PROTOCOLO QUE ME FA\u00c7A CALAR&#8221;","datePublished":"2025-05-19T22:25:39+00:00","dateModified":"2025-05-19T21:56:34+00:00","mainEntityOfPage":{"@id":"https:\/\/bahiaeconomica.com.br\/wp\/2025\/05\/19\/janja-desmente-lula-e-afirma-nao-ha-protocolo-que-me-faca-calar\/"},"wordCount":224,"publisher":{"@id":"https:\/\/bahiaeconomica.com.br\/wp\/#organization"},"keywords":["China","comitiva","delcara\u00e7\u00e3o","janja","Lula"],"articleSection":["Pol\u00edtica"],"inLanguage":"pt-BR"},{"@type":"WebPage","@id":"https:\/\/bahiaeconomica.com.br\/wp\/2025\/05\/19\/janja-desmente-lula-e-afirma-nao-ha-protocolo-que-me-faca-calar\/","url":"https:\/\/bahiaeconomica.com.br\/wp\/2025\/05\/19\/janja-desmente-lula-e-afirma-nao-ha-protocolo-que-me-faca-calar\/","name":"JANJA DESMENTE LULA E AFIRMA \"N\u00c3O H\u00c1 PROTOCOLO QUE ME FA\u00c7A CALAR\" - Bahia Economica","isPartOf":{"@id":"https:\/\/bahiaeconomica.com.br\/wp\/#website"},"datePublished":"2025-05-19T22:25:39+00:00","dateModified":"2025-05-19T21:56:34+00:00","description":"O maior portal de Economia da Bahia Pol\u00edtica Bahia Economica","breadcrumb":{"@id":"https:\/\/bahiaeconomica.com.br\/wp\/2025\/05\/19\/janja-desmente-lula-e-afirma-nao-ha-protocolo-que-me-faca-calar\/#breadcrumb"},"inLanguage":"pt-BR","potentialAction":[{"@type":"ReadAction","target":["https:\/\/bahiaeconomica.com.br\/wp\/2025\/05\/19\/janja-desmente-lula-e-afirma-nao-ha-protocolo-que-me-faca-calar\/"]}]},{"@type":"BreadcrumbList","@id":"https:\/\/bahiaeconomica.com.br\/wp\/2025\/05\/19\/janja-desmente-lula-e-afirma-nao-ha-protocolo-que-me-faca-calar\/#breadcrumb","itemListElement":[{"@type":"ListItem","position":1,"name":"In\u00edcio","item":"https:\/\/bahiaeconomica.com.br\/wp\/"},{"@type":"ListItem","position":2,"name":"JANJA DESMENTE LULA E AFIRMA &#8220;N\u00c3O H\u00c1 PROTOCOLO QUE ME FA\u00c7A CALAR&#8221;"}]},{"@type":"WebSite","@id":"https:\/\/bahiaeconomica.com.br\/wp\/#website","url":"https:\/\/bahiaeconomica.com.br\/wp\/","name":"Bahia Economica","description":"O maior portal de Economia da Bahia","publisher":{"@id":"https:\/\/bahiaeconomica.com.br\/wp\/#organization"},"potentialAction":[{"@type":"SearchAction","target":{"@type":"EntryPoint","urlTemplate":"https:\/\/bahiaeconomica.com.br\/wp\/?s={search_term_string}"},"query-input":"required name=search_term_string"}],"inLanguage":"pt-BR"},{"@type":"Organization","@id":"https:\/\/bahiaeconomica.com.br\/wp\/#organization","name":"Bahia Econ\u00f4mica","url":"https:\/\/bahiaeconomica.com.br\/wp\/","logo":{"@type":"ImageObject","inLanguage":"pt-BR","@id":"https:\/\/bahiaeconomica.com.br\/wp\/#\/schema\/logo\/image\/","url":"https:\/\/bahiaeconomica.com.br\/wp\/wp-content\/uploads\/2020\/12\/cropped-BE.png","contentUrl":"https:\/\/bahiaeconomica.com.br\/wp\/wp-content\/uploads\/2020\/12\/cropped-BE.png","width":512,"height":512,"caption":"Bahia Econ\u00f4mica"},"image":{"@id":"https:\/\/bahiaeconomica.com.br\/wp\/#\/schema\/logo\/image\/"},"sameAs":["https:\/\/www.facebook.com\/bahiaeconomica"]},{"@type":"Person","@id":"https:\/\/bahiaeconomica.com.br\/wp\/#\/schema\/person\/3304d50cfd32353c7d08c39066638997","name":"Matheus Souza","sameAs":["http:\/\/www.bahiaeconomica.com.br"],"url":"https:\/\/bahiaeconomica.com.br\/wp\/author\/matheus-souza\/"}]}},"views":79,"_links":{"self":[{"href":"https:\/\/bahiaeconomica.com.br\/wp\/wp-json\/wp\/v2\/posts\/903982"}],"collection":[{"href":"https:\/\/bahiaeconomica.com.br\/wp\/wp-json\/wp\/v2\/posts"}],"about":[{"href":"https:\/\/bahiaeconomica.com.br\/wp\/wp-json\/wp\/v2\/types\/post"}],"author":[{"embeddable":true,"href":"https:\/\/bahiaeconomica.com.br\/wp\/wp-json\/wp\/v2\/users\/22"}],"replies":[{"embeddable":true,"href":"https:\/\/bahiaeconomica.com.br\/wp\/wp-json\/wp\/v2\/comments?post=903982"}],"version-history":[{"count":2,"href":"https:\/\/bahiaeconomica.com.br\/wp\/wp-json\/wp\/v2\/posts\/903982\/revisions"}],"predecessor-version":[{"id":904019,"href":"https:\/\/bahiaeconomica.com.br\/wp\/wp-json\/wp\/v2\/posts\/903982\/revisions\/904019"}],"wp:featuredmedia":[{"embeddable":true,"href":"https:\/\/bahiaeconomica.com.br\/wp\/wp-json\/wp\/v2\/media\/798490"}],"wp:attachment":[{"href":"https:\/\/bahiaeconomica.com.br\/wp\/wp-json\/wp\/v2\/media?parent=903982"}],"wp:term":[{"taxonomy":"category","embeddable":true,"href":"https:\/\/bahiaeconomica.com.br\/wp\/wp-json\/wp\/v2\/categories?post=903982"},{"taxonomy":"post_tag","embeddable":true,"href":"https:\/\/bahiaeconomica.com.br\/wp\/wp-json\/wp\/v2\/tags?post=903982"}],"curies":[{"name":"wp","href":"https:\/\/api.w.org\/{rel}","templated":true}]}}