{"id":903934,"date":"2025-05-19T18:03:32","date_gmt":"2025-05-19T21:03:32","guid":{"rendered":"https:\/\/bahiaeconomica.com.br\/wp\/?p=903934"},"modified":"2025-05-19T17:16:54","modified_gmt":"2025-05-19T20:16:54","slug":"mutirao-maes-em-acao-chega-a-salvador-com-foco-em-questoes-ligadas-a-pensao-alimenticia","status":"publish","type":"post","link":"https:\/\/bahiaeconomica.com.br\/wp\/2025\/05\/19\/mutirao-maes-em-acao-chega-a-salvador-com-foco-em-questoes-ligadas-a-pensao-alimenticia\/","title":{"rendered":"MUTIR\u00c3O &#8220;M\u00c3ES EM A\u00c7\u00c3O&#8221; CHEGA A SALVADOR COM FOCO EM QUEST\u00d5ES LIGADAS \u00c0 PENS\u00c3O ALIMENT\u00cdCIA"},"content":{"rendered":"<p>No pr\u00f3ximo s\u00e1bado, dia 24 de maio, a Defensoria P\u00fablica da Bahia(DPE\/BA) realiza em Salvador uma a\u00e7\u00e3o in\u00e9dita que promete transformar a realidade de muitas m\u00e3es com o mutir\u00e3o &#8220;M\u00e3es em A\u00e7\u00e3o&#8221;. Acordos e a\u00e7\u00f5es judiciais para fixa\u00e7\u00e3o de pens\u00e3o aliment\u00edcia est\u00e3o entre as quest\u00f5es que podem ser solucionadas gratuitamente durante o mutir\u00e3o. A iniciativa da DPE\/BA tem o objetivo de dar visibilidade ao papel fundamental das m\u00e3es solo, promover cidadania e oferecer apoio jur\u00eddico, emocional e social para mulheres que est\u00e3o em situa\u00e7\u00f5es de vulnerabilidade.<\/p>\n<p>Os atendimentos estar\u00e3o concentrados nas quest\u00f5es relacionadas \u00e0 pens\u00e3o aliment\u00edcia e a estimativa \u00e9 atender cerca de 400 pessoas. &#8220;A expectativa \u00e9 alcan\u00e7ar um grande n\u00famero de m\u00e3es, e atender de maneira eficiente \u00e0s m\u00e3es que compare\u00e7am ao mutir\u00e3o de modo que elas saiam do atendimento j\u00e1 com o n\u00famero do seu processo em m\u00e3os. Al\u00e9m disso, oferecer outros servi\u00e7os de maneira a qualificar a autoestima e o bem-estar para esse p\u00fablico&#8221;, explica a defensora p\u00fablica La\u00edssa Rocha, coordenadora executiva das defensorias p\u00fablicas especializadas.<\/p>\n<p>Em Salvador, a a\u00e7\u00e3o acontecer\u00e1 das 9h \u00e0s 16h no Col\u00e9gio Central e contar\u00e1 com a presen\u00e7a do Instituto Embelleze, que oferecer\u00e1 cortes de cabelo e esmalta\u00e7\u00e3o de unhas gratuitamente, visando o fortalecimento da promo\u00e7\u00e3o da autoestima e o bem-estar das m\u00e3es presentes. Tamb\u00e9m ter\u00e1 palestras sobre viol\u00eancia contra a mulher e sa\u00fade mental das m\u00e3es solo.<\/p>\n<p>De acordo com La\u00edssa, a iniciativa busca reafirmar o papel da institui\u00e7\u00e3o na promo\u00e7\u00e3o de uma maternidade digna e respaldada por direitos. &#8220;O projeto visa promover a cidadania, o acesso \u00e0 justi\u00e7a e a valoriza\u00e7\u00e3o social da maternidade, principalmente das m\u00e3es solo, garantindo que tenham resguardada a assist\u00eancia jur\u00eddica, socioassistencial e emocional necess\u00e1ria para dirimir as dificuldades encontradas no desafio de chefiar sozinhas uma fam\u00edlia&#8221;, ressalta.<\/p>\n<p>O &#8220;M\u00e3es em A\u00e7\u00e3o&#8221; j\u00e1 passou por diversas cidades do interior do estado, como Santo Amaro, Brumado, Amargosa, levando atendimento a m\u00e3es de v\u00e1rias regi\u00f5es baianas. Com isso, a DPE\/BA visa garantir que as m\u00e3es solo tenham assegurados os recursos necess\u00e1rios para a subsist\u00eancia de seus filhos, al\u00e9m de promover a seguran\u00e7a alimentar das fam\u00edlias em situa\u00e7\u00e3o de desamparo.<\/p>\n<p>Foto: Reprodu\u00e7\u00e3o\/Google Street View<\/p>\n","protected":false},"excerpt":{"rendered":"<p>No pr\u00f3ximo s\u00e1bado, dia 24 de maio, a Defensoria P\u00fablica da Bahia(DPE\/BA) realiza em Salvador uma a\u00e7\u00e3o in\u00e9dita que promete transformar a realidade de muitas m\u00e3es com o mutir\u00e3o &#8220;M\u00e3es em A\u00e7\u00e3o&#8221;. Acordos e a\u00e7\u00f5es judiciais para fixa\u00e7\u00e3o de pens\u00e3o aliment\u00edcia est\u00e3o entre as quest\u00f5es que podem ser solucionadas gratuitamente durante o mutir\u00e3o. A iniciativa [&hellip;]<\/p>\n","protected":false},"author":16,"featured_media":903945,"comment_status":"closed","ping_status":"closed","sticky":false,"template":"","format":"standard","meta":[],"categories":[5],"tags":[1036,39054,73],"acf":[],"yoast_head":"<!-- This site is optimized with the Yoast SEO plugin v20.8 - https:\/\/yoast.com\/wordpress\/plugins\/seo\/ -->\n<title>MUTIR\u00c3O &quot;M\u00c3ES EM A\u00c7\u00c3O&quot; CHEGA A SALVADOR COM FOCO EM QUEST\u00d5ES LIGADAS \u00c0 PENS\u00c3O ALIMENT\u00cdCIA - Bahia Economica<\/title>\n<meta name=\"description\" content=\"O maior portal de Economia da Bahia MUNIC\u00cdPIOS Bahia Economica\" \/>\n<meta name=\"robots\" content=\"index, follow, max-snippet:-1, max-image-preview:large, max-video-preview:-1\" \/>\n<link rel=\"canonical\" href=\"https:\/\/bahiaeconomica.com.br\/wp\/2025\/05\/19\/mutirao-maes-em-acao-chega-a-salvador-com-foco-em-questoes-ligadas-a-pensao-alimenticia\/\" \/>\n<meta property=\"og:locale\" content=\"pt_BR\" \/>\n<meta property=\"og:type\" content=\"article\" \/>\n<meta property=\"og:title\" content=\"MUTIR\u00c3O &quot;M\u00c3ES EM A\u00c7\u00c3O&quot; CHEGA A SALVADOR COM FOCO EM QUEST\u00d5ES LIGADAS \u00c0 PENS\u00c3O ALIMENT\u00cdCIA - Bahia Economica\" \/>\n<meta property=\"og:description\" content=\"O maior portal de Economia da Bahia MUNIC\u00cdPIOS Bahia Economica\" \/>\n<meta property=\"og:url\" content=\"https:\/\/bahiaeconomica.com.br\/wp\/2025\/05\/19\/mutirao-maes-em-acao-chega-a-salvador-com-foco-em-questoes-ligadas-a-pensao-alimenticia\/\" \/>\n<meta property=\"og:site_name\" content=\"Bahia Economica\" \/>\n<meta property=\"article:publisher\" content=\"https:\/\/www.facebook.com\/bahiaeconomica\" \/>\n<meta property=\"article:published_time\" content=\"2025-05-19T21:03:32+00:00\" \/>\n<meta property=\"article:modified_time\" content=\"2025-05-19T20:16:54+00:00\" \/>\n<meta property=\"og:image\" content=\"https:\/\/bahiaeconomica.com.br\/wp\/wp-content\/uploads\/2025\/05\/sede-da-defensoria-publica-da-bahia-em-Salvador.png\" \/>\n\t<meta property=\"og:image:width\" content=\"600\" \/>\n\t<meta property=\"og:image:height\" content=\"420\" \/>\n\t<meta property=\"og:image:type\" content=\"image\/png\" \/>\n<meta name=\"author\" content=\"LUIZA NASCIMENTO\" \/>\n<meta name=\"twitter:card\" content=\"summary_large_image\" \/>\n<meta name=\"twitter:label1\" content=\"Escrito por\" \/>\n\t<meta name=\"twitter:data1\" content=\"LUIZA NASCIMENTO\" \/>\n\t<meta name=\"twitter:label2\" content=\"Est. tempo de leitura\" \/>\n\t<meta name=\"twitter:data2\" content=\"2 minutos\" \/>\n<script type=\"application\/ld+json\" class=\"yoast-schema-graph\">{\"@context\":\"https:\/\/schema.org\",\"@graph\":[{\"@type\":\"Article\",\"@id\":\"https:\/\/bahiaeconomica.com.br\/wp\/2025\/05\/19\/mutirao-maes-em-acao-chega-a-salvador-com-foco-em-questoes-ligadas-a-pensao-alimenticia\/#article\",\"isPartOf\":{\"@id\":\"https:\/\/bahiaeconomica.com.br\/wp\/2025\/05\/19\/mutirao-maes-em-acao-chega-a-salvador-com-foco-em-questoes-ligadas-a-pensao-alimenticia\/\"},\"author\":{\"name\":\"LUIZA NASCIMENTO\",\"@id\":\"https:\/\/bahiaeconomica.com.br\/wp\/#\/schema\/person\/18273ac0fe04bfd4e7b101bf17d40152\"},\"headline\":\"MUTIR\u00c3O &#8220;M\u00c3ES EM A\u00c7\u00c3O&#8221; CHEGA A SALVADOR COM FOCO EM QUEST\u00d5ES LIGADAS \u00c0 PENS\u00c3O ALIMENT\u00cdCIA\",\"datePublished\":\"2025-05-19T21:03:32+00:00\",\"dateModified\":\"2025-05-19T20:16:54+00:00\",\"mainEntityOfPage\":{\"@id\":\"https:\/\/bahiaeconomica.com.br\/wp\/2025\/05\/19\/mutirao-maes-em-acao-chega-a-salvador-com-foco-em-questoes-ligadas-a-pensao-alimenticia\/\"},\"wordCount\":446,\"publisher\":{\"@id\":\"https:\/\/bahiaeconomica.com.br\/wp\/#organization\"},\"keywords\":[\"Defensoria P\u00fablica\",\"M\u00c3ES EM A\u00c7\u00c3O\",\"Salvador\"],\"articleSection\":[\"MUNIC\u00cdPIOS\"],\"inLanguage\":\"pt-BR\"},{\"@type\":\"WebPage\",\"@id\":\"https:\/\/bahiaeconomica.com.br\/wp\/2025\/05\/19\/mutirao-maes-em-acao-chega-a-salvador-com-foco-em-questoes-ligadas-a-pensao-alimenticia\/\",\"url\":\"https:\/\/bahiaeconomica.com.br\/wp\/2025\/05\/19\/mutirao-maes-em-acao-chega-a-salvador-com-foco-em-questoes-ligadas-a-pensao-alimenticia\/\",\"name\":\"MUTIR\u00c3O \\\"M\u00c3ES EM A\u00c7\u00c3O\\\" CHEGA A SALVADOR COM FOCO EM QUEST\u00d5ES LIGADAS \u00c0 PENS\u00c3O ALIMENT\u00cdCIA - Bahia Economica\",\"isPartOf\":{\"@id\":\"https:\/\/bahiaeconomica.com.br\/wp\/#website\"},\"datePublished\":\"2025-05-19T21:03:32+00:00\",\"dateModified\":\"2025-05-19T20:16:54+00:00\",\"description\":\"O maior portal de Economia da Bahia MUNIC\u00cdPIOS Bahia Economica\",\"breadcrumb\":{\"@id\":\"https:\/\/bahiaeconomica.com.br\/wp\/2025\/05\/19\/mutirao-maes-em-acao-chega-a-salvador-com-foco-em-questoes-ligadas-a-pensao-alimenticia\/#breadcrumb\"},\"inLanguage\":\"pt-BR\",\"potentialAction\":[{\"@type\":\"ReadAction\",\"target\":[\"https:\/\/bahiaeconomica.com.br\/wp\/2025\/05\/19\/mutirao-maes-em-acao-chega-a-salvador-com-foco-em-questoes-ligadas-a-pensao-alimenticia\/\"]}]},{\"@type\":\"BreadcrumbList\",\"@id\":\"https:\/\/bahiaeconomica.com.br\/wp\/2025\/05\/19\/mutirao-maes-em-acao-chega-a-salvador-com-foco-em-questoes-ligadas-a-pensao-alimenticia\/#breadcrumb\",\"itemListElement\":[{\"@type\":\"ListItem\",\"position\":1,\"name\":\"In\u00edcio\",\"item\":\"https:\/\/bahiaeconomica.com.br\/wp\/\"},{\"@type\":\"ListItem\",\"position\":2,\"name\":\"MUTIR\u00c3O &#8220;M\u00c3ES EM A\u00c7\u00c3O&#8221; CHEGA A SALVADOR COM FOCO EM QUEST\u00d5ES LIGADAS \u00c0 PENS\u00c3O ALIMENT\u00cdCIA\"}]},{\"@type\":\"WebSite\",\"@id\":\"https:\/\/bahiaeconomica.com.br\/wp\/#website\",\"url\":\"https:\/\/bahiaeconomica.com.br\/wp\/\",\"name\":\"Bahia Economica\",\"description\":\"O maior portal de Economia da Bahia\",\"publisher\":{\"@id\":\"https:\/\/bahiaeconomica.com.br\/wp\/#organization\"},\"potentialAction\":[{\"@type\":\"SearchAction\",\"target\":{\"@type\":\"EntryPoint\",\"urlTemplate\":\"https:\/\/bahiaeconomica.com.br\/wp\/?s={search_term_string}\"},\"query-input\":\"required name=search_term_string\"}],\"inLanguage\":\"pt-BR\"},{\"@type\":\"Organization\",\"@id\":\"https:\/\/bahiaeconomica.com.br\/wp\/#organization\",\"name\":\"Bahia Econ\u00f4mica\",\"url\":\"https:\/\/bahiaeconomica.com.br\/wp\/\",\"logo\":{\"@type\":\"ImageObject\",\"inLanguage\":\"pt-BR\",\"@id\":\"https:\/\/bahiaeconomica.com.br\/wp\/#\/schema\/logo\/image\/\",\"url\":\"https:\/\/bahiaeconomica.com.br\/wp\/wp-content\/uploads\/2020\/12\/cropped-BE.png\",\"contentUrl\":\"https:\/\/bahiaeconomica.com.br\/wp\/wp-content\/uploads\/2020\/12\/cropped-BE.png\",\"width\":512,\"height\":512,\"caption\":\"Bahia Econ\u00f4mica\"},\"image\":{\"@id\":\"https:\/\/bahiaeconomica.com.br\/wp\/#\/schema\/logo\/image\/\"},\"sameAs\":[\"https:\/\/www.facebook.com\/bahiaeconomica\"]},{\"@type\":\"Person\",\"@id\":\"https:\/\/bahiaeconomica.com.br\/wp\/#\/schema\/person\/18273ac0fe04bfd4e7b101bf17d40152\",\"name\":\"LUIZA NASCIMENTO\",\"sameAs\":[\"http:\/\/www.bahiaeconomica.com.br\"],\"url\":\"https:\/\/bahiaeconomica.com.br\/wp\/author\/luiza-nascimento\/\"}]}<\/script>\n<!-- \/ Yoast SEO plugin. -->","yoast_head_json":{"title":"MUTIR\u00c3O \"M\u00c3ES EM A\u00c7\u00c3O\" CHEGA A SALVADOR COM FOCO EM QUEST\u00d5ES LIGADAS \u00c0 PENS\u00c3O ALIMENT\u00cdCIA - Bahia Economica","description":"O maior portal de Economia da Bahia MUNIC\u00cdPIOS Bahia Economica","robots":{"index":"index","follow":"follow","max-snippet":"max-snippet:-1","max-image-preview":"max-image-preview:large","max-video-preview":"max-video-preview:-1"},"canonical":"https:\/\/bahiaeconomica.com.br\/wp\/2025\/05\/19\/mutirao-maes-em-acao-chega-a-salvador-com-foco-em-questoes-ligadas-a-pensao-alimenticia\/","og_locale":"pt_BR","og_type":"article","og_title":"MUTIR\u00c3O \"M\u00c3ES EM A\u00c7\u00c3O\" CHEGA A SALVADOR COM FOCO EM QUEST\u00d5ES LIGADAS \u00c0 PENS\u00c3O ALIMENT\u00cdCIA - Bahia Economica","og_description":"O maior portal de Economia da Bahia MUNIC\u00cdPIOS Bahia Economica","og_url":"https:\/\/bahiaeconomica.com.br\/wp\/2025\/05\/19\/mutirao-maes-em-acao-chega-a-salvador-com-foco-em-questoes-ligadas-a-pensao-alimenticia\/","og_site_name":"Bahia Economica","article_publisher":"https:\/\/www.facebook.com\/bahiaeconomica","article_published_time":"2025-05-19T21:03:32+00:00","article_modified_time":"2025-05-19T20:16:54+00:00","og_image":[{"width":600,"height":420,"url":"https:\/\/bahiaeconomica.com.br\/wp\/wp-content\/uploads\/2025\/05\/sede-da-defensoria-publica-da-bahia-em-Salvador.png","type":"image\/png"}],"author":"LUIZA NASCIMENTO","twitter_card":"summary_large_image","twitter_misc":{"Escrito por":"LUIZA NASCIMENTO","Est. tempo de leitura":"2 minutos"},"schema":{"@context":"https:\/\/schema.org","@graph":[{"@type":"Article","@id":"https:\/\/bahiaeconomica.com.br\/wp\/2025\/05\/19\/mutirao-maes-em-acao-chega-a-salvador-com-foco-em-questoes-ligadas-a-pensao-alimenticia\/#article","isPartOf":{"@id":"https:\/\/bahiaeconomica.com.br\/wp\/2025\/05\/19\/mutirao-maes-em-acao-chega-a-salvador-com-foco-em-questoes-ligadas-a-pensao-alimenticia\/"},"author":{"name":"LUIZA NASCIMENTO","@id":"https:\/\/bahiaeconomica.com.br\/wp\/#\/schema\/person\/18273ac0fe04bfd4e7b101bf17d40152"},"headline":"MUTIR\u00c3O &#8220;M\u00c3ES EM A\u00c7\u00c3O&#8221; CHEGA A SALVADOR COM FOCO EM QUEST\u00d5ES LIGADAS \u00c0 PENS\u00c3O ALIMENT\u00cdCIA","datePublished":"2025-05-19T21:03:32+00:00","dateModified":"2025-05-19T20:16:54+00:00","mainEntityOfPage":{"@id":"https:\/\/bahiaeconomica.com.br\/wp\/2025\/05\/19\/mutirao-maes-em-acao-chega-a-salvador-com-foco-em-questoes-ligadas-a-pensao-alimenticia\/"},"wordCount":446,"publisher":{"@id":"https:\/\/bahiaeconomica.com.br\/wp\/#organization"},"keywords":["Defensoria P\u00fablica","M\u00c3ES EM A\u00c7\u00c3O","Salvador"],"articleSection":["MUNIC\u00cdPIOS"],"inLanguage":"pt-BR"},{"@type":"WebPage","@id":"https:\/\/bahiaeconomica.com.br\/wp\/2025\/05\/19\/mutirao-maes-em-acao-chega-a-salvador-com-foco-em-questoes-ligadas-a-pensao-alimenticia\/","url":"https:\/\/bahiaeconomica.com.br\/wp\/2025\/05\/19\/mutirao-maes-em-acao-chega-a-salvador-com-foco-em-questoes-ligadas-a-pensao-alimenticia\/","name":"MUTIR\u00c3O \"M\u00c3ES EM A\u00c7\u00c3O\" CHEGA A SALVADOR COM FOCO EM QUEST\u00d5ES LIGADAS \u00c0 PENS\u00c3O ALIMENT\u00cdCIA - Bahia Economica","isPartOf":{"@id":"https:\/\/bahiaeconomica.com.br\/wp\/#website"},"datePublished":"2025-05-19T21:03:32+00:00","dateModified":"2025-05-19T20:16:54+00:00","description":"O maior portal de Economia da Bahia MUNIC\u00cdPIOS Bahia Economica","breadcrumb":{"@id":"https:\/\/bahiaeconomica.com.br\/wp\/2025\/05\/19\/mutirao-maes-em-acao-chega-a-salvador-com-foco-em-questoes-ligadas-a-pensao-alimenticia\/#breadcrumb"},"inLanguage":"pt-BR","potentialAction":[{"@type":"ReadAction","target":["https:\/\/bahiaeconomica.com.br\/wp\/2025\/05\/19\/mutirao-maes-em-acao-chega-a-salvador-com-foco-em-questoes-ligadas-a-pensao-alimenticia\/"]}]},{"@type":"BreadcrumbList","@id":"https:\/\/bahiaeconomica.com.br\/wp\/2025\/05\/19\/mutirao-maes-em-acao-chega-a-salvador-com-foco-em-questoes-ligadas-a-pensao-alimenticia\/#breadcrumb","itemListElement":[{"@type":"ListItem","position":1,"name":"In\u00edcio","item":"https:\/\/bahiaeconomica.com.br\/wp\/"},{"@type":"ListItem","position":2,"name":"MUTIR\u00c3O &#8220;M\u00c3ES EM A\u00c7\u00c3O&#8221; CHEGA A SALVADOR COM FOCO EM QUEST\u00d5ES LIGADAS \u00c0 PENS\u00c3O ALIMENT\u00cdCIA"}]},{"@type":"WebSite","@id":"https:\/\/bahiaeconomica.com.br\/wp\/#website","url":"https:\/\/bahiaeconomica.com.br\/wp\/","name":"Bahia Economica","description":"O maior portal de Economia da Bahia","publisher":{"@id":"https:\/\/bahiaeconomica.com.br\/wp\/#organization"},"potentialAction":[{"@type":"SearchAction","target":{"@type":"EntryPoint","urlTemplate":"https:\/\/bahiaeconomica.com.br\/wp\/?s={search_term_string}"},"query-input":"required name=search_term_string"}],"inLanguage":"pt-BR"},{"@type":"Organization","@id":"https:\/\/bahiaeconomica.com.br\/wp\/#organization","name":"Bahia Econ\u00f4mica","url":"https:\/\/bahiaeconomica.com.br\/wp\/","logo":{"@type":"ImageObject","inLanguage":"pt-BR","@id":"https:\/\/bahiaeconomica.com.br\/wp\/#\/schema\/logo\/image\/","url":"https:\/\/bahiaeconomica.com.br\/wp\/wp-content\/uploads\/2020\/12\/cropped-BE.png","contentUrl":"https:\/\/bahiaeconomica.com.br\/wp\/wp-content\/uploads\/2020\/12\/cropped-BE.png","width":512,"height":512,"caption":"Bahia Econ\u00f4mica"},"image":{"@id":"https:\/\/bahiaeconomica.com.br\/wp\/#\/schema\/logo\/image\/"},"sameAs":["https:\/\/www.facebook.com\/bahiaeconomica"]},{"@type":"Person","@id":"https:\/\/bahiaeconomica.com.br\/wp\/#\/schema\/person\/18273ac0fe04bfd4e7b101bf17d40152","name":"LUIZA NASCIMENTO","sameAs":["http:\/\/www.bahiaeconomica.com.br"],"url":"https:\/\/bahiaeconomica.com.br\/wp\/author\/luiza-nascimento\/"}]}},"views":19,"_links":{"self":[{"href":"https:\/\/bahiaeconomica.com.br\/wp\/wp-json\/wp\/v2\/posts\/903934"}],"collection":[{"href":"https:\/\/bahiaeconomica.com.br\/wp\/wp-json\/wp\/v2\/posts"}],"about":[{"href":"https:\/\/bahiaeconomica.com.br\/wp\/wp-json\/wp\/v2\/types\/post"}],"author":[{"embeddable":true,"href":"https:\/\/bahiaeconomica.com.br\/wp\/wp-json\/wp\/v2\/users\/16"}],"replies":[{"embeddable":true,"href":"https:\/\/bahiaeconomica.com.br\/wp\/wp-json\/wp\/v2\/comments?post=903934"}],"version-history":[{"count":1,"href":"https:\/\/bahiaeconomica.com.br\/wp\/wp-json\/wp\/v2\/posts\/903934\/revisions"}],"predecessor-version":[{"id":903948,"href":"https:\/\/bahiaeconomica.com.br\/wp\/wp-json\/wp\/v2\/posts\/903934\/revisions\/903948"}],"wp:featuredmedia":[{"embeddable":true,"href":"https:\/\/bahiaeconomica.com.br\/wp\/wp-json\/wp\/v2\/media\/903945"}],"wp:attachment":[{"href":"https:\/\/bahiaeconomica.com.br\/wp\/wp-json\/wp\/v2\/media?parent=903934"}],"wp:term":[{"taxonomy":"category","embeddable":true,"href":"https:\/\/bahiaeconomica.com.br\/wp\/wp-json\/wp\/v2\/categories?post=903934"},{"taxonomy":"post_tag","embeddable":true,"href":"https:\/\/bahiaeconomica.com.br\/wp\/wp-json\/wp\/v2\/tags?post=903934"}],"curies":[{"name":"wp","href":"https:\/\/api.w.org\/{rel}","templated":true}]}}