{"id":903748,"date":"2025-05-19T11:20:16","date_gmt":"2025-05-19T14:20:16","guid":{"rendered":"https:\/\/bahiaeconomica.com.br\/wp\/?p=903748"},"modified":"2025-05-19T11:25:36","modified_gmt":"2025-05-19T14:25:36","slug":"dia-do-pedagogo-reforca-a-importancia-do-cuidado-com-quem-educa","status":"publish","type":"post","link":"https:\/\/bahiaeconomica.com.br\/wp\/2025\/05\/19\/dia-do-pedagogo-reforca-a-importancia-do-cuidado-com-quem-educa\/","title":{"rendered":"DIA DO PEDAGOGO REFOR\u00c7A A IMPORT\u00c2NCIA DO CUIDADO COM QUEM EDUCA"},"content":{"rendered":"<p>Nesta ter\u00e7a-feira (20) \u00e9 celebrado o Dia do Pedagogo, data institu\u00edda pela Lei n\u00ba 13.083\/2015 com o objetivo de valorizar os profissionais que atuam na constru\u00e7\u00e3o de pr\u00e1ticas educacionais, desde o planejamento at\u00e9 a avalia\u00e7\u00e3o do processo de ensino-aprendizagem. Em um cen\u00e1rio cada vez mais desafiador, marcado por transforma\u00e7\u00f5es sociais, tecnol\u00f3gicas e emocionais, os pedagogos enfrentam n\u00e3o apenas a responsabilidade de formar cidad\u00e3os, mas tamb\u00e9m o peso de um ambiente de trabalho que nem sempre oferece o suporte necess\u00e1rio.<\/p>\n<p>De acordo com estudo da Universidade Federal de S\u00e3o Paulo (Unifesp), 71% dos professores brasileiros relatam estresse por sobrecarga, e cerca de um ter\u00e7o apresenta sinais da s\u00edndrome de burnout. A adapta\u00e7\u00e3o \u00e0s novas tecnologias educacionais tamb\u00e9m tem gerado impactos: 44,9% dos docentes apontam esgotamento decorrente dessas exig\u00eancias. Para Selma Brito, diretora pedag\u00f3gica do Col\u00e9gio Villa Global Education, \u00e9 urgente reconhecer e apoiar esses profissionais em todas as suas frentes de atua\u00e7\u00e3o \u2014 seja na sala de aula, na orienta\u00e7\u00e3o educacional ou na gest\u00e3o escolar.<\/p>\n<p>\u201cO pedagogo \u00e9 o elo entre o aluno, a escola e a sociedade. Cuidar do bem-estar desse profissional \u00e9 essencial para garantir uma educa\u00e7\u00e3o de qualidade. Precisamos de pol\u00edticas p\u00fablicas que reconhe\u00e7am sua import\u00e2ncia e ofere\u00e7am suporte efetivo\u201d, destaca Brito. A valoriza\u00e7\u00e3o da profiss\u00e3o passa por a\u00e7\u00f5es concretas, como melhores condi\u00e7\u00f5es de trabalho, forma\u00e7\u00e3o continuada e aten\u00e7\u00e3o \u00e0 sa\u00fade mental. Sem esse olhar cuidadoso, o pa\u00eds corre o risco de enfrentar um d\u00e9ficit estimado de 235 mil professores na educa\u00e7\u00e3o b\u00e1sica at\u00e9 2040, segundo dados divulgados pelo Jornal da USP em fevereiro deste ano.<\/p>\n<p>Comprometido com uma educa\u00e7\u00e3o integral, o Villa Global Education entende que, para formar alunos fortes e felizes \u00e9 igualmente essencial cuidar de quem ensina. Por isso, criou o Villa Happiness Center, um espa\u00e7o dedicado ao bem-estar e desenvolvimento emocional dos seus alunos, fam\u00edlias e colaboradores. Inspirado em pr\u00e1ticas internacionais e fundamentado na Ci\u00eancia da Felicidade, o centro promove a\u00e7\u00f5es que contemplam aspectos f\u00edsicos, emocionais, intelectuais, relacionais e espirituais da experi\u00eancia humana. A iniciativa refor\u00e7a o compromisso da escola com a forma\u00e7\u00e3o de indiv\u00edduos completos, atuando como um pilar de inova\u00e7\u00e3o e pioneirismo no cen\u00e1rio educacional brasileiro.<\/p>\n<p>O Villa Happiness Center \u00e9 mais do que um diferencial \u2014 \u00e9 uma resposta concreta \u00e0s demandas contempor\u00e2neas da educa\u00e7\u00e3o, demonstrando que cuidar das pessoas, em especial dos educadores, \u00e9 uma condi\u00e7\u00e3o indispens\u00e1vel para transformar o futuro.<\/p>\n","protected":false},"excerpt":{"rendered":"<p>Nesta ter\u00e7a-feira (20) \u00e9 celebrado o Dia do Pedagogo, data institu\u00edda pela Lei n\u00ba 13.083\/2015 com o objetivo de valorizar os profissionais que atuam na constru\u00e7\u00e3o de pr\u00e1ticas educacionais, desde o planejamento at\u00e9 a avalia\u00e7\u00e3o do processo de ensino-aprendizagem. Em um cen\u00e1rio cada vez mais desafiador, marcado por transforma\u00e7\u00f5es sociais, tecnol\u00f3gicas e emocionais, os pedagogos [&hellip;]<\/p>\n","protected":false},"author":8,"featured_media":903749,"comment_status":"closed","ping_status":"closed","sticky":false,"template":"","format":"standard","meta":[],"categories":[21],"tags":[567,39036,100],"acf":[],"yoast_head":"<!-- This site is optimized with the Yoast SEO plugin v20.8 - https:\/\/yoast.com\/wordpress\/plugins\/seo\/ -->\n<title>DIA DO PEDAGOGO REFOR\u00c7A A IMPORT\u00c2NCIA DO CUIDADO COM QUEM EDUCA - Bahia Economica<\/title>\n<meta name=\"description\" content=\"O maior portal de Economia da Bahia Sa\u00fade \/ Educa\u00e7\u00e3o Bahia Economica Comprometido com uma educa\u00e7\u00e3o integral, o Villa Global Education e\" \/>\n<meta name=\"robots\" content=\"index, follow, max-snippet:-1, max-image-preview:large, max-video-preview:-1\" \/>\n<link rel=\"canonical\" href=\"https:\/\/bahiaeconomica.com.br\/wp\/2025\/05\/19\/dia-do-pedagogo-reforca-a-importancia-do-cuidado-com-quem-educa\/\" \/>\n<meta property=\"og:locale\" content=\"pt_BR\" \/>\n<meta property=\"og:type\" content=\"article\" \/>\n<meta property=\"og:title\" content=\"DIA DO PEDAGOGO REFOR\u00c7A A IMPORT\u00c2NCIA DO CUIDADO COM QUEM EDUCA - Bahia Economica\" \/>\n<meta property=\"og:description\" content=\"O maior portal de Economia da Bahia Sa\u00fade \/ Educa\u00e7\u00e3o Bahia Economica Comprometido com uma educa\u00e7\u00e3o integral, o Villa Global Education e\" \/>\n<meta property=\"og:url\" content=\"https:\/\/bahiaeconomica.com.br\/wp\/2025\/05\/19\/dia-do-pedagogo-reforca-a-importancia-do-cuidado-com-quem-educa\/\" \/>\n<meta property=\"og:site_name\" content=\"Bahia Economica\" \/>\n<meta property=\"article:publisher\" content=\"https:\/\/www.facebook.com\/bahiaeconomica\" \/>\n<meta property=\"article:published_time\" content=\"2025-05-19T14:20:16+00:00\" \/>\n<meta property=\"article:modified_time\" content=\"2025-05-19T14:25:36+00:00\" \/>\n<meta property=\"og:image\" content=\"https:\/\/bahiaeconomica.com.br\/wp\/wp-content\/uploads\/2025\/05\/WhatsApp-Image-2025-05-19-at-11.20.39.jpeg\" \/>\n\t<meta property=\"og:image:width\" content=\"1280\" \/>\n\t<meta property=\"og:image:height\" content=\"932\" \/>\n\t<meta property=\"og:image:type\" content=\"image\/jpeg\" \/>\n<meta name=\"author\" content=\"JP\" \/>\n<meta name=\"twitter:card\" content=\"summary_large_image\" \/>\n<meta name=\"twitter:label1\" content=\"Escrito por\" \/>\n\t<meta name=\"twitter:data1\" content=\"JP\" \/>\n\t<meta name=\"twitter:label2\" content=\"Est. tempo de leitura\" \/>\n\t<meta name=\"twitter:data2\" content=\"3 minutos\" \/>\n<script type=\"application\/ld+json\" class=\"yoast-schema-graph\">{\"@context\":\"https:\/\/schema.org\",\"@graph\":[{\"@type\":\"Article\",\"@id\":\"https:\/\/bahiaeconomica.com.br\/wp\/2025\/05\/19\/dia-do-pedagogo-reforca-a-importancia-do-cuidado-com-quem-educa\/#article\",\"isPartOf\":{\"@id\":\"https:\/\/bahiaeconomica.com.br\/wp\/2025\/05\/19\/dia-do-pedagogo-reforca-a-importancia-do-cuidado-com-quem-educa\/\"},\"author\":{\"name\":\"JP\",\"@id\":\"https:\/\/bahiaeconomica.com.br\/wp\/#\/schema\/person\/c86d3a3f8960425a0f9d0e5245991f4e\"},\"headline\":\"DIA DO PEDAGOGO REFOR\u00c7A A IMPORT\u00c2NCIA DO CUIDADO COM QUEM EDUCA\",\"datePublished\":\"2025-05-19T14:20:16+00:00\",\"dateModified\":\"2025-05-19T14:25:36+00:00\",\"mainEntityOfPage\":{\"@id\":\"https:\/\/bahiaeconomica.com.br\/wp\/2025\/05\/19\/dia-do-pedagogo-reforca-a-importancia-do-cuidado-com-quem-educa\/\"},\"wordCount\":444,\"publisher\":{\"@id\":\"https:\/\/bahiaeconomica.com.br\/wp\/#organization\"},\"keywords\":[\"Educa\u00e7\u00e3o\",\"PEDAGOGO\",\"Pol\u00edtica\"],\"articleSection\":[\"Sa\u00fade \/ Educa\u00e7\u00e3o\"],\"inLanguage\":\"pt-BR\"},{\"@type\":\"WebPage\",\"@id\":\"https:\/\/bahiaeconomica.com.br\/wp\/2025\/05\/19\/dia-do-pedagogo-reforca-a-importancia-do-cuidado-com-quem-educa\/\",\"url\":\"https:\/\/bahiaeconomica.com.br\/wp\/2025\/05\/19\/dia-do-pedagogo-reforca-a-importancia-do-cuidado-com-quem-educa\/\",\"name\":\"DIA DO PEDAGOGO REFOR\u00c7A A IMPORT\u00c2NCIA DO CUIDADO COM QUEM EDUCA - Bahia Economica\",\"isPartOf\":{\"@id\":\"https:\/\/bahiaeconomica.com.br\/wp\/#website\"},\"datePublished\":\"2025-05-19T14:20:16+00:00\",\"dateModified\":\"2025-05-19T14:25:36+00:00\",\"description\":\"O maior portal de Economia da Bahia Sa\u00fade \/ Educa\u00e7\u00e3o Bahia Economica Comprometido com uma educa\u00e7\u00e3o integral, o Villa Global Education e\",\"breadcrumb\":{\"@id\":\"https:\/\/bahiaeconomica.com.br\/wp\/2025\/05\/19\/dia-do-pedagogo-reforca-a-importancia-do-cuidado-com-quem-educa\/#breadcrumb\"},\"inLanguage\":\"pt-BR\",\"potentialAction\":[{\"@type\":\"ReadAction\",\"target\":[\"https:\/\/bahiaeconomica.com.br\/wp\/2025\/05\/19\/dia-do-pedagogo-reforca-a-importancia-do-cuidado-com-quem-educa\/\"]}]},{\"@type\":\"BreadcrumbList\",\"@id\":\"https:\/\/bahiaeconomica.com.br\/wp\/2025\/05\/19\/dia-do-pedagogo-reforca-a-importancia-do-cuidado-com-quem-educa\/#breadcrumb\",\"itemListElement\":[{\"@type\":\"ListItem\",\"position\":1,\"name\":\"In\u00edcio\",\"item\":\"https:\/\/bahiaeconomica.com.br\/wp\/\"},{\"@type\":\"ListItem\",\"position\":2,\"name\":\"DIA DO PEDAGOGO REFOR\u00c7A A IMPORT\u00c2NCIA DO CUIDADO COM QUEM EDUCA\"}]},{\"@type\":\"WebSite\",\"@id\":\"https:\/\/bahiaeconomica.com.br\/wp\/#website\",\"url\":\"https:\/\/bahiaeconomica.com.br\/wp\/\",\"name\":\"Bahia Economica\",\"description\":\"O maior portal de Economia da Bahia\",\"publisher\":{\"@id\":\"https:\/\/bahiaeconomica.com.br\/wp\/#organization\"},\"potentialAction\":[{\"@type\":\"SearchAction\",\"target\":{\"@type\":\"EntryPoint\",\"urlTemplate\":\"https:\/\/bahiaeconomica.com.br\/wp\/?s={search_term_string}\"},\"query-input\":\"required name=search_term_string\"}],\"inLanguage\":\"pt-BR\"},{\"@type\":\"Organization\",\"@id\":\"https:\/\/bahiaeconomica.com.br\/wp\/#organization\",\"name\":\"Bahia Econ\u00f4mica\",\"url\":\"https:\/\/bahiaeconomica.com.br\/wp\/\",\"logo\":{\"@type\":\"ImageObject\",\"inLanguage\":\"pt-BR\",\"@id\":\"https:\/\/bahiaeconomica.com.br\/wp\/#\/schema\/logo\/image\/\",\"url\":\"https:\/\/bahiaeconomica.com.br\/wp\/wp-content\/uploads\/2020\/12\/cropped-BE.png\",\"contentUrl\":\"https:\/\/bahiaeconomica.com.br\/wp\/wp-content\/uploads\/2020\/12\/cropped-BE.png\",\"width\":512,\"height\":512,\"caption\":\"Bahia Econ\u00f4mica\"},\"image\":{\"@id\":\"https:\/\/bahiaeconomica.com.br\/wp\/#\/schema\/logo\/image\/\"},\"sameAs\":[\"https:\/\/www.facebook.com\/bahiaeconomica\"]},{\"@type\":\"Person\",\"@id\":\"https:\/\/bahiaeconomica.com.br\/wp\/#\/schema\/person\/c86d3a3f8960425a0f9d0e5245991f4e\",\"name\":\"JP\",\"sameAs\":[\"https:\/\/bahiaeconomica.com.br\/wp\/beta\/\"],\"url\":\"https:\/\/bahiaeconomica.com.br\/wp\/author\/jp\/\"}]}<\/script>\n<!-- \/ Yoast SEO plugin. -->","yoast_head_json":{"title":"DIA DO PEDAGOGO REFOR\u00c7A A IMPORT\u00c2NCIA DO CUIDADO COM QUEM EDUCA - Bahia Economica","description":"O maior portal de Economia da Bahia Sa\u00fade \/ Educa\u00e7\u00e3o Bahia Economica Comprometido com uma educa\u00e7\u00e3o integral, o Villa Global Education e","robots":{"index":"index","follow":"follow","max-snippet":"max-snippet:-1","max-image-preview":"max-image-preview:large","max-video-preview":"max-video-preview:-1"},"canonical":"https:\/\/bahiaeconomica.com.br\/wp\/2025\/05\/19\/dia-do-pedagogo-reforca-a-importancia-do-cuidado-com-quem-educa\/","og_locale":"pt_BR","og_type":"article","og_title":"DIA DO PEDAGOGO REFOR\u00c7A A IMPORT\u00c2NCIA DO CUIDADO COM QUEM EDUCA - Bahia Economica","og_description":"O maior portal de Economia da Bahia Sa\u00fade \/ Educa\u00e7\u00e3o Bahia Economica Comprometido com uma educa\u00e7\u00e3o integral, o Villa Global Education e","og_url":"https:\/\/bahiaeconomica.com.br\/wp\/2025\/05\/19\/dia-do-pedagogo-reforca-a-importancia-do-cuidado-com-quem-educa\/","og_site_name":"Bahia Economica","article_publisher":"https:\/\/www.facebook.com\/bahiaeconomica","article_published_time":"2025-05-19T14:20:16+00:00","article_modified_time":"2025-05-19T14:25:36+00:00","og_image":[{"width":1280,"height":932,"url":"https:\/\/bahiaeconomica.com.br\/wp\/wp-content\/uploads\/2025\/05\/WhatsApp-Image-2025-05-19-at-11.20.39.jpeg","type":"image\/jpeg"}],"author":"JP","twitter_card":"summary_large_image","twitter_misc":{"Escrito por":"JP","Est. tempo de leitura":"3 minutos"},"schema":{"@context":"https:\/\/schema.org","@graph":[{"@type":"Article","@id":"https:\/\/bahiaeconomica.com.br\/wp\/2025\/05\/19\/dia-do-pedagogo-reforca-a-importancia-do-cuidado-com-quem-educa\/#article","isPartOf":{"@id":"https:\/\/bahiaeconomica.com.br\/wp\/2025\/05\/19\/dia-do-pedagogo-reforca-a-importancia-do-cuidado-com-quem-educa\/"},"author":{"name":"JP","@id":"https:\/\/bahiaeconomica.com.br\/wp\/#\/schema\/person\/c86d3a3f8960425a0f9d0e5245991f4e"},"headline":"DIA DO PEDAGOGO REFOR\u00c7A A IMPORT\u00c2NCIA DO CUIDADO COM QUEM EDUCA","datePublished":"2025-05-19T14:20:16+00:00","dateModified":"2025-05-19T14:25:36+00:00","mainEntityOfPage":{"@id":"https:\/\/bahiaeconomica.com.br\/wp\/2025\/05\/19\/dia-do-pedagogo-reforca-a-importancia-do-cuidado-com-quem-educa\/"},"wordCount":444,"publisher":{"@id":"https:\/\/bahiaeconomica.com.br\/wp\/#organization"},"keywords":["Educa\u00e7\u00e3o","PEDAGOGO","Pol\u00edtica"],"articleSection":["Sa\u00fade \/ Educa\u00e7\u00e3o"],"inLanguage":"pt-BR"},{"@type":"WebPage","@id":"https:\/\/bahiaeconomica.com.br\/wp\/2025\/05\/19\/dia-do-pedagogo-reforca-a-importancia-do-cuidado-com-quem-educa\/","url":"https:\/\/bahiaeconomica.com.br\/wp\/2025\/05\/19\/dia-do-pedagogo-reforca-a-importancia-do-cuidado-com-quem-educa\/","name":"DIA DO PEDAGOGO REFOR\u00c7A A IMPORT\u00c2NCIA DO CUIDADO COM QUEM EDUCA - Bahia Economica","isPartOf":{"@id":"https:\/\/bahiaeconomica.com.br\/wp\/#website"},"datePublished":"2025-05-19T14:20:16+00:00","dateModified":"2025-05-19T14:25:36+00:00","description":"O maior portal de Economia da Bahia Sa\u00fade \/ Educa\u00e7\u00e3o Bahia Economica Comprometido com uma educa\u00e7\u00e3o integral, o Villa Global Education e","breadcrumb":{"@id":"https:\/\/bahiaeconomica.com.br\/wp\/2025\/05\/19\/dia-do-pedagogo-reforca-a-importancia-do-cuidado-com-quem-educa\/#breadcrumb"},"inLanguage":"pt-BR","potentialAction":[{"@type":"ReadAction","target":["https:\/\/bahiaeconomica.com.br\/wp\/2025\/05\/19\/dia-do-pedagogo-reforca-a-importancia-do-cuidado-com-quem-educa\/"]}]},{"@type":"BreadcrumbList","@id":"https:\/\/bahiaeconomica.com.br\/wp\/2025\/05\/19\/dia-do-pedagogo-reforca-a-importancia-do-cuidado-com-quem-educa\/#breadcrumb","itemListElement":[{"@type":"ListItem","position":1,"name":"In\u00edcio","item":"https:\/\/bahiaeconomica.com.br\/wp\/"},{"@type":"ListItem","position":2,"name":"DIA DO PEDAGOGO REFOR\u00c7A A IMPORT\u00c2NCIA DO CUIDADO COM QUEM EDUCA"}]},{"@type":"WebSite","@id":"https:\/\/bahiaeconomica.com.br\/wp\/#website","url":"https:\/\/bahiaeconomica.com.br\/wp\/","name":"Bahia Economica","description":"O maior portal de Economia da Bahia","publisher":{"@id":"https:\/\/bahiaeconomica.com.br\/wp\/#organization"},"potentialAction":[{"@type":"SearchAction","target":{"@type":"EntryPoint","urlTemplate":"https:\/\/bahiaeconomica.com.br\/wp\/?s={search_term_string}"},"query-input":"required name=search_term_string"}],"inLanguage":"pt-BR"},{"@type":"Organization","@id":"https:\/\/bahiaeconomica.com.br\/wp\/#organization","name":"Bahia Econ\u00f4mica","url":"https:\/\/bahiaeconomica.com.br\/wp\/","logo":{"@type":"ImageObject","inLanguage":"pt-BR","@id":"https:\/\/bahiaeconomica.com.br\/wp\/#\/schema\/logo\/image\/","url":"https:\/\/bahiaeconomica.com.br\/wp\/wp-content\/uploads\/2020\/12\/cropped-BE.png","contentUrl":"https:\/\/bahiaeconomica.com.br\/wp\/wp-content\/uploads\/2020\/12\/cropped-BE.png","width":512,"height":512,"caption":"Bahia Econ\u00f4mica"},"image":{"@id":"https:\/\/bahiaeconomica.com.br\/wp\/#\/schema\/logo\/image\/"},"sameAs":["https:\/\/www.facebook.com\/bahiaeconomica"]},{"@type":"Person","@id":"https:\/\/bahiaeconomica.com.br\/wp\/#\/schema\/person\/c86d3a3f8960425a0f9d0e5245991f4e","name":"JP","sameAs":["https:\/\/bahiaeconomica.com.br\/wp\/beta\/"],"url":"https:\/\/bahiaeconomica.com.br\/wp\/author\/jp\/"}]}},"views":28,"_links":{"self":[{"href":"https:\/\/bahiaeconomica.com.br\/wp\/wp-json\/wp\/v2\/posts\/903748"}],"collection":[{"href":"https:\/\/bahiaeconomica.com.br\/wp\/wp-json\/wp\/v2\/posts"}],"about":[{"href":"https:\/\/bahiaeconomica.com.br\/wp\/wp-json\/wp\/v2\/types\/post"}],"author":[{"embeddable":true,"href":"https:\/\/bahiaeconomica.com.br\/wp\/wp-json\/wp\/v2\/users\/8"}],"replies":[{"embeddable":true,"href":"https:\/\/bahiaeconomica.com.br\/wp\/wp-json\/wp\/v2\/comments?post=903748"}],"version-history":[{"count":1,"href":"https:\/\/bahiaeconomica.com.br\/wp\/wp-json\/wp\/v2\/posts\/903748\/revisions"}],"predecessor-version":[{"id":903750,"href":"https:\/\/bahiaeconomica.com.br\/wp\/wp-json\/wp\/v2\/posts\/903748\/revisions\/903750"}],"wp:featuredmedia":[{"embeddable":true,"href":"https:\/\/bahiaeconomica.com.br\/wp\/wp-json\/wp\/v2\/media\/903749"}],"wp:attachment":[{"href":"https:\/\/bahiaeconomica.com.br\/wp\/wp-json\/wp\/v2\/media?parent=903748"}],"wp:term":[{"taxonomy":"category","embeddable":true,"href":"https:\/\/bahiaeconomica.com.br\/wp\/wp-json\/wp\/v2\/categories?post=903748"},{"taxonomy":"post_tag","embeddable":true,"href":"https:\/\/bahiaeconomica.com.br\/wp\/wp-json\/wp\/v2\/tags?post=903748"}],"curies":[{"name":"wp","href":"https:\/\/api.w.org\/{rel}","templated":true}]}}