{"id":903181,"date":"2025-05-16T08:59:23","date_gmt":"2025-05-16T11:59:23","guid":{"rendered":"https:\/\/bahiaeconomica.com.br\/wp\/?p=903181"},"modified":"2025-05-16T09:00:36","modified_gmt":"2025-05-16T12:00:36","slug":"construtora-da-ponte-salvador-itaparica-e-ufba-firmam-assinam-acordo-de-cooperacao","status":"publish","type":"post","link":"https:\/\/bahiaeconomica.com.br\/wp\/2025\/05\/16\/construtora-da-ponte-salvador-itaparica-e-ufba-firmam-assinam-acordo-de-cooperacao\/","title":{"rendered":"CONSTRUTORA DA PONTE SALVADOR ITAPARICA E UFBA FIRMAM ASSINAM ACORDO DE COOPERA\u00c7\u00c3O"},"content":{"rendered":"<p>A Universidade Federal da Bahia (Ufba) e a empresa de engenharia e constru\u00e7\u00e3o civil China Civil Engineering Construction Corporation (CCECC), assinaram acordo de coopera\u00e7\u00e3o na \u00faltima sexta-feira, 9. O documento aborda as colabora\u00e7\u00f5es referentes ao projeto Ponte Salvador-Itaparica, no qual ser\u00e3o desenvolvidas tecnologias avan\u00e7adas, a exemplo de projeto digital, constru\u00e7\u00e3o modular e constru\u00e7\u00e3o assistida por rob\u00f4s.<\/p>\n<p>Da parceria, nasce o &#8220;Laborat\u00f3rio Conjunto CCECC-UFBA para Constru\u00e7\u00e3o Inteligente e Opera\u00e7\u00e3o e Manuten\u00e7\u00e3o Inteligentes de Infraestruturas Modernas de Transporte&#8221; (doravante denominado &#8220;Laborat\u00f3rio Conjunto&#8221;). A coopera\u00e7\u00e3o cient\u00edfica e tecnol\u00f3gica ter\u00e1 como foco \u00e1reas de ponta como pontes mar\u00edtimas, transporte inteligente e constru\u00e7\u00e3o verde. Busca-se, assim, solu\u00e7\u00f5es inovadoras para o desenvolvimento de infraestruturas de transporte em n\u00edvel global. A coopera\u00e7\u00e3o ter\u00e1 validade de sete anos, em acordo com o cronograma de constru\u00e7\u00e3o da Ponte de Salvador, com possibilidade de renova\u00e7\u00e3o.<\/p>\n<p>O di\u00e1logo pol\u00edtico entre China e Brasil, a converg\u00eancia de normas t\u00e9cnicas e a integra\u00e7\u00e3o de recursos industriais no setor de infraestrutura de transporte s\u00e3o elos que ser\u00e3o fortalecidos na coopera\u00e7\u00e3o. A parceria que d\u00e1 origem ao Laborat\u00f3rio ainda tem o objetivo de ampliar a articula\u00e7\u00e3o entre a iniciativa &#8220;Cintur\u00e3o \u0435 Rota&#8221; da China &#8211; tamb\u00e9m conhecida como Nova Rota da Seda, \u00e9 uma grande estrat\u00e9gia de coopera\u00e7\u00e3o internacional chinesa &#8211; e a Estrat\u00e9gia Nacional de Inova\u00e7\u00e3o do Brasil. Entre as \u00e1reas de coopera\u00e7\u00e3o, destacam-se: desenvolvimento de tecnologias de constru\u00e7\u00e3o inteligente, sistemas inteligentes de opera\u00e7\u00e3o e manuten\u00e7\u00e3o, engenharia geot\u00e9cnica e marinha, tecnologias verdes e de baixo carbono.(A Tarde)<\/p>\n<p>Foto: Divulga\u00e7\u00e3o \/ UFBA<\/p>\n<p>&nbsp;<\/p>\n<p>&nbsp;<\/p>\n<p>&nbsp;<\/p>\n","protected":false},"excerpt":{"rendered":"<p>A Universidade Federal da Bahia (Ufba) e a empresa de engenharia e constru\u00e7\u00e3o civil China Civil Engineering Construction Corporation (CCECC), assinaram acordo de coopera\u00e7\u00e3o na \u00faltima sexta-feira, 9. O documento aborda as colabora\u00e7\u00f5es referentes ao projeto Ponte Salvador-Itaparica, no qual ser\u00e3o desenvolvidas tecnologias avan\u00e7adas, a exemplo de projeto digital, constru\u00e7\u00e3o modular e constru\u00e7\u00e3o assistida por [&hellip;]<\/p>\n","protected":false},"author":8,"featured_media":903182,"comment_status":"closed","ping_status":"closed","sticky":false,"template":"","format":"standard","meta":[],"categories":[14,3,5],"tags":[38991,1364,3241,1274],"acf":[],"yoast_head":"<!-- This site is optimized with the Yoast SEO plugin v20.8 - https:\/\/yoast.com\/wordpress\/plugins\/seo\/ -->\n<title>CONSTRUTORA DA PONTE SALVADOR ITAPARICA E UFBA FIRMAM ASSINAM ACORDO DE COOPERA\u00c7\u00c3O - Bahia Economica<\/title>\n<meta name=\"description\" content=\"O maior portal de Economia da Bahia DESTAQUE DO DIA, ECONOMIA \/ POL\u00cdTICA, MUNIC\u00cdPIOS Bahia Economica O di\u00e1logo pol\u00edtico entre China e Brasi\" \/>\n<meta name=\"robots\" content=\"index, follow, max-snippet:-1, max-image-preview:large, max-video-preview:-1\" \/>\n<link rel=\"canonical\" href=\"https:\/\/bahiaeconomica.com.br\/wp\/2025\/05\/16\/construtora-da-ponte-salvador-itaparica-e-ufba-firmam-assinam-acordo-de-cooperacao\/\" \/>\n<meta property=\"og:locale\" content=\"pt_BR\" \/>\n<meta property=\"og:type\" content=\"article\" \/>\n<meta property=\"og:title\" content=\"CONSTRUTORA DA PONTE SALVADOR ITAPARICA E UFBA FIRMAM ASSINAM ACORDO DE COOPERA\u00c7\u00c3O - Bahia Economica\" \/>\n<meta property=\"og:description\" content=\"O maior portal de Economia da Bahia DESTAQUE DO DIA, ECONOMIA \/ POL\u00cdTICA, MUNIC\u00cdPIOS Bahia Economica O di\u00e1logo pol\u00edtico entre China e Brasi\" \/>\n<meta property=\"og:url\" content=\"https:\/\/bahiaeconomica.com.br\/wp\/2025\/05\/16\/construtora-da-ponte-salvador-itaparica-e-ufba-firmam-assinam-acordo-de-cooperacao\/\" \/>\n<meta property=\"og:site_name\" content=\"Bahia Economica\" \/>\n<meta property=\"article:publisher\" content=\"https:\/\/www.facebook.com\/bahiaeconomica\" \/>\n<meta property=\"article:published_time\" content=\"2025-05-16T11:59:23+00:00\" \/>\n<meta property=\"article:modified_time\" content=\"2025-05-16T12:00:36+00:00\" \/>\n<meta property=\"og:image\" content=\"https:\/\/bahiaeconomica.com.br\/wp\/wp-content\/uploads\/2025\/05\/Ufba-e-construtora-da-Ponte-Salvador-Itaparica-fir0131801800202505160856-ScaleDownProportional.webp\" \/>\n\t<meta property=\"og:image:width\" content=\"900\" \/>\n\t<meta property=\"og:image:height\" content=\"680\" \/>\n\t<meta property=\"og:image:type\" content=\"image\/webp\" \/>\n<meta name=\"author\" content=\"JP\" \/>\n<meta name=\"twitter:card\" content=\"summary_large_image\" \/>\n<meta name=\"twitter:label1\" content=\"Escrito por\" \/>\n\t<meta name=\"twitter:data1\" content=\"JP\" \/>\n\t<meta name=\"twitter:label2\" content=\"Est. tempo de leitura\" \/>\n\t<meta name=\"twitter:data2\" content=\"2 minutos\" \/>\n<script type=\"application\/ld+json\" class=\"yoast-schema-graph\">{\"@context\":\"https:\/\/schema.org\",\"@graph\":[{\"@type\":\"Article\",\"@id\":\"https:\/\/bahiaeconomica.com.br\/wp\/2025\/05\/16\/construtora-da-ponte-salvador-itaparica-e-ufba-firmam-assinam-acordo-de-cooperacao\/#article\",\"isPartOf\":{\"@id\":\"https:\/\/bahiaeconomica.com.br\/wp\/2025\/05\/16\/construtora-da-ponte-salvador-itaparica-e-ufba-firmam-assinam-acordo-de-cooperacao\/\"},\"author\":{\"name\":\"JP\",\"@id\":\"https:\/\/bahiaeconomica.com.br\/wp\/#\/schema\/person\/c86d3a3f8960425a0f9d0e5245991f4e\"},\"headline\":\"CONSTRUTORA DA PONTE SALVADOR ITAPARICA E UFBA FIRMAM ASSINAM ACORDO DE COOPERA\u00c7\u00c3O\",\"datePublished\":\"2025-05-16T11:59:23+00:00\",\"dateModified\":\"2025-05-16T12:00:36+00:00\",\"mainEntityOfPage\":{\"@id\":\"https:\/\/bahiaeconomica.com.br\/wp\/2025\/05\/16\/construtora-da-ponte-salvador-itaparica-e-ufba-firmam-assinam-acordo-de-cooperacao\/\"},\"wordCount\":306,\"publisher\":{\"@id\":\"https:\/\/bahiaeconomica.com.br\/wp\/#organization\"},\"keywords\":[\"Ccecc\",\"ponte\",\"salvador-itaparica\",\"ufba\"],\"articleSection\":[\"DESTAQUE DO DIA\",\"ECONOMIA \/ POL\u00cdTICA\",\"MUNIC\u00cdPIOS\"],\"inLanguage\":\"pt-BR\"},{\"@type\":\"WebPage\",\"@id\":\"https:\/\/bahiaeconomica.com.br\/wp\/2025\/05\/16\/construtora-da-ponte-salvador-itaparica-e-ufba-firmam-assinam-acordo-de-cooperacao\/\",\"url\":\"https:\/\/bahiaeconomica.com.br\/wp\/2025\/05\/16\/construtora-da-ponte-salvador-itaparica-e-ufba-firmam-assinam-acordo-de-cooperacao\/\",\"name\":\"CONSTRUTORA DA PONTE SALVADOR ITAPARICA E UFBA FIRMAM ASSINAM ACORDO DE COOPERA\u00c7\u00c3O - Bahia Economica\",\"isPartOf\":{\"@id\":\"https:\/\/bahiaeconomica.com.br\/wp\/#website\"},\"datePublished\":\"2025-05-16T11:59:23+00:00\",\"dateModified\":\"2025-05-16T12:00:36+00:00\",\"description\":\"O maior portal de Economia da Bahia DESTAQUE DO DIA, ECONOMIA \/ POL\u00cdTICA, MUNIC\u00cdPIOS Bahia Economica O di\u00e1logo pol\u00edtico entre China e Brasi\",\"breadcrumb\":{\"@id\":\"https:\/\/bahiaeconomica.com.br\/wp\/2025\/05\/16\/construtora-da-ponte-salvador-itaparica-e-ufba-firmam-assinam-acordo-de-cooperacao\/#breadcrumb\"},\"inLanguage\":\"pt-BR\",\"potentialAction\":[{\"@type\":\"ReadAction\",\"target\":[\"https:\/\/bahiaeconomica.com.br\/wp\/2025\/05\/16\/construtora-da-ponte-salvador-itaparica-e-ufba-firmam-assinam-acordo-de-cooperacao\/\"]}]},{\"@type\":\"BreadcrumbList\",\"@id\":\"https:\/\/bahiaeconomica.com.br\/wp\/2025\/05\/16\/construtora-da-ponte-salvador-itaparica-e-ufba-firmam-assinam-acordo-de-cooperacao\/#breadcrumb\",\"itemListElement\":[{\"@type\":\"ListItem\",\"position\":1,\"name\":\"In\u00edcio\",\"item\":\"https:\/\/bahiaeconomica.com.br\/wp\/\"},{\"@type\":\"ListItem\",\"position\":2,\"name\":\"CONSTRUTORA DA PONTE SALVADOR ITAPARICA E UFBA FIRMAM ASSINAM ACORDO DE COOPERA\u00c7\u00c3O\"}]},{\"@type\":\"WebSite\",\"@id\":\"https:\/\/bahiaeconomica.com.br\/wp\/#website\",\"url\":\"https:\/\/bahiaeconomica.com.br\/wp\/\",\"name\":\"Bahia Economica\",\"description\":\"O maior portal de Economia da Bahia\",\"publisher\":{\"@id\":\"https:\/\/bahiaeconomica.com.br\/wp\/#organization\"},\"potentialAction\":[{\"@type\":\"SearchAction\",\"target\":{\"@type\":\"EntryPoint\",\"urlTemplate\":\"https:\/\/bahiaeconomica.com.br\/wp\/?s={search_term_string}\"},\"query-input\":\"required name=search_term_string\"}],\"inLanguage\":\"pt-BR\"},{\"@type\":\"Organization\",\"@id\":\"https:\/\/bahiaeconomica.com.br\/wp\/#organization\",\"name\":\"Bahia Econ\u00f4mica\",\"url\":\"https:\/\/bahiaeconomica.com.br\/wp\/\",\"logo\":{\"@type\":\"ImageObject\",\"inLanguage\":\"pt-BR\",\"@id\":\"https:\/\/bahiaeconomica.com.br\/wp\/#\/schema\/logo\/image\/\",\"url\":\"https:\/\/bahiaeconomica.com.br\/wp\/wp-content\/uploads\/2020\/12\/cropped-BE.png\",\"contentUrl\":\"https:\/\/bahiaeconomica.com.br\/wp\/wp-content\/uploads\/2020\/12\/cropped-BE.png\",\"width\":512,\"height\":512,\"caption\":\"Bahia Econ\u00f4mica\"},\"image\":{\"@id\":\"https:\/\/bahiaeconomica.com.br\/wp\/#\/schema\/logo\/image\/\"},\"sameAs\":[\"https:\/\/www.facebook.com\/bahiaeconomica\"]},{\"@type\":\"Person\",\"@id\":\"https:\/\/bahiaeconomica.com.br\/wp\/#\/schema\/person\/c86d3a3f8960425a0f9d0e5245991f4e\",\"name\":\"JP\",\"sameAs\":[\"https:\/\/bahiaeconomica.com.br\/wp\/beta\/\"],\"url\":\"https:\/\/bahiaeconomica.com.br\/wp\/author\/jp\/\"}]}<\/script>\n<!-- \/ Yoast SEO plugin. -->","yoast_head_json":{"title":"CONSTRUTORA DA PONTE SALVADOR ITAPARICA E UFBA FIRMAM ASSINAM ACORDO DE COOPERA\u00c7\u00c3O - Bahia Economica","description":"O maior portal de Economia da Bahia DESTAQUE DO DIA, ECONOMIA \/ POL\u00cdTICA, MUNIC\u00cdPIOS Bahia Economica O di\u00e1logo pol\u00edtico entre China e Brasi","robots":{"index":"index","follow":"follow","max-snippet":"max-snippet:-1","max-image-preview":"max-image-preview:large","max-video-preview":"max-video-preview:-1"},"canonical":"https:\/\/bahiaeconomica.com.br\/wp\/2025\/05\/16\/construtora-da-ponte-salvador-itaparica-e-ufba-firmam-assinam-acordo-de-cooperacao\/","og_locale":"pt_BR","og_type":"article","og_title":"CONSTRUTORA DA PONTE SALVADOR ITAPARICA E UFBA FIRMAM ASSINAM ACORDO DE COOPERA\u00c7\u00c3O - Bahia Economica","og_description":"O maior portal de Economia da Bahia DESTAQUE DO DIA, ECONOMIA \/ POL\u00cdTICA, MUNIC\u00cdPIOS Bahia Economica O di\u00e1logo pol\u00edtico entre China e Brasi","og_url":"https:\/\/bahiaeconomica.com.br\/wp\/2025\/05\/16\/construtora-da-ponte-salvador-itaparica-e-ufba-firmam-assinam-acordo-de-cooperacao\/","og_site_name":"Bahia Economica","article_publisher":"https:\/\/www.facebook.com\/bahiaeconomica","article_published_time":"2025-05-16T11:59:23+00:00","article_modified_time":"2025-05-16T12:00:36+00:00","og_image":[{"width":900,"height":680,"url":"https:\/\/bahiaeconomica.com.br\/wp\/wp-content\/uploads\/2025\/05\/Ufba-e-construtora-da-Ponte-Salvador-Itaparica-fir0131801800202505160856-ScaleDownProportional.webp","type":"image\/webp"}],"author":"JP","twitter_card":"summary_large_image","twitter_misc":{"Escrito por":"JP","Est. tempo de leitura":"2 minutos"},"schema":{"@context":"https:\/\/schema.org","@graph":[{"@type":"Article","@id":"https:\/\/bahiaeconomica.com.br\/wp\/2025\/05\/16\/construtora-da-ponte-salvador-itaparica-e-ufba-firmam-assinam-acordo-de-cooperacao\/#article","isPartOf":{"@id":"https:\/\/bahiaeconomica.com.br\/wp\/2025\/05\/16\/construtora-da-ponte-salvador-itaparica-e-ufba-firmam-assinam-acordo-de-cooperacao\/"},"author":{"name":"JP","@id":"https:\/\/bahiaeconomica.com.br\/wp\/#\/schema\/person\/c86d3a3f8960425a0f9d0e5245991f4e"},"headline":"CONSTRUTORA DA PONTE SALVADOR ITAPARICA E UFBA FIRMAM ASSINAM ACORDO DE COOPERA\u00c7\u00c3O","datePublished":"2025-05-16T11:59:23+00:00","dateModified":"2025-05-16T12:00:36+00:00","mainEntityOfPage":{"@id":"https:\/\/bahiaeconomica.com.br\/wp\/2025\/05\/16\/construtora-da-ponte-salvador-itaparica-e-ufba-firmam-assinam-acordo-de-cooperacao\/"},"wordCount":306,"publisher":{"@id":"https:\/\/bahiaeconomica.com.br\/wp\/#organization"},"keywords":["Ccecc","ponte","salvador-itaparica","ufba"],"articleSection":["DESTAQUE DO DIA","ECONOMIA \/ POL\u00cdTICA","MUNIC\u00cdPIOS"],"inLanguage":"pt-BR"},{"@type":"WebPage","@id":"https:\/\/bahiaeconomica.com.br\/wp\/2025\/05\/16\/construtora-da-ponte-salvador-itaparica-e-ufba-firmam-assinam-acordo-de-cooperacao\/","url":"https:\/\/bahiaeconomica.com.br\/wp\/2025\/05\/16\/construtora-da-ponte-salvador-itaparica-e-ufba-firmam-assinam-acordo-de-cooperacao\/","name":"CONSTRUTORA DA PONTE SALVADOR ITAPARICA E UFBA FIRMAM ASSINAM ACORDO DE COOPERA\u00c7\u00c3O - Bahia Economica","isPartOf":{"@id":"https:\/\/bahiaeconomica.com.br\/wp\/#website"},"datePublished":"2025-05-16T11:59:23+00:00","dateModified":"2025-05-16T12:00:36+00:00","description":"O maior portal de Economia da Bahia DESTAQUE DO DIA, ECONOMIA \/ POL\u00cdTICA, MUNIC\u00cdPIOS Bahia Economica O di\u00e1logo pol\u00edtico entre China e Brasi","breadcrumb":{"@id":"https:\/\/bahiaeconomica.com.br\/wp\/2025\/05\/16\/construtora-da-ponte-salvador-itaparica-e-ufba-firmam-assinam-acordo-de-cooperacao\/#breadcrumb"},"inLanguage":"pt-BR","potentialAction":[{"@type":"ReadAction","target":["https:\/\/bahiaeconomica.com.br\/wp\/2025\/05\/16\/construtora-da-ponte-salvador-itaparica-e-ufba-firmam-assinam-acordo-de-cooperacao\/"]}]},{"@type":"BreadcrumbList","@id":"https:\/\/bahiaeconomica.com.br\/wp\/2025\/05\/16\/construtora-da-ponte-salvador-itaparica-e-ufba-firmam-assinam-acordo-de-cooperacao\/#breadcrumb","itemListElement":[{"@type":"ListItem","position":1,"name":"In\u00edcio","item":"https:\/\/bahiaeconomica.com.br\/wp\/"},{"@type":"ListItem","position":2,"name":"CONSTRUTORA DA PONTE SALVADOR ITAPARICA E UFBA FIRMAM ASSINAM ACORDO DE COOPERA\u00c7\u00c3O"}]},{"@type":"WebSite","@id":"https:\/\/bahiaeconomica.com.br\/wp\/#website","url":"https:\/\/bahiaeconomica.com.br\/wp\/","name":"Bahia Economica","description":"O maior portal de Economia da Bahia","publisher":{"@id":"https:\/\/bahiaeconomica.com.br\/wp\/#organization"},"potentialAction":[{"@type":"SearchAction","target":{"@type":"EntryPoint","urlTemplate":"https:\/\/bahiaeconomica.com.br\/wp\/?s={search_term_string}"},"query-input":"required name=search_term_string"}],"inLanguage":"pt-BR"},{"@type":"Organization","@id":"https:\/\/bahiaeconomica.com.br\/wp\/#organization","name":"Bahia Econ\u00f4mica","url":"https:\/\/bahiaeconomica.com.br\/wp\/","logo":{"@type":"ImageObject","inLanguage":"pt-BR","@id":"https:\/\/bahiaeconomica.com.br\/wp\/#\/schema\/logo\/image\/","url":"https:\/\/bahiaeconomica.com.br\/wp\/wp-content\/uploads\/2020\/12\/cropped-BE.png","contentUrl":"https:\/\/bahiaeconomica.com.br\/wp\/wp-content\/uploads\/2020\/12\/cropped-BE.png","width":512,"height":512,"caption":"Bahia Econ\u00f4mica"},"image":{"@id":"https:\/\/bahiaeconomica.com.br\/wp\/#\/schema\/logo\/image\/"},"sameAs":["https:\/\/www.facebook.com\/bahiaeconomica"]},{"@type":"Person","@id":"https:\/\/bahiaeconomica.com.br\/wp\/#\/schema\/person\/c86d3a3f8960425a0f9d0e5245991f4e","name":"JP","sameAs":["https:\/\/bahiaeconomica.com.br\/wp\/beta\/"],"url":"https:\/\/bahiaeconomica.com.br\/wp\/author\/jp\/"}]}},"views":199,"_links":{"self":[{"href":"https:\/\/bahiaeconomica.com.br\/wp\/wp-json\/wp\/v2\/posts\/903181"}],"collection":[{"href":"https:\/\/bahiaeconomica.com.br\/wp\/wp-json\/wp\/v2\/posts"}],"about":[{"href":"https:\/\/bahiaeconomica.com.br\/wp\/wp-json\/wp\/v2\/types\/post"}],"author":[{"embeddable":true,"href":"https:\/\/bahiaeconomica.com.br\/wp\/wp-json\/wp\/v2\/users\/8"}],"replies":[{"embeddable":true,"href":"https:\/\/bahiaeconomica.com.br\/wp\/wp-json\/wp\/v2\/comments?post=903181"}],"version-history":[{"count":1,"href":"https:\/\/bahiaeconomica.com.br\/wp\/wp-json\/wp\/v2\/posts\/903181\/revisions"}],"predecessor-version":[{"id":903183,"href":"https:\/\/bahiaeconomica.com.br\/wp\/wp-json\/wp\/v2\/posts\/903181\/revisions\/903183"}],"wp:featuredmedia":[{"embeddable":true,"href":"https:\/\/bahiaeconomica.com.br\/wp\/wp-json\/wp\/v2\/media\/903182"}],"wp:attachment":[{"href":"https:\/\/bahiaeconomica.com.br\/wp\/wp-json\/wp\/v2\/media?parent=903181"}],"wp:term":[{"taxonomy":"category","embeddable":true,"href":"https:\/\/bahiaeconomica.com.br\/wp\/wp-json\/wp\/v2\/categories?post=903181"},{"taxonomy":"post_tag","embeddable":true,"href":"https:\/\/bahiaeconomica.com.br\/wp\/wp-json\/wp\/v2\/tags?post=903181"}],"curies":[{"name":"wp","href":"https:\/\/api.w.org\/{rel}","templated":true}]}}