{"id":902913,"date":"2025-05-15T14:20:28","date_gmt":"2025-05-15T17:20:28","guid":{"rendered":"https:\/\/bahiaeconomica.com.br\/wp\/?p=902913"},"modified":"2025-05-15T14:17:27","modified_gmt":"2025-05-15T17:17:27","slug":"governo-altera-regra-de-transicao-do-bolsa-familia-entenda","status":"publish","type":"post","link":"https:\/\/bahiaeconomica.com.br\/wp\/2025\/05\/15\/governo-altera-regra-de-transicao-do-bolsa-familia-entenda\/","title":{"rendered":"GOVERNO ALTERA REGRA DE TRANSI\u00c7\u00c3O DO BOLSA FAM\u00cdLIA; ENTENDA"},"content":{"rendered":"<p>O governo federal atualizou nesta quinta-feira (15) as regras de transi\u00e7\u00e3o para as fam\u00edlias benefici\u00e1rias do Bolsa Fam\u00edlia que passam a ter renda superior ao limite de entrada no programa. A nova norma de prote\u00e7\u00e3o entra em vigor a partir de junho e foi publicada em portaria do Minist\u00e9rio do Desenvolvimento e Assist\u00eancia Social, Fam\u00edlia e Combate \u00e0 Fome no Di\u00e1rio Oficial da Uni\u00e3o..<\/p>\n<p>Em nota, a pasta informou que a nova regra de prote\u00e7\u00e3o entra em vigor a partir de junho deste ano, com o objetivo de ampliar o foco em fam\u00edlias em situa\u00e7\u00e3o de maior vulnerabilidade e promover ajustes \u201cpara manter a sustentabilidade e a efetividade do programa\u201d.<\/p>\n<p>Apesar de entrar em vigor em junho, os efeitos na gest\u00e3o dos benef\u00edcios do programa ser\u00e3o sentidos a partir da folha de pagamentos de julho de 2025. \u201dOu seja, as altera\u00e7\u00f5es se aplicam exclusivamente \u00e0s fam\u00edlias que ingressarem na regra de prote\u00e7\u00e3o a partir do m\u00eas de junho\u201d, destacou o minist\u00e9rio.<\/p>\n<p><strong>O que muda<\/strong><br \/>\nCom a altera\u00e7\u00e3o, fam\u00edlias que ultrapassarem o limite de renda para entrada no Bolsa Fam\u00edlia \u2013 de R$ 218 per capita \u2013 poder\u00e3o seguir no programa por mais 12 meses, recebendo 50% do valor do benef\u00edcio a que a fam\u00edlia faz jus, desde que a renda familiar per capita mensal n\u00e3o supere o valor de R$ 706.<\/p>\n<p>\u201cA fixa\u00e7\u00e3o do novo limite de renda est\u00e1 alinhada \u00e0 linha de pobreza internacional, estabelecida a partir de estudos sobre a distribui\u00e7\u00e3o de renda em diversos pa\u00edses do mundo\u201d, ressaltou o comunicado.<\/p>\n<p>Al\u00e9m disso, fam\u00edlias cuja renda seja considerada est\u00e1vel ou permanente \u2013 como as que recebem aposentadoria, pens\u00e3o ou Benef\u00edcio de Presta\u00e7\u00e3o Continuada (BPC) \u2013 poder\u00e3o permanecer com o aux\u00edlio do Bolsa Fam\u00edlia por at\u00e9 dois meses.<\/p>\n<p>\u201cNesses casos, j\u00e1 h\u00e1 uma prote\u00e7\u00e3o social cont\u00ednua assegurada pelo Estado, o que contribui para maior previsibilidade ao or\u00e7amento familiar\u201d, destacou o minist\u00e9rio.<\/p>\n<p>J\u00e1 no caso de fam\u00edlias com pessoas com defici\u00eancia que recebem o BPC, o tempo m\u00e1ximo de perman\u00eancia na nova regra de prote\u00e7\u00e3o ser\u00e1 de 12 meses.<\/p>\n<p>\u201cA aten\u00e7\u00e3o diferenciada considera que o benef\u00edcio, em seu regramento, passa por revis\u00f5es peri\u00f3dicas em se tratando de pessoas com defici\u00eancia\u201d, detalhou a pasta.<\/p>\n<p><strong>&gt;&gt; Como funcionava at\u00e9 maio de 2025?<\/strong><\/p>\n<p>At\u00e9 essa data, fam\u00edlias com renda acima de R$ 218 por pessoa, mas abaixo de meio sal\u00e1rio m\u00ednimo, podiam permanecer no Bolsa Fam\u00edlia por at\u00e9 24 meses, recebendo 50% do valor original do benef\u00edcio.<\/p>\n<p><strong>&gt;&gt; Como passa a funcionar a partir de junho de 2025?<\/strong><\/p>\n<p><strong>A nova Regra de Prote\u00e7\u00e3o define tr\u00eas p\u00fablicos distintos:<\/strong><\/p>\n<ul>\n<li>P\u00fablico 1: Fam\u00edlias que j\u00e1 estavam na regra de prote\u00e7\u00e3o at\u00e9 junho de 2025. Mant\u00eam o limite de meio sal\u00e1rio m\u00ednimo por pessoa (R$ 759) e podem seguir no Programa por at\u00e9 24 meses, conforme as regras anteriores.<\/li>\n<li>P\u00fablico 2: Fam\u00edlias que entram na regra de prote\u00e7\u00e3o a partir da folha de pagamento de julho e n\u00e3o t\u00eam integrantes com renda est\u00e1vel. Limite de renda: R$ 706 por pessoa. Perman\u00eancia: at\u00e9 12 meses.<\/li>\n<li>P\u00fablico 3: Fam\u00edlias que entram na regra de prote\u00e7\u00e3o a partir da folha de pagamento de julho e possuem integrantes com renda est\u00e1vel (aposentadoria, pens\u00e3o, BPC-Idoso). Limite de renda: R$ 706 por pessoa. Perman\u00eancia no programa: at\u00e9 2 meses.<br \/>\nO que n\u00e3o muda<br \/>\nFam\u00edlias que j\u00e1 estavam inseridas na regra de prote\u00e7\u00e3o vigente at\u00e9 junho de 2025, segundo o minist\u00e9rio, seguem protegidas pelo regramento anterior, que prev\u00ea o prazo de at\u00e9 24 meses de perman\u00eancia.<\/li>\n<\/ul>\n<p>Caso a renda da fam\u00edlia oscile novamente e retorne aos crit\u00e9rios de elegibilidade do programa, o valor integral do aux\u00edlio ser\u00e1 restabelecido.<\/p>\n<p>\u201cAs fam\u00edlias na regra de prote\u00e7\u00e3o que, atrav\u00e9s da renda do trabalho, conseguirem superar a pobreza, ap\u00f3s o per\u00edodo de 24 meses, ter\u00e3o o pagamento do Bolsa Fam\u00edlia encerrado, com base no entendimento de que a fam\u00edlia alcan\u00e7ou estabilidade na gera\u00e7\u00e3o e manuten\u00e7\u00e3o de renda pr\u00f3pria\u201d, informou a nota.<\/p>\n<p>Al\u00e9m disso, todas as fam\u00edlias que deixarem o programa ap\u00f3s o fim da regra de prote\u00e7\u00e3o poder\u00e3o retornar com prioridade, caso voltem \u00e0 situa\u00e7\u00e3o de pobreza.<\/p>\n<p>\u201cIsso ser\u00e1 poss\u00edvel por meio do mecanismo do retorno garantido, que \u00e9 v\u00e1lido por at\u00e9 36 meses e permite a revers\u00e3o do cancelamento e a reintegra\u00e7\u00e3o da fam\u00edlia ao programa\u201d, destacou a pasta.<\/p>\n<p><strong>Justificativa<\/strong><br \/>\nDe acordo com o minist\u00e9rio, a regra de prote\u00e7\u00e3o foi criada para garantir seguran\u00e7a extra \u00e0s fam\u00edlias que aumentam sua renda \u2013 especialmente quando um ou mais de seus integrantes ingressam no mercado de trabalho formal.<\/p>\n<p>\u201cA l\u00f3gica \u00e9 evitar o cancelamento imediato do benef\u00edcio, reconhecendo que a supera\u00e7\u00e3o da pobreza n\u00e3o ocorre de forma autom\u00e1tica com a obten\u00e7\u00e3o de um emprego. Trata-se de um processo gradual, que exige um per\u00edodo de adapta\u00e7\u00e3o e estabiliza\u00e7\u00e3o no novo cen\u00e1rio.\u201d<\/p>\n<p>Ao fixar o novo prazo em 12 meses, a pasta defende que as fam\u00edlias ter\u00e3o tempo suficiente para acessar o seguro-desemprego e outros direitos da seguridade social sem ficarem desprotegidas.<\/p>\n<p>\u201cO programa acompanha as din\u00e2micas da economia e deve ser ajustado sempre que necess\u00e1rio para manter sua efetividade e garantir que os recursos cheguem \u00e0s fam\u00edlias que mais precisam\u201d, completou o comunicado.<\/p>\n<p>\u201cAs mudan\u00e7as representam maior qualifica\u00e7\u00e3o do gasto p\u00fablico e do atendimento \u00e0s fam\u00edlias que mais precisam, garantindo a seguran\u00e7a na transi\u00e7\u00e3o para o mercado de trabalho e mantendo o Bolsa Fam\u00edlia como um dos programas sociais mais eficientes do mundo\u201d, concluiu o minist\u00e9rio.<\/p>\n<p>Fonte; Ag\u00eancia Brasil<\/p>\n<p>Foto: Lyon Santos\/ MDS<\/p>\n","protected":false},"excerpt":{"rendered":"<p>O governo federal atualizou nesta quinta-feira (15) as regras de transi\u00e7\u00e3o para as fam\u00edlias benefici\u00e1rias do Bolsa Fam\u00edlia que passam a ter renda superior ao limite de entrada no programa. A nova norma de prote\u00e7\u00e3o entra em vigor a partir de junho e foi publicada em portaria do Minist\u00e9rio do Desenvolvimento e Assist\u00eancia Social, Fam\u00edlia [&hellip;]<\/p>\n","protected":false},"author":24,"featured_media":902914,"comment_status":"closed","ping_status":"closed","sticky":false,"template":"","format":"standard","meta":[],"categories":[3],"tags":[707,38967],"acf":[],"yoast_head":"<!-- This site is optimized with the Yoast SEO plugin v20.8 - https:\/\/yoast.com\/wordpress\/plugins\/seo\/ -->\n<title>GOVERNO ALTERA REGRA DE TRANSI\u00c7\u00c3O DO BOLSA FAM\u00cdLIA; ENTENDA - Bahia Economica O governo federal atualizou nesta quinta-feira (15) as regras de transi\u00e7\u00e3o para as fam\u00edlias benefici\u00e1rias do Bolsa Fam\u00edlia<\/title>\n<meta name=\"description\" content=\"O maior portal de Economia da Bahia ECONOMIA \/ POL\u00cdTICA Bahia Economica O governo federal atualizou nesta quinta-feira (15) as regras de transi\u00e7\u00e3o para as fam\u00edlias benefici\u00e1rias do Bolsa Fam\u00edlia\" \/>\n<meta name=\"robots\" content=\"index, follow, max-snippet:-1, max-image-preview:large, max-video-preview:-1\" \/>\n<link rel=\"canonical\" href=\"https:\/\/bahiaeconomica.com.br\/wp\/2025\/05\/15\/governo-altera-regra-de-transicao-do-bolsa-familia-entenda\/\" \/>\n<meta property=\"og:locale\" content=\"pt_BR\" \/>\n<meta property=\"og:type\" content=\"article\" \/>\n<meta property=\"og:title\" content=\"GOVERNO ALTERA REGRA DE TRANSI\u00c7\u00c3O DO BOLSA FAM\u00cdLIA; ENTENDA - Bahia Economica O governo federal atualizou nesta quinta-feira (15) as regras de transi\u00e7\u00e3o para as fam\u00edlias benefici\u00e1rias do Bolsa Fam\u00edlia\" \/>\n<meta property=\"og:description\" content=\"O maior portal de Economia da Bahia ECONOMIA \/ POL\u00cdTICA Bahia Economica O governo federal atualizou nesta quinta-feira (15) as regras de transi\u00e7\u00e3o para as fam\u00edlias benefici\u00e1rias do Bolsa Fam\u00edlia\" \/>\n<meta property=\"og:url\" content=\"https:\/\/bahiaeconomica.com.br\/wp\/2025\/05\/15\/governo-altera-regra-de-transicao-do-bolsa-familia-entenda\/\" \/>\n<meta property=\"og:site_name\" content=\"Bahia Economica\" \/>\n<meta property=\"article:publisher\" content=\"https:\/\/www.facebook.com\/bahiaeconomica\" \/>\n<meta property=\"article:published_time\" content=\"2025-05-15T17:20:28+00:00\" \/>\n<meta property=\"article:modified_time\" content=\"2025-05-15T17:17:27+00:00\" \/>\n<meta property=\"og:image\" content=\"https:\/\/bahiaeconomica.com.br\/wp\/wp-content\/uploads\/2025\/05\/53628072030_5dffa3859b_o.webp\" \/>\n\t<meta property=\"og:image:width\" content=\"1170\" \/>\n\t<meta property=\"og:image:height\" content=\"700\" \/>\n\t<meta property=\"og:image:type\" content=\"image\/webp\" \/>\n<meta name=\"author\" content=\"VICTOR OLIVEIRA\" \/>\n<meta name=\"twitter:card\" content=\"summary_large_image\" \/>\n<meta name=\"twitter:label1\" content=\"Escrito por\" \/>\n\t<meta name=\"twitter:data1\" content=\"VICTOR OLIVEIRA\" \/>\n\t<meta name=\"twitter:label2\" content=\"Est. tempo de leitura\" \/>\n\t<meta name=\"twitter:data2\" content=\"5 minutos\" \/>\n<script type=\"application\/ld+json\" class=\"yoast-schema-graph\">{\"@context\":\"https:\/\/schema.org\",\"@graph\":[{\"@type\":\"Article\",\"@id\":\"https:\/\/bahiaeconomica.com.br\/wp\/2025\/05\/15\/governo-altera-regra-de-transicao-do-bolsa-familia-entenda\/#article\",\"isPartOf\":{\"@id\":\"https:\/\/bahiaeconomica.com.br\/wp\/2025\/05\/15\/governo-altera-regra-de-transicao-do-bolsa-familia-entenda\/\"},\"author\":{\"name\":\"VICTOR OLIVEIRA\",\"@id\":\"https:\/\/bahiaeconomica.com.br\/wp\/#\/schema\/person\/a17956d0e1112b626f403fb06b8129a9\"},\"headline\":\"GOVERNO ALTERA REGRA DE TRANSI\u00c7\u00c3O DO BOLSA FAM\u00cdLIA; ENTENDA\",\"datePublished\":\"2025-05-15T17:20:28+00:00\",\"dateModified\":\"2025-05-15T17:17:27+00:00\",\"mainEntityOfPage\":{\"@id\":\"https:\/\/bahiaeconomica.com.br\/wp\/2025\/05\/15\/governo-altera-regra-de-transicao-do-bolsa-familia-entenda\/\"},\"wordCount\":1009,\"publisher\":{\"@id\":\"https:\/\/bahiaeconomica.com.br\/wp\/#organization\"},\"keywords\":[\"BOLSA FAM\u00cdLIA\",\"regra de prote\u00e7\u00e3o\"],\"articleSection\":[\"ECONOMIA \/ POL\u00cdTICA\"],\"inLanguage\":\"pt-BR\"},{\"@type\":\"WebPage\",\"@id\":\"https:\/\/bahiaeconomica.com.br\/wp\/2025\/05\/15\/governo-altera-regra-de-transicao-do-bolsa-familia-entenda\/\",\"url\":\"https:\/\/bahiaeconomica.com.br\/wp\/2025\/05\/15\/governo-altera-regra-de-transicao-do-bolsa-familia-entenda\/\",\"name\":\"GOVERNO ALTERA REGRA DE TRANSI\u00c7\u00c3O DO BOLSA FAM\u00cdLIA; ENTENDA - Bahia Economica O governo federal atualizou nesta quinta-feira (15) as regras de transi\u00e7\u00e3o para as fam\u00edlias benefici\u00e1rias do Bolsa Fam\u00edlia\",\"isPartOf\":{\"@id\":\"https:\/\/bahiaeconomica.com.br\/wp\/#website\"},\"datePublished\":\"2025-05-15T17:20:28+00:00\",\"dateModified\":\"2025-05-15T17:17:27+00:00\",\"description\":\"O maior portal de Economia da Bahia ECONOMIA \/ POL\u00cdTICA Bahia Economica O governo federal atualizou nesta quinta-feira (15) as regras de transi\u00e7\u00e3o para as fam\u00edlias benefici\u00e1rias do Bolsa Fam\u00edlia\",\"breadcrumb\":{\"@id\":\"https:\/\/bahiaeconomica.com.br\/wp\/2025\/05\/15\/governo-altera-regra-de-transicao-do-bolsa-familia-entenda\/#breadcrumb\"},\"inLanguage\":\"pt-BR\",\"potentialAction\":[{\"@type\":\"ReadAction\",\"target\":[\"https:\/\/bahiaeconomica.com.br\/wp\/2025\/05\/15\/governo-altera-regra-de-transicao-do-bolsa-familia-entenda\/\"]}]},{\"@type\":\"BreadcrumbList\",\"@id\":\"https:\/\/bahiaeconomica.com.br\/wp\/2025\/05\/15\/governo-altera-regra-de-transicao-do-bolsa-familia-entenda\/#breadcrumb\",\"itemListElement\":[{\"@type\":\"ListItem\",\"position\":1,\"name\":\"In\u00edcio\",\"item\":\"https:\/\/bahiaeconomica.com.br\/wp\/\"},{\"@type\":\"ListItem\",\"position\":2,\"name\":\"GOVERNO ALTERA REGRA DE TRANSI\u00c7\u00c3O DO BOLSA FAM\u00cdLIA; ENTENDA\"}]},{\"@type\":\"WebSite\",\"@id\":\"https:\/\/bahiaeconomica.com.br\/wp\/#website\",\"url\":\"https:\/\/bahiaeconomica.com.br\/wp\/\",\"name\":\"Bahia Economica\",\"description\":\"O maior portal de Economia da Bahia\",\"publisher\":{\"@id\":\"https:\/\/bahiaeconomica.com.br\/wp\/#organization\"},\"potentialAction\":[{\"@type\":\"SearchAction\",\"target\":{\"@type\":\"EntryPoint\",\"urlTemplate\":\"https:\/\/bahiaeconomica.com.br\/wp\/?s={search_term_string}\"},\"query-input\":\"required name=search_term_string\"}],\"inLanguage\":\"pt-BR\"},{\"@type\":\"Organization\",\"@id\":\"https:\/\/bahiaeconomica.com.br\/wp\/#organization\",\"name\":\"Bahia Econ\u00f4mica\",\"url\":\"https:\/\/bahiaeconomica.com.br\/wp\/\",\"logo\":{\"@type\":\"ImageObject\",\"inLanguage\":\"pt-BR\",\"@id\":\"https:\/\/bahiaeconomica.com.br\/wp\/#\/schema\/logo\/image\/\",\"url\":\"https:\/\/bahiaeconomica.com.br\/wp\/wp-content\/uploads\/2020\/12\/cropped-BE.png\",\"contentUrl\":\"https:\/\/bahiaeconomica.com.br\/wp\/wp-content\/uploads\/2020\/12\/cropped-BE.png\",\"width\":512,\"height\":512,\"caption\":\"Bahia Econ\u00f4mica\"},\"image\":{\"@id\":\"https:\/\/bahiaeconomica.com.br\/wp\/#\/schema\/logo\/image\/\"},\"sameAs\":[\"https:\/\/www.facebook.com\/bahiaeconomica\"]},{\"@type\":\"Person\",\"@id\":\"https:\/\/bahiaeconomica.com.br\/wp\/#\/schema\/person\/a17956d0e1112b626f403fb06b8129a9\",\"name\":\"VICTOR OLIVEIRA\",\"sameAs\":[\"http:\/\/www.bahiaeconomica.com.br\"],\"url\":\"https:\/\/bahiaeconomica.com.br\/wp\/author\/victor-oliveira\/\"}]}<\/script>\n<!-- \/ Yoast SEO plugin. -->","yoast_head_json":{"title":"GOVERNO ALTERA REGRA DE TRANSI\u00c7\u00c3O DO BOLSA FAM\u00cdLIA; ENTENDA - Bahia Economica O governo federal atualizou nesta quinta-feira (15) as regras de transi\u00e7\u00e3o para as fam\u00edlias benefici\u00e1rias do Bolsa Fam\u00edlia","description":"O maior portal de Economia da Bahia ECONOMIA \/ POL\u00cdTICA Bahia Economica O governo federal atualizou nesta quinta-feira (15) as regras de transi\u00e7\u00e3o para as fam\u00edlias benefici\u00e1rias do Bolsa Fam\u00edlia","robots":{"index":"index","follow":"follow","max-snippet":"max-snippet:-1","max-image-preview":"max-image-preview:large","max-video-preview":"max-video-preview:-1"},"canonical":"https:\/\/bahiaeconomica.com.br\/wp\/2025\/05\/15\/governo-altera-regra-de-transicao-do-bolsa-familia-entenda\/","og_locale":"pt_BR","og_type":"article","og_title":"GOVERNO ALTERA REGRA DE TRANSI\u00c7\u00c3O DO BOLSA FAM\u00cdLIA; ENTENDA - Bahia Economica O governo federal atualizou nesta quinta-feira (15) as regras de transi\u00e7\u00e3o para as fam\u00edlias benefici\u00e1rias do Bolsa Fam\u00edlia","og_description":"O maior portal de Economia da Bahia ECONOMIA \/ POL\u00cdTICA Bahia Economica O governo federal atualizou nesta quinta-feira (15) as regras de transi\u00e7\u00e3o para as fam\u00edlias benefici\u00e1rias do Bolsa Fam\u00edlia","og_url":"https:\/\/bahiaeconomica.com.br\/wp\/2025\/05\/15\/governo-altera-regra-de-transicao-do-bolsa-familia-entenda\/","og_site_name":"Bahia Economica","article_publisher":"https:\/\/www.facebook.com\/bahiaeconomica","article_published_time":"2025-05-15T17:20:28+00:00","article_modified_time":"2025-05-15T17:17:27+00:00","og_image":[{"width":1170,"height":700,"url":"https:\/\/bahiaeconomica.com.br\/wp\/wp-content\/uploads\/2025\/05\/53628072030_5dffa3859b_o.webp","type":"image\/webp"}],"author":"VICTOR OLIVEIRA","twitter_card":"summary_large_image","twitter_misc":{"Escrito por":"VICTOR OLIVEIRA","Est. tempo de leitura":"5 minutos"},"schema":{"@context":"https:\/\/schema.org","@graph":[{"@type":"Article","@id":"https:\/\/bahiaeconomica.com.br\/wp\/2025\/05\/15\/governo-altera-regra-de-transicao-do-bolsa-familia-entenda\/#article","isPartOf":{"@id":"https:\/\/bahiaeconomica.com.br\/wp\/2025\/05\/15\/governo-altera-regra-de-transicao-do-bolsa-familia-entenda\/"},"author":{"name":"VICTOR OLIVEIRA","@id":"https:\/\/bahiaeconomica.com.br\/wp\/#\/schema\/person\/a17956d0e1112b626f403fb06b8129a9"},"headline":"GOVERNO ALTERA REGRA DE TRANSI\u00c7\u00c3O DO BOLSA FAM\u00cdLIA; ENTENDA","datePublished":"2025-05-15T17:20:28+00:00","dateModified":"2025-05-15T17:17:27+00:00","mainEntityOfPage":{"@id":"https:\/\/bahiaeconomica.com.br\/wp\/2025\/05\/15\/governo-altera-regra-de-transicao-do-bolsa-familia-entenda\/"},"wordCount":1009,"publisher":{"@id":"https:\/\/bahiaeconomica.com.br\/wp\/#organization"},"keywords":["BOLSA FAM\u00cdLIA","regra de prote\u00e7\u00e3o"],"articleSection":["ECONOMIA \/ POL\u00cdTICA"],"inLanguage":"pt-BR"},{"@type":"WebPage","@id":"https:\/\/bahiaeconomica.com.br\/wp\/2025\/05\/15\/governo-altera-regra-de-transicao-do-bolsa-familia-entenda\/","url":"https:\/\/bahiaeconomica.com.br\/wp\/2025\/05\/15\/governo-altera-regra-de-transicao-do-bolsa-familia-entenda\/","name":"GOVERNO ALTERA REGRA DE TRANSI\u00c7\u00c3O DO BOLSA FAM\u00cdLIA; ENTENDA - Bahia Economica O governo federal atualizou nesta quinta-feira (15) as regras de transi\u00e7\u00e3o para as fam\u00edlias benefici\u00e1rias do Bolsa Fam\u00edlia","isPartOf":{"@id":"https:\/\/bahiaeconomica.com.br\/wp\/#website"},"datePublished":"2025-05-15T17:20:28+00:00","dateModified":"2025-05-15T17:17:27+00:00","description":"O maior portal de Economia da Bahia ECONOMIA \/ POL\u00cdTICA Bahia Economica O governo federal atualizou nesta quinta-feira (15) as regras de transi\u00e7\u00e3o para as fam\u00edlias benefici\u00e1rias do Bolsa Fam\u00edlia","breadcrumb":{"@id":"https:\/\/bahiaeconomica.com.br\/wp\/2025\/05\/15\/governo-altera-regra-de-transicao-do-bolsa-familia-entenda\/#breadcrumb"},"inLanguage":"pt-BR","potentialAction":[{"@type":"ReadAction","target":["https:\/\/bahiaeconomica.com.br\/wp\/2025\/05\/15\/governo-altera-regra-de-transicao-do-bolsa-familia-entenda\/"]}]},{"@type":"BreadcrumbList","@id":"https:\/\/bahiaeconomica.com.br\/wp\/2025\/05\/15\/governo-altera-regra-de-transicao-do-bolsa-familia-entenda\/#breadcrumb","itemListElement":[{"@type":"ListItem","position":1,"name":"In\u00edcio","item":"https:\/\/bahiaeconomica.com.br\/wp\/"},{"@type":"ListItem","position":2,"name":"GOVERNO ALTERA REGRA DE TRANSI\u00c7\u00c3O DO BOLSA FAM\u00cdLIA; ENTENDA"}]},{"@type":"WebSite","@id":"https:\/\/bahiaeconomica.com.br\/wp\/#website","url":"https:\/\/bahiaeconomica.com.br\/wp\/","name":"Bahia Economica","description":"O maior portal de Economia da Bahia","publisher":{"@id":"https:\/\/bahiaeconomica.com.br\/wp\/#organization"},"potentialAction":[{"@type":"SearchAction","target":{"@type":"EntryPoint","urlTemplate":"https:\/\/bahiaeconomica.com.br\/wp\/?s={search_term_string}"},"query-input":"required name=search_term_string"}],"inLanguage":"pt-BR"},{"@type":"Organization","@id":"https:\/\/bahiaeconomica.com.br\/wp\/#organization","name":"Bahia Econ\u00f4mica","url":"https:\/\/bahiaeconomica.com.br\/wp\/","logo":{"@type":"ImageObject","inLanguage":"pt-BR","@id":"https:\/\/bahiaeconomica.com.br\/wp\/#\/schema\/logo\/image\/","url":"https:\/\/bahiaeconomica.com.br\/wp\/wp-content\/uploads\/2020\/12\/cropped-BE.png","contentUrl":"https:\/\/bahiaeconomica.com.br\/wp\/wp-content\/uploads\/2020\/12\/cropped-BE.png","width":512,"height":512,"caption":"Bahia Econ\u00f4mica"},"image":{"@id":"https:\/\/bahiaeconomica.com.br\/wp\/#\/schema\/logo\/image\/"},"sameAs":["https:\/\/www.facebook.com\/bahiaeconomica"]},{"@type":"Person","@id":"https:\/\/bahiaeconomica.com.br\/wp\/#\/schema\/person\/a17956d0e1112b626f403fb06b8129a9","name":"VICTOR OLIVEIRA","sameAs":["http:\/\/www.bahiaeconomica.com.br"],"url":"https:\/\/bahiaeconomica.com.br\/wp\/author\/victor-oliveira\/"}]}},"views":4,"_links":{"self":[{"href":"https:\/\/bahiaeconomica.com.br\/wp\/wp-json\/wp\/v2\/posts\/902913"}],"collection":[{"href":"https:\/\/bahiaeconomica.com.br\/wp\/wp-json\/wp\/v2\/posts"}],"about":[{"href":"https:\/\/bahiaeconomica.com.br\/wp\/wp-json\/wp\/v2\/types\/post"}],"author":[{"embeddable":true,"href":"https:\/\/bahiaeconomica.com.br\/wp\/wp-json\/wp\/v2\/users\/24"}],"replies":[{"embeddable":true,"href":"https:\/\/bahiaeconomica.com.br\/wp\/wp-json\/wp\/v2\/comments?post=902913"}],"version-history":[{"count":1,"href":"https:\/\/bahiaeconomica.com.br\/wp\/wp-json\/wp\/v2\/posts\/902913\/revisions"}],"predecessor-version":[{"id":902915,"href":"https:\/\/bahiaeconomica.com.br\/wp\/wp-json\/wp\/v2\/posts\/902913\/revisions\/902915"}],"wp:featuredmedia":[{"embeddable":true,"href":"https:\/\/bahiaeconomica.com.br\/wp\/wp-json\/wp\/v2\/media\/902914"}],"wp:attachment":[{"href":"https:\/\/bahiaeconomica.com.br\/wp\/wp-json\/wp\/v2\/media?parent=902913"}],"wp:term":[{"taxonomy":"category","embeddable":true,"href":"https:\/\/bahiaeconomica.com.br\/wp\/wp-json\/wp\/v2\/categories?post=902913"},{"taxonomy":"post_tag","embeddable":true,"href":"https:\/\/bahiaeconomica.com.br\/wp\/wp-json\/wp\/v2\/tags?post=902913"}],"curies":[{"name":"wp","href":"https:\/\/api.w.org\/{rel}","templated":true}]}}