{"id":902072,"date":"2025-05-13T15:27:27","date_gmt":"2025-05-13T18:27:27","guid":{"rendered":"https:\/\/bahiaeconomica.com.br\/wp\/?p=902072"},"modified":"2025-05-13T15:27:27","modified_gmt":"2025-05-13T18:27:27","slug":"brasil-e-china-fazem-declaracoes-conjuntas-sobre-temas-globais","status":"publish","type":"post","link":"https:\/\/bahiaeconomica.com.br\/wp\/2025\/05\/13\/brasil-e-china-fazem-declaracoes-conjuntas-sobre-temas-globais\/","title":{"rendered":"BRASIL E CHINA FAZEM DECLARA\u00c7\u00d5ES CONJUNTAS SOBRE TEMAS GLOBAIS"},"content":{"rendered":"<p>Brasil e China divulgaram duas declara\u00e7\u00f5es conjuntas nesta ter\u00e7a-feira (13), em meio aos encontros bilaterais ocorridos durante a miss\u00e3o brasileira em Pequim. Uma das declara\u00e7\u00f5es pede di\u00e1logo entre R\u00fassia e Ucr\u00e2nia, para dar fim \u00e0 guerra entre os dois pa\u00edses.<\/p>\n<p>J\u00e1 a segunda declara\u00e7\u00e3o conjunta foi feita em defesa do multilateralismo e do fortalecimento de a\u00e7\u00f5es sustent\u00e1veis visando amenizar os efeitos danosos das mudan\u00e7as clim\u00e1ticas para o planeta.<\/p>\n<p>Nos discursos feitos durante a visita \u00e0 China, Lula falou, em algumas oportunidades, sobre a guerra na Ucr\u00e2nia. O presidente brasileiro fez tamb\u00e9m cr\u00edticas \u00e0s a\u00e7\u00f5es de Israel na Faixa de Gaza.<\/p>\n<p>\u201cA humanidade se apequena diante das atrocidades cometidas em Gaza. N\u00e3o haver\u00e1 paz sem um Estado da Palestina independente e vi\u00e1vel, vivendo lado a lado com Israel. Somente uma ONU [Organiza\u00e7\u00e3o das Na\u00e7\u00f5es Unidas] reformada poder\u00e1 cumprir os ideais de paz, direitos humanos e progresso social consagrados em 1945 pela Carta de S\u00e3o Francisco\u201d, disse Lula.<\/p>\n<p><strong>Declara\u00e7\u00f5es<br \/>\n<\/strong><br \/>\nNa declara\u00e7\u00e3o conjunta sobre a crise na Ucr\u00e2nia, Brasil e China dizem acolher a proposta feita pelo presidente da R\u00fassia, Vladimir Putin, no dia 10 de maio, no sentido de abrir negocia\u00e7\u00f5es para a paz. Ao mesmo tempo, dizem acolher tamb\u00e9m a \u201cmanifesta\u00e7\u00e3o positiva\u201d do presidente da Ucr\u00e2nia, Volodymyr Zelensky, que, segundo o documento, busca o mesmo objetivo de paz.<\/p>\n<p>\u201cOs governos do Brasil e da China esperam que se inicie, no menor prazo poss\u00edvel, um di\u00e1logo direto entre as partes, \u00fanica forma de p\u00f4r fim ao conflito\u201d, diz o documento ao avaliar positivamente \u201cos recentes sinais de disposi\u00e7\u00e3o ao di\u00e1logo e manifestam sua expectativa de que as partes possam alcan\u00e7ar um entendimento que viabilize o in\u00edcio de negocia\u00e7\u00f5es frut\u00edferas\u201d.<\/p>\n<p>Na avalia\u00e7\u00e3o dos governos brasileiro e chin\u00eas, \u00e9 necess\u00e1rio encontrar uma solu\u00e7\u00e3o pol\u00edtica para a crise na Ucr\u00e2nia \u201cem suas ra\u00edzes, com vistas a um acordo de paz duradouro e justo, que seja vinculante para todas as partes no final\u201d.<\/p>\n<p>&nbsp;<\/p>\n<p>Foto:\u00a0 Ricardo Stuckert<\/p>\n","protected":false},"excerpt":{"rendered":"<p>Brasil e China divulgaram duas declara\u00e7\u00f5es conjuntas nesta ter\u00e7a-feira (13), em meio aos encontros bilaterais ocorridos durante a miss\u00e3o brasileira em Pequim. Uma das declara\u00e7\u00f5es pede di\u00e1logo entre R\u00fassia e Ucr\u00e2nia, para dar fim \u00e0 guerra entre os dois pa\u00edses. J\u00e1 a segunda declara\u00e7\u00e3o conjunta foi feita em defesa do multilateralismo e do fortalecimento de [&hellip;]<\/p>\n","protected":false},"author":15,"featured_media":902073,"comment_status":"closed","ping_status":"closed","sticky":false,"template":"","format":"standard","meta":[],"categories":[14601],"tags":[52,750],"acf":[],"yoast_head":"<!-- This site is optimized with the Yoast SEO plugin v20.8 - https:\/\/yoast.com\/wordpress\/plugins\/seo\/ -->\n<title>BRASIL E CHINA FAZEM DECLARA\u00c7\u00d5ES CONJUNTAS SOBRE TEMAS GLOBAIS - Bahia Economica<\/title>\n<meta name=\"description\" content=\"O maior portal de Economia da Bahia Pol\u00edtica Bahia Economica Brasil e China divulgaram duas declara\u00e7\u00f5es conjuntas nesta ter\u00e7a-feira (13),\" \/>\n<meta name=\"robots\" content=\"index, follow, max-snippet:-1, max-image-preview:large, max-video-preview:-1\" \/>\n<link rel=\"canonical\" href=\"https:\/\/bahiaeconomica.com.br\/wp\/2025\/05\/13\/brasil-e-china-fazem-declaracoes-conjuntas-sobre-temas-globais\/\" \/>\n<meta property=\"og:locale\" content=\"pt_BR\" \/>\n<meta property=\"og:type\" content=\"article\" \/>\n<meta property=\"og:title\" content=\"BRASIL E CHINA FAZEM DECLARA\u00c7\u00d5ES CONJUNTAS SOBRE TEMAS GLOBAIS - Bahia Economica\" \/>\n<meta property=\"og:description\" content=\"O maior portal de Economia da Bahia Pol\u00edtica Bahia Economica Brasil e China divulgaram duas declara\u00e7\u00f5es conjuntas nesta ter\u00e7a-feira (13),\" \/>\n<meta property=\"og:url\" content=\"https:\/\/bahiaeconomica.com.br\/wp\/2025\/05\/13\/brasil-e-china-fazem-declaracoes-conjuntas-sobre-temas-globais\/\" \/>\n<meta property=\"og:site_name\" content=\"Bahia Economica\" \/>\n<meta property=\"article:publisher\" content=\"https:\/\/www.facebook.com\/bahiaeconomica\" \/>\n<meta property=\"article:published_time\" content=\"2025-05-13T18:27:27+00:00\" \/>\n<meta property=\"og:image\" content=\"https:\/\/bahiaeconomica.com.br\/wp\/wp-content\/uploads\/2025\/05\/54515687212_592cbf4a0e_o.webp\" \/>\n\t<meta property=\"og:image:width\" content=\"1170\" \/>\n\t<meta property=\"og:image:height\" content=\"700\" \/>\n\t<meta property=\"og:image:type\" content=\"image\/webp\" \/>\n<meta name=\"author\" content=\"VICTORIA ISABEL\" \/>\n<meta name=\"twitter:card\" content=\"summary_large_image\" \/>\n<meta name=\"twitter:label1\" content=\"Escrito por\" \/>\n\t<meta name=\"twitter:data1\" content=\"VICTORIA ISABEL\" \/>\n\t<meta name=\"twitter:label2\" content=\"Est. tempo de leitura\" \/>\n\t<meta name=\"twitter:data2\" content=\"2 minutos\" \/>\n<script type=\"application\/ld+json\" class=\"yoast-schema-graph\">{\"@context\":\"https:\/\/schema.org\",\"@graph\":[{\"@type\":\"Article\",\"@id\":\"https:\/\/bahiaeconomica.com.br\/wp\/2025\/05\/13\/brasil-e-china-fazem-declaracoes-conjuntas-sobre-temas-globais\/#article\",\"isPartOf\":{\"@id\":\"https:\/\/bahiaeconomica.com.br\/wp\/2025\/05\/13\/brasil-e-china-fazem-declaracoes-conjuntas-sobre-temas-globais\/\"},\"author\":{\"name\":\"VICTORIA ISABEL\",\"@id\":\"https:\/\/bahiaeconomica.com.br\/wp\/#\/schema\/person\/b719ce0fb1c09f3c7a00d9243ced4a6f\"},\"headline\":\"BRASIL E CHINA FAZEM DECLARA\u00c7\u00d5ES CONJUNTAS SOBRE TEMAS GLOBAIS\",\"datePublished\":\"2025-05-13T18:27:27+00:00\",\"dateModified\":\"2025-05-13T18:27:27+00:00\",\"mainEntityOfPage\":{\"@id\":\"https:\/\/bahiaeconomica.com.br\/wp\/2025\/05\/13\/brasil-e-china-fazem-declaracoes-conjuntas-sobre-temas-globais\/\"},\"wordCount\":371,\"publisher\":{\"@id\":\"https:\/\/bahiaeconomica.com.br\/wp\/#organization\"},\"keywords\":[\"Brasil\",\"China\"],\"articleSection\":[\"Pol\u00edtica\"],\"inLanguage\":\"pt-BR\"},{\"@type\":\"WebPage\",\"@id\":\"https:\/\/bahiaeconomica.com.br\/wp\/2025\/05\/13\/brasil-e-china-fazem-declaracoes-conjuntas-sobre-temas-globais\/\",\"url\":\"https:\/\/bahiaeconomica.com.br\/wp\/2025\/05\/13\/brasil-e-china-fazem-declaracoes-conjuntas-sobre-temas-globais\/\",\"name\":\"BRASIL E CHINA FAZEM DECLARA\u00c7\u00d5ES CONJUNTAS SOBRE TEMAS GLOBAIS - Bahia Economica\",\"isPartOf\":{\"@id\":\"https:\/\/bahiaeconomica.com.br\/wp\/#website\"},\"datePublished\":\"2025-05-13T18:27:27+00:00\",\"dateModified\":\"2025-05-13T18:27:27+00:00\",\"description\":\"O maior portal de Economia da Bahia Pol\u00edtica Bahia Economica Brasil e China divulgaram duas declara\u00e7\u00f5es conjuntas nesta ter\u00e7a-feira (13),\",\"breadcrumb\":{\"@id\":\"https:\/\/bahiaeconomica.com.br\/wp\/2025\/05\/13\/brasil-e-china-fazem-declaracoes-conjuntas-sobre-temas-globais\/#breadcrumb\"},\"inLanguage\":\"pt-BR\",\"potentialAction\":[{\"@type\":\"ReadAction\",\"target\":[\"https:\/\/bahiaeconomica.com.br\/wp\/2025\/05\/13\/brasil-e-china-fazem-declaracoes-conjuntas-sobre-temas-globais\/\"]}]},{\"@type\":\"BreadcrumbList\",\"@id\":\"https:\/\/bahiaeconomica.com.br\/wp\/2025\/05\/13\/brasil-e-china-fazem-declaracoes-conjuntas-sobre-temas-globais\/#breadcrumb\",\"itemListElement\":[{\"@type\":\"ListItem\",\"position\":1,\"name\":\"In\u00edcio\",\"item\":\"https:\/\/bahiaeconomica.com.br\/wp\/\"},{\"@type\":\"ListItem\",\"position\":2,\"name\":\"BRASIL E CHINA FAZEM DECLARA\u00c7\u00d5ES CONJUNTAS SOBRE TEMAS GLOBAIS\"}]},{\"@type\":\"WebSite\",\"@id\":\"https:\/\/bahiaeconomica.com.br\/wp\/#website\",\"url\":\"https:\/\/bahiaeconomica.com.br\/wp\/\",\"name\":\"Bahia Economica\",\"description\":\"O maior portal de Economia da Bahia\",\"publisher\":{\"@id\":\"https:\/\/bahiaeconomica.com.br\/wp\/#organization\"},\"potentialAction\":[{\"@type\":\"SearchAction\",\"target\":{\"@type\":\"EntryPoint\",\"urlTemplate\":\"https:\/\/bahiaeconomica.com.br\/wp\/?s={search_term_string}\"},\"query-input\":\"required name=search_term_string\"}],\"inLanguage\":\"pt-BR\"},{\"@type\":\"Organization\",\"@id\":\"https:\/\/bahiaeconomica.com.br\/wp\/#organization\",\"name\":\"Bahia Econ\u00f4mica\",\"url\":\"https:\/\/bahiaeconomica.com.br\/wp\/\",\"logo\":{\"@type\":\"ImageObject\",\"inLanguage\":\"pt-BR\",\"@id\":\"https:\/\/bahiaeconomica.com.br\/wp\/#\/schema\/logo\/image\/\",\"url\":\"https:\/\/bahiaeconomica.com.br\/wp\/wp-content\/uploads\/2020\/12\/cropped-BE.png\",\"contentUrl\":\"https:\/\/bahiaeconomica.com.br\/wp\/wp-content\/uploads\/2020\/12\/cropped-BE.png\",\"width\":512,\"height\":512,\"caption\":\"Bahia Econ\u00f4mica\"},\"image\":{\"@id\":\"https:\/\/bahiaeconomica.com.br\/wp\/#\/schema\/logo\/image\/\"},\"sameAs\":[\"https:\/\/www.facebook.com\/bahiaeconomica\"]},{\"@type\":\"Person\",\"@id\":\"https:\/\/bahiaeconomica.com.br\/wp\/#\/schema\/person\/b719ce0fb1c09f3c7a00d9243ced4a6f\",\"name\":\"VICTORIA ISABEL\",\"sameAs\":[\"http:\/\/www.bahiaeconomica.com.br\"],\"url\":\"https:\/\/bahiaeconomica.com.br\/wp\/author\/victoria-isabel\/\"}]}<\/script>\n<!-- \/ Yoast SEO plugin. -->","yoast_head_json":{"title":"BRASIL E CHINA FAZEM DECLARA\u00c7\u00d5ES CONJUNTAS SOBRE TEMAS GLOBAIS - Bahia Economica","description":"O maior portal de Economia da Bahia Pol\u00edtica Bahia Economica Brasil e China divulgaram duas declara\u00e7\u00f5es conjuntas nesta ter\u00e7a-feira (13),","robots":{"index":"index","follow":"follow","max-snippet":"max-snippet:-1","max-image-preview":"max-image-preview:large","max-video-preview":"max-video-preview:-1"},"canonical":"https:\/\/bahiaeconomica.com.br\/wp\/2025\/05\/13\/brasil-e-china-fazem-declaracoes-conjuntas-sobre-temas-globais\/","og_locale":"pt_BR","og_type":"article","og_title":"BRASIL E CHINA FAZEM DECLARA\u00c7\u00d5ES CONJUNTAS SOBRE TEMAS GLOBAIS - Bahia Economica","og_description":"O maior portal de Economia da Bahia Pol\u00edtica Bahia Economica Brasil e China divulgaram duas declara\u00e7\u00f5es conjuntas nesta ter\u00e7a-feira (13),","og_url":"https:\/\/bahiaeconomica.com.br\/wp\/2025\/05\/13\/brasil-e-china-fazem-declaracoes-conjuntas-sobre-temas-globais\/","og_site_name":"Bahia Economica","article_publisher":"https:\/\/www.facebook.com\/bahiaeconomica","article_published_time":"2025-05-13T18:27:27+00:00","og_image":[{"width":1170,"height":700,"url":"https:\/\/bahiaeconomica.com.br\/wp\/wp-content\/uploads\/2025\/05\/54515687212_592cbf4a0e_o.webp","type":"image\/webp"}],"author":"VICTORIA ISABEL","twitter_card":"summary_large_image","twitter_misc":{"Escrito por":"VICTORIA ISABEL","Est. tempo de leitura":"2 minutos"},"schema":{"@context":"https:\/\/schema.org","@graph":[{"@type":"Article","@id":"https:\/\/bahiaeconomica.com.br\/wp\/2025\/05\/13\/brasil-e-china-fazem-declaracoes-conjuntas-sobre-temas-globais\/#article","isPartOf":{"@id":"https:\/\/bahiaeconomica.com.br\/wp\/2025\/05\/13\/brasil-e-china-fazem-declaracoes-conjuntas-sobre-temas-globais\/"},"author":{"name":"VICTORIA ISABEL","@id":"https:\/\/bahiaeconomica.com.br\/wp\/#\/schema\/person\/b719ce0fb1c09f3c7a00d9243ced4a6f"},"headline":"BRASIL E CHINA FAZEM DECLARA\u00c7\u00d5ES CONJUNTAS SOBRE TEMAS GLOBAIS","datePublished":"2025-05-13T18:27:27+00:00","dateModified":"2025-05-13T18:27:27+00:00","mainEntityOfPage":{"@id":"https:\/\/bahiaeconomica.com.br\/wp\/2025\/05\/13\/brasil-e-china-fazem-declaracoes-conjuntas-sobre-temas-globais\/"},"wordCount":371,"publisher":{"@id":"https:\/\/bahiaeconomica.com.br\/wp\/#organization"},"keywords":["Brasil","China"],"articleSection":["Pol\u00edtica"],"inLanguage":"pt-BR"},{"@type":"WebPage","@id":"https:\/\/bahiaeconomica.com.br\/wp\/2025\/05\/13\/brasil-e-china-fazem-declaracoes-conjuntas-sobre-temas-globais\/","url":"https:\/\/bahiaeconomica.com.br\/wp\/2025\/05\/13\/brasil-e-china-fazem-declaracoes-conjuntas-sobre-temas-globais\/","name":"BRASIL E CHINA FAZEM DECLARA\u00c7\u00d5ES CONJUNTAS SOBRE TEMAS GLOBAIS - Bahia Economica","isPartOf":{"@id":"https:\/\/bahiaeconomica.com.br\/wp\/#website"},"datePublished":"2025-05-13T18:27:27+00:00","dateModified":"2025-05-13T18:27:27+00:00","description":"O maior portal de Economia da Bahia Pol\u00edtica Bahia Economica Brasil e China divulgaram duas declara\u00e7\u00f5es conjuntas nesta ter\u00e7a-feira (13),","breadcrumb":{"@id":"https:\/\/bahiaeconomica.com.br\/wp\/2025\/05\/13\/brasil-e-china-fazem-declaracoes-conjuntas-sobre-temas-globais\/#breadcrumb"},"inLanguage":"pt-BR","potentialAction":[{"@type":"ReadAction","target":["https:\/\/bahiaeconomica.com.br\/wp\/2025\/05\/13\/brasil-e-china-fazem-declaracoes-conjuntas-sobre-temas-globais\/"]}]},{"@type":"BreadcrumbList","@id":"https:\/\/bahiaeconomica.com.br\/wp\/2025\/05\/13\/brasil-e-china-fazem-declaracoes-conjuntas-sobre-temas-globais\/#breadcrumb","itemListElement":[{"@type":"ListItem","position":1,"name":"In\u00edcio","item":"https:\/\/bahiaeconomica.com.br\/wp\/"},{"@type":"ListItem","position":2,"name":"BRASIL E CHINA FAZEM DECLARA\u00c7\u00d5ES CONJUNTAS SOBRE TEMAS GLOBAIS"}]},{"@type":"WebSite","@id":"https:\/\/bahiaeconomica.com.br\/wp\/#website","url":"https:\/\/bahiaeconomica.com.br\/wp\/","name":"Bahia Economica","description":"O maior portal de Economia da Bahia","publisher":{"@id":"https:\/\/bahiaeconomica.com.br\/wp\/#organization"},"potentialAction":[{"@type":"SearchAction","target":{"@type":"EntryPoint","urlTemplate":"https:\/\/bahiaeconomica.com.br\/wp\/?s={search_term_string}"},"query-input":"required name=search_term_string"}],"inLanguage":"pt-BR"},{"@type":"Organization","@id":"https:\/\/bahiaeconomica.com.br\/wp\/#organization","name":"Bahia Econ\u00f4mica","url":"https:\/\/bahiaeconomica.com.br\/wp\/","logo":{"@type":"ImageObject","inLanguage":"pt-BR","@id":"https:\/\/bahiaeconomica.com.br\/wp\/#\/schema\/logo\/image\/","url":"https:\/\/bahiaeconomica.com.br\/wp\/wp-content\/uploads\/2020\/12\/cropped-BE.png","contentUrl":"https:\/\/bahiaeconomica.com.br\/wp\/wp-content\/uploads\/2020\/12\/cropped-BE.png","width":512,"height":512,"caption":"Bahia Econ\u00f4mica"},"image":{"@id":"https:\/\/bahiaeconomica.com.br\/wp\/#\/schema\/logo\/image\/"},"sameAs":["https:\/\/www.facebook.com\/bahiaeconomica"]},{"@type":"Person","@id":"https:\/\/bahiaeconomica.com.br\/wp\/#\/schema\/person\/b719ce0fb1c09f3c7a00d9243ced4a6f","name":"VICTORIA ISABEL","sameAs":["http:\/\/www.bahiaeconomica.com.br"],"url":"https:\/\/bahiaeconomica.com.br\/wp\/author\/victoria-isabel\/"}]}},"views":7,"_links":{"self":[{"href":"https:\/\/bahiaeconomica.com.br\/wp\/wp-json\/wp\/v2\/posts\/902072"}],"collection":[{"href":"https:\/\/bahiaeconomica.com.br\/wp\/wp-json\/wp\/v2\/posts"}],"about":[{"href":"https:\/\/bahiaeconomica.com.br\/wp\/wp-json\/wp\/v2\/types\/post"}],"author":[{"embeddable":true,"href":"https:\/\/bahiaeconomica.com.br\/wp\/wp-json\/wp\/v2\/users\/15"}],"replies":[{"embeddable":true,"href":"https:\/\/bahiaeconomica.com.br\/wp\/wp-json\/wp\/v2\/comments?post=902072"}],"version-history":[{"count":1,"href":"https:\/\/bahiaeconomica.com.br\/wp\/wp-json\/wp\/v2\/posts\/902072\/revisions"}],"predecessor-version":[{"id":902083,"href":"https:\/\/bahiaeconomica.com.br\/wp\/wp-json\/wp\/v2\/posts\/902072\/revisions\/902083"}],"wp:featuredmedia":[{"embeddable":true,"href":"https:\/\/bahiaeconomica.com.br\/wp\/wp-json\/wp\/v2\/media\/902073"}],"wp:attachment":[{"href":"https:\/\/bahiaeconomica.com.br\/wp\/wp-json\/wp\/v2\/media?parent=902072"}],"wp:term":[{"taxonomy":"category","embeddable":true,"href":"https:\/\/bahiaeconomica.com.br\/wp\/wp-json\/wp\/v2\/categories?post=902072"},{"taxonomy":"post_tag","embeddable":true,"href":"https:\/\/bahiaeconomica.com.br\/wp\/wp-json\/wp\/v2\/tags?post=902072"}],"curies":[{"name":"wp","href":"https:\/\/api.w.org\/{rel}","templated":true}]}}