{"id":901344,"date":"2025-05-09T19:00:11","date_gmt":"2025-05-09T22:00:11","guid":{"rendered":"https:\/\/bahiaeconomica.com.br\/wp\/?p=901344"},"modified":"2025-05-09T18:50:24","modified_gmt":"2025-05-09T21:50:24","slug":"obras-no-complexo-do-tca-alteram-acesso-do-publico-bilheteria-e-estacionamento-saiba-mudancas","status":"publish","type":"post","link":"https:\/\/bahiaeconomica.com.br\/wp\/2025\/05\/09\/obras-no-complexo-do-tca-alteram-acesso-do-publico-bilheteria-e-estacionamento-saiba-mudancas\/","title":{"rendered":"OBRAS NO COMPLEXO DO TCA ALTERAM ACESSO DO P\u00daBLICO, BILHETERIA E ESTACIONAMENTO; SAIBA MUDAN\u00c7AS"},"content":{"rendered":"<p>A partir desta sexta-feira (9), o Complexo do Teatro Castro Alves (TCA) passa por mudan\u00e7as em seus acessos e servi\u00e7os oferecidos. A principal altera\u00e7\u00e3o \u00e9 para o p\u00fablico que vai \u00e0 Concha Ac\u00fastica, que, a partir do dia 16 de maio, ter\u00e1 como \u00fanico ponto de acesso a entrada na Ladeira da Fonte, na parte de baixo da unidade. Nesse mesmo local estar\u00e1 a bilheteria, que deixar\u00e1 de funcionar na frente do TCA, no Campo Grande. As altera\u00e7\u00f5es, motivadas pelo avan\u00e7o das obras do novo TCA, s\u00e3o v\u00e1lidas at\u00e9 o final da constru\u00e7\u00e3o e incluem ainda o fechamento do estacionamento e a mudan\u00e7a na entrada da Sala do Coro.<\/p>\n<p><strong>Confira mais detalhes das mudan\u00e7as:<\/strong><\/p>\n<p>Entrada na Concha Ac\u00fastica: o acesso ser\u00e1 exclusivo pela entrada na Ladeira da Fonte a partir do dia 16. Para quem vem do Campo Grande, \u00e9 a via que tem in\u00edcio entre a Igreja Si\u00e3o e a Galeria Forte de S\u00e3o Pedro.<\/p>\n<p>Bilheteria: a bilheteria f\u00edsica tamb\u00e9m funcionar\u00e1 apenas no ponto da Ladeira da Fonte, com atendimento de segunda a s\u00e1bado, das 11h \u00e0s 19h, e em dias de evento at\u00e9 \u00e0s 21h.<\/p>\n<p>Estacionamento: ser\u00e1 fechado ao p\u00fablico a partir do dia 10 de maio durante o per\u00edodo das obras. Para o conforto dos visitantes, sugerimos que sejam exploradas alternativas de transporte, como ve\u00edculos por aplicativo, \u00f4nibus ou carona.<\/p>\n<p>Entrada da Sala do Coro: o acesso ser\u00e1 pelo port\u00e3o localizado na Travessa Corneta Lopes (Campo Grande), ao lado do Complexo do TCA. O caminho alternativo levar\u00e1 at\u00e9 a Esplanada do TCA, onde ser\u00e1 poss\u00edvel ingressar na Sala do Coro.<\/p>\n<p>ENTENDA AS MUDAN\u00c7AS \u2013 As altera\u00e7\u00f5es v\u00e1lidas a partir de 16 de maio s\u00e3o cruciais para o avan\u00e7o da reforma no Complexo do TCA. Desde 2013 j\u00e1 existiam obras sendo executadas para moderniza\u00e7\u00e3o da unidade. Em 2016, foi finalizada a primeira etapa do projeto, alcan\u00e7ando a Concha Ac\u00fastica, espa\u00e7o que teve sua estrutura qualificada para receber grandes apresenta\u00e7\u00f5es. Uma segunda etapa aconteceu em 2017, com foco na reforma da Sala do Coro, e foi entregue em 2018.<\/p>\n<p>Na terceira e \u00faltima etapa, est\u00e3o a Sala Principal, foyer, jardim suspenso, Centro T\u00e9cnico, salas de ensaio dos corpos art\u00edsticos (BTCA e Osba) e \u00e1reas administrativas. S\u00e3o obras iniciadas em 2024 e que contemplam desocupa\u00e7\u00e3o do pr\u00e9dio central, demoli\u00e7\u00e3o de \u00e1reas estruturais, retirada de equipamentos e medi\u00e7\u00f5es ac\u00fasticas da Sala Principal. Interven\u00e7\u00f5es na fachada e constru\u00e7\u00f5es do backstage e das salas de ensaio s\u00e3o a\u00e7\u00f5es em andamento no momento.<\/p>\n<p>Foto: Dindara Paz<\/p>\n","protected":false},"excerpt":{"rendered":"<p>A partir desta sexta-feira (9), o Complexo do Teatro Castro Alves (TCA) passa por mudan\u00e7as em seus acessos e servi\u00e7os oferecidos. A principal altera\u00e7\u00e3o \u00e9 para o p\u00fablico que vai \u00e0 Concha Ac\u00fastica, que, a partir do dia 16 de maio, ter\u00e1 como \u00fanico ponto de acesso a entrada na Ladeira da Fonte, na parte [&hellip;]<\/p>\n","protected":false},"author":15,"featured_media":901346,"comment_status":"closed","ping_status":"closed","sticky":false,"template":"","format":"standard","meta":[],"categories":[689],"tags":[11788,1147,979],"acf":[],"yoast_head":"<!-- This site is optimized with the Yoast SEO plugin v20.8 - https:\/\/yoast.com\/wordpress\/plugins\/seo\/ -->\n<title>OBRAS NO COMPLEXO DO TCA ALTERAM ACESSO DO P\u00daBLICO, BILHETERIA E ESTACIONAMENTO; SAIBA MUDAN\u00c7AS - Bahia Economica<\/title>\n<meta name=\"description\" content=\"O maior portal de Economia da Bahia CULTURA E ARTE Bahia Economica A partir desta sexta-feira (9), o Complexo do Teatro Castro Alves (TCA)\" \/>\n<meta name=\"robots\" content=\"index, follow, max-snippet:-1, max-image-preview:large, max-video-preview:-1\" \/>\n<link rel=\"canonical\" href=\"https:\/\/bahiaeconomica.com.br\/wp\/2025\/05\/09\/obras-no-complexo-do-tca-alteram-acesso-do-publico-bilheteria-e-estacionamento-saiba-mudancas\/\" \/>\n<meta property=\"og:locale\" content=\"pt_BR\" \/>\n<meta property=\"og:type\" content=\"article\" \/>\n<meta property=\"og:title\" content=\"OBRAS NO COMPLEXO DO TCA ALTERAM ACESSO DO P\u00daBLICO, BILHETERIA E ESTACIONAMENTO; SAIBA MUDAN\u00c7AS - Bahia Economica\" \/>\n<meta property=\"og:description\" content=\"O maior portal de Economia da Bahia CULTURA E ARTE Bahia Economica A partir desta sexta-feira (9), o Complexo do Teatro Castro Alves (TCA)\" \/>\n<meta property=\"og:url\" content=\"https:\/\/bahiaeconomica.com.br\/wp\/2025\/05\/09\/obras-no-complexo-do-tca-alteram-acesso-do-publico-bilheteria-e-estacionamento-saiba-mudancas\/\" \/>\n<meta property=\"og:site_name\" content=\"Bahia Economica\" \/>\n<meta property=\"article:publisher\" content=\"https:\/\/www.facebook.com\/bahiaeconomica\" \/>\n<meta property=\"article:published_time\" content=\"2025-05-09T22:00:11+00:00\" \/>\n<meta property=\"article:modified_time\" content=\"2025-05-09T21:50:24+00:00\" \/>\n<meta property=\"og:image\" content=\"https:\/\/bahiaeconomica.com.br\/wp\/wp-content\/uploads\/2025\/05\/Concha_Acustica_Novo_Acesso_12_Foto_Dindara_Paz-scaled.jpg\" \/>\n\t<meta property=\"og:image:width\" content=\"2560\" \/>\n\t<meta property=\"og:image:height\" content=\"1920\" \/>\n\t<meta property=\"og:image:type\" content=\"image\/jpeg\" \/>\n<meta name=\"author\" content=\"VICTORIA ISABEL\" \/>\n<meta name=\"twitter:card\" content=\"summary_large_image\" \/>\n<meta name=\"twitter:label1\" content=\"Escrito por\" \/>\n\t<meta name=\"twitter:data1\" content=\"VICTORIA ISABEL\" \/>\n\t<meta name=\"twitter:label2\" content=\"Est. tempo de leitura\" \/>\n\t<meta name=\"twitter:data2\" content=\"3 minutos\" \/>\n<script type=\"application\/ld+json\" class=\"yoast-schema-graph\">{\"@context\":\"https:\/\/schema.org\",\"@graph\":[{\"@type\":\"Article\",\"@id\":\"https:\/\/bahiaeconomica.com.br\/wp\/2025\/05\/09\/obras-no-complexo-do-tca-alteram-acesso-do-publico-bilheteria-e-estacionamento-saiba-mudancas\/#article\",\"isPartOf\":{\"@id\":\"https:\/\/bahiaeconomica.com.br\/wp\/2025\/05\/09\/obras-no-complexo-do-tca-alteram-acesso-do-publico-bilheteria-e-estacionamento-saiba-mudancas\/\"},\"author\":{\"name\":\"VICTORIA ISABEL\",\"@id\":\"https:\/\/bahiaeconomica.com.br\/wp\/#\/schema\/person\/b719ce0fb1c09f3c7a00d9243ced4a6f\"},\"headline\":\"OBRAS NO COMPLEXO DO TCA ALTERAM ACESSO DO P\u00daBLICO, BILHETERIA E ESTACIONAMENTO; SAIBA MUDAN\u00c7AS\",\"datePublished\":\"2025-05-09T22:00:11+00:00\",\"dateModified\":\"2025-05-09T21:50:24+00:00\",\"mainEntityOfPage\":{\"@id\":\"https:\/\/bahiaeconomica.com.br\/wp\/2025\/05\/09\/obras-no-complexo-do-tca-alteram-acesso-do-publico-bilheteria-e-estacionamento-saiba-mudancas\/\"},\"wordCount\":461,\"publisher\":{\"@id\":\"https:\/\/bahiaeconomica.com.br\/wp\/#organization\"},\"keywords\":[\"concha acustica\",\"obra\",\"TCA\"],\"articleSection\":[\"CULTURA E ARTE\"],\"inLanguage\":\"pt-BR\"},{\"@type\":\"WebPage\",\"@id\":\"https:\/\/bahiaeconomica.com.br\/wp\/2025\/05\/09\/obras-no-complexo-do-tca-alteram-acesso-do-publico-bilheteria-e-estacionamento-saiba-mudancas\/\",\"url\":\"https:\/\/bahiaeconomica.com.br\/wp\/2025\/05\/09\/obras-no-complexo-do-tca-alteram-acesso-do-publico-bilheteria-e-estacionamento-saiba-mudancas\/\",\"name\":\"OBRAS NO COMPLEXO DO TCA ALTERAM ACESSO DO P\u00daBLICO, BILHETERIA E ESTACIONAMENTO; SAIBA MUDAN\u00c7AS - Bahia Economica\",\"isPartOf\":{\"@id\":\"https:\/\/bahiaeconomica.com.br\/wp\/#website\"},\"datePublished\":\"2025-05-09T22:00:11+00:00\",\"dateModified\":\"2025-05-09T21:50:24+00:00\",\"description\":\"O maior portal de Economia da Bahia CULTURA E ARTE Bahia Economica A partir desta sexta-feira (9), o Complexo do Teatro Castro Alves (TCA)\",\"breadcrumb\":{\"@id\":\"https:\/\/bahiaeconomica.com.br\/wp\/2025\/05\/09\/obras-no-complexo-do-tca-alteram-acesso-do-publico-bilheteria-e-estacionamento-saiba-mudancas\/#breadcrumb\"},\"inLanguage\":\"pt-BR\",\"potentialAction\":[{\"@type\":\"ReadAction\",\"target\":[\"https:\/\/bahiaeconomica.com.br\/wp\/2025\/05\/09\/obras-no-complexo-do-tca-alteram-acesso-do-publico-bilheteria-e-estacionamento-saiba-mudancas\/\"]}]},{\"@type\":\"BreadcrumbList\",\"@id\":\"https:\/\/bahiaeconomica.com.br\/wp\/2025\/05\/09\/obras-no-complexo-do-tca-alteram-acesso-do-publico-bilheteria-e-estacionamento-saiba-mudancas\/#breadcrumb\",\"itemListElement\":[{\"@type\":\"ListItem\",\"position\":1,\"name\":\"In\u00edcio\",\"item\":\"https:\/\/bahiaeconomica.com.br\/wp\/\"},{\"@type\":\"ListItem\",\"position\":2,\"name\":\"OBRAS NO COMPLEXO DO TCA ALTERAM ACESSO DO P\u00daBLICO, BILHETERIA E ESTACIONAMENTO; SAIBA MUDAN\u00c7AS\"}]},{\"@type\":\"WebSite\",\"@id\":\"https:\/\/bahiaeconomica.com.br\/wp\/#website\",\"url\":\"https:\/\/bahiaeconomica.com.br\/wp\/\",\"name\":\"Bahia Economica\",\"description\":\"O maior portal de Economia da Bahia\",\"publisher\":{\"@id\":\"https:\/\/bahiaeconomica.com.br\/wp\/#organization\"},\"potentialAction\":[{\"@type\":\"SearchAction\",\"target\":{\"@type\":\"EntryPoint\",\"urlTemplate\":\"https:\/\/bahiaeconomica.com.br\/wp\/?s={search_term_string}\"},\"query-input\":\"required name=search_term_string\"}],\"inLanguage\":\"pt-BR\"},{\"@type\":\"Organization\",\"@id\":\"https:\/\/bahiaeconomica.com.br\/wp\/#organization\",\"name\":\"Bahia Econ\u00f4mica\",\"url\":\"https:\/\/bahiaeconomica.com.br\/wp\/\",\"logo\":{\"@type\":\"ImageObject\",\"inLanguage\":\"pt-BR\",\"@id\":\"https:\/\/bahiaeconomica.com.br\/wp\/#\/schema\/logo\/image\/\",\"url\":\"https:\/\/bahiaeconomica.com.br\/wp\/wp-content\/uploads\/2020\/12\/cropped-BE.png\",\"contentUrl\":\"https:\/\/bahiaeconomica.com.br\/wp\/wp-content\/uploads\/2020\/12\/cropped-BE.png\",\"width\":512,\"height\":512,\"caption\":\"Bahia Econ\u00f4mica\"},\"image\":{\"@id\":\"https:\/\/bahiaeconomica.com.br\/wp\/#\/schema\/logo\/image\/\"},\"sameAs\":[\"https:\/\/www.facebook.com\/bahiaeconomica\"]},{\"@type\":\"Person\",\"@id\":\"https:\/\/bahiaeconomica.com.br\/wp\/#\/schema\/person\/b719ce0fb1c09f3c7a00d9243ced4a6f\",\"name\":\"VICTORIA ISABEL\",\"sameAs\":[\"http:\/\/www.bahiaeconomica.com.br\"],\"url\":\"https:\/\/bahiaeconomica.com.br\/wp\/author\/victoria-isabel\/\"}]}<\/script>\n<!-- \/ Yoast SEO plugin. -->","yoast_head_json":{"title":"OBRAS NO COMPLEXO DO TCA ALTERAM ACESSO DO P\u00daBLICO, BILHETERIA E ESTACIONAMENTO; SAIBA MUDAN\u00c7AS - Bahia Economica","description":"O maior portal de Economia da Bahia CULTURA E ARTE Bahia Economica A partir desta sexta-feira (9), o Complexo do Teatro Castro Alves (TCA)","robots":{"index":"index","follow":"follow","max-snippet":"max-snippet:-1","max-image-preview":"max-image-preview:large","max-video-preview":"max-video-preview:-1"},"canonical":"https:\/\/bahiaeconomica.com.br\/wp\/2025\/05\/09\/obras-no-complexo-do-tca-alteram-acesso-do-publico-bilheteria-e-estacionamento-saiba-mudancas\/","og_locale":"pt_BR","og_type":"article","og_title":"OBRAS NO COMPLEXO DO TCA ALTERAM ACESSO DO P\u00daBLICO, BILHETERIA E ESTACIONAMENTO; SAIBA MUDAN\u00c7AS - Bahia Economica","og_description":"O maior portal de Economia da Bahia CULTURA E ARTE Bahia Economica A partir desta sexta-feira (9), o Complexo do Teatro Castro Alves (TCA)","og_url":"https:\/\/bahiaeconomica.com.br\/wp\/2025\/05\/09\/obras-no-complexo-do-tca-alteram-acesso-do-publico-bilheteria-e-estacionamento-saiba-mudancas\/","og_site_name":"Bahia Economica","article_publisher":"https:\/\/www.facebook.com\/bahiaeconomica","article_published_time":"2025-05-09T22:00:11+00:00","article_modified_time":"2025-05-09T21:50:24+00:00","og_image":[{"width":2560,"height":1920,"url":"https:\/\/bahiaeconomica.com.br\/wp\/wp-content\/uploads\/2025\/05\/Concha_Acustica_Novo_Acesso_12_Foto_Dindara_Paz-scaled.jpg","type":"image\/jpeg"}],"author":"VICTORIA ISABEL","twitter_card":"summary_large_image","twitter_misc":{"Escrito por":"VICTORIA ISABEL","Est. tempo de leitura":"3 minutos"},"schema":{"@context":"https:\/\/schema.org","@graph":[{"@type":"Article","@id":"https:\/\/bahiaeconomica.com.br\/wp\/2025\/05\/09\/obras-no-complexo-do-tca-alteram-acesso-do-publico-bilheteria-e-estacionamento-saiba-mudancas\/#article","isPartOf":{"@id":"https:\/\/bahiaeconomica.com.br\/wp\/2025\/05\/09\/obras-no-complexo-do-tca-alteram-acesso-do-publico-bilheteria-e-estacionamento-saiba-mudancas\/"},"author":{"name":"VICTORIA ISABEL","@id":"https:\/\/bahiaeconomica.com.br\/wp\/#\/schema\/person\/b719ce0fb1c09f3c7a00d9243ced4a6f"},"headline":"OBRAS NO COMPLEXO DO TCA ALTERAM ACESSO DO P\u00daBLICO, BILHETERIA E ESTACIONAMENTO; SAIBA MUDAN\u00c7AS","datePublished":"2025-05-09T22:00:11+00:00","dateModified":"2025-05-09T21:50:24+00:00","mainEntityOfPage":{"@id":"https:\/\/bahiaeconomica.com.br\/wp\/2025\/05\/09\/obras-no-complexo-do-tca-alteram-acesso-do-publico-bilheteria-e-estacionamento-saiba-mudancas\/"},"wordCount":461,"publisher":{"@id":"https:\/\/bahiaeconomica.com.br\/wp\/#organization"},"keywords":["concha acustica","obra","TCA"],"articleSection":["CULTURA E ARTE"],"inLanguage":"pt-BR"},{"@type":"WebPage","@id":"https:\/\/bahiaeconomica.com.br\/wp\/2025\/05\/09\/obras-no-complexo-do-tca-alteram-acesso-do-publico-bilheteria-e-estacionamento-saiba-mudancas\/","url":"https:\/\/bahiaeconomica.com.br\/wp\/2025\/05\/09\/obras-no-complexo-do-tca-alteram-acesso-do-publico-bilheteria-e-estacionamento-saiba-mudancas\/","name":"OBRAS NO COMPLEXO DO TCA ALTERAM ACESSO DO P\u00daBLICO, BILHETERIA E ESTACIONAMENTO; SAIBA MUDAN\u00c7AS - Bahia Economica","isPartOf":{"@id":"https:\/\/bahiaeconomica.com.br\/wp\/#website"},"datePublished":"2025-05-09T22:00:11+00:00","dateModified":"2025-05-09T21:50:24+00:00","description":"O maior portal de Economia da Bahia CULTURA E ARTE Bahia Economica A partir desta sexta-feira (9), o Complexo do Teatro Castro Alves (TCA)","breadcrumb":{"@id":"https:\/\/bahiaeconomica.com.br\/wp\/2025\/05\/09\/obras-no-complexo-do-tca-alteram-acesso-do-publico-bilheteria-e-estacionamento-saiba-mudancas\/#breadcrumb"},"inLanguage":"pt-BR","potentialAction":[{"@type":"ReadAction","target":["https:\/\/bahiaeconomica.com.br\/wp\/2025\/05\/09\/obras-no-complexo-do-tca-alteram-acesso-do-publico-bilheteria-e-estacionamento-saiba-mudancas\/"]}]},{"@type":"BreadcrumbList","@id":"https:\/\/bahiaeconomica.com.br\/wp\/2025\/05\/09\/obras-no-complexo-do-tca-alteram-acesso-do-publico-bilheteria-e-estacionamento-saiba-mudancas\/#breadcrumb","itemListElement":[{"@type":"ListItem","position":1,"name":"In\u00edcio","item":"https:\/\/bahiaeconomica.com.br\/wp\/"},{"@type":"ListItem","position":2,"name":"OBRAS NO COMPLEXO DO TCA ALTERAM ACESSO DO P\u00daBLICO, BILHETERIA E ESTACIONAMENTO; SAIBA MUDAN\u00c7AS"}]},{"@type":"WebSite","@id":"https:\/\/bahiaeconomica.com.br\/wp\/#website","url":"https:\/\/bahiaeconomica.com.br\/wp\/","name":"Bahia Economica","description":"O maior portal de Economia da Bahia","publisher":{"@id":"https:\/\/bahiaeconomica.com.br\/wp\/#organization"},"potentialAction":[{"@type":"SearchAction","target":{"@type":"EntryPoint","urlTemplate":"https:\/\/bahiaeconomica.com.br\/wp\/?s={search_term_string}"},"query-input":"required name=search_term_string"}],"inLanguage":"pt-BR"},{"@type":"Organization","@id":"https:\/\/bahiaeconomica.com.br\/wp\/#organization","name":"Bahia Econ\u00f4mica","url":"https:\/\/bahiaeconomica.com.br\/wp\/","logo":{"@type":"ImageObject","inLanguage":"pt-BR","@id":"https:\/\/bahiaeconomica.com.br\/wp\/#\/schema\/logo\/image\/","url":"https:\/\/bahiaeconomica.com.br\/wp\/wp-content\/uploads\/2020\/12\/cropped-BE.png","contentUrl":"https:\/\/bahiaeconomica.com.br\/wp\/wp-content\/uploads\/2020\/12\/cropped-BE.png","width":512,"height":512,"caption":"Bahia Econ\u00f4mica"},"image":{"@id":"https:\/\/bahiaeconomica.com.br\/wp\/#\/schema\/logo\/image\/"},"sameAs":["https:\/\/www.facebook.com\/bahiaeconomica"]},{"@type":"Person","@id":"https:\/\/bahiaeconomica.com.br\/wp\/#\/schema\/person\/b719ce0fb1c09f3c7a00d9243ced4a6f","name":"VICTORIA ISABEL","sameAs":["http:\/\/www.bahiaeconomica.com.br"],"url":"https:\/\/bahiaeconomica.com.br\/wp\/author\/victoria-isabel\/"}]}},"views":17,"_links":{"self":[{"href":"https:\/\/bahiaeconomica.com.br\/wp\/wp-json\/wp\/v2\/posts\/901344"}],"collection":[{"href":"https:\/\/bahiaeconomica.com.br\/wp\/wp-json\/wp\/v2\/posts"}],"about":[{"href":"https:\/\/bahiaeconomica.com.br\/wp\/wp-json\/wp\/v2\/types\/post"}],"author":[{"embeddable":true,"href":"https:\/\/bahiaeconomica.com.br\/wp\/wp-json\/wp\/v2\/users\/15"}],"replies":[{"embeddable":true,"href":"https:\/\/bahiaeconomica.com.br\/wp\/wp-json\/wp\/v2\/comments?post=901344"}],"version-history":[{"count":1,"href":"https:\/\/bahiaeconomica.com.br\/wp\/wp-json\/wp\/v2\/posts\/901344\/revisions"}],"predecessor-version":[{"id":901347,"href":"https:\/\/bahiaeconomica.com.br\/wp\/wp-json\/wp\/v2\/posts\/901344\/revisions\/901347"}],"wp:featuredmedia":[{"embeddable":true,"href":"https:\/\/bahiaeconomica.com.br\/wp\/wp-json\/wp\/v2\/media\/901346"}],"wp:attachment":[{"href":"https:\/\/bahiaeconomica.com.br\/wp\/wp-json\/wp\/v2\/media?parent=901344"}],"wp:term":[{"taxonomy":"category","embeddable":true,"href":"https:\/\/bahiaeconomica.com.br\/wp\/wp-json\/wp\/v2\/categories?post=901344"},{"taxonomy":"post_tag","embeddable":true,"href":"https:\/\/bahiaeconomica.com.br\/wp\/wp-json\/wp\/v2\/tags?post=901344"}],"curies":[{"name":"wp","href":"https:\/\/api.w.org\/{rel}","templated":true}]}}