{"id":900710,"date":"2025-05-08T12:18:56","date_gmt":"2025-05-08T15:18:56","guid":{"rendered":"https:\/\/bahiaeconomica.com.br\/wp\/?p=900710"},"modified":"2025-05-08T12:18:56","modified_gmt":"2025-05-08T15:18:56","slug":"juros-excessivos-travam-a-industria-e-comprometem-a-atividade-economica","status":"publish","type":"post","link":"https:\/\/bahiaeconomica.com.br\/wp\/2025\/05\/08\/juros-excessivos-travam-a-industria-e-comprometem-a-atividade-economica\/","title":{"rendered":"JUROS EXCESSIVOS TRAVAM A IND\u00daSTRIA E COMPROMETEM A ATIVIDADE ECON\u00d4MICA"},"content":{"rendered":"<p>A Federa\u00e7\u00e3o das Ind\u00fastrias do Estado da Bahia (FIEB) manifesta profunda preocupa\u00e7\u00e3o com a decis\u00e3o do Comit\u00ea de Pol\u00edtica Monet\u00e1ria (Copom) de elevar, mais uma vez, a taxa Selic. O aumento da taxa de juros para 14,75% ao ano \u00e9 injustific\u00e1vel diante do atual cen\u00e1rio macroecon\u00f4mico e imp\u00f5e custos elevados e desnecess\u00e1rios ao setor produtivo e \u00e0 sociedade brasileira.<\/p>\n<p>A taxa de juros real, superior a 9% ao ano, permanece entre as mais altas do mundo, mesmo com a infla\u00e7\u00e3o acumulada em 12 meses em 5,48%, j\u00e1 em trajet\u00f3ria de desacelera\u00e7\u00e3o. O aperto monet\u00e1rio prolongado se mostra descolado da realidade fiscal e das expectativas inflacion\u00e1rias, e contribui para a estagna\u00e7\u00e3o dos investimentos, o encarecimento do cr\u00e9dito e o enfraquecimento da atividade econ\u00f4mica \u2014 especialmente na ind\u00fastria, que j\u00e1 enfrenta severas restri\u00e7\u00f5es de competitividade.<\/p>\n<p>\u00c9 incompreens\u00edvel que, mesmo com o Governo Central encerrando 2024 com d\u00e9ficit prim\u00e1rio de apenas 0,09% do PIB \u2014 dentro da meta e evidenciando um compromisso fiscal \u2014, o Banco Central siga insistindo em uma postura excessivamente conservadora. A melhoria das contas p\u00fablicas deveria ser interpretada como um espa\u00e7o leg\u00edtimo para flexibiliza\u00e7\u00e3o da pol\u00edtica monet\u00e1ria, mas n\u00e3o tem sido assim.<\/p>\n<p>O contraste com as decis\u00f5es de outros bancos centrais \u00e9 gritante. O Federal Reserve dos EUA optou por manter juros entre 4,25% e 4,50% ao ano, e o Banco Central Europeu j\u00e1 iniciou cortes, reduzindo sua taxa b\u00e1sica para 2,40%. Em vez de acompanhar o movimento global de est\u00edmulo \u00e0 atividade produtiva, o Brasil persiste em uma estrat\u00e9gia que penaliza o investimento, sufoca a gera\u00e7\u00e3o de empregos e reduz o poder de compra das fam\u00edlias.<\/p>\n<p>A FIEB reitera que a eleva\u00e7\u00e3o dessa taxa de juros \u00e9 um entrave ao desenvolvimento econ\u00f4mico e exige uma resposta urgente. \u00c9 imperativo que o Banco Central promova uma inflex\u00e3o respons\u00e1vel na pol\u00edtica monet\u00e1ria, iniciando de forma imediata e gradual a redu\u00e7\u00e3o da Selic. A coordena\u00e7\u00e3o entre pol\u00edtica fiscal respons\u00e1vel e juros mais realistas \u00e9 o caminho necess\u00e1rio para destravar o crescimento, resgatar a confian\u00e7a do setor produtivo e ampliar as oportunidades de gera\u00e7\u00e3o de emprego e renda no pa\u00eds.<\/p>\n<p>Imagem de\u00a0Steve Buissinne\u00a0por\u00a0Pixabay<\/p>\n","protected":false},"excerpt":{"rendered":"<p>A Federa\u00e7\u00e3o das Ind\u00fastrias do Estado da Bahia (FIEB) manifesta profunda preocupa\u00e7\u00e3o com a decis\u00e3o do Comit\u00ea de Pol\u00edtica Monet\u00e1ria (Copom) de elevar, mais uma vez, a taxa Selic. O aumento da taxa de juros para 14,75% ao ano \u00e9 injustific\u00e1vel diante do atual cen\u00e1rio macroecon\u00f4mico e imp\u00f5e custos elevados e desnecess\u00e1rios ao setor produtivo [&hellip;]<\/p>\n","protected":false},"author":8,"featured_media":900711,"comment_status":"closed","ping_status":"closed","sticky":false,"template":"","format":"standard","meta":[],"categories":[3],"tags":[52,213,1157],"acf":[],"yoast_head":"<!-- This site is optimized with the Yoast SEO plugin v20.8 - https:\/\/yoast.com\/wordpress\/plugins\/seo\/ -->\n<title>JUROS EXCESSIVOS TRAVAM A IND\u00daSTRIA E COMPROMETEM A ATIVIDADE ECON\u00d4MICA - Bahia Economica<\/title>\n<meta name=\"description\" content=\"O maior portal de Economia da Bahia ECONOMIA \/ POL\u00cdTICA Bahia Economica Federa\u00e7\u00e3o das Ind\u00fastrias do Estado da Bahia (FIEB) manifesta\" \/>\n<meta name=\"robots\" content=\"index, follow, max-snippet:-1, max-image-preview:large, max-video-preview:-1\" \/>\n<link rel=\"canonical\" href=\"https:\/\/bahiaeconomica.com.br\/wp\/2025\/05\/08\/juros-excessivos-travam-a-industria-e-comprometem-a-atividade-economica\/\" \/>\n<meta property=\"og:locale\" content=\"pt_BR\" \/>\n<meta property=\"og:type\" content=\"article\" \/>\n<meta property=\"og:title\" content=\"JUROS EXCESSIVOS TRAVAM A IND\u00daSTRIA E COMPROMETEM A ATIVIDADE ECON\u00d4MICA - Bahia Economica\" \/>\n<meta property=\"og:description\" content=\"O maior portal de Economia da Bahia ECONOMIA \/ POL\u00cdTICA Bahia Economica Federa\u00e7\u00e3o das Ind\u00fastrias do Estado da Bahia (FIEB) manifesta\" \/>\n<meta property=\"og:url\" content=\"https:\/\/bahiaeconomica.com.br\/wp\/2025\/05\/08\/juros-excessivos-travam-a-industria-e-comprometem-a-atividade-economica\/\" \/>\n<meta property=\"og:site_name\" content=\"Bahia Economica\" \/>\n<meta property=\"article:publisher\" content=\"https:\/\/www.facebook.com\/bahiaeconomica\" \/>\n<meta property=\"article:published_time\" content=\"2025-05-08T15:18:56+00:00\" \/>\n<meta property=\"og:image\" content=\"https:\/\/bahiaeconomica.com.br\/wp\/wp-content\/uploads\/2025\/05\/coins-948603_1280.jpg\" \/>\n\t<meta property=\"og:image:width\" content=\"1280\" \/>\n\t<meta property=\"og:image:height\" content=\"853\" \/>\n\t<meta property=\"og:image:type\" content=\"image\/jpeg\" \/>\n<meta name=\"author\" content=\"JP\" \/>\n<meta name=\"twitter:card\" content=\"summary_large_image\" \/>\n<meta name=\"twitter:label1\" content=\"Escrito por\" \/>\n\t<meta name=\"twitter:data1\" content=\"JP\" \/>\n\t<meta name=\"twitter:label2\" content=\"Est. tempo de leitura\" \/>\n\t<meta name=\"twitter:data2\" content=\"2 minutos\" \/>\n<script type=\"application\/ld+json\" class=\"yoast-schema-graph\">{\"@context\":\"https:\/\/schema.org\",\"@graph\":[{\"@type\":\"Article\",\"@id\":\"https:\/\/bahiaeconomica.com.br\/wp\/2025\/05\/08\/juros-excessivos-travam-a-industria-e-comprometem-a-atividade-economica\/#article\",\"isPartOf\":{\"@id\":\"https:\/\/bahiaeconomica.com.br\/wp\/2025\/05\/08\/juros-excessivos-travam-a-industria-e-comprometem-a-atividade-economica\/\"},\"author\":{\"name\":\"JP\",\"@id\":\"https:\/\/bahiaeconomica.com.br\/wp\/#\/schema\/person\/c86d3a3f8960425a0f9d0e5245991f4e\"},\"headline\":\"JUROS EXCESSIVOS TRAVAM A IND\u00daSTRIA E COMPROMETEM A ATIVIDADE ECON\u00d4MICA\",\"datePublished\":\"2025-05-08T15:18:56+00:00\",\"dateModified\":\"2025-05-08T15:18:56+00:00\",\"mainEntityOfPage\":{\"@id\":\"https:\/\/bahiaeconomica.com.br\/wp\/2025\/05\/08\/juros-excessivos-travam-a-industria-e-comprometem-a-atividade-economica\/\"},\"wordCount\":397,\"publisher\":{\"@id\":\"https:\/\/bahiaeconomica.com.br\/wp\/#organization\"},\"keywords\":[\"Brasil\",\"Economia\",\"juros\"],\"articleSection\":[\"ECONOMIA \/ POL\u00cdTICA\"],\"inLanguage\":\"pt-BR\"},{\"@type\":\"WebPage\",\"@id\":\"https:\/\/bahiaeconomica.com.br\/wp\/2025\/05\/08\/juros-excessivos-travam-a-industria-e-comprometem-a-atividade-economica\/\",\"url\":\"https:\/\/bahiaeconomica.com.br\/wp\/2025\/05\/08\/juros-excessivos-travam-a-industria-e-comprometem-a-atividade-economica\/\",\"name\":\"JUROS EXCESSIVOS TRAVAM A IND\u00daSTRIA E COMPROMETEM A ATIVIDADE ECON\u00d4MICA - Bahia Economica\",\"isPartOf\":{\"@id\":\"https:\/\/bahiaeconomica.com.br\/wp\/#website\"},\"datePublished\":\"2025-05-08T15:18:56+00:00\",\"dateModified\":\"2025-05-08T15:18:56+00:00\",\"description\":\"O maior portal de Economia da Bahia ECONOMIA \/ POL\u00cdTICA Bahia Economica Federa\u00e7\u00e3o das Ind\u00fastrias do Estado da Bahia (FIEB) manifesta\",\"breadcrumb\":{\"@id\":\"https:\/\/bahiaeconomica.com.br\/wp\/2025\/05\/08\/juros-excessivos-travam-a-industria-e-comprometem-a-atividade-economica\/#breadcrumb\"},\"inLanguage\":\"pt-BR\",\"potentialAction\":[{\"@type\":\"ReadAction\",\"target\":[\"https:\/\/bahiaeconomica.com.br\/wp\/2025\/05\/08\/juros-excessivos-travam-a-industria-e-comprometem-a-atividade-economica\/\"]}]},{\"@type\":\"BreadcrumbList\",\"@id\":\"https:\/\/bahiaeconomica.com.br\/wp\/2025\/05\/08\/juros-excessivos-travam-a-industria-e-comprometem-a-atividade-economica\/#breadcrumb\",\"itemListElement\":[{\"@type\":\"ListItem\",\"position\":1,\"name\":\"In\u00edcio\",\"item\":\"https:\/\/bahiaeconomica.com.br\/wp\/\"},{\"@type\":\"ListItem\",\"position\":2,\"name\":\"JUROS EXCESSIVOS TRAVAM A IND\u00daSTRIA E COMPROMETEM A ATIVIDADE ECON\u00d4MICA\"}]},{\"@type\":\"WebSite\",\"@id\":\"https:\/\/bahiaeconomica.com.br\/wp\/#website\",\"url\":\"https:\/\/bahiaeconomica.com.br\/wp\/\",\"name\":\"Bahia Economica\",\"description\":\"O maior portal de Economia da Bahia\",\"publisher\":{\"@id\":\"https:\/\/bahiaeconomica.com.br\/wp\/#organization\"},\"potentialAction\":[{\"@type\":\"SearchAction\",\"target\":{\"@type\":\"EntryPoint\",\"urlTemplate\":\"https:\/\/bahiaeconomica.com.br\/wp\/?s={search_term_string}\"},\"query-input\":\"required name=search_term_string\"}],\"inLanguage\":\"pt-BR\"},{\"@type\":\"Organization\",\"@id\":\"https:\/\/bahiaeconomica.com.br\/wp\/#organization\",\"name\":\"Bahia Econ\u00f4mica\",\"url\":\"https:\/\/bahiaeconomica.com.br\/wp\/\",\"logo\":{\"@type\":\"ImageObject\",\"inLanguage\":\"pt-BR\",\"@id\":\"https:\/\/bahiaeconomica.com.br\/wp\/#\/schema\/logo\/image\/\",\"url\":\"https:\/\/bahiaeconomica.com.br\/wp\/wp-content\/uploads\/2020\/12\/cropped-BE.png\",\"contentUrl\":\"https:\/\/bahiaeconomica.com.br\/wp\/wp-content\/uploads\/2020\/12\/cropped-BE.png\",\"width\":512,\"height\":512,\"caption\":\"Bahia Econ\u00f4mica\"},\"image\":{\"@id\":\"https:\/\/bahiaeconomica.com.br\/wp\/#\/schema\/logo\/image\/\"},\"sameAs\":[\"https:\/\/www.facebook.com\/bahiaeconomica\"]},{\"@type\":\"Person\",\"@id\":\"https:\/\/bahiaeconomica.com.br\/wp\/#\/schema\/person\/c86d3a3f8960425a0f9d0e5245991f4e\",\"name\":\"JP\",\"sameAs\":[\"https:\/\/bahiaeconomica.com.br\/wp\/beta\/\"],\"url\":\"https:\/\/bahiaeconomica.com.br\/wp\/author\/jp\/\"}]}<\/script>\n<!-- \/ Yoast SEO plugin. -->","yoast_head_json":{"title":"JUROS EXCESSIVOS TRAVAM A IND\u00daSTRIA E COMPROMETEM A ATIVIDADE ECON\u00d4MICA - Bahia Economica","description":"O maior portal de Economia da Bahia ECONOMIA \/ POL\u00cdTICA Bahia Economica Federa\u00e7\u00e3o das Ind\u00fastrias do Estado da Bahia (FIEB) manifesta","robots":{"index":"index","follow":"follow","max-snippet":"max-snippet:-1","max-image-preview":"max-image-preview:large","max-video-preview":"max-video-preview:-1"},"canonical":"https:\/\/bahiaeconomica.com.br\/wp\/2025\/05\/08\/juros-excessivos-travam-a-industria-e-comprometem-a-atividade-economica\/","og_locale":"pt_BR","og_type":"article","og_title":"JUROS EXCESSIVOS TRAVAM A IND\u00daSTRIA E COMPROMETEM A ATIVIDADE ECON\u00d4MICA - Bahia Economica","og_description":"O maior portal de Economia da Bahia ECONOMIA \/ POL\u00cdTICA Bahia Economica Federa\u00e7\u00e3o das Ind\u00fastrias do Estado da Bahia (FIEB) manifesta","og_url":"https:\/\/bahiaeconomica.com.br\/wp\/2025\/05\/08\/juros-excessivos-travam-a-industria-e-comprometem-a-atividade-economica\/","og_site_name":"Bahia Economica","article_publisher":"https:\/\/www.facebook.com\/bahiaeconomica","article_published_time":"2025-05-08T15:18:56+00:00","og_image":[{"width":1280,"height":853,"url":"https:\/\/bahiaeconomica.com.br\/wp\/wp-content\/uploads\/2025\/05\/coins-948603_1280.jpg","type":"image\/jpeg"}],"author":"JP","twitter_card":"summary_large_image","twitter_misc":{"Escrito por":"JP","Est. tempo de leitura":"2 minutos"},"schema":{"@context":"https:\/\/schema.org","@graph":[{"@type":"Article","@id":"https:\/\/bahiaeconomica.com.br\/wp\/2025\/05\/08\/juros-excessivos-travam-a-industria-e-comprometem-a-atividade-economica\/#article","isPartOf":{"@id":"https:\/\/bahiaeconomica.com.br\/wp\/2025\/05\/08\/juros-excessivos-travam-a-industria-e-comprometem-a-atividade-economica\/"},"author":{"name":"JP","@id":"https:\/\/bahiaeconomica.com.br\/wp\/#\/schema\/person\/c86d3a3f8960425a0f9d0e5245991f4e"},"headline":"JUROS EXCESSIVOS TRAVAM A IND\u00daSTRIA E COMPROMETEM A ATIVIDADE ECON\u00d4MICA","datePublished":"2025-05-08T15:18:56+00:00","dateModified":"2025-05-08T15:18:56+00:00","mainEntityOfPage":{"@id":"https:\/\/bahiaeconomica.com.br\/wp\/2025\/05\/08\/juros-excessivos-travam-a-industria-e-comprometem-a-atividade-economica\/"},"wordCount":397,"publisher":{"@id":"https:\/\/bahiaeconomica.com.br\/wp\/#organization"},"keywords":["Brasil","Economia","juros"],"articleSection":["ECONOMIA \/ POL\u00cdTICA"],"inLanguage":"pt-BR"},{"@type":"WebPage","@id":"https:\/\/bahiaeconomica.com.br\/wp\/2025\/05\/08\/juros-excessivos-travam-a-industria-e-comprometem-a-atividade-economica\/","url":"https:\/\/bahiaeconomica.com.br\/wp\/2025\/05\/08\/juros-excessivos-travam-a-industria-e-comprometem-a-atividade-economica\/","name":"JUROS EXCESSIVOS TRAVAM A IND\u00daSTRIA E COMPROMETEM A ATIVIDADE ECON\u00d4MICA - Bahia Economica","isPartOf":{"@id":"https:\/\/bahiaeconomica.com.br\/wp\/#website"},"datePublished":"2025-05-08T15:18:56+00:00","dateModified":"2025-05-08T15:18:56+00:00","description":"O maior portal de Economia da Bahia ECONOMIA \/ POL\u00cdTICA Bahia Economica Federa\u00e7\u00e3o das Ind\u00fastrias do Estado da Bahia (FIEB) manifesta","breadcrumb":{"@id":"https:\/\/bahiaeconomica.com.br\/wp\/2025\/05\/08\/juros-excessivos-travam-a-industria-e-comprometem-a-atividade-economica\/#breadcrumb"},"inLanguage":"pt-BR","potentialAction":[{"@type":"ReadAction","target":["https:\/\/bahiaeconomica.com.br\/wp\/2025\/05\/08\/juros-excessivos-travam-a-industria-e-comprometem-a-atividade-economica\/"]}]},{"@type":"BreadcrumbList","@id":"https:\/\/bahiaeconomica.com.br\/wp\/2025\/05\/08\/juros-excessivos-travam-a-industria-e-comprometem-a-atividade-economica\/#breadcrumb","itemListElement":[{"@type":"ListItem","position":1,"name":"In\u00edcio","item":"https:\/\/bahiaeconomica.com.br\/wp\/"},{"@type":"ListItem","position":2,"name":"JUROS EXCESSIVOS TRAVAM A IND\u00daSTRIA E COMPROMETEM A ATIVIDADE ECON\u00d4MICA"}]},{"@type":"WebSite","@id":"https:\/\/bahiaeconomica.com.br\/wp\/#website","url":"https:\/\/bahiaeconomica.com.br\/wp\/","name":"Bahia Economica","description":"O maior portal de Economia da Bahia","publisher":{"@id":"https:\/\/bahiaeconomica.com.br\/wp\/#organization"},"potentialAction":[{"@type":"SearchAction","target":{"@type":"EntryPoint","urlTemplate":"https:\/\/bahiaeconomica.com.br\/wp\/?s={search_term_string}"},"query-input":"required name=search_term_string"}],"inLanguage":"pt-BR"},{"@type":"Organization","@id":"https:\/\/bahiaeconomica.com.br\/wp\/#organization","name":"Bahia Econ\u00f4mica","url":"https:\/\/bahiaeconomica.com.br\/wp\/","logo":{"@type":"ImageObject","inLanguage":"pt-BR","@id":"https:\/\/bahiaeconomica.com.br\/wp\/#\/schema\/logo\/image\/","url":"https:\/\/bahiaeconomica.com.br\/wp\/wp-content\/uploads\/2020\/12\/cropped-BE.png","contentUrl":"https:\/\/bahiaeconomica.com.br\/wp\/wp-content\/uploads\/2020\/12\/cropped-BE.png","width":512,"height":512,"caption":"Bahia Econ\u00f4mica"},"image":{"@id":"https:\/\/bahiaeconomica.com.br\/wp\/#\/schema\/logo\/image\/"},"sameAs":["https:\/\/www.facebook.com\/bahiaeconomica"]},{"@type":"Person","@id":"https:\/\/bahiaeconomica.com.br\/wp\/#\/schema\/person\/c86d3a3f8960425a0f9d0e5245991f4e","name":"JP","sameAs":["https:\/\/bahiaeconomica.com.br\/wp\/beta\/"],"url":"https:\/\/bahiaeconomica.com.br\/wp\/author\/jp\/"}]}},"views":1,"_links":{"self":[{"href":"https:\/\/bahiaeconomica.com.br\/wp\/wp-json\/wp\/v2\/posts\/900710"}],"collection":[{"href":"https:\/\/bahiaeconomica.com.br\/wp\/wp-json\/wp\/v2\/posts"}],"about":[{"href":"https:\/\/bahiaeconomica.com.br\/wp\/wp-json\/wp\/v2\/types\/post"}],"author":[{"embeddable":true,"href":"https:\/\/bahiaeconomica.com.br\/wp\/wp-json\/wp\/v2\/users\/8"}],"replies":[{"embeddable":true,"href":"https:\/\/bahiaeconomica.com.br\/wp\/wp-json\/wp\/v2\/comments?post=900710"}],"version-history":[{"count":1,"href":"https:\/\/bahiaeconomica.com.br\/wp\/wp-json\/wp\/v2\/posts\/900710\/revisions"}],"predecessor-version":[{"id":900712,"href":"https:\/\/bahiaeconomica.com.br\/wp\/wp-json\/wp\/v2\/posts\/900710\/revisions\/900712"}],"wp:featuredmedia":[{"embeddable":true,"href":"https:\/\/bahiaeconomica.com.br\/wp\/wp-json\/wp\/v2\/media\/900711"}],"wp:attachment":[{"href":"https:\/\/bahiaeconomica.com.br\/wp\/wp-json\/wp\/v2\/media?parent=900710"}],"wp:term":[{"taxonomy":"category","embeddable":true,"href":"https:\/\/bahiaeconomica.com.br\/wp\/wp-json\/wp\/v2\/categories?post=900710"},{"taxonomy":"post_tag","embeddable":true,"href":"https:\/\/bahiaeconomica.com.br\/wp\/wp-json\/wp\/v2\/tags?post=900710"}],"curies":[{"name":"wp","href":"https:\/\/api.w.org\/{rel}","templated":true}]}}