{"id":900695,"date":"2025-05-08T13:00:24","date_gmt":"2025-05-08T16:00:24","guid":{"rendered":"https:\/\/bahiaeconomica.com.br\/wp\/?p=900695"},"modified":"2025-05-08T13:23:56","modified_gmt":"2025-05-08T16:23:56","slug":"salvador-recebeu-26-milhoes-de-turistas-no-primeiro-trimestre-de-2025","status":"publish","type":"post","link":"https:\/\/bahiaeconomica.com.br\/wp\/2025\/05\/08\/salvador-recebeu-26-milhoes-de-turistas-no-primeiro-trimestre-de-2025\/","title":{"rendered":"SALVADOR RECEBEU 2,6 MILH\u00d5ES DE TURISTAS NO PRIMEIRO TRIMESTRE DE 2025"},"content":{"rendered":"<p>No primeiro trimestre de 2025, Salvador recebeu 2,6 milh\u00f5es de turistas, n\u00famero de visitantes 7,5% maior do que o registrado no mesmo per\u00edodo do ano passado. Os dados foram divulgados pela Secretaria Municipal de Cultura e Turismo (Secult) nesta quinta-feira (8), Dia Nacional do Turismo. A estimativa \u00e9 de que a receita tur\u00edstica de 2024 tenha movimentado cerca de R$20 bilh\u00f5es na capital, ou seja, 50% a mais do que no ano anterior.<\/p>\n<p>Segundo o Relat\u00f3rio Anual de Informa\u00e7\u00f5es Sociais (Rais), do Minist\u00e9rio do Trabalho e Emprego, em 2023, o setor foi respons\u00e1vel por 75 mil empregos formais em Salvador. Nos \u00faltimos tr\u00eas anos, a taxa m\u00e9dia de ocupa\u00e7\u00e3o, fluxo tur\u00edstico e receita tur\u00edstica tem registrado constantes crescimentos, com varia\u00e7\u00f5es superiores a 5%.<\/p>\n<p>A vice-prefeita e secret\u00e1ria de Cultura e Turismo, Ana Paula Matos, comentou os n\u00fameros: \u201cSalvador se tornou uma refer\u00eancia nacional quando o assunto \u00e9 turismo. Se antes os visitantes chegavam \u00e0 cidade apenas pelo sol e mar e no per\u00edodo do ver\u00e3o, hoje conseguimos manter o turismo aquecido durante todo o ano. A capital baiana se estruturou para receber visitantes, e esses feriados prolongados s\u00e3o oportunidades de ter a cidade aquecida, gerando emprego e renda para os nossos cidad\u00e3os\u201d, disse.<\/p>\n<p>Em 2024, a capital baiana recebeu 9,4 milh\u00f5es de visitantes, cerca de 7% a mais do que no ano de 2023. Eventos como o Festival Virada Salvador e o Carnaval, folia que este ano reuniu na quarta-feira pr\u00e9-carnavalesca at\u00e9 a ter\u00e7a-feira de Momo 1,2 milh\u00e3o de turistas, s\u00e3o apontados como exemplos de eventos que fazem do ver\u00e3o de Salvador um dos mais concorridos do pa\u00eds.<\/p>\n<p>Investimentos &#8211; O diretor de Turismo de Salvador, Geg\u00ea Magalh\u00e3es, acredita que os resultados positivos s\u00e3o produto de uma s\u00e9rie de a\u00e7\u00f5es desenvolvidas pelo munic\u00edpio, a exemplo da inaugura\u00e7\u00e3o de equipamentos culturais como a Casa das Hist\u00f3rias de Salvador, a Galeria Mercado e a Cidade da M\u00fasica da Bahia, entre outros.<\/p>\n<p>O gestor tamb\u00e9m citou interven\u00e7\u00f5es que est\u00e3o em curso e que v\u00e3o gerar novos atrativos, como a Nova Orla entre a Boca do Rio e Jaguaribe, a\u00e7\u00f5es para a Ba\u00eda de Todos-os-Santos e a constru\u00e7\u00e3o da Casa de Espet\u00e1culos e a Escola de Arte e Tecnologia Maestro Letieres Leite, no Com\u00e9rcio.<\/p>\n<p>\u201cEstamos presentes nas principais feiras nacionais e internacionais fazendo eventos com operadoras e com companhias a\u00e9reas nos maiores ve\u00edculos de vendas de destinos tur\u00edsticos. Internamente, a Prefeitura vem desenvolvendo o setor atrav\u00e9s de novos equipamentos e experi\u00eancias tur\u00edsticas para aumentar o fluxo e para que o visitante tenha uma perman\u00eancia maior na cidade do Salvador\u201d, afirmou.<\/p>\n<p>Entre os brasileiros, os principais turistas s\u00e3o de S\u00e3o Paulo e Rio de Janeiro, sendo seguidos por Minas Gerais, Distrito Federal e Pernambuco. J\u00e1 os estrangeiros que mais visitaram Salvador s\u00e3o da Argentina e Estados Unidos, depois aparecem os uruguaios, chilenos e franceses.<\/p>\n<p>Fotos: Jefferson Peixoto \/ Secom PMS<\/p>\n","protected":false},"excerpt":{"rendered":"<p>No primeiro trimestre de 2025, Salvador recebeu 2,6 milh\u00f5es de turistas, n\u00famero de visitantes 7,5% maior do que o registrado no mesmo per\u00edodo do ano passado. Os dados foram divulgados pela Secretaria Municipal de Cultura e Turismo (Secult) nesta quinta-feira (8), Dia Nacional do Turismo. A estimativa \u00e9 de que a receita tur\u00edstica de 2024 [&hellip;]<\/p>\n","protected":false},"author":8,"featured_media":900697,"comment_status":"closed","ping_status":"closed","sticky":false,"template":"","format":"standard","meta":[],"categories":[14,3],"tags":[52,213,442],"acf":[],"yoast_head":"<!-- This site is optimized with the Yoast SEO plugin v20.8 - https:\/\/yoast.com\/wordpress\/plugins\/seo\/ -->\n<title>SALVADOR RECEBEU 2,6 MILH\u00d5ES DE TURISTAS NO PRIMEIRO TRIMESTRE DE 2025 - Bahia Economica<\/title>\n<meta name=\"description\" content=\"O maior portal de Economia da Bahia DESTAQUE DO DIA, ECONOMIA \/ POL\u00cdTICA Bahia Economica Salvador recebeu 2,6 milh\u00f5es de turistas, n\u00famero de visitantes 7,5%\" \/>\n<meta name=\"robots\" content=\"index, follow, max-snippet:-1, max-image-preview:large, max-video-preview:-1\" \/>\n<link rel=\"canonical\" href=\"https:\/\/bahiaeconomica.com.br\/wp\/2025\/05\/08\/salvador-recebeu-26-milhoes-de-turistas-no-primeiro-trimestre-de-2025\/\" \/>\n<meta property=\"og:locale\" content=\"pt_BR\" \/>\n<meta property=\"og:type\" content=\"article\" \/>\n<meta property=\"og:title\" content=\"SALVADOR RECEBEU 2,6 MILH\u00d5ES DE TURISTAS NO PRIMEIRO TRIMESTRE DE 2025 - Bahia Economica\" \/>\n<meta property=\"og:description\" content=\"O maior portal de Economia da Bahia DESTAQUE DO DIA, ECONOMIA \/ POL\u00cdTICA Bahia Economica Salvador recebeu 2,6 milh\u00f5es de turistas, n\u00famero de visitantes 7,5%\" \/>\n<meta property=\"og:url\" content=\"https:\/\/bahiaeconomica.com.br\/wp\/2025\/05\/08\/salvador-recebeu-26-milhoes-de-turistas-no-primeiro-trimestre-de-2025\/\" \/>\n<meta property=\"og:site_name\" content=\"Bahia Economica\" \/>\n<meta property=\"article:publisher\" content=\"https:\/\/www.facebook.com\/bahiaeconomica\" \/>\n<meta property=\"article:published_time\" content=\"2025-05-08T16:00:24+00:00\" \/>\n<meta property=\"article:modified_time\" content=\"2025-05-08T16:23:56+00:00\" \/>\n<meta property=\"og:image\" content=\"https:\/\/bahiaeconomica.com.br\/wp\/wp-content\/uploads\/2025\/05\/WhatsApp-Image-2025-05-08-at-11.03.27.jpeg\" \/>\n\t<meta property=\"og:image:width\" content=\"1280\" \/>\n\t<meta property=\"og:image:height\" content=\"854\" \/>\n\t<meta property=\"og:image:type\" content=\"image\/jpeg\" \/>\n<meta name=\"author\" content=\"JP\" \/>\n<meta name=\"twitter:card\" content=\"summary_large_image\" \/>\n<meta name=\"twitter:label1\" content=\"Escrito por\" \/>\n\t<meta name=\"twitter:data1\" content=\"JP\" \/>\n\t<meta name=\"twitter:label2\" content=\"Est. tempo de leitura\" \/>\n\t<meta name=\"twitter:data2\" content=\"3 minutos\" \/>\n<script type=\"application\/ld+json\" class=\"yoast-schema-graph\">{\"@context\":\"https:\/\/schema.org\",\"@graph\":[{\"@type\":\"Article\",\"@id\":\"https:\/\/bahiaeconomica.com.br\/wp\/2025\/05\/08\/salvador-recebeu-26-milhoes-de-turistas-no-primeiro-trimestre-de-2025\/#article\",\"isPartOf\":{\"@id\":\"https:\/\/bahiaeconomica.com.br\/wp\/2025\/05\/08\/salvador-recebeu-26-milhoes-de-turistas-no-primeiro-trimestre-de-2025\/\"},\"author\":{\"name\":\"JP\",\"@id\":\"https:\/\/bahiaeconomica.com.br\/wp\/#\/schema\/person\/c86d3a3f8960425a0f9d0e5245991f4e\"},\"headline\":\"SALVADOR RECEBEU 2,6 MILH\u00d5ES DE TURISTAS NO PRIMEIRO TRIMESTRE DE 2025\",\"datePublished\":\"2025-05-08T16:00:24+00:00\",\"dateModified\":\"2025-05-08T16:23:56+00:00\",\"mainEntityOfPage\":{\"@id\":\"https:\/\/bahiaeconomica.com.br\/wp\/2025\/05\/08\/salvador-recebeu-26-milhoes-de-turistas-no-primeiro-trimestre-de-2025\/\"},\"wordCount\":523,\"publisher\":{\"@id\":\"https:\/\/bahiaeconomica.com.br\/wp\/#organization\"},\"keywords\":[\"Brasil\",\"Economia\",\"Turismo\"],\"articleSection\":[\"DESTAQUE DO DIA\",\"ECONOMIA \/ POL\u00cdTICA\"],\"inLanguage\":\"pt-BR\"},{\"@type\":\"WebPage\",\"@id\":\"https:\/\/bahiaeconomica.com.br\/wp\/2025\/05\/08\/salvador-recebeu-26-milhoes-de-turistas-no-primeiro-trimestre-de-2025\/\",\"url\":\"https:\/\/bahiaeconomica.com.br\/wp\/2025\/05\/08\/salvador-recebeu-26-milhoes-de-turistas-no-primeiro-trimestre-de-2025\/\",\"name\":\"SALVADOR RECEBEU 2,6 MILH\u00d5ES DE TURISTAS NO PRIMEIRO TRIMESTRE DE 2025 - Bahia Economica\",\"isPartOf\":{\"@id\":\"https:\/\/bahiaeconomica.com.br\/wp\/#website\"},\"datePublished\":\"2025-05-08T16:00:24+00:00\",\"dateModified\":\"2025-05-08T16:23:56+00:00\",\"description\":\"O maior portal de Economia da Bahia DESTAQUE DO DIA, ECONOMIA \/ POL\u00cdTICA Bahia Economica Salvador recebeu 2,6 milh\u00f5es de turistas, n\u00famero de visitantes 7,5%\",\"breadcrumb\":{\"@id\":\"https:\/\/bahiaeconomica.com.br\/wp\/2025\/05\/08\/salvador-recebeu-26-milhoes-de-turistas-no-primeiro-trimestre-de-2025\/#breadcrumb\"},\"inLanguage\":\"pt-BR\",\"potentialAction\":[{\"@type\":\"ReadAction\",\"target\":[\"https:\/\/bahiaeconomica.com.br\/wp\/2025\/05\/08\/salvador-recebeu-26-milhoes-de-turistas-no-primeiro-trimestre-de-2025\/\"]}]},{\"@type\":\"BreadcrumbList\",\"@id\":\"https:\/\/bahiaeconomica.com.br\/wp\/2025\/05\/08\/salvador-recebeu-26-milhoes-de-turistas-no-primeiro-trimestre-de-2025\/#breadcrumb\",\"itemListElement\":[{\"@type\":\"ListItem\",\"position\":1,\"name\":\"In\u00edcio\",\"item\":\"https:\/\/bahiaeconomica.com.br\/wp\/\"},{\"@type\":\"ListItem\",\"position\":2,\"name\":\"SALVADOR RECEBEU 2,6 MILH\u00d5ES DE TURISTAS NO PRIMEIRO TRIMESTRE DE 2025\"}]},{\"@type\":\"WebSite\",\"@id\":\"https:\/\/bahiaeconomica.com.br\/wp\/#website\",\"url\":\"https:\/\/bahiaeconomica.com.br\/wp\/\",\"name\":\"Bahia Economica\",\"description\":\"O maior portal de Economia da Bahia\",\"publisher\":{\"@id\":\"https:\/\/bahiaeconomica.com.br\/wp\/#organization\"},\"potentialAction\":[{\"@type\":\"SearchAction\",\"target\":{\"@type\":\"EntryPoint\",\"urlTemplate\":\"https:\/\/bahiaeconomica.com.br\/wp\/?s={search_term_string}\"},\"query-input\":\"required name=search_term_string\"}],\"inLanguage\":\"pt-BR\"},{\"@type\":\"Organization\",\"@id\":\"https:\/\/bahiaeconomica.com.br\/wp\/#organization\",\"name\":\"Bahia Econ\u00f4mica\",\"url\":\"https:\/\/bahiaeconomica.com.br\/wp\/\",\"logo\":{\"@type\":\"ImageObject\",\"inLanguage\":\"pt-BR\",\"@id\":\"https:\/\/bahiaeconomica.com.br\/wp\/#\/schema\/logo\/image\/\",\"url\":\"https:\/\/bahiaeconomica.com.br\/wp\/wp-content\/uploads\/2020\/12\/cropped-BE.png\",\"contentUrl\":\"https:\/\/bahiaeconomica.com.br\/wp\/wp-content\/uploads\/2020\/12\/cropped-BE.png\",\"width\":512,\"height\":512,\"caption\":\"Bahia Econ\u00f4mica\"},\"image\":{\"@id\":\"https:\/\/bahiaeconomica.com.br\/wp\/#\/schema\/logo\/image\/\"},\"sameAs\":[\"https:\/\/www.facebook.com\/bahiaeconomica\"]},{\"@type\":\"Person\",\"@id\":\"https:\/\/bahiaeconomica.com.br\/wp\/#\/schema\/person\/c86d3a3f8960425a0f9d0e5245991f4e\",\"name\":\"JP\",\"sameAs\":[\"https:\/\/bahiaeconomica.com.br\/wp\/beta\/\"],\"url\":\"https:\/\/bahiaeconomica.com.br\/wp\/author\/jp\/\"}]}<\/script>\n<!-- \/ Yoast SEO plugin. -->","yoast_head_json":{"title":"SALVADOR RECEBEU 2,6 MILH\u00d5ES DE TURISTAS NO PRIMEIRO TRIMESTRE DE 2025 - Bahia Economica","description":"O maior portal de Economia da Bahia DESTAQUE DO DIA, ECONOMIA \/ POL\u00cdTICA Bahia Economica Salvador recebeu 2,6 milh\u00f5es de turistas, n\u00famero de visitantes 7,5%","robots":{"index":"index","follow":"follow","max-snippet":"max-snippet:-1","max-image-preview":"max-image-preview:large","max-video-preview":"max-video-preview:-1"},"canonical":"https:\/\/bahiaeconomica.com.br\/wp\/2025\/05\/08\/salvador-recebeu-26-milhoes-de-turistas-no-primeiro-trimestre-de-2025\/","og_locale":"pt_BR","og_type":"article","og_title":"SALVADOR RECEBEU 2,6 MILH\u00d5ES DE TURISTAS NO PRIMEIRO TRIMESTRE DE 2025 - Bahia Economica","og_description":"O maior portal de Economia da Bahia DESTAQUE DO DIA, ECONOMIA \/ POL\u00cdTICA Bahia Economica Salvador recebeu 2,6 milh\u00f5es de turistas, n\u00famero de visitantes 7,5%","og_url":"https:\/\/bahiaeconomica.com.br\/wp\/2025\/05\/08\/salvador-recebeu-26-milhoes-de-turistas-no-primeiro-trimestre-de-2025\/","og_site_name":"Bahia Economica","article_publisher":"https:\/\/www.facebook.com\/bahiaeconomica","article_published_time":"2025-05-08T16:00:24+00:00","article_modified_time":"2025-05-08T16:23:56+00:00","og_image":[{"width":1280,"height":854,"url":"https:\/\/bahiaeconomica.com.br\/wp\/wp-content\/uploads\/2025\/05\/WhatsApp-Image-2025-05-08-at-11.03.27.jpeg","type":"image\/jpeg"}],"author":"JP","twitter_card":"summary_large_image","twitter_misc":{"Escrito por":"JP","Est. tempo de leitura":"3 minutos"},"schema":{"@context":"https:\/\/schema.org","@graph":[{"@type":"Article","@id":"https:\/\/bahiaeconomica.com.br\/wp\/2025\/05\/08\/salvador-recebeu-26-milhoes-de-turistas-no-primeiro-trimestre-de-2025\/#article","isPartOf":{"@id":"https:\/\/bahiaeconomica.com.br\/wp\/2025\/05\/08\/salvador-recebeu-26-milhoes-de-turistas-no-primeiro-trimestre-de-2025\/"},"author":{"name":"JP","@id":"https:\/\/bahiaeconomica.com.br\/wp\/#\/schema\/person\/c86d3a3f8960425a0f9d0e5245991f4e"},"headline":"SALVADOR RECEBEU 2,6 MILH\u00d5ES DE TURISTAS NO PRIMEIRO TRIMESTRE DE 2025","datePublished":"2025-05-08T16:00:24+00:00","dateModified":"2025-05-08T16:23:56+00:00","mainEntityOfPage":{"@id":"https:\/\/bahiaeconomica.com.br\/wp\/2025\/05\/08\/salvador-recebeu-26-milhoes-de-turistas-no-primeiro-trimestre-de-2025\/"},"wordCount":523,"publisher":{"@id":"https:\/\/bahiaeconomica.com.br\/wp\/#organization"},"keywords":["Brasil","Economia","Turismo"],"articleSection":["DESTAQUE DO DIA","ECONOMIA \/ POL\u00cdTICA"],"inLanguage":"pt-BR"},{"@type":"WebPage","@id":"https:\/\/bahiaeconomica.com.br\/wp\/2025\/05\/08\/salvador-recebeu-26-milhoes-de-turistas-no-primeiro-trimestre-de-2025\/","url":"https:\/\/bahiaeconomica.com.br\/wp\/2025\/05\/08\/salvador-recebeu-26-milhoes-de-turistas-no-primeiro-trimestre-de-2025\/","name":"SALVADOR RECEBEU 2,6 MILH\u00d5ES DE TURISTAS NO PRIMEIRO TRIMESTRE DE 2025 - Bahia Economica","isPartOf":{"@id":"https:\/\/bahiaeconomica.com.br\/wp\/#website"},"datePublished":"2025-05-08T16:00:24+00:00","dateModified":"2025-05-08T16:23:56+00:00","description":"O maior portal de Economia da Bahia DESTAQUE DO DIA, ECONOMIA \/ POL\u00cdTICA Bahia Economica Salvador recebeu 2,6 milh\u00f5es de turistas, n\u00famero de visitantes 7,5%","breadcrumb":{"@id":"https:\/\/bahiaeconomica.com.br\/wp\/2025\/05\/08\/salvador-recebeu-26-milhoes-de-turistas-no-primeiro-trimestre-de-2025\/#breadcrumb"},"inLanguage":"pt-BR","potentialAction":[{"@type":"ReadAction","target":["https:\/\/bahiaeconomica.com.br\/wp\/2025\/05\/08\/salvador-recebeu-26-milhoes-de-turistas-no-primeiro-trimestre-de-2025\/"]}]},{"@type":"BreadcrumbList","@id":"https:\/\/bahiaeconomica.com.br\/wp\/2025\/05\/08\/salvador-recebeu-26-milhoes-de-turistas-no-primeiro-trimestre-de-2025\/#breadcrumb","itemListElement":[{"@type":"ListItem","position":1,"name":"In\u00edcio","item":"https:\/\/bahiaeconomica.com.br\/wp\/"},{"@type":"ListItem","position":2,"name":"SALVADOR RECEBEU 2,6 MILH\u00d5ES DE TURISTAS NO PRIMEIRO TRIMESTRE DE 2025"}]},{"@type":"WebSite","@id":"https:\/\/bahiaeconomica.com.br\/wp\/#website","url":"https:\/\/bahiaeconomica.com.br\/wp\/","name":"Bahia Economica","description":"O maior portal de Economia da Bahia","publisher":{"@id":"https:\/\/bahiaeconomica.com.br\/wp\/#organization"},"potentialAction":[{"@type":"SearchAction","target":{"@type":"EntryPoint","urlTemplate":"https:\/\/bahiaeconomica.com.br\/wp\/?s={search_term_string}"},"query-input":"required name=search_term_string"}],"inLanguage":"pt-BR"},{"@type":"Organization","@id":"https:\/\/bahiaeconomica.com.br\/wp\/#organization","name":"Bahia Econ\u00f4mica","url":"https:\/\/bahiaeconomica.com.br\/wp\/","logo":{"@type":"ImageObject","inLanguage":"pt-BR","@id":"https:\/\/bahiaeconomica.com.br\/wp\/#\/schema\/logo\/image\/","url":"https:\/\/bahiaeconomica.com.br\/wp\/wp-content\/uploads\/2020\/12\/cropped-BE.png","contentUrl":"https:\/\/bahiaeconomica.com.br\/wp\/wp-content\/uploads\/2020\/12\/cropped-BE.png","width":512,"height":512,"caption":"Bahia Econ\u00f4mica"},"image":{"@id":"https:\/\/bahiaeconomica.com.br\/wp\/#\/schema\/logo\/image\/"},"sameAs":["https:\/\/www.facebook.com\/bahiaeconomica"]},{"@type":"Person","@id":"https:\/\/bahiaeconomica.com.br\/wp\/#\/schema\/person\/c86d3a3f8960425a0f9d0e5245991f4e","name":"JP","sameAs":["https:\/\/bahiaeconomica.com.br\/wp\/beta\/"],"url":"https:\/\/bahiaeconomica.com.br\/wp\/author\/jp\/"}]}},"views":19,"_links":{"self":[{"href":"https:\/\/bahiaeconomica.com.br\/wp\/wp-json\/wp\/v2\/posts\/900695"}],"collection":[{"href":"https:\/\/bahiaeconomica.com.br\/wp\/wp-json\/wp\/v2\/posts"}],"about":[{"href":"https:\/\/bahiaeconomica.com.br\/wp\/wp-json\/wp\/v2\/types\/post"}],"author":[{"embeddable":true,"href":"https:\/\/bahiaeconomica.com.br\/wp\/wp-json\/wp\/v2\/users\/8"}],"replies":[{"embeddable":true,"href":"https:\/\/bahiaeconomica.com.br\/wp\/wp-json\/wp\/v2\/comments?post=900695"}],"version-history":[{"count":1,"href":"https:\/\/bahiaeconomica.com.br\/wp\/wp-json\/wp\/v2\/posts\/900695\/revisions"}],"predecessor-version":[{"id":900698,"href":"https:\/\/bahiaeconomica.com.br\/wp\/wp-json\/wp\/v2\/posts\/900695\/revisions\/900698"}],"wp:featuredmedia":[{"embeddable":true,"href":"https:\/\/bahiaeconomica.com.br\/wp\/wp-json\/wp\/v2\/media\/900697"}],"wp:attachment":[{"href":"https:\/\/bahiaeconomica.com.br\/wp\/wp-json\/wp\/v2\/media?parent=900695"}],"wp:term":[{"taxonomy":"category","embeddable":true,"href":"https:\/\/bahiaeconomica.com.br\/wp\/wp-json\/wp\/v2\/categories?post=900695"},{"taxonomy":"post_tag","embeddable":true,"href":"https:\/\/bahiaeconomica.com.br\/wp\/wp-json\/wp\/v2\/tags?post=900695"}],"curies":[{"name":"wp","href":"https:\/\/api.w.org\/{rel}","templated":true}]}}