{"id":899406,"date":"2025-05-03T10:30:01","date_gmt":"2025-05-03T13:30:01","guid":{"rendered":"https:\/\/bahiaeconomica.com.br\/wp\/?p=899406"},"modified":"2025-05-03T18:07:32","modified_gmt":"2025-05-03T21:07:32","slug":"vice-prefeita-acompanha-monitoramento-da-defesa-civil-durante-fortes-chuvas-em-salvador-2","status":"publish","type":"post","link":"https:\/\/bahiaeconomica.com.br\/wp\/2025\/05\/03\/vice-prefeita-acompanha-monitoramento-da-defesa-civil-durante-fortes-chuvas-em-salvador-2\/","title":{"rendered":"VICE-PREFEITA ACOMPANHA MONITORAMENTO DA DEFESA CIVIL DURANTE FORTES CHUVAS EM SALVADOR"},"content":{"rendered":"<p>Nesta sexta-feira (2), a vice-prefeita Ana Paula Matos esteve na sede da Defesa Civil de Salvador (Codesal), na Avenida M\u00e1rio Leal Ferreira (Bonoc\u00f4), para acompanhar de perto o monitoramento das chuvas intensas que atingem Salvador. Ao lado do diretor-geral Sosthenes Mac\u00eado e demais gestores municipais, Ana Paula refor\u00e7ou o compromisso da gest\u00e3o com a preven\u00e7\u00e3o e a prote\u00e7\u00e3o da vida da popula\u00e7\u00e3o, sobretudo em per\u00edodos de risco elevado. \u201cEstamos em n\u00edvel de aten\u00e7\u00e3o, com todas as equipes da Defesa Civil mobilizadas e atuando 24 horas por dia para responder com agilidade e preservar vidas. A prioridade da nossa gest\u00e3o \u00e9 garantir a seguran\u00e7a da popula\u00e7\u00e3o, especialmente das pessoas que vivem em \u00e1reas de risco\u201d, destacou Ana Paula.<\/p>\n<p>Em fun\u00e7\u00e3o de uma frente fria sobre a capital, foram registrados acumulados superiores a 100 mm de chuva nas \u00faltimas 24 horas, com rajadas de vento de at\u00e9 60,5 km\/h. As regi\u00f5es mais afetadas foram Barro Duro &#8211; Fundac (118 mm), Praia do Flamengo (91,6 mm), Periperi (91 mm) e Ilha de Bom Jesus dos Passos (88,6 mm). \u201cA prioridade da Defesa Civil \u00e9 clara \u00e9 preservar vidas. Com investimentos em tecnologia e estrutura, como o Centro de Monitoramento de Alerta e Alarme (Cemadec) e o Centro de Pesquisas da Defesa Civil (Cepdec), Salvador tem conseguido enfrentar eventos clim\u00e1ticos com mais preparo e efici\u00eancia. Hoje podemos afirmar que Salvador est\u00e1 mais preparada para enfrentar os imprevistos clim\u00e1ticos\u201d, refor\u00e7ou Mac\u00eado.<\/p>\n<p>A atua\u00e7\u00e3o das equipes segue intensa nas \u00e1reas de risco com vistorias preventivas, conforme o Plano Preventivo da Defesa Civil de Salvador (PPDC), que mobiliza engenheiros, ge\u00f3logos e agentes de campo. Em 24 horas, foram registradas 100 solicita\u00e7\u00f5es da popula\u00e7\u00e3o, entre amea\u00e7as de deslizamento e desabamento.<\/p>\n<p>Previs\u00e3o \u2013 A previs\u00e3o at\u00e9 este s\u00e1bado (3) \u00e9 de c\u00e9u nublado a parcialmente nublado com chances de at\u00e9 90% de chuvas moderadas, por vezes fortes, a qualquer hora do dia. No domingo (4), o c\u00e9u deve ficar parcialmente nublado com chances de at\u00e9 40% de chuvas fracas a moderadas, a qualquer hora do dia.<\/p>\n<p>A subcoordenadora do Cemadec, Alana Matos, ressalta que a Codesal utiliza o modelo de previs\u00e3o WRF (Weather Research and Forecasting Model), adequado \u00e0s caracter\u00edsticas climatol\u00f3gicas de Salvador, o que permite maior assertividade nos dados. O WRF \u00e9 utilizado tanto para pesquisas atmosf\u00e9ricas quanto para previs\u00e3o operacional, como a que \u00e9 feita por centros meteorol\u00f3gicos, permitindo que os meteorologistas produzam simula\u00e7\u00f5es atmosf\u00e9ricas que refletem dados reais.<\/p>\n<p>Preven\u00e7\u00e3o e redu\u00e7\u00e3o de riscos \u2013 A coordenadora de A\u00e7\u00f5es de Preven\u00e7\u00e3o e Redu\u00e7\u00e3o de Riscos, Gabriela Morais, explica que, seguindo o que estabelece o Plano Preventivo da Defesa Civil de Salvador (PPDC), engenheiros e ge\u00f3logos do \u00f3rg\u00e3o est\u00e3o em campo realizando vistorias em \u00e1reas de risco para identificar movimenta\u00e7\u00e3o de massa, a exemplo de \u00e1rvores e muros inclinados, rachaduras em im\u00f3veis, entre outras de modo a prevenir perdas de vidas em fun\u00e7\u00e3o de deslizamentos de terra resultantes das fortes chuvas que ca\u00edram na capital. As vistorias est\u00e3o sendo realizadas nas comunidades de Mamede, Creche, Moscou I e II, Bosque Real, Olaria e Mangabeira.<\/p>\n<p>O PPDC \u00e9 um instrumento fundamental da Defesa Civil de Salvador para prevenir e mitigar riscos de desastres naturais, como alagamentos e deslizamentos de terra. O protocolo inclui monitoramento de \u00e1reas de risco, sistemas de alerta e alarme (sirenes), al\u00e9m de a\u00e7\u00f5es de preven\u00e7\u00e3o e resposta a emerg\u00eancias.<\/p>\n<p>Solicita\u00e7\u00f5es \u2013 Em 24 horas, a Defesa Civil de Salvador recebeu 100 solicita\u00e7\u00f5es, sendo que a principais foram 34 para amea\u00e7as de deslizamento, 19 para amea\u00e7as de desabamento e 12 para deslizamento de terra.<\/p>\n<p>Salvamar \u2013 Com o final de semana chuvoso causado por uma nova frente fria em Salvador, a Coordenadoria de Salvamento Mar\u00edtimo (Salvamar) alerta para os cuidados com o banho de mar no per\u00edodo. &#8220;Durante esse per\u00edodo de chuva, o mar se torna mais perigoso, por conta dos ventos, as ondas ficam mais altas, com mais for\u00e7a e as correntes de retorno mais acentuadas, o que pode gerar uma maior dificuldade para os banhistas&#8221;, diz o coordenador da Salvamar, Kailani Dantas.<\/p>\n<p>H\u00e1 tamb\u00e9m mais des\u00e1gue dos rios no mar, deixando a \u00e1gua mais turva e com baixa visibilidade, podendo assim dificultar a visualiza\u00e7\u00e3o de pedras ou outros materiais que possam trazer risco \u00e0s pessoas. Outro fator muito importante \u00e9 evitar entrar na \u00e1gua durante a chuva, pois h\u00e1 grandes possibilidades de descargas el\u00e9tricas, atrav\u00e9s de raios, na \u00e1gua do mar. O ideal \u00e9 procurar um abrigo fora dessa \u00e1rea.<\/p>\n<p>As praias de Jaguaribe, Piat\u00e3 e Itapu\u00e3 s\u00e3o as mais perigosas no per\u00edodo de chuva. Por isso, em mais um final de semana de Opera\u00e7\u00e3o Praia Segura, os agentes estar\u00e3o a postos nas praias e com rondas volantes.<\/p>\n<p>Plant\u00e3o \u2013 Como servi\u00e7o essencial da Prefeitura de Salvador, a Codesal mant\u00e9m plant\u00e3o de 24 horas e, em caso de emerg\u00eancia, deve ser contactada atrav\u00e9s do n\u00famero gratuito 199.<\/p>\n<p>&nbsp;<\/p>\n<p>Fotos: Adam Vidal\/Secom PMS<\/p>\n","protected":false},"excerpt":{"rendered":"<p>Nesta sexta-feira (2), a vice-prefeita Ana Paula Matos esteve na sede da Defesa Civil de Salvador (Codesal), na Avenida M\u00e1rio Leal Ferreira (Bonoc\u00f4), para acompanhar de perto o monitoramento das chuvas intensas que atingem Salvador. Ao lado do diretor-geral Sosthenes Mac\u00eado e demais gestores municipais, Ana Paula refor\u00e7ou o compromisso da gest\u00e3o com a preven\u00e7\u00e3o [&hellip;]<\/p>\n","protected":false},"author":8,"featured_media":899407,"comment_status":"closed","ping_status":"closed","sticky":false,"template":"","format":"standard","meta":[],"categories":[3,5],"tags":[52,858,100,73],"acf":[],"yoast_head":"<!-- This site is optimized with the Yoast SEO plugin v20.8 - https:\/\/yoast.com\/wordpress\/plugins\/seo\/ -->\n<title>VICE-PREFEITA ACOMPANHA MONITORAMENTO DA DEFESA CIVIL DURANTE FORTES CHUVAS EM SALVADOR - Bahia Economica<\/title>\n<meta name=\"description\" content=\"O maior portal de Economia da Bahia ECONOMIA \/ POL\u00cdTICA, MUNIC\u00cdPIOS Bahia Economica Em 24 horas, a Defesa Civil de Salvador recebeu 100 solicita\u00e7\u00f5es\" \/>\n<meta name=\"robots\" content=\"index, follow, max-snippet:-1, max-image-preview:large, max-video-preview:-1\" \/>\n<link rel=\"canonical\" href=\"https:\/\/bahiaeconomica.com.br\/wp\/2025\/05\/03\/vice-prefeita-acompanha-monitoramento-da-defesa-civil-durante-fortes-chuvas-em-salvador-2\/\" \/>\n<meta property=\"og:locale\" content=\"pt_BR\" \/>\n<meta property=\"og:type\" content=\"article\" \/>\n<meta property=\"og:title\" content=\"VICE-PREFEITA ACOMPANHA MONITORAMENTO DA DEFESA CIVIL DURANTE FORTES CHUVAS EM SALVADOR - Bahia Economica\" \/>\n<meta property=\"og:description\" content=\"O maior portal de Economia da Bahia ECONOMIA \/ POL\u00cdTICA, MUNIC\u00cdPIOS Bahia Economica Em 24 horas, a Defesa Civil de Salvador recebeu 100 solicita\u00e7\u00f5es\" \/>\n<meta property=\"og:url\" content=\"https:\/\/bahiaeconomica.com.br\/wp\/2025\/05\/03\/vice-prefeita-acompanha-monitoramento-da-defesa-civil-durante-fortes-chuvas-em-salvador-2\/\" \/>\n<meta property=\"og:site_name\" content=\"Bahia Economica\" \/>\n<meta property=\"article:publisher\" content=\"https:\/\/www.facebook.com\/bahiaeconomica\" \/>\n<meta property=\"article:published_time\" content=\"2025-05-03T13:30:01+00:00\" \/>\n<meta property=\"article:modified_time\" content=\"2025-05-03T21:07:32+00:00\" \/>\n<meta property=\"og:image\" content=\"https:\/\/bahiaeconomica.com.br\/wp\/wp-content\/uploads\/2025\/05\/WhatsApp-Image-2025-05-02-at-16.40.35.jpeg\" \/>\n\t<meta property=\"og:image:width\" content=\"1600\" \/>\n\t<meta property=\"og:image:height\" content=\"945\" \/>\n\t<meta property=\"og:image:type\" content=\"image\/jpeg\" \/>\n<meta name=\"author\" content=\"JP\" \/>\n<meta name=\"twitter:card\" content=\"summary_large_image\" \/>\n<meta name=\"twitter:label1\" content=\"Escrito por\" \/>\n\t<meta name=\"twitter:data1\" content=\"JP\" \/>\n\t<meta name=\"twitter:label2\" content=\"Est. tempo de leitura\" \/>\n\t<meta name=\"twitter:data2\" content=\"5 minutos\" \/>\n<script type=\"application\/ld+json\" class=\"yoast-schema-graph\">{\"@context\":\"https:\/\/schema.org\",\"@graph\":[{\"@type\":\"Article\",\"@id\":\"https:\/\/bahiaeconomica.com.br\/wp\/2025\/05\/03\/vice-prefeita-acompanha-monitoramento-da-defesa-civil-durante-fortes-chuvas-em-salvador-2\/#article\",\"isPartOf\":{\"@id\":\"https:\/\/bahiaeconomica.com.br\/wp\/2025\/05\/03\/vice-prefeita-acompanha-monitoramento-da-defesa-civil-durante-fortes-chuvas-em-salvador-2\/\"},\"author\":{\"name\":\"JP\",\"@id\":\"https:\/\/bahiaeconomica.com.br\/wp\/#\/schema\/person\/c86d3a3f8960425a0f9d0e5245991f4e\"},\"headline\":\"VICE-PREFEITA ACOMPANHA MONITORAMENTO DA DEFESA CIVIL DURANTE FORTES CHUVAS EM SALVADOR\",\"datePublished\":\"2025-05-03T13:30:01+00:00\",\"dateModified\":\"2025-05-03T21:07:32+00:00\",\"mainEntityOfPage\":{\"@id\":\"https:\/\/bahiaeconomica.com.br\/wp\/2025\/05\/03\/vice-prefeita-acompanha-monitoramento-da-defesa-civil-durante-fortes-chuvas-em-salvador-2\/\"},\"wordCount\":864,\"publisher\":{\"@id\":\"https:\/\/bahiaeconomica.com.br\/wp\/#organization\"},\"keywords\":[\"Brasil\",\"municipio\",\"Pol\u00edtica\",\"Salvador\"],\"articleSection\":[\"ECONOMIA \/ POL\u00cdTICA\",\"MUNIC\u00cdPIOS\"],\"inLanguage\":\"pt-BR\"},{\"@type\":\"WebPage\",\"@id\":\"https:\/\/bahiaeconomica.com.br\/wp\/2025\/05\/03\/vice-prefeita-acompanha-monitoramento-da-defesa-civil-durante-fortes-chuvas-em-salvador-2\/\",\"url\":\"https:\/\/bahiaeconomica.com.br\/wp\/2025\/05\/03\/vice-prefeita-acompanha-monitoramento-da-defesa-civil-durante-fortes-chuvas-em-salvador-2\/\",\"name\":\"VICE-PREFEITA ACOMPANHA MONITORAMENTO DA DEFESA CIVIL DURANTE FORTES CHUVAS EM SALVADOR - Bahia Economica\",\"isPartOf\":{\"@id\":\"https:\/\/bahiaeconomica.com.br\/wp\/#website\"},\"datePublished\":\"2025-05-03T13:30:01+00:00\",\"dateModified\":\"2025-05-03T21:07:32+00:00\",\"description\":\"O maior portal de Economia da Bahia ECONOMIA \/ POL\u00cdTICA, MUNIC\u00cdPIOS Bahia Economica Em 24 horas, a Defesa Civil de Salvador recebeu 100 solicita\u00e7\u00f5es\",\"breadcrumb\":{\"@id\":\"https:\/\/bahiaeconomica.com.br\/wp\/2025\/05\/03\/vice-prefeita-acompanha-monitoramento-da-defesa-civil-durante-fortes-chuvas-em-salvador-2\/#breadcrumb\"},\"inLanguage\":\"pt-BR\",\"potentialAction\":[{\"@type\":\"ReadAction\",\"target\":[\"https:\/\/bahiaeconomica.com.br\/wp\/2025\/05\/03\/vice-prefeita-acompanha-monitoramento-da-defesa-civil-durante-fortes-chuvas-em-salvador-2\/\"]}]},{\"@type\":\"BreadcrumbList\",\"@id\":\"https:\/\/bahiaeconomica.com.br\/wp\/2025\/05\/03\/vice-prefeita-acompanha-monitoramento-da-defesa-civil-durante-fortes-chuvas-em-salvador-2\/#breadcrumb\",\"itemListElement\":[{\"@type\":\"ListItem\",\"position\":1,\"name\":\"In\u00edcio\",\"item\":\"https:\/\/bahiaeconomica.com.br\/wp\/\"},{\"@type\":\"ListItem\",\"position\":2,\"name\":\"VICE-PREFEITA ACOMPANHA MONITORAMENTO DA DEFESA CIVIL DURANTE FORTES CHUVAS EM SALVADOR\"}]},{\"@type\":\"WebSite\",\"@id\":\"https:\/\/bahiaeconomica.com.br\/wp\/#website\",\"url\":\"https:\/\/bahiaeconomica.com.br\/wp\/\",\"name\":\"Bahia Economica\",\"description\":\"O maior portal de Economia da Bahia\",\"publisher\":{\"@id\":\"https:\/\/bahiaeconomica.com.br\/wp\/#organization\"},\"potentialAction\":[{\"@type\":\"SearchAction\",\"target\":{\"@type\":\"EntryPoint\",\"urlTemplate\":\"https:\/\/bahiaeconomica.com.br\/wp\/?s={search_term_string}\"},\"query-input\":\"required name=search_term_string\"}],\"inLanguage\":\"pt-BR\"},{\"@type\":\"Organization\",\"@id\":\"https:\/\/bahiaeconomica.com.br\/wp\/#organization\",\"name\":\"Bahia Econ\u00f4mica\",\"url\":\"https:\/\/bahiaeconomica.com.br\/wp\/\",\"logo\":{\"@type\":\"ImageObject\",\"inLanguage\":\"pt-BR\",\"@id\":\"https:\/\/bahiaeconomica.com.br\/wp\/#\/schema\/logo\/image\/\",\"url\":\"https:\/\/bahiaeconomica.com.br\/wp\/wp-content\/uploads\/2020\/12\/cropped-BE.png\",\"contentUrl\":\"https:\/\/bahiaeconomica.com.br\/wp\/wp-content\/uploads\/2020\/12\/cropped-BE.png\",\"width\":512,\"height\":512,\"caption\":\"Bahia Econ\u00f4mica\"},\"image\":{\"@id\":\"https:\/\/bahiaeconomica.com.br\/wp\/#\/schema\/logo\/image\/\"},\"sameAs\":[\"https:\/\/www.facebook.com\/bahiaeconomica\"]},{\"@type\":\"Person\",\"@id\":\"https:\/\/bahiaeconomica.com.br\/wp\/#\/schema\/person\/c86d3a3f8960425a0f9d0e5245991f4e\",\"name\":\"JP\",\"sameAs\":[\"https:\/\/bahiaeconomica.com.br\/wp\/beta\/\"],\"url\":\"https:\/\/bahiaeconomica.com.br\/wp\/author\/jp\/\"}]}<\/script>\n<!-- \/ Yoast SEO plugin. -->","yoast_head_json":{"title":"VICE-PREFEITA ACOMPANHA MONITORAMENTO DA DEFESA CIVIL DURANTE FORTES CHUVAS EM SALVADOR - Bahia Economica","description":"O maior portal de Economia da Bahia ECONOMIA \/ POL\u00cdTICA, MUNIC\u00cdPIOS Bahia Economica Em 24 horas, a Defesa Civil de Salvador recebeu 100 solicita\u00e7\u00f5es","robots":{"index":"index","follow":"follow","max-snippet":"max-snippet:-1","max-image-preview":"max-image-preview:large","max-video-preview":"max-video-preview:-1"},"canonical":"https:\/\/bahiaeconomica.com.br\/wp\/2025\/05\/03\/vice-prefeita-acompanha-monitoramento-da-defesa-civil-durante-fortes-chuvas-em-salvador-2\/","og_locale":"pt_BR","og_type":"article","og_title":"VICE-PREFEITA ACOMPANHA MONITORAMENTO DA DEFESA CIVIL DURANTE FORTES CHUVAS EM SALVADOR - Bahia Economica","og_description":"O maior portal de Economia da Bahia ECONOMIA \/ POL\u00cdTICA, MUNIC\u00cdPIOS Bahia Economica Em 24 horas, a Defesa Civil de Salvador recebeu 100 solicita\u00e7\u00f5es","og_url":"https:\/\/bahiaeconomica.com.br\/wp\/2025\/05\/03\/vice-prefeita-acompanha-monitoramento-da-defesa-civil-durante-fortes-chuvas-em-salvador-2\/","og_site_name":"Bahia Economica","article_publisher":"https:\/\/www.facebook.com\/bahiaeconomica","article_published_time":"2025-05-03T13:30:01+00:00","article_modified_time":"2025-05-03T21:07:32+00:00","og_image":[{"width":1600,"height":945,"url":"https:\/\/bahiaeconomica.com.br\/wp\/wp-content\/uploads\/2025\/05\/WhatsApp-Image-2025-05-02-at-16.40.35.jpeg","type":"image\/jpeg"}],"author":"JP","twitter_card":"summary_large_image","twitter_misc":{"Escrito por":"JP","Est. tempo de leitura":"5 minutos"},"schema":{"@context":"https:\/\/schema.org","@graph":[{"@type":"Article","@id":"https:\/\/bahiaeconomica.com.br\/wp\/2025\/05\/03\/vice-prefeita-acompanha-monitoramento-da-defesa-civil-durante-fortes-chuvas-em-salvador-2\/#article","isPartOf":{"@id":"https:\/\/bahiaeconomica.com.br\/wp\/2025\/05\/03\/vice-prefeita-acompanha-monitoramento-da-defesa-civil-durante-fortes-chuvas-em-salvador-2\/"},"author":{"name":"JP","@id":"https:\/\/bahiaeconomica.com.br\/wp\/#\/schema\/person\/c86d3a3f8960425a0f9d0e5245991f4e"},"headline":"VICE-PREFEITA ACOMPANHA MONITORAMENTO DA DEFESA CIVIL DURANTE FORTES CHUVAS EM SALVADOR","datePublished":"2025-05-03T13:30:01+00:00","dateModified":"2025-05-03T21:07:32+00:00","mainEntityOfPage":{"@id":"https:\/\/bahiaeconomica.com.br\/wp\/2025\/05\/03\/vice-prefeita-acompanha-monitoramento-da-defesa-civil-durante-fortes-chuvas-em-salvador-2\/"},"wordCount":864,"publisher":{"@id":"https:\/\/bahiaeconomica.com.br\/wp\/#organization"},"keywords":["Brasil","municipio","Pol\u00edtica","Salvador"],"articleSection":["ECONOMIA \/ POL\u00cdTICA","MUNIC\u00cdPIOS"],"inLanguage":"pt-BR"},{"@type":"WebPage","@id":"https:\/\/bahiaeconomica.com.br\/wp\/2025\/05\/03\/vice-prefeita-acompanha-monitoramento-da-defesa-civil-durante-fortes-chuvas-em-salvador-2\/","url":"https:\/\/bahiaeconomica.com.br\/wp\/2025\/05\/03\/vice-prefeita-acompanha-monitoramento-da-defesa-civil-durante-fortes-chuvas-em-salvador-2\/","name":"VICE-PREFEITA ACOMPANHA MONITORAMENTO DA DEFESA CIVIL DURANTE FORTES CHUVAS EM SALVADOR - Bahia Economica","isPartOf":{"@id":"https:\/\/bahiaeconomica.com.br\/wp\/#website"},"datePublished":"2025-05-03T13:30:01+00:00","dateModified":"2025-05-03T21:07:32+00:00","description":"O maior portal de Economia da Bahia ECONOMIA \/ POL\u00cdTICA, MUNIC\u00cdPIOS Bahia Economica Em 24 horas, a Defesa Civil de Salvador recebeu 100 solicita\u00e7\u00f5es","breadcrumb":{"@id":"https:\/\/bahiaeconomica.com.br\/wp\/2025\/05\/03\/vice-prefeita-acompanha-monitoramento-da-defesa-civil-durante-fortes-chuvas-em-salvador-2\/#breadcrumb"},"inLanguage":"pt-BR","potentialAction":[{"@type":"ReadAction","target":["https:\/\/bahiaeconomica.com.br\/wp\/2025\/05\/03\/vice-prefeita-acompanha-monitoramento-da-defesa-civil-durante-fortes-chuvas-em-salvador-2\/"]}]},{"@type":"BreadcrumbList","@id":"https:\/\/bahiaeconomica.com.br\/wp\/2025\/05\/03\/vice-prefeita-acompanha-monitoramento-da-defesa-civil-durante-fortes-chuvas-em-salvador-2\/#breadcrumb","itemListElement":[{"@type":"ListItem","position":1,"name":"In\u00edcio","item":"https:\/\/bahiaeconomica.com.br\/wp\/"},{"@type":"ListItem","position":2,"name":"VICE-PREFEITA ACOMPANHA MONITORAMENTO DA DEFESA CIVIL DURANTE FORTES CHUVAS EM SALVADOR"}]},{"@type":"WebSite","@id":"https:\/\/bahiaeconomica.com.br\/wp\/#website","url":"https:\/\/bahiaeconomica.com.br\/wp\/","name":"Bahia Economica","description":"O maior portal de Economia da Bahia","publisher":{"@id":"https:\/\/bahiaeconomica.com.br\/wp\/#organization"},"potentialAction":[{"@type":"SearchAction","target":{"@type":"EntryPoint","urlTemplate":"https:\/\/bahiaeconomica.com.br\/wp\/?s={search_term_string}"},"query-input":"required name=search_term_string"}],"inLanguage":"pt-BR"},{"@type":"Organization","@id":"https:\/\/bahiaeconomica.com.br\/wp\/#organization","name":"Bahia Econ\u00f4mica","url":"https:\/\/bahiaeconomica.com.br\/wp\/","logo":{"@type":"ImageObject","inLanguage":"pt-BR","@id":"https:\/\/bahiaeconomica.com.br\/wp\/#\/schema\/logo\/image\/","url":"https:\/\/bahiaeconomica.com.br\/wp\/wp-content\/uploads\/2020\/12\/cropped-BE.png","contentUrl":"https:\/\/bahiaeconomica.com.br\/wp\/wp-content\/uploads\/2020\/12\/cropped-BE.png","width":512,"height":512,"caption":"Bahia Econ\u00f4mica"},"image":{"@id":"https:\/\/bahiaeconomica.com.br\/wp\/#\/schema\/logo\/image\/"},"sameAs":["https:\/\/www.facebook.com\/bahiaeconomica"]},{"@type":"Person","@id":"https:\/\/bahiaeconomica.com.br\/wp\/#\/schema\/person\/c86d3a3f8960425a0f9d0e5245991f4e","name":"JP","sameAs":["https:\/\/bahiaeconomica.com.br\/wp\/beta\/"],"url":"https:\/\/bahiaeconomica.com.br\/wp\/author\/jp\/"}]}},"views":9,"_links":{"self":[{"href":"https:\/\/bahiaeconomica.com.br\/wp\/wp-json\/wp\/v2\/posts\/899406"}],"collection":[{"href":"https:\/\/bahiaeconomica.com.br\/wp\/wp-json\/wp\/v2\/posts"}],"about":[{"href":"https:\/\/bahiaeconomica.com.br\/wp\/wp-json\/wp\/v2\/types\/post"}],"author":[{"embeddable":true,"href":"https:\/\/bahiaeconomica.com.br\/wp\/wp-json\/wp\/v2\/users\/8"}],"replies":[{"embeddable":true,"href":"https:\/\/bahiaeconomica.com.br\/wp\/wp-json\/wp\/v2\/comments?post=899406"}],"version-history":[{"count":1,"href":"https:\/\/bahiaeconomica.com.br\/wp\/wp-json\/wp\/v2\/posts\/899406\/revisions"}],"predecessor-version":[{"id":899408,"href":"https:\/\/bahiaeconomica.com.br\/wp\/wp-json\/wp\/v2\/posts\/899406\/revisions\/899408"}],"wp:featuredmedia":[{"embeddable":true,"href":"https:\/\/bahiaeconomica.com.br\/wp\/wp-json\/wp\/v2\/media\/899407"}],"wp:attachment":[{"href":"https:\/\/bahiaeconomica.com.br\/wp\/wp-json\/wp\/v2\/media?parent=899406"}],"wp:term":[{"taxonomy":"category","embeddable":true,"href":"https:\/\/bahiaeconomica.com.br\/wp\/wp-json\/wp\/v2\/categories?post=899406"},{"taxonomy":"post_tag","embeddable":true,"href":"https:\/\/bahiaeconomica.com.br\/wp\/wp-json\/wp\/v2\/tags?post=899406"}],"curies":[{"name":"wp","href":"https:\/\/api.w.org\/{rel}","templated":true}]}}