{"id":899161,"date":"2025-05-02T14:59:44","date_gmt":"2025-05-02T17:59:44","guid":{"rendered":"https:\/\/bahiaeconomica.com.br\/wp\/?p=899161"},"modified":"2025-05-02T14:31:47","modified_gmt":"2025-05-02T17:31:47","slug":"presidente-dos-eua-diz-que-vai-tirar-status-de-isencao-fiscal-da-universidade","status":"publish","type":"post","link":"https:\/\/bahiaeconomica.com.br\/wp\/2025\/05\/02\/presidente-dos-eua-diz-que-vai-tirar-status-de-isencao-fiscal-da-universidade\/","title":{"rendered":"PRESIDENTE DOS EUA DIZ QUE VAI TIRAR STATUS DE ISEN\u00c7\u00c3O FISCAL DA UNIVERSIDADE"},"content":{"rendered":"<p>O presidente dos EUA, Donald Trump, afirmou que seu governo vai tirar o status de isen\u00e7\u00e3o fiscal da Universidade Harvard. O an\u00fancio foi feito nesta sexta-feira (2), em um post na rede social de Trump. &#8220;Vamos tirar o status de isen\u00e7\u00e3o fiscal de Harvard. \u00c9 o que eles merecem!&#8221;, escreveu o perfil de Trump na plataforma Truth Social. Governo Trump diz que Harvard pode perder autoriza\u00e7\u00e3o de matricular estudantes estrangeiros.<\/p>\n<p>No fim da semana passada, Trump chegou a dizer que Harvard representava uma amea\u00e7a \u00e0 democracia dos EUA e acusou a universidade de ser antissemita. Universidades americanas foram palco de protestos contra a guerra em Gaza. Harvard \u00e9 a universidade mais antiga dos EUA e se negou a atender exig\u00eancias feitas pelo governo de Trump. A administra\u00e7\u00e3o federal dos EUA tem pressionado universidades a adotarem uma agenda pol\u00edtica alinhada ao presidente.<\/p>\n<p>No dia 21 de abril, Harvard anunciou um processo contra o governo dos EUA para impedir o congelamento de mais de US$ 2,2 bilh\u00f5es (cerca de R$ 13 bilh\u00f5es) em subs\u00eddios federais. Harvard se tornou a primeira universidade a desafiar abertamente o governo Trump. O presidente da institui\u00e7\u00e3o, Alan Garber, afirmou que n\u00e3o cederia \u00e0s press\u00f5es. Horas depois, o governo congelou bilh\u00f5es de d\u00f3lares em recursos federais. \u201cNenhum governo \u2014 independentemente do partido que estiver no poder \u2014 deve ditar o que universidades privadas podem ensinar, quem podem admitir ou contratar, e quais \u00e1reas de estudo e pesquisa podem seguir\u201d, escreveu Garber.<\/p>\n<p>Em uma carta enviada a Harvard no in\u00edcio de abril, o governo de Donald Trump exigiu amplas reformas administrativas e de lideran\u00e7a na universidade, al\u00e9m de mudan\u00e7as nas pol\u00edticas de admiss\u00e3o. Outras institui\u00e7\u00f5es tamb\u00e9m foram alvo de exig\u00eancias semelhantes. O presidente acusou a institui\u00e7\u00e3o de ser uma \u201centidade pol\u00edtica\u201d que promove uma \u201cdoen\u00e7a inspirada em pol\u00edtica, ideologia e terrorismo\u201d. As press\u00f5es sobre Harvard e outras universidades fazem parte de um esfor\u00e7o mais amplo do governo para usar recursos p\u00fablicos como forma de for\u00e7ar grandes institui\u00e7\u00f5es acad\u00eamicas a seguir a agenda pol\u00edtica de Trump.<\/p>\n<p>Como outras grandes universidades, Harvard depende do financiamento federal para manter suas pesquisas cient\u00edficas e m\u00e9dicas. N\u00e3o est\u00e1 claro por quanto tempo a institui\u00e7\u00e3o conseguiria operar sem esses recursos.(g1)<\/p>\n<p>Foto:\u00a0<b>Reprodu\u00e7\u00e3o<\/b><\/p>\n","protected":false},"excerpt":{"rendered":"<p>O presidente dos EUA, Donald Trump, afirmou que seu governo vai tirar o status de isen\u00e7\u00e3o fiscal da Universidade Harvard. O an\u00fancio foi feito nesta sexta-feira (2), em um post na rede social de Trump. &#8220;Vamos tirar o status de isen\u00e7\u00e3o fiscal de Harvard. \u00c9 o que eles merecem!&#8221;, escreveu o perfil de Trump na [&hellip;]<\/p>\n","protected":false},"author":8,"featured_media":899162,"comment_status":"closed","ping_status":"closed","sticky":false,"template":"","format":"standard","meta":[],"categories":[14,3],"tags":[52,863,1307],"acf":[],"yoast_head":"<!-- This site is optimized with the Yoast SEO plugin v20.8 - https:\/\/yoast.com\/wordpress\/plugins\/seo\/ -->\n<title>PRESIDENTE DOS EUA DIZ QUE VAI TIRAR STATUS DE ISEN\u00c7\u00c3O FISCAL DA UNIVERSIDADE - Bahia Economica<\/title>\n<meta name=\"description\" content=\"O maior portal de Economia da Bahia DESTAQUE DO DIA, ECONOMIA \/ POL\u00cdTICA Bahia Economica Como outras grandes universidades, Harvard depende do\" \/>\n<meta name=\"robots\" content=\"index, follow, max-snippet:-1, max-image-preview:large, max-video-preview:-1\" \/>\n<link rel=\"canonical\" href=\"https:\/\/bahiaeconomica.com.br\/wp\/2025\/05\/02\/presidente-dos-eua-diz-que-vai-tirar-status-de-isencao-fiscal-da-universidade\/\" \/>\n<meta property=\"og:locale\" content=\"pt_BR\" \/>\n<meta property=\"og:type\" content=\"article\" \/>\n<meta property=\"og:title\" content=\"PRESIDENTE DOS EUA DIZ QUE VAI TIRAR STATUS DE ISEN\u00c7\u00c3O FISCAL DA UNIVERSIDADE - Bahia Economica\" \/>\n<meta property=\"og:description\" content=\"O maior portal de Economia da Bahia DESTAQUE DO DIA, ECONOMIA \/ POL\u00cdTICA Bahia Economica Como outras grandes universidades, Harvard depende do\" \/>\n<meta property=\"og:url\" content=\"https:\/\/bahiaeconomica.com.br\/wp\/2025\/05\/02\/presidente-dos-eua-diz-que-vai-tirar-status-de-isencao-fiscal-da-universidade\/\" \/>\n<meta property=\"og:site_name\" content=\"Bahia Economica\" \/>\n<meta property=\"article:publisher\" content=\"https:\/\/www.facebook.com\/bahiaeconomica\" \/>\n<meta property=\"article:published_time\" content=\"2025-05-02T17:59:44+00:00\" \/>\n<meta property=\"article:modified_time\" content=\"2025-05-02T17:31:47+00:00\" \/>\n<meta property=\"og:image\" content=\"https:\/\/bahiaeconomica.com.br\/wp\/wp-content\/uploads\/2025\/05\/156724fundacao-maria-emilia-oferece-bolsas-de-estudos-para-mestrado-em-harvard-e-johns-hopkins-university-3.jpg\" \/>\n\t<meta property=\"og:image:width\" content=\"1600\" \/>\n\t<meta property=\"og:image:height\" content=\"752\" \/>\n\t<meta property=\"og:image:type\" content=\"image\/jpeg\" \/>\n<meta name=\"author\" content=\"JP\" \/>\n<meta name=\"twitter:card\" content=\"summary_large_image\" \/>\n<meta name=\"twitter:label1\" content=\"Escrito por\" \/>\n\t<meta name=\"twitter:data1\" content=\"JP\" \/>\n\t<meta name=\"twitter:label2\" content=\"Est. tempo de leitura\" \/>\n\t<meta name=\"twitter:data2\" content=\"3 minutos\" \/>\n<script type=\"application\/ld+json\" class=\"yoast-schema-graph\">{\"@context\":\"https:\/\/schema.org\",\"@graph\":[{\"@type\":\"Article\",\"@id\":\"https:\/\/bahiaeconomica.com.br\/wp\/2025\/05\/02\/presidente-dos-eua-diz-que-vai-tirar-status-de-isencao-fiscal-da-universidade\/#article\",\"isPartOf\":{\"@id\":\"https:\/\/bahiaeconomica.com.br\/wp\/2025\/05\/02\/presidente-dos-eua-diz-que-vai-tirar-status-de-isencao-fiscal-da-universidade\/\"},\"author\":{\"name\":\"JP\",\"@id\":\"https:\/\/bahiaeconomica.com.br\/wp\/#\/schema\/person\/c86d3a3f8960425a0f9d0e5245991f4e\"},\"headline\":\"PRESIDENTE DOS EUA DIZ QUE VAI TIRAR STATUS DE ISEN\u00c7\u00c3O FISCAL DA UNIVERSIDADE\",\"datePublished\":\"2025-05-02T17:59:44+00:00\",\"dateModified\":\"2025-05-02T17:31:47+00:00\",\"mainEntityOfPage\":{\"@id\":\"https:\/\/bahiaeconomica.com.br\/wp\/2025\/05\/02\/presidente-dos-eua-diz-que-vai-tirar-status-de-isencao-fiscal-da-universidade\/\"},\"wordCount\":414,\"publisher\":{\"@id\":\"https:\/\/bahiaeconomica.com.br\/wp\/#organization\"},\"keywords\":[\"Brasil\",\"eua\",\"polica\"],\"articleSection\":[\"DESTAQUE DO DIA\",\"ECONOMIA \/ POL\u00cdTICA\"],\"inLanguage\":\"pt-BR\"},{\"@type\":\"WebPage\",\"@id\":\"https:\/\/bahiaeconomica.com.br\/wp\/2025\/05\/02\/presidente-dos-eua-diz-que-vai-tirar-status-de-isencao-fiscal-da-universidade\/\",\"url\":\"https:\/\/bahiaeconomica.com.br\/wp\/2025\/05\/02\/presidente-dos-eua-diz-que-vai-tirar-status-de-isencao-fiscal-da-universidade\/\",\"name\":\"PRESIDENTE DOS EUA DIZ QUE VAI TIRAR STATUS DE ISEN\u00c7\u00c3O FISCAL DA UNIVERSIDADE - Bahia Economica\",\"isPartOf\":{\"@id\":\"https:\/\/bahiaeconomica.com.br\/wp\/#website\"},\"datePublished\":\"2025-05-02T17:59:44+00:00\",\"dateModified\":\"2025-05-02T17:31:47+00:00\",\"description\":\"O maior portal de Economia da Bahia DESTAQUE DO DIA, ECONOMIA \/ POL\u00cdTICA Bahia Economica Como outras grandes universidades, Harvard depende do\",\"breadcrumb\":{\"@id\":\"https:\/\/bahiaeconomica.com.br\/wp\/2025\/05\/02\/presidente-dos-eua-diz-que-vai-tirar-status-de-isencao-fiscal-da-universidade\/#breadcrumb\"},\"inLanguage\":\"pt-BR\",\"potentialAction\":[{\"@type\":\"ReadAction\",\"target\":[\"https:\/\/bahiaeconomica.com.br\/wp\/2025\/05\/02\/presidente-dos-eua-diz-que-vai-tirar-status-de-isencao-fiscal-da-universidade\/\"]}]},{\"@type\":\"BreadcrumbList\",\"@id\":\"https:\/\/bahiaeconomica.com.br\/wp\/2025\/05\/02\/presidente-dos-eua-diz-que-vai-tirar-status-de-isencao-fiscal-da-universidade\/#breadcrumb\",\"itemListElement\":[{\"@type\":\"ListItem\",\"position\":1,\"name\":\"In\u00edcio\",\"item\":\"https:\/\/bahiaeconomica.com.br\/wp\/\"},{\"@type\":\"ListItem\",\"position\":2,\"name\":\"PRESIDENTE DOS EUA DIZ QUE VAI TIRAR STATUS DE ISEN\u00c7\u00c3O FISCAL DA UNIVERSIDADE\"}]},{\"@type\":\"WebSite\",\"@id\":\"https:\/\/bahiaeconomica.com.br\/wp\/#website\",\"url\":\"https:\/\/bahiaeconomica.com.br\/wp\/\",\"name\":\"Bahia Economica\",\"description\":\"O maior portal de Economia da Bahia\",\"publisher\":{\"@id\":\"https:\/\/bahiaeconomica.com.br\/wp\/#organization\"},\"potentialAction\":[{\"@type\":\"SearchAction\",\"target\":{\"@type\":\"EntryPoint\",\"urlTemplate\":\"https:\/\/bahiaeconomica.com.br\/wp\/?s={search_term_string}\"},\"query-input\":\"required name=search_term_string\"}],\"inLanguage\":\"pt-BR\"},{\"@type\":\"Organization\",\"@id\":\"https:\/\/bahiaeconomica.com.br\/wp\/#organization\",\"name\":\"Bahia Econ\u00f4mica\",\"url\":\"https:\/\/bahiaeconomica.com.br\/wp\/\",\"logo\":{\"@type\":\"ImageObject\",\"inLanguage\":\"pt-BR\",\"@id\":\"https:\/\/bahiaeconomica.com.br\/wp\/#\/schema\/logo\/image\/\",\"url\":\"https:\/\/bahiaeconomica.com.br\/wp\/wp-content\/uploads\/2020\/12\/cropped-BE.png\",\"contentUrl\":\"https:\/\/bahiaeconomica.com.br\/wp\/wp-content\/uploads\/2020\/12\/cropped-BE.png\",\"width\":512,\"height\":512,\"caption\":\"Bahia Econ\u00f4mica\"},\"image\":{\"@id\":\"https:\/\/bahiaeconomica.com.br\/wp\/#\/schema\/logo\/image\/\"},\"sameAs\":[\"https:\/\/www.facebook.com\/bahiaeconomica\"]},{\"@type\":\"Person\",\"@id\":\"https:\/\/bahiaeconomica.com.br\/wp\/#\/schema\/person\/c86d3a3f8960425a0f9d0e5245991f4e\",\"name\":\"JP\",\"sameAs\":[\"https:\/\/bahiaeconomica.com.br\/wp\/beta\/\"],\"url\":\"https:\/\/bahiaeconomica.com.br\/wp\/author\/jp\/\"}]}<\/script>\n<!-- \/ Yoast SEO plugin. -->","yoast_head_json":{"title":"PRESIDENTE DOS EUA DIZ QUE VAI TIRAR STATUS DE ISEN\u00c7\u00c3O FISCAL DA UNIVERSIDADE - Bahia Economica","description":"O maior portal de Economia da Bahia DESTAQUE DO DIA, ECONOMIA \/ POL\u00cdTICA Bahia Economica Como outras grandes universidades, Harvard depende do","robots":{"index":"index","follow":"follow","max-snippet":"max-snippet:-1","max-image-preview":"max-image-preview:large","max-video-preview":"max-video-preview:-1"},"canonical":"https:\/\/bahiaeconomica.com.br\/wp\/2025\/05\/02\/presidente-dos-eua-diz-que-vai-tirar-status-de-isencao-fiscal-da-universidade\/","og_locale":"pt_BR","og_type":"article","og_title":"PRESIDENTE DOS EUA DIZ QUE VAI TIRAR STATUS DE ISEN\u00c7\u00c3O FISCAL DA UNIVERSIDADE - Bahia Economica","og_description":"O maior portal de Economia da Bahia DESTAQUE DO DIA, ECONOMIA \/ POL\u00cdTICA Bahia Economica Como outras grandes universidades, Harvard depende do","og_url":"https:\/\/bahiaeconomica.com.br\/wp\/2025\/05\/02\/presidente-dos-eua-diz-que-vai-tirar-status-de-isencao-fiscal-da-universidade\/","og_site_name":"Bahia Economica","article_publisher":"https:\/\/www.facebook.com\/bahiaeconomica","article_published_time":"2025-05-02T17:59:44+00:00","article_modified_time":"2025-05-02T17:31:47+00:00","og_image":[{"width":1600,"height":752,"url":"https:\/\/bahiaeconomica.com.br\/wp\/wp-content\/uploads\/2025\/05\/156724fundacao-maria-emilia-oferece-bolsas-de-estudos-para-mestrado-em-harvard-e-johns-hopkins-university-3.jpg","type":"image\/jpeg"}],"author":"JP","twitter_card":"summary_large_image","twitter_misc":{"Escrito por":"JP","Est. tempo de leitura":"3 minutos"},"schema":{"@context":"https:\/\/schema.org","@graph":[{"@type":"Article","@id":"https:\/\/bahiaeconomica.com.br\/wp\/2025\/05\/02\/presidente-dos-eua-diz-que-vai-tirar-status-de-isencao-fiscal-da-universidade\/#article","isPartOf":{"@id":"https:\/\/bahiaeconomica.com.br\/wp\/2025\/05\/02\/presidente-dos-eua-diz-que-vai-tirar-status-de-isencao-fiscal-da-universidade\/"},"author":{"name":"JP","@id":"https:\/\/bahiaeconomica.com.br\/wp\/#\/schema\/person\/c86d3a3f8960425a0f9d0e5245991f4e"},"headline":"PRESIDENTE DOS EUA DIZ QUE VAI TIRAR STATUS DE ISEN\u00c7\u00c3O FISCAL DA UNIVERSIDADE","datePublished":"2025-05-02T17:59:44+00:00","dateModified":"2025-05-02T17:31:47+00:00","mainEntityOfPage":{"@id":"https:\/\/bahiaeconomica.com.br\/wp\/2025\/05\/02\/presidente-dos-eua-diz-que-vai-tirar-status-de-isencao-fiscal-da-universidade\/"},"wordCount":414,"publisher":{"@id":"https:\/\/bahiaeconomica.com.br\/wp\/#organization"},"keywords":["Brasil","eua","polica"],"articleSection":["DESTAQUE DO DIA","ECONOMIA \/ POL\u00cdTICA"],"inLanguage":"pt-BR"},{"@type":"WebPage","@id":"https:\/\/bahiaeconomica.com.br\/wp\/2025\/05\/02\/presidente-dos-eua-diz-que-vai-tirar-status-de-isencao-fiscal-da-universidade\/","url":"https:\/\/bahiaeconomica.com.br\/wp\/2025\/05\/02\/presidente-dos-eua-diz-que-vai-tirar-status-de-isencao-fiscal-da-universidade\/","name":"PRESIDENTE DOS EUA DIZ QUE VAI TIRAR STATUS DE ISEN\u00c7\u00c3O FISCAL DA UNIVERSIDADE - Bahia Economica","isPartOf":{"@id":"https:\/\/bahiaeconomica.com.br\/wp\/#website"},"datePublished":"2025-05-02T17:59:44+00:00","dateModified":"2025-05-02T17:31:47+00:00","description":"O maior portal de Economia da Bahia DESTAQUE DO DIA, ECONOMIA \/ POL\u00cdTICA Bahia Economica Como outras grandes universidades, Harvard depende do","breadcrumb":{"@id":"https:\/\/bahiaeconomica.com.br\/wp\/2025\/05\/02\/presidente-dos-eua-diz-que-vai-tirar-status-de-isencao-fiscal-da-universidade\/#breadcrumb"},"inLanguage":"pt-BR","potentialAction":[{"@type":"ReadAction","target":["https:\/\/bahiaeconomica.com.br\/wp\/2025\/05\/02\/presidente-dos-eua-diz-que-vai-tirar-status-de-isencao-fiscal-da-universidade\/"]}]},{"@type":"BreadcrumbList","@id":"https:\/\/bahiaeconomica.com.br\/wp\/2025\/05\/02\/presidente-dos-eua-diz-que-vai-tirar-status-de-isencao-fiscal-da-universidade\/#breadcrumb","itemListElement":[{"@type":"ListItem","position":1,"name":"In\u00edcio","item":"https:\/\/bahiaeconomica.com.br\/wp\/"},{"@type":"ListItem","position":2,"name":"PRESIDENTE DOS EUA DIZ QUE VAI TIRAR STATUS DE ISEN\u00c7\u00c3O FISCAL DA UNIVERSIDADE"}]},{"@type":"WebSite","@id":"https:\/\/bahiaeconomica.com.br\/wp\/#website","url":"https:\/\/bahiaeconomica.com.br\/wp\/","name":"Bahia Economica","description":"O maior portal de Economia da Bahia","publisher":{"@id":"https:\/\/bahiaeconomica.com.br\/wp\/#organization"},"potentialAction":[{"@type":"SearchAction","target":{"@type":"EntryPoint","urlTemplate":"https:\/\/bahiaeconomica.com.br\/wp\/?s={search_term_string}"},"query-input":"required name=search_term_string"}],"inLanguage":"pt-BR"},{"@type":"Organization","@id":"https:\/\/bahiaeconomica.com.br\/wp\/#organization","name":"Bahia Econ\u00f4mica","url":"https:\/\/bahiaeconomica.com.br\/wp\/","logo":{"@type":"ImageObject","inLanguage":"pt-BR","@id":"https:\/\/bahiaeconomica.com.br\/wp\/#\/schema\/logo\/image\/","url":"https:\/\/bahiaeconomica.com.br\/wp\/wp-content\/uploads\/2020\/12\/cropped-BE.png","contentUrl":"https:\/\/bahiaeconomica.com.br\/wp\/wp-content\/uploads\/2020\/12\/cropped-BE.png","width":512,"height":512,"caption":"Bahia Econ\u00f4mica"},"image":{"@id":"https:\/\/bahiaeconomica.com.br\/wp\/#\/schema\/logo\/image\/"},"sameAs":["https:\/\/www.facebook.com\/bahiaeconomica"]},{"@type":"Person","@id":"https:\/\/bahiaeconomica.com.br\/wp\/#\/schema\/person\/c86d3a3f8960425a0f9d0e5245991f4e","name":"JP","sameAs":["https:\/\/bahiaeconomica.com.br\/wp\/beta\/"],"url":"https:\/\/bahiaeconomica.com.br\/wp\/author\/jp\/"}]}},"views":15,"_links":{"self":[{"href":"https:\/\/bahiaeconomica.com.br\/wp\/wp-json\/wp\/v2\/posts\/899161"}],"collection":[{"href":"https:\/\/bahiaeconomica.com.br\/wp\/wp-json\/wp\/v2\/posts"}],"about":[{"href":"https:\/\/bahiaeconomica.com.br\/wp\/wp-json\/wp\/v2\/types\/post"}],"author":[{"embeddable":true,"href":"https:\/\/bahiaeconomica.com.br\/wp\/wp-json\/wp\/v2\/users\/8"}],"replies":[{"embeddable":true,"href":"https:\/\/bahiaeconomica.com.br\/wp\/wp-json\/wp\/v2\/comments?post=899161"}],"version-history":[{"count":1,"href":"https:\/\/bahiaeconomica.com.br\/wp\/wp-json\/wp\/v2\/posts\/899161\/revisions"}],"predecessor-version":[{"id":899163,"href":"https:\/\/bahiaeconomica.com.br\/wp\/wp-json\/wp\/v2\/posts\/899161\/revisions\/899163"}],"wp:featuredmedia":[{"embeddable":true,"href":"https:\/\/bahiaeconomica.com.br\/wp\/wp-json\/wp\/v2\/media\/899162"}],"wp:attachment":[{"href":"https:\/\/bahiaeconomica.com.br\/wp\/wp-json\/wp\/v2\/media?parent=899161"}],"wp:term":[{"taxonomy":"category","embeddable":true,"href":"https:\/\/bahiaeconomica.com.br\/wp\/wp-json\/wp\/v2\/categories?post=899161"},{"taxonomy":"post_tag","embeddable":true,"href":"https:\/\/bahiaeconomica.com.br\/wp\/wp-json\/wp\/v2\/tags?post=899161"}],"curies":[{"name":"wp","href":"https:\/\/api.w.org\/{rel}","templated":true}]}}