{"id":899145,"date":"2025-05-02T12:40:50","date_gmt":"2025-05-02T15:40:50","guid":{"rendered":"https:\/\/bahiaeconomica.com.br\/wp\/?p=899145"},"modified":"2025-05-02T14:32:44","modified_gmt":"2025-05-02T17:32:44","slug":"salvador-tem-8-ameacas-de-deslizamento-devido-as-chuvas-e-vento","status":"publish","type":"post","link":"https:\/\/bahiaeconomica.com.br\/wp\/2025\/05\/02\/salvador-tem-8-ameacas-de-deslizamento-devido-as-chuvas-e-vento\/","title":{"rendered":"SALVADOR TEM 8 AMEA\u00c7AS DE DESLIZAMENTO DEVIDO AS CHUVAS E VENTO"},"content":{"rendered":"<p>Segundo a Defesa Civil de Salvador (Codesal), subiu para 8 o n\u00famero de notifica\u00e7\u00f5es de amea\u00e7a de deslizamento na capital baiana em decorr\u00eancia das intensas chuvas registradas nesta sexta-feira, 2. Entre as ocorr\u00eancias est\u00e3o a queda de \u00e1rvores que iniciaram desde a \u00faltima quinta-feira, 1. De acordo com a Codesal, houve a queda de ao menos tr\u00eas \u00e1rvores na capital baiana.<\/p>\n<p>Uma delas em Mussurunga, uma \u00e1rvore de grande porte que foi derrubada na rotat\u00f3ria do camel\u00f3dromo do Setor C, um das regi\u00f5es mais movimentadas do bairro, que causou um preju\u00edzo para comerciantes locais e interditou uma das pistas. At\u00e9 \u00faltima atualiza\u00e7\u00e3o, n\u00e3o havia informa\u00e7\u00f5es sobre feridos.<\/p>\n<p>J\u00e1 na Rua D, em Castelo Branco, um outro vegetal caiu e bloqueou completamente a via. Uma outra ocorr\u00eancia semelhante tamb\u00e9m foi registrada na pra\u00e7a da Gaivota, no bairro Canabrava, onde um carro foi atingido.<\/p>\n<p>A Codesal havia contabilizado 70 ocorr\u00eancias, entre amea\u00e7as de desabamento e deslizamento, deslizamentos de terra, infiltra\u00e7\u00f5es e orienta\u00e7\u00f5es t\u00e9cnicas, at\u00e9 \u00e0s 11h desta sexta-feira, 2. A madrugada desta sexta-feira, 2, foi de intensa chuva em toda a cidade de Salvador e a expectativa \u00e9 de que a previs\u00e3o permane\u00e7a durante at\u00e9 o final do dia, segundo a Defesa Civil de Salvador (Codesal).<\/p>\n<p>Outro lugar tamb\u00e9m afetado pelos estragos em ocorr\u00eancia das fortes chuvas \u00e9 a Regi\u00e3o Metropolitana de Salvador. A Ceasa de Sim\u00f5es Filho, ficou parcialmente alagada o que comprometeu o funcionamento da feira.<\/p>\n<p>A situa\u00e7\u00e3o \u00e9 semelhante em Dias D\u2019\u00c1vila, onde os moradores enfrentam diversos pontos de alagamento, com impactos ainda no transporte p\u00fablico. J\u00e1 na BA-093, rodovia que liga os munic\u00edpios de Sim\u00f5es Filho e Entre Rios, nas imedia\u00e7\u00f5es de Palmares, parte da pista ficou totalmente submersa, causando engarrafamentos e aumentando o risco de acidentes.<\/p>\n<p>Segundo a Codesal, a previs\u00e3o \u00e9 de que a chuva permane\u00e7a durante at\u00e9 o final do dia, nesta sexta-feira, 2, em toda cidade de Salvador. Ainda de acordo com o \u00f3rg\u00e3o, a previs\u00e3o de chuva deve permanecer at\u00e9 o pr\u00f3ximo final de semana.<\/p>\n<p>Foto:\u00a0<b>Metropress\/Stephanie Suerdieck<\/b><\/p>\n","protected":false},"excerpt":{"rendered":"<p>Segundo a Defesa Civil de Salvador (Codesal), subiu para 8 o n\u00famero de notifica\u00e7\u00f5es de amea\u00e7a de deslizamento na capital baiana em decorr\u00eancia das intensas chuvas registradas nesta sexta-feira, 2. Entre as ocorr\u00eancias est\u00e3o a queda de \u00e1rvores que iniciaram desde a \u00faltima quinta-feira, 1. De acordo com a Codesal, houve a queda de ao [&hellip;]<\/p>\n","protected":false},"author":8,"featured_media":899146,"comment_status":"closed","ping_status":"closed","sticky":false,"template":"","format":"standard","meta":[],"categories":[3],"tags":[23839,874,880,24602,695],"acf":[],"yoast_head":"<!-- This site is optimized with the Yoast SEO plugin v20.8 - https:\/\/yoast.com\/wordpress\/plugins\/seo\/ -->\n<title>SALVADOR TEM 8 AMEA\u00c7AS DE DESLIZAMENTO DEVIDO AS CHUVAS E VENTO - Bahia Economica<\/title>\n<meta name=\"description\" content=\"O maior portal de Economia da Bahia ECONOMIA \/ POL\u00cdTICA Bahia Economica Segundo a Codesal, a previs\u00e3o \u00e9 de que a chuva permane\u00e7a\" \/>\n<meta name=\"robots\" content=\"index, follow, max-snippet:-1, max-image-preview:large, max-video-preview:-1\" \/>\n<link rel=\"canonical\" href=\"https:\/\/bahiaeconomica.com.br\/wp\/2025\/05\/02\/salvador-tem-8-ameacas-de-deslizamento-devido-as-chuvas-e-vento\/\" \/>\n<meta property=\"og:locale\" content=\"pt_BR\" \/>\n<meta property=\"og:type\" content=\"article\" \/>\n<meta property=\"og:title\" content=\"SALVADOR TEM 8 AMEA\u00c7AS DE DESLIZAMENTO DEVIDO AS CHUVAS E VENTO - Bahia Economica\" \/>\n<meta property=\"og:description\" content=\"O maior portal de Economia da Bahia ECONOMIA \/ POL\u00cdTICA Bahia Economica Segundo a Codesal, a previs\u00e3o \u00e9 de que a chuva permane\u00e7a\" \/>\n<meta property=\"og:url\" content=\"https:\/\/bahiaeconomica.com.br\/wp\/2025\/05\/02\/salvador-tem-8-ameacas-de-deslizamento-devido-as-chuvas-e-vento\/\" \/>\n<meta property=\"og:site_name\" content=\"Bahia Economica\" \/>\n<meta property=\"article:publisher\" content=\"https:\/\/www.facebook.com\/bahiaeconomica\" \/>\n<meta property=\"article:published_time\" content=\"2025-05-02T15:40:50+00:00\" \/>\n<meta property=\"article:modified_time\" content=\"2025-05-02T17:32:44+00:00\" \/>\n<meta property=\"og:image\" content=\"https:\/\/bahiaeconomica.com.br\/wp\/wp-content\/uploads\/2025\/05\/160058chuvas-fortes-e-trovoes-confira-a-previsao-do-tempo-para-este-domingo-em-salvador-3.jpg\" \/>\n\t<meta property=\"og:image:width\" content=\"1600\" \/>\n\t<meta property=\"og:image:height\" content=\"752\" \/>\n\t<meta property=\"og:image:type\" content=\"image\/jpeg\" \/>\n<meta name=\"author\" content=\"JP\" \/>\n<meta name=\"twitter:card\" content=\"summary_large_image\" \/>\n<meta name=\"twitter:label1\" content=\"Escrito por\" \/>\n\t<meta name=\"twitter:data1\" content=\"JP\" \/>\n\t<meta name=\"twitter:label2\" content=\"Est. tempo de leitura\" \/>\n\t<meta name=\"twitter:data2\" content=\"2 minutos\" \/>\n<script type=\"application\/ld+json\" class=\"yoast-schema-graph\">{\"@context\":\"https:\/\/schema.org\",\"@graph\":[{\"@type\":\"Article\",\"@id\":\"https:\/\/bahiaeconomica.com.br\/wp\/2025\/05\/02\/salvador-tem-8-ameacas-de-deslizamento-devido-as-chuvas-e-vento\/#article\",\"isPartOf\":{\"@id\":\"https:\/\/bahiaeconomica.com.br\/wp\/2025\/05\/02\/salvador-tem-8-ameacas-de-deslizamento-devido-as-chuvas-e-vento\/\"},\"author\":{\"name\":\"JP\",\"@id\":\"https:\/\/bahiaeconomica.com.br\/wp\/#\/schema\/person\/c86d3a3f8960425a0f9d0e5245991f4e\"},\"headline\":\"SALVADOR TEM 8 AMEA\u00c7AS DE DESLIZAMENTO DEVIDO AS CHUVAS E VENTO\",\"datePublished\":\"2025-05-02T15:40:50+00:00\",\"dateModified\":\"2025-05-02T17:32:44+00:00\",\"mainEntityOfPage\":{\"@id\":\"https:\/\/bahiaeconomica.com.br\/wp\/2025\/05\/02\/salvador-tem-8-ameacas-de-deslizamento-devido-as-chuvas-e-vento\/\"},\"wordCount\":375,\"publisher\":{\"@id\":\"https:\/\/bahiaeconomica.com.br\/wp\/#organization\"},\"keywords\":[\"boat\",\"chuva\",\"ferry\",\"ITS\",\"travessia\"],\"articleSection\":[\"ECONOMIA \/ POL\u00cdTICA\"],\"inLanguage\":\"pt-BR\"},{\"@type\":\"WebPage\",\"@id\":\"https:\/\/bahiaeconomica.com.br\/wp\/2025\/05\/02\/salvador-tem-8-ameacas-de-deslizamento-devido-as-chuvas-e-vento\/\",\"url\":\"https:\/\/bahiaeconomica.com.br\/wp\/2025\/05\/02\/salvador-tem-8-ameacas-de-deslizamento-devido-as-chuvas-e-vento\/\",\"name\":\"SALVADOR TEM 8 AMEA\u00c7AS DE DESLIZAMENTO DEVIDO AS CHUVAS E VENTO - Bahia Economica\",\"isPartOf\":{\"@id\":\"https:\/\/bahiaeconomica.com.br\/wp\/#website\"},\"datePublished\":\"2025-05-02T15:40:50+00:00\",\"dateModified\":\"2025-05-02T17:32:44+00:00\",\"description\":\"O maior portal de Economia da Bahia ECONOMIA \/ POL\u00cdTICA Bahia Economica Segundo a Codesal, a previs\u00e3o \u00e9 de que a chuva permane\u00e7a\",\"breadcrumb\":{\"@id\":\"https:\/\/bahiaeconomica.com.br\/wp\/2025\/05\/02\/salvador-tem-8-ameacas-de-deslizamento-devido-as-chuvas-e-vento\/#breadcrumb\"},\"inLanguage\":\"pt-BR\",\"potentialAction\":[{\"@type\":\"ReadAction\",\"target\":[\"https:\/\/bahiaeconomica.com.br\/wp\/2025\/05\/02\/salvador-tem-8-ameacas-de-deslizamento-devido-as-chuvas-e-vento\/\"]}]},{\"@type\":\"BreadcrumbList\",\"@id\":\"https:\/\/bahiaeconomica.com.br\/wp\/2025\/05\/02\/salvador-tem-8-ameacas-de-deslizamento-devido-as-chuvas-e-vento\/#breadcrumb\",\"itemListElement\":[{\"@type\":\"ListItem\",\"position\":1,\"name\":\"In\u00edcio\",\"item\":\"https:\/\/bahiaeconomica.com.br\/wp\/\"},{\"@type\":\"ListItem\",\"position\":2,\"name\":\"SALVADOR TEM 8 AMEA\u00c7AS DE DESLIZAMENTO DEVIDO AS CHUVAS E VENTO\"}]},{\"@type\":\"WebSite\",\"@id\":\"https:\/\/bahiaeconomica.com.br\/wp\/#website\",\"url\":\"https:\/\/bahiaeconomica.com.br\/wp\/\",\"name\":\"Bahia Economica\",\"description\":\"O maior portal de Economia da Bahia\",\"publisher\":{\"@id\":\"https:\/\/bahiaeconomica.com.br\/wp\/#organization\"},\"potentialAction\":[{\"@type\":\"SearchAction\",\"target\":{\"@type\":\"EntryPoint\",\"urlTemplate\":\"https:\/\/bahiaeconomica.com.br\/wp\/?s={search_term_string}\"},\"query-input\":\"required name=search_term_string\"}],\"inLanguage\":\"pt-BR\"},{\"@type\":\"Organization\",\"@id\":\"https:\/\/bahiaeconomica.com.br\/wp\/#organization\",\"name\":\"Bahia Econ\u00f4mica\",\"url\":\"https:\/\/bahiaeconomica.com.br\/wp\/\",\"logo\":{\"@type\":\"ImageObject\",\"inLanguage\":\"pt-BR\",\"@id\":\"https:\/\/bahiaeconomica.com.br\/wp\/#\/schema\/logo\/image\/\",\"url\":\"https:\/\/bahiaeconomica.com.br\/wp\/wp-content\/uploads\/2020\/12\/cropped-BE.png\",\"contentUrl\":\"https:\/\/bahiaeconomica.com.br\/wp\/wp-content\/uploads\/2020\/12\/cropped-BE.png\",\"width\":512,\"height\":512,\"caption\":\"Bahia Econ\u00f4mica\"},\"image\":{\"@id\":\"https:\/\/bahiaeconomica.com.br\/wp\/#\/schema\/logo\/image\/\"},\"sameAs\":[\"https:\/\/www.facebook.com\/bahiaeconomica\"]},{\"@type\":\"Person\",\"@id\":\"https:\/\/bahiaeconomica.com.br\/wp\/#\/schema\/person\/c86d3a3f8960425a0f9d0e5245991f4e\",\"name\":\"JP\",\"sameAs\":[\"https:\/\/bahiaeconomica.com.br\/wp\/beta\/\"],\"url\":\"https:\/\/bahiaeconomica.com.br\/wp\/author\/jp\/\"}]}<\/script>\n<!-- \/ Yoast SEO plugin. -->","yoast_head_json":{"title":"SALVADOR TEM 8 AMEA\u00c7AS DE DESLIZAMENTO DEVIDO AS CHUVAS E VENTO - Bahia Economica","description":"O maior portal de Economia da Bahia ECONOMIA \/ POL\u00cdTICA Bahia Economica Segundo a Codesal, a previs\u00e3o \u00e9 de que a chuva permane\u00e7a","robots":{"index":"index","follow":"follow","max-snippet":"max-snippet:-1","max-image-preview":"max-image-preview:large","max-video-preview":"max-video-preview:-1"},"canonical":"https:\/\/bahiaeconomica.com.br\/wp\/2025\/05\/02\/salvador-tem-8-ameacas-de-deslizamento-devido-as-chuvas-e-vento\/","og_locale":"pt_BR","og_type":"article","og_title":"SALVADOR TEM 8 AMEA\u00c7AS DE DESLIZAMENTO DEVIDO AS CHUVAS E VENTO - Bahia Economica","og_description":"O maior portal de Economia da Bahia ECONOMIA \/ POL\u00cdTICA Bahia Economica Segundo a Codesal, a previs\u00e3o \u00e9 de que a chuva permane\u00e7a","og_url":"https:\/\/bahiaeconomica.com.br\/wp\/2025\/05\/02\/salvador-tem-8-ameacas-de-deslizamento-devido-as-chuvas-e-vento\/","og_site_name":"Bahia Economica","article_publisher":"https:\/\/www.facebook.com\/bahiaeconomica","article_published_time":"2025-05-02T15:40:50+00:00","article_modified_time":"2025-05-02T17:32:44+00:00","og_image":[{"width":1600,"height":752,"url":"https:\/\/bahiaeconomica.com.br\/wp\/wp-content\/uploads\/2025\/05\/160058chuvas-fortes-e-trovoes-confira-a-previsao-do-tempo-para-este-domingo-em-salvador-3.jpg","type":"image\/jpeg"}],"author":"JP","twitter_card":"summary_large_image","twitter_misc":{"Escrito por":"JP","Est. tempo de leitura":"2 minutos"},"schema":{"@context":"https:\/\/schema.org","@graph":[{"@type":"Article","@id":"https:\/\/bahiaeconomica.com.br\/wp\/2025\/05\/02\/salvador-tem-8-ameacas-de-deslizamento-devido-as-chuvas-e-vento\/#article","isPartOf":{"@id":"https:\/\/bahiaeconomica.com.br\/wp\/2025\/05\/02\/salvador-tem-8-ameacas-de-deslizamento-devido-as-chuvas-e-vento\/"},"author":{"name":"JP","@id":"https:\/\/bahiaeconomica.com.br\/wp\/#\/schema\/person\/c86d3a3f8960425a0f9d0e5245991f4e"},"headline":"SALVADOR TEM 8 AMEA\u00c7AS DE DESLIZAMENTO DEVIDO AS CHUVAS E VENTO","datePublished":"2025-05-02T15:40:50+00:00","dateModified":"2025-05-02T17:32:44+00:00","mainEntityOfPage":{"@id":"https:\/\/bahiaeconomica.com.br\/wp\/2025\/05\/02\/salvador-tem-8-ameacas-de-deslizamento-devido-as-chuvas-e-vento\/"},"wordCount":375,"publisher":{"@id":"https:\/\/bahiaeconomica.com.br\/wp\/#organization"},"keywords":["boat","chuva","ferry","ITS","travessia"],"articleSection":["ECONOMIA \/ POL\u00cdTICA"],"inLanguage":"pt-BR"},{"@type":"WebPage","@id":"https:\/\/bahiaeconomica.com.br\/wp\/2025\/05\/02\/salvador-tem-8-ameacas-de-deslizamento-devido-as-chuvas-e-vento\/","url":"https:\/\/bahiaeconomica.com.br\/wp\/2025\/05\/02\/salvador-tem-8-ameacas-de-deslizamento-devido-as-chuvas-e-vento\/","name":"SALVADOR TEM 8 AMEA\u00c7AS DE DESLIZAMENTO DEVIDO AS CHUVAS E VENTO - Bahia Economica","isPartOf":{"@id":"https:\/\/bahiaeconomica.com.br\/wp\/#website"},"datePublished":"2025-05-02T15:40:50+00:00","dateModified":"2025-05-02T17:32:44+00:00","description":"O maior portal de Economia da Bahia ECONOMIA \/ POL\u00cdTICA Bahia Economica Segundo a Codesal, a previs\u00e3o \u00e9 de que a chuva permane\u00e7a","breadcrumb":{"@id":"https:\/\/bahiaeconomica.com.br\/wp\/2025\/05\/02\/salvador-tem-8-ameacas-de-deslizamento-devido-as-chuvas-e-vento\/#breadcrumb"},"inLanguage":"pt-BR","potentialAction":[{"@type":"ReadAction","target":["https:\/\/bahiaeconomica.com.br\/wp\/2025\/05\/02\/salvador-tem-8-ameacas-de-deslizamento-devido-as-chuvas-e-vento\/"]}]},{"@type":"BreadcrumbList","@id":"https:\/\/bahiaeconomica.com.br\/wp\/2025\/05\/02\/salvador-tem-8-ameacas-de-deslizamento-devido-as-chuvas-e-vento\/#breadcrumb","itemListElement":[{"@type":"ListItem","position":1,"name":"In\u00edcio","item":"https:\/\/bahiaeconomica.com.br\/wp\/"},{"@type":"ListItem","position":2,"name":"SALVADOR TEM 8 AMEA\u00c7AS DE DESLIZAMENTO DEVIDO AS CHUVAS E VENTO"}]},{"@type":"WebSite","@id":"https:\/\/bahiaeconomica.com.br\/wp\/#website","url":"https:\/\/bahiaeconomica.com.br\/wp\/","name":"Bahia Economica","description":"O maior portal de Economia da Bahia","publisher":{"@id":"https:\/\/bahiaeconomica.com.br\/wp\/#organization"},"potentialAction":[{"@type":"SearchAction","target":{"@type":"EntryPoint","urlTemplate":"https:\/\/bahiaeconomica.com.br\/wp\/?s={search_term_string}"},"query-input":"required name=search_term_string"}],"inLanguage":"pt-BR"},{"@type":"Organization","@id":"https:\/\/bahiaeconomica.com.br\/wp\/#organization","name":"Bahia Econ\u00f4mica","url":"https:\/\/bahiaeconomica.com.br\/wp\/","logo":{"@type":"ImageObject","inLanguage":"pt-BR","@id":"https:\/\/bahiaeconomica.com.br\/wp\/#\/schema\/logo\/image\/","url":"https:\/\/bahiaeconomica.com.br\/wp\/wp-content\/uploads\/2020\/12\/cropped-BE.png","contentUrl":"https:\/\/bahiaeconomica.com.br\/wp\/wp-content\/uploads\/2020\/12\/cropped-BE.png","width":512,"height":512,"caption":"Bahia Econ\u00f4mica"},"image":{"@id":"https:\/\/bahiaeconomica.com.br\/wp\/#\/schema\/logo\/image\/"},"sameAs":["https:\/\/www.facebook.com\/bahiaeconomica"]},{"@type":"Person","@id":"https:\/\/bahiaeconomica.com.br\/wp\/#\/schema\/person\/c86d3a3f8960425a0f9d0e5245991f4e","name":"JP","sameAs":["https:\/\/bahiaeconomica.com.br\/wp\/beta\/"],"url":"https:\/\/bahiaeconomica.com.br\/wp\/author\/jp\/"}]}},"views":42,"_links":{"self":[{"href":"https:\/\/bahiaeconomica.com.br\/wp\/wp-json\/wp\/v2\/posts\/899145"}],"collection":[{"href":"https:\/\/bahiaeconomica.com.br\/wp\/wp-json\/wp\/v2\/posts"}],"about":[{"href":"https:\/\/bahiaeconomica.com.br\/wp\/wp-json\/wp\/v2\/types\/post"}],"author":[{"embeddable":true,"href":"https:\/\/bahiaeconomica.com.br\/wp\/wp-json\/wp\/v2\/users\/8"}],"replies":[{"embeddable":true,"href":"https:\/\/bahiaeconomica.com.br\/wp\/wp-json\/wp\/v2\/comments?post=899145"}],"version-history":[{"count":1,"href":"https:\/\/bahiaeconomica.com.br\/wp\/wp-json\/wp\/v2\/posts\/899145\/revisions"}],"predecessor-version":[{"id":899147,"href":"https:\/\/bahiaeconomica.com.br\/wp\/wp-json\/wp\/v2\/posts\/899145\/revisions\/899147"}],"wp:featuredmedia":[{"embeddable":true,"href":"https:\/\/bahiaeconomica.com.br\/wp\/wp-json\/wp\/v2\/media\/899146"}],"wp:attachment":[{"href":"https:\/\/bahiaeconomica.com.br\/wp\/wp-json\/wp\/v2\/media?parent=899145"}],"wp:term":[{"taxonomy":"category","embeddable":true,"href":"https:\/\/bahiaeconomica.com.br\/wp\/wp-json\/wp\/v2\/categories?post=899145"},{"taxonomy":"post_tag","embeddable":true,"href":"https:\/\/bahiaeconomica.com.br\/wp\/wp-json\/wp\/v2\/tags?post=899145"}],"curies":[{"name":"wp","href":"https:\/\/api.w.org\/{rel}","templated":true}]}}