{"id":898998,"date":"2025-05-01T11:34:49","date_gmt":"2025-05-01T14:34:49","guid":{"rendered":"https:\/\/bahiaeconomica.com.br\/wp\/?p=898998"},"modified":"2025-05-01T11:34:49","modified_gmt":"2025-05-01T14:34:49","slug":"teo-senna-celebra-20-anos-do-ioddeb-com-sessao-especial-na-camara-municipal","status":"publish","type":"post","link":"https:\/\/bahiaeconomica.com.br\/wp\/2025\/05\/01\/teo-senna-celebra-20-anos-do-ioddeb-com-sessao-especial-na-camara-municipal\/","title":{"rendered":"T\u00c9O SENNA CELEBRA 20 ANOS DO IODDEB COM SESS\u00c3O ESPECIAL NA C\u00c2MARA MUNICIPAL"},"content":{"rendered":"<p>Na noite de ontem (30), o vereador T\u00e9o Senna (PSDB) presidiu uma sess\u00e3o especial no Centro de Cultura da C\u00e2mara Municipal de Salvador para celebrar os 20 anos de funda\u00e7\u00e3o do Instituto dos Operadores do Direito Desportivo do Estado da Bahia (Ioddeb). A solenidade reuniu autoridades, representantes de institui\u00e7\u00f5es, profissionais do direito e da educa\u00e7\u00e3o f\u00edsica, e parceiros hist\u00f3ricos da entidade.<\/p>\n<p>Em seu discurso, Senna destacou a trajet\u00f3ria do instituto, lembrando que o Ioddeb foi criado em 2005 a partir de um curso de extens\u00e3o promovido pela OAB-BA e que, desde ent\u00e3o, vem desempenhando um papel fundamental na media\u00e7\u00e3o de solu\u00e7\u00f5es para pol\u00edticas p\u00fablicas nas \u00e1reas educacional, cultural, esportiva, ambiental e de lazer. \u201cO Ioddeb representa muito mais do que sua funda\u00e7\u00e3o. \u00c9 um s\u00edmbolo de resili\u00eancia, de luta pelo reconhecimento das pr\u00e1ticas esportivas como direito de todos e da defesa da jun\u00e7\u00e3o entre educa\u00e7\u00e3o f\u00edsica, justi\u00e7a, cidadania e meio ambiente\u201d, declarou o vereador.<\/p>\n<p>O parlamentar ainda fez quest\u00e3o de parabenizar nominalmente os fundadores da institui\u00e7\u00e3o, incluindo Odilon G\u00f3es, Edmilson Pombinho, Roberto Carlos, Cristiane Hamada, entre outros. Ele destacou que a atua\u00e7\u00e3o do instituto extrapola a promo\u00e7\u00e3o do direito desportivo, contribuindo tamb\u00e9m para o fortalecimento da cidadania, da justi\u00e7a social e da consci\u00eancia ambiental.<\/p>\n<p>Presidente do Ioddeb, Odilon G\u00f3es tamb\u00e9m discursou durante a solenidade e compartilhou o orgulho de estar \u00e0 frente da entidade, destacando os desafios enfrentados nas \u00faltimas duas d\u00e9cadas e a import\u00e2ncia do trabalho coletivo. \u201cEsses 20 anos foram repletos de desafios, mas tamb\u00e9m de conquistas. Aprendemos e nos adaptamos, sempre com o objetivo de promover o desenvolvimento sociocultural do esporte. Gratid\u00e3o \u00e9 o que expresso com o cora\u00e7\u00e3o pleno de reconhecimento\u201d, declarou.<\/p>\n<p>Al\u00e9m de T\u00e9o Senna, a mesa da solenidade foi composta por Odilon G\u00f3es, presidente do Ioddeb; Zuleik Carvalho, procuradora do Estado; Jovani Pereira, vice-presidente do Instituto dos Advogados da Bahia; S\u00e9rgio Lamberti, vice-delegado da Associa\u00e7\u00e3o dos Diplomados da Escola Superior de Guerra da Bahia; Edmilson Pombinho, um dos fundadores do Ioddeb; e Ubaldo Santos, representando a Associa\u00e7\u00e3o dos Ex-combatentes do Brasil. Encerrando a noite, uma apresenta\u00e7\u00e3o de capoeira conduzida pelo Mestre Pitbull emocionou o p\u00fablico presente e simbolizou a valoriza\u00e7\u00e3o da cultura popular baiana e o esp\u00edrito integrador que o Ioddeb carrega desde a sua funda\u00e7\u00e3o.<\/p>\n<p>Foto: Ant\u00f4nio Queir\u00f3s<\/p>\n","protected":false},"excerpt":{"rendered":"<p>Na noite de ontem (30), o vereador T\u00e9o Senna (PSDB) presidiu uma sess\u00e3o especial no Centro de Cultura da C\u00e2mara Municipal de Salvador para celebrar os 20 anos de funda\u00e7\u00e3o do Instituto dos Operadores do Direito Desportivo do Estado da Bahia (Ioddeb). A solenidade reuniu autoridades, representantes de institui\u00e7\u00f5es, profissionais do direito e da educa\u00e7\u00e3o [&hellip;]<\/p>\n","protected":false},"author":8,"featured_media":898999,"comment_status":"closed","ping_status":"closed","sticky":false,"template":"","format":"standard","meta":[],"categories":[5],"tags":[52,100,1038],"acf":[],"yoast_head":"<!-- This site is optimized with the Yoast SEO plugin v20.8 - https:\/\/yoast.com\/wordpress\/plugins\/seo\/ -->\n<title>T\u00c9O SENNA CELEBRA 20 ANOS DO IODDEB COM SESS\u00c3O ESPECIAL NA C\u00c2MARA MUNICIPAL - Bahia Economica<\/title>\n<meta name=\"description\" content=\"O maior portal de Economia da Bahia MUNIC\u00cdPIOS Bahia Economica valoriza\u00e7\u00e3o da cultura popular baiana e o esp\u00edrito integrador que o Ioddeb\" \/>\n<meta name=\"robots\" content=\"index, follow, max-snippet:-1, max-image-preview:large, max-video-preview:-1\" \/>\n<link rel=\"canonical\" href=\"https:\/\/bahiaeconomica.com.br\/wp\/2025\/05\/01\/teo-senna-celebra-20-anos-do-ioddeb-com-sessao-especial-na-camara-municipal\/\" \/>\n<meta property=\"og:locale\" content=\"pt_BR\" \/>\n<meta property=\"og:type\" content=\"article\" \/>\n<meta property=\"og:title\" content=\"T\u00c9O SENNA CELEBRA 20 ANOS DO IODDEB COM SESS\u00c3O ESPECIAL NA C\u00c2MARA MUNICIPAL - Bahia Economica\" \/>\n<meta property=\"og:description\" content=\"O maior portal de Economia da Bahia MUNIC\u00cdPIOS Bahia Economica valoriza\u00e7\u00e3o da cultura popular baiana e o esp\u00edrito integrador que o Ioddeb\" \/>\n<meta property=\"og:url\" content=\"https:\/\/bahiaeconomica.com.br\/wp\/2025\/05\/01\/teo-senna-celebra-20-anos-do-ioddeb-com-sessao-especial-na-camara-municipal\/\" \/>\n<meta property=\"og:site_name\" content=\"Bahia Economica\" \/>\n<meta property=\"article:publisher\" content=\"https:\/\/www.facebook.com\/bahiaeconomica\" \/>\n<meta property=\"article:published_time\" content=\"2025-05-01T14:34:49+00:00\" \/>\n<meta property=\"og:image\" content=\"https:\/\/bahiaeconomica.com.br\/wp\/wp-content\/uploads\/2025\/05\/WhatsApp-Image-2025-05-01-at-09.43.37.jpeg\" \/>\n\t<meta property=\"og:image:width\" content=\"2400\" \/>\n\t<meta property=\"og:image:height\" content=\"1600\" \/>\n\t<meta property=\"og:image:type\" content=\"image\/jpeg\" \/>\n<meta name=\"author\" content=\"JP\" \/>\n<meta name=\"twitter:card\" content=\"summary_large_image\" \/>\n<meta name=\"twitter:label1\" content=\"Escrito por\" \/>\n\t<meta name=\"twitter:data1\" content=\"JP\" \/>\n\t<meta name=\"twitter:label2\" content=\"Est. tempo de leitura\" \/>\n\t<meta name=\"twitter:data2\" content=\"3 minutos\" \/>\n<script type=\"application\/ld+json\" class=\"yoast-schema-graph\">{\"@context\":\"https:\/\/schema.org\",\"@graph\":[{\"@type\":\"Article\",\"@id\":\"https:\/\/bahiaeconomica.com.br\/wp\/2025\/05\/01\/teo-senna-celebra-20-anos-do-ioddeb-com-sessao-especial-na-camara-municipal\/#article\",\"isPartOf\":{\"@id\":\"https:\/\/bahiaeconomica.com.br\/wp\/2025\/05\/01\/teo-senna-celebra-20-anos-do-ioddeb-com-sessao-especial-na-camara-municipal\/\"},\"author\":{\"name\":\"JP\",\"@id\":\"https:\/\/bahiaeconomica.com.br\/wp\/#\/schema\/person\/c86d3a3f8960425a0f9d0e5245991f4e\"},\"headline\":\"T\u00c9O SENNA CELEBRA 20 ANOS DO IODDEB COM SESS\u00c3O ESPECIAL NA C\u00c2MARA MUNICIPAL\",\"datePublished\":\"2025-05-01T14:34:49+00:00\",\"dateModified\":\"2025-05-01T14:34:49+00:00\",\"mainEntityOfPage\":{\"@id\":\"https:\/\/bahiaeconomica.com.br\/wp\/2025\/05\/01\/teo-senna-celebra-20-anos-do-ioddeb-com-sessao-especial-na-camara-municipal\/\"},\"wordCount\":434,\"publisher\":{\"@id\":\"https:\/\/bahiaeconomica.com.br\/wp\/#organization\"},\"keywords\":[\"Brasil\",\"Pol\u00edtica\",\"secret\u00e1rio\"],\"articleSection\":[\"MUNIC\u00cdPIOS\"],\"inLanguage\":\"pt-BR\"},{\"@type\":\"WebPage\",\"@id\":\"https:\/\/bahiaeconomica.com.br\/wp\/2025\/05\/01\/teo-senna-celebra-20-anos-do-ioddeb-com-sessao-especial-na-camara-municipal\/\",\"url\":\"https:\/\/bahiaeconomica.com.br\/wp\/2025\/05\/01\/teo-senna-celebra-20-anos-do-ioddeb-com-sessao-especial-na-camara-municipal\/\",\"name\":\"T\u00c9O SENNA CELEBRA 20 ANOS DO IODDEB COM SESS\u00c3O ESPECIAL NA C\u00c2MARA MUNICIPAL - Bahia Economica\",\"isPartOf\":{\"@id\":\"https:\/\/bahiaeconomica.com.br\/wp\/#website\"},\"datePublished\":\"2025-05-01T14:34:49+00:00\",\"dateModified\":\"2025-05-01T14:34:49+00:00\",\"description\":\"O maior portal de Economia da Bahia MUNIC\u00cdPIOS Bahia Economica valoriza\u00e7\u00e3o da cultura popular baiana e o esp\u00edrito integrador que o Ioddeb\",\"breadcrumb\":{\"@id\":\"https:\/\/bahiaeconomica.com.br\/wp\/2025\/05\/01\/teo-senna-celebra-20-anos-do-ioddeb-com-sessao-especial-na-camara-municipal\/#breadcrumb\"},\"inLanguage\":\"pt-BR\",\"potentialAction\":[{\"@type\":\"ReadAction\",\"target\":[\"https:\/\/bahiaeconomica.com.br\/wp\/2025\/05\/01\/teo-senna-celebra-20-anos-do-ioddeb-com-sessao-especial-na-camara-municipal\/\"]}]},{\"@type\":\"BreadcrumbList\",\"@id\":\"https:\/\/bahiaeconomica.com.br\/wp\/2025\/05\/01\/teo-senna-celebra-20-anos-do-ioddeb-com-sessao-especial-na-camara-municipal\/#breadcrumb\",\"itemListElement\":[{\"@type\":\"ListItem\",\"position\":1,\"name\":\"In\u00edcio\",\"item\":\"https:\/\/bahiaeconomica.com.br\/wp\/\"},{\"@type\":\"ListItem\",\"position\":2,\"name\":\"T\u00c9O SENNA CELEBRA 20 ANOS DO IODDEB COM SESS\u00c3O ESPECIAL NA C\u00c2MARA MUNICIPAL\"}]},{\"@type\":\"WebSite\",\"@id\":\"https:\/\/bahiaeconomica.com.br\/wp\/#website\",\"url\":\"https:\/\/bahiaeconomica.com.br\/wp\/\",\"name\":\"Bahia Economica\",\"description\":\"O maior portal de Economia da Bahia\",\"publisher\":{\"@id\":\"https:\/\/bahiaeconomica.com.br\/wp\/#organization\"},\"potentialAction\":[{\"@type\":\"SearchAction\",\"target\":{\"@type\":\"EntryPoint\",\"urlTemplate\":\"https:\/\/bahiaeconomica.com.br\/wp\/?s={search_term_string}\"},\"query-input\":\"required name=search_term_string\"}],\"inLanguage\":\"pt-BR\"},{\"@type\":\"Organization\",\"@id\":\"https:\/\/bahiaeconomica.com.br\/wp\/#organization\",\"name\":\"Bahia Econ\u00f4mica\",\"url\":\"https:\/\/bahiaeconomica.com.br\/wp\/\",\"logo\":{\"@type\":\"ImageObject\",\"inLanguage\":\"pt-BR\",\"@id\":\"https:\/\/bahiaeconomica.com.br\/wp\/#\/schema\/logo\/image\/\",\"url\":\"https:\/\/bahiaeconomica.com.br\/wp\/wp-content\/uploads\/2020\/12\/cropped-BE.png\",\"contentUrl\":\"https:\/\/bahiaeconomica.com.br\/wp\/wp-content\/uploads\/2020\/12\/cropped-BE.png\",\"width\":512,\"height\":512,\"caption\":\"Bahia Econ\u00f4mica\"},\"image\":{\"@id\":\"https:\/\/bahiaeconomica.com.br\/wp\/#\/schema\/logo\/image\/\"},\"sameAs\":[\"https:\/\/www.facebook.com\/bahiaeconomica\"]},{\"@type\":\"Person\",\"@id\":\"https:\/\/bahiaeconomica.com.br\/wp\/#\/schema\/person\/c86d3a3f8960425a0f9d0e5245991f4e\",\"name\":\"JP\",\"sameAs\":[\"https:\/\/bahiaeconomica.com.br\/wp\/beta\/\"],\"url\":\"https:\/\/bahiaeconomica.com.br\/wp\/author\/jp\/\"}]}<\/script>\n<!-- \/ Yoast SEO plugin. -->","yoast_head_json":{"title":"T\u00c9O SENNA CELEBRA 20 ANOS DO IODDEB COM SESS\u00c3O ESPECIAL NA C\u00c2MARA MUNICIPAL - Bahia Economica","description":"O maior portal de Economia da Bahia MUNIC\u00cdPIOS Bahia Economica valoriza\u00e7\u00e3o da cultura popular baiana e o esp\u00edrito integrador que o Ioddeb","robots":{"index":"index","follow":"follow","max-snippet":"max-snippet:-1","max-image-preview":"max-image-preview:large","max-video-preview":"max-video-preview:-1"},"canonical":"https:\/\/bahiaeconomica.com.br\/wp\/2025\/05\/01\/teo-senna-celebra-20-anos-do-ioddeb-com-sessao-especial-na-camara-municipal\/","og_locale":"pt_BR","og_type":"article","og_title":"T\u00c9O SENNA CELEBRA 20 ANOS DO IODDEB COM SESS\u00c3O ESPECIAL NA C\u00c2MARA MUNICIPAL - Bahia Economica","og_description":"O maior portal de Economia da Bahia MUNIC\u00cdPIOS Bahia Economica valoriza\u00e7\u00e3o da cultura popular baiana e o esp\u00edrito integrador que o Ioddeb","og_url":"https:\/\/bahiaeconomica.com.br\/wp\/2025\/05\/01\/teo-senna-celebra-20-anos-do-ioddeb-com-sessao-especial-na-camara-municipal\/","og_site_name":"Bahia Economica","article_publisher":"https:\/\/www.facebook.com\/bahiaeconomica","article_published_time":"2025-05-01T14:34:49+00:00","og_image":[{"width":2400,"height":1600,"url":"https:\/\/bahiaeconomica.com.br\/wp\/wp-content\/uploads\/2025\/05\/WhatsApp-Image-2025-05-01-at-09.43.37.jpeg","type":"image\/jpeg"}],"author":"JP","twitter_card":"summary_large_image","twitter_misc":{"Escrito por":"JP","Est. tempo de leitura":"3 minutos"},"schema":{"@context":"https:\/\/schema.org","@graph":[{"@type":"Article","@id":"https:\/\/bahiaeconomica.com.br\/wp\/2025\/05\/01\/teo-senna-celebra-20-anos-do-ioddeb-com-sessao-especial-na-camara-municipal\/#article","isPartOf":{"@id":"https:\/\/bahiaeconomica.com.br\/wp\/2025\/05\/01\/teo-senna-celebra-20-anos-do-ioddeb-com-sessao-especial-na-camara-municipal\/"},"author":{"name":"JP","@id":"https:\/\/bahiaeconomica.com.br\/wp\/#\/schema\/person\/c86d3a3f8960425a0f9d0e5245991f4e"},"headline":"T\u00c9O SENNA CELEBRA 20 ANOS DO IODDEB COM SESS\u00c3O ESPECIAL NA C\u00c2MARA MUNICIPAL","datePublished":"2025-05-01T14:34:49+00:00","dateModified":"2025-05-01T14:34:49+00:00","mainEntityOfPage":{"@id":"https:\/\/bahiaeconomica.com.br\/wp\/2025\/05\/01\/teo-senna-celebra-20-anos-do-ioddeb-com-sessao-especial-na-camara-municipal\/"},"wordCount":434,"publisher":{"@id":"https:\/\/bahiaeconomica.com.br\/wp\/#organization"},"keywords":["Brasil","Pol\u00edtica","secret\u00e1rio"],"articleSection":["MUNIC\u00cdPIOS"],"inLanguage":"pt-BR"},{"@type":"WebPage","@id":"https:\/\/bahiaeconomica.com.br\/wp\/2025\/05\/01\/teo-senna-celebra-20-anos-do-ioddeb-com-sessao-especial-na-camara-municipal\/","url":"https:\/\/bahiaeconomica.com.br\/wp\/2025\/05\/01\/teo-senna-celebra-20-anos-do-ioddeb-com-sessao-especial-na-camara-municipal\/","name":"T\u00c9O SENNA CELEBRA 20 ANOS DO IODDEB COM SESS\u00c3O ESPECIAL NA C\u00c2MARA MUNICIPAL - Bahia Economica","isPartOf":{"@id":"https:\/\/bahiaeconomica.com.br\/wp\/#website"},"datePublished":"2025-05-01T14:34:49+00:00","dateModified":"2025-05-01T14:34:49+00:00","description":"O maior portal de Economia da Bahia MUNIC\u00cdPIOS Bahia Economica valoriza\u00e7\u00e3o da cultura popular baiana e o esp\u00edrito integrador que o Ioddeb","breadcrumb":{"@id":"https:\/\/bahiaeconomica.com.br\/wp\/2025\/05\/01\/teo-senna-celebra-20-anos-do-ioddeb-com-sessao-especial-na-camara-municipal\/#breadcrumb"},"inLanguage":"pt-BR","potentialAction":[{"@type":"ReadAction","target":["https:\/\/bahiaeconomica.com.br\/wp\/2025\/05\/01\/teo-senna-celebra-20-anos-do-ioddeb-com-sessao-especial-na-camara-municipal\/"]}]},{"@type":"BreadcrumbList","@id":"https:\/\/bahiaeconomica.com.br\/wp\/2025\/05\/01\/teo-senna-celebra-20-anos-do-ioddeb-com-sessao-especial-na-camara-municipal\/#breadcrumb","itemListElement":[{"@type":"ListItem","position":1,"name":"In\u00edcio","item":"https:\/\/bahiaeconomica.com.br\/wp\/"},{"@type":"ListItem","position":2,"name":"T\u00c9O SENNA CELEBRA 20 ANOS DO IODDEB COM SESS\u00c3O ESPECIAL NA C\u00c2MARA MUNICIPAL"}]},{"@type":"WebSite","@id":"https:\/\/bahiaeconomica.com.br\/wp\/#website","url":"https:\/\/bahiaeconomica.com.br\/wp\/","name":"Bahia Economica","description":"O maior portal de Economia da Bahia","publisher":{"@id":"https:\/\/bahiaeconomica.com.br\/wp\/#organization"},"potentialAction":[{"@type":"SearchAction","target":{"@type":"EntryPoint","urlTemplate":"https:\/\/bahiaeconomica.com.br\/wp\/?s={search_term_string}"},"query-input":"required name=search_term_string"}],"inLanguage":"pt-BR"},{"@type":"Organization","@id":"https:\/\/bahiaeconomica.com.br\/wp\/#organization","name":"Bahia Econ\u00f4mica","url":"https:\/\/bahiaeconomica.com.br\/wp\/","logo":{"@type":"ImageObject","inLanguage":"pt-BR","@id":"https:\/\/bahiaeconomica.com.br\/wp\/#\/schema\/logo\/image\/","url":"https:\/\/bahiaeconomica.com.br\/wp\/wp-content\/uploads\/2020\/12\/cropped-BE.png","contentUrl":"https:\/\/bahiaeconomica.com.br\/wp\/wp-content\/uploads\/2020\/12\/cropped-BE.png","width":512,"height":512,"caption":"Bahia Econ\u00f4mica"},"image":{"@id":"https:\/\/bahiaeconomica.com.br\/wp\/#\/schema\/logo\/image\/"},"sameAs":["https:\/\/www.facebook.com\/bahiaeconomica"]},{"@type":"Person","@id":"https:\/\/bahiaeconomica.com.br\/wp\/#\/schema\/person\/c86d3a3f8960425a0f9d0e5245991f4e","name":"JP","sameAs":["https:\/\/bahiaeconomica.com.br\/wp\/beta\/"],"url":"https:\/\/bahiaeconomica.com.br\/wp\/author\/jp\/"}]}},"views":46,"_links":{"self":[{"href":"https:\/\/bahiaeconomica.com.br\/wp\/wp-json\/wp\/v2\/posts\/898998"}],"collection":[{"href":"https:\/\/bahiaeconomica.com.br\/wp\/wp-json\/wp\/v2\/posts"}],"about":[{"href":"https:\/\/bahiaeconomica.com.br\/wp\/wp-json\/wp\/v2\/types\/post"}],"author":[{"embeddable":true,"href":"https:\/\/bahiaeconomica.com.br\/wp\/wp-json\/wp\/v2\/users\/8"}],"replies":[{"embeddable":true,"href":"https:\/\/bahiaeconomica.com.br\/wp\/wp-json\/wp\/v2\/comments?post=898998"}],"version-history":[{"count":1,"href":"https:\/\/bahiaeconomica.com.br\/wp\/wp-json\/wp\/v2\/posts\/898998\/revisions"}],"predecessor-version":[{"id":899000,"href":"https:\/\/bahiaeconomica.com.br\/wp\/wp-json\/wp\/v2\/posts\/898998\/revisions\/899000"}],"wp:featuredmedia":[{"embeddable":true,"href":"https:\/\/bahiaeconomica.com.br\/wp\/wp-json\/wp\/v2\/media\/898999"}],"wp:attachment":[{"href":"https:\/\/bahiaeconomica.com.br\/wp\/wp-json\/wp\/v2\/media?parent=898998"}],"wp:term":[{"taxonomy":"category","embeddable":true,"href":"https:\/\/bahiaeconomica.com.br\/wp\/wp-json\/wp\/v2\/categories?post=898998"},{"taxonomy":"post_tag","embeddable":true,"href":"https:\/\/bahiaeconomica.com.br\/wp\/wp-json\/wp\/v2\/tags?post=898998"}],"curies":[{"name":"wp","href":"https:\/\/api.w.org\/{rel}","templated":true}]}}