{"id":897502,"date":"2025-04-25T14:58:53","date_gmt":"2025-04-25T17:58:53","guid":{"rendered":"https:\/\/bahiaeconomica.com.br\/wp\/?p=897502"},"modified":"2025-04-25T14:41:05","modified_gmt":"2025-04-25T17:41:05","slug":"precos-do-ovo-e-cafe-caem-e-tomate-dispara-em-15-em-abril-diz-ibge","status":"publish","type":"post","link":"https:\/\/bahiaeconomica.com.br\/wp\/2025\/04\/25\/precos-do-ovo-e-cafe-caem-e-tomate-dispara-em-15-em-abril-diz-ibge\/","title":{"rendered":"PRE\u00c7OS DO OVO E CAF\u00c9 CAEM E TOMATE DISPARA EM 15% EM ABRIL, DIZ IBGE"},"content":{"rendered":"<p>O pre\u00e7o do ovo da galinha teve uma queda no m\u00eas de abril em compara\u00e7\u00e3o ao m\u00eas anterior ap\u00f3s registrar uma alta de 12,05% na Regi\u00e3o Metropolitana de Salvador (RMS). Neste m\u00eas, o pre\u00e7o do produto registrou aumento de 2,33%. Por outro lado, outro produto tem preocupado a cesta b\u00e1sica do brasileiro, o tomate.<\/p>\n<p>De acordo com dados do Instituto Brasileiro de Geografia e Estat\u00edstica (IBGE), divulgados nesta sexta-feira, 25, o pre\u00e7o do tomate disparou em 15,74%. Outros produtos tamb\u00e9m registraram aumento no pre\u00e7o como a melancia (21,07%), batata-doce (13,47%), manga (11,31%), cebola (9,90%). Em abril, o IPCA-15, o \u00edndice que mede a infla\u00e7\u00e3o do pa\u00eds, da Regi\u00e3o Metropolitana de Salvador, foi de 0,27%, bem menor que o \u00edndice nacional, que foi de 0,43%. Foi tamb\u00e9m o 3\u00ba menor \u00edndice entre os 11 locais pesquisados separadamente pelo IBGE, acima apenas das defla\u00e7\u00f5es registradas em Goi\u00e2nia (-0,13%) e Bras\u00edlia (-0,02%).<\/p>\n<p>Tamb\u00e9m foi o menor IPCA-15 para um m\u00eas de abril, na RM Salvador, em cinco anos, desde o 0,09% de 2020. O IPCA-15 funciona como uma pr\u00e9via da infla\u00e7\u00e3o oficial do m\u00eas, refletindo os pre\u00e7os coletados entre 18 de mar\u00e7o e 14 de abril. Com esse resultado, o IPCA-15 da RM Salvador acumula alta de 2,50% de janeiro a abril. (A Tarde)<\/p>\n<p>Foto: Imagem de\u00a0ElasticComputeFarm\u00a0por\u00a0Pixabay<\/p>\n<p>&nbsp;<\/p>\n","protected":false},"excerpt":{"rendered":"<p>O pre\u00e7o do ovo da galinha teve uma queda no m\u00eas de abril em compara\u00e7\u00e3o ao m\u00eas anterior ap\u00f3s registrar uma alta de 12,05% na Regi\u00e3o Metropolitana de Salvador (RMS). Neste m\u00eas, o pre\u00e7o do produto registrou aumento de 2,33%. Por outro lado, outro produto tem preocupado a cesta b\u00e1sica do brasileiro, o tomate. De [&hellip;]<\/p>\n","protected":false},"author":8,"featured_media":897504,"comment_status":"closed","ping_status":"closed","sticky":false,"template":"","format":"standard","meta":[],"categories":[14,3],"tags":[1387,213,225,3399,1949],"acf":[],"yoast_head":"<!-- This site is optimized with the Yoast SEO plugin v20.8 - https:\/\/yoast.com\/wordpress\/plugins\/seo\/ -->\n<title>PRE\u00c7OS DO OVO E CAF\u00c9 CAEM E TOMATE DISPARA EM 15% EM ABRIL, DIZ IBGE - Bahia Economica<\/title>\n<meta name=\"description\" content=\"O maior portal de Economia da Bahia DESTAQUE DO DIA, ECONOMIA \/ POL\u00cdTICA Bahia Economica De acordo com dados do Instituto Brasileiro\" \/>\n<meta name=\"robots\" content=\"index, follow, max-snippet:-1, max-image-preview:large, max-video-preview:-1\" \/>\n<link rel=\"canonical\" href=\"https:\/\/bahiaeconomica.com.br\/wp\/2025\/04\/25\/precos-do-ovo-e-cafe-caem-e-tomate-dispara-em-15-em-abril-diz-ibge\/\" \/>\n<meta property=\"og:locale\" content=\"pt_BR\" \/>\n<meta property=\"og:type\" content=\"article\" \/>\n<meta property=\"og:title\" content=\"PRE\u00c7OS DO OVO E CAF\u00c9 CAEM E TOMATE DISPARA EM 15% EM ABRIL, DIZ IBGE - Bahia Economica\" \/>\n<meta property=\"og:description\" content=\"O maior portal de Economia da Bahia DESTAQUE DO DIA, ECONOMIA \/ POL\u00cdTICA Bahia Economica De acordo com dados do Instituto Brasileiro\" \/>\n<meta property=\"og:url\" content=\"https:\/\/bahiaeconomica.com.br\/wp\/2025\/04\/25\/precos-do-ovo-e-cafe-caem-e-tomate-dispara-em-15-em-abril-diz-ibge\/\" \/>\n<meta property=\"og:site_name\" content=\"Bahia Economica\" \/>\n<meta property=\"article:publisher\" content=\"https:\/\/www.facebook.com\/bahiaeconomica\" \/>\n<meta property=\"article:published_time\" content=\"2025-04-25T17:58:53+00:00\" \/>\n<meta property=\"article:modified_time\" content=\"2025-04-25T17:41:05+00:00\" \/>\n<meta property=\"og:image\" content=\"https:\/\/bahiaeconomica.com.br\/wp\/wp-content\/uploads\/2025\/04\/supermarket-949913_1280.jpg\" \/>\n\t<meta property=\"og:image:width\" content=\"1280\" \/>\n\t<meta property=\"og:image:height\" content=\"848\" \/>\n\t<meta property=\"og:image:type\" content=\"image\/jpeg\" \/>\n<meta name=\"author\" content=\"JP\" \/>\n<meta name=\"twitter:card\" content=\"summary_large_image\" \/>\n<meta name=\"twitter:label1\" content=\"Escrito por\" \/>\n\t<meta name=\"twitter:data1\" content=\"JP\" \/>\n\t<meta name=\"twitter:label2\" content=\"Est. tempo de leitura\" \/>\n\t<meta name=\"twitter:data2\" content=\"2 minutos\" \/>\n<script type=\"application\/ld+json\" class=\"yoast-schema-graph\">{\"@context\":\"https:\/\/schema.org\",\"@graph\":[{\"@type\":\"Article\",\"@id\":\"https:\/\/bahiaeconomica.com.br\/wp\/2025\/04\/25\/precos-do-ovo-e-cafe-caem-e-tomate-dispara-em-15-em-abril-diz-ibge\/#article\",\"isPartOf\":{\"@id\":\"https:\/\/bahiaeconomica.com.br\/wp\/2025\/04\/25\/precos-do-ovo-e-cafe-caem-e-tomate-dispara-em-15-em-abril-diz-ibge\/\"},\"author\":{\"name\":\"JP\",\"@id\":\"https:\/\/bahiaeconomica.com.br\/wp\/#\/schema\/person\/c86d3a3f8960425a0f9d0e5245991f4e\"},\"headline\":\"PRE\u00c7OS DO OVO E CAF\u00c9 CAEM E TOMATE DISPARA EM 15% EM ABRIL, DIZ IBGE\",\"datePublished\":\"2025-04-25T17:58:53+00:00\",\"dateModified\":\"2025-04-25T17:41:05+00:00\",\"mainEntityOfPage\":{\"@id\":\"https:\/\/bahiaeconomica.com.br\/wp\/2025\/04\/25\/precos-do-ovo-e-cafe-caem-e-tomate-dispara-em-15-em-abril-diz-ibge\/\"},\"wordCount\":243,\"publisher\":{\"@id\":\"https:\/\/bahiaeconomica.com.br\/wp\/#organization\"},\"keywords\":[\"caf\u00e9\",\"Economia\",\"IBGE\",\"ovo\",\"tomate\"],\"articleSection\":[\"DESTAQUE DO DIA\",\"ECONOMIA \/ POL\u00cdTICA\"],\"inLanguage\":\"pt-BR\"},{\"@type\":\"WebPage\",\"@id\":\"https:\/\/bahiaeconomica.com.br\/wp\/2025\/04\/25\/precos-do-ovo-e-cafe-caem-e-tomate-dispara-em-15-em-abril-diz-ibge\/\",\"url\":\"https:\/\/bahiaeconomica.com.br\/wp\/2025\/04\/25\/precos-do-ovo-e-cafe-caem-e-tomate-dispara-em-15-em-abril-diz-ibge\/\",\"name\":\"PRE\u00c7OS DO OVO E CAF\u00c9 CAEM E TOMATE DISPARA EM 15% EM ABRIL, DIZ IBGE - Bahia Economica\",\"isPartOf\":{\"@id\":\"https:\/\/bahiaeconomica.com.br\/wp\/#website\"},\"datePublished\":\"2025-04-25T17:58:53+00:00\",\"dateModified\":\"2025-04-25T17:41:05+00:00\",\"description\":\"O maior portal de Economia da Bahia DESTAQUE DO DIA, ECONOMIA \/ POL\u00cdTICA Bahia Economica De acordo com dados do Instituto Brasileiro\",\"breadcrumb\":{\"@id\":\"https:\/\/bahiaeconomica.com.br\/wp\/2025\/04\/25\/precos-do-ovo-e-cafe-caem-e-tomate-dispara-em-15-em-abril-diz-ibge\/#breadcrumb\"},\"inLanguage\":\"pt-BR\",\"potentialAction\":[{\"@type\":\"ReadAction\",\"target\":[\"https:\/\/bahiaeconomica.com.br\/wp\/2025\/04\/25\/precos-do-ovo-e-cafe-caem-e-tomate-dispara-em-15-em-abril-diz-ibge\/\"]}]},{\"@type\":\"BreadcrumbList\",\"@id\":\"https:\/\/bahiaeconomica.com.br\/wp\/2025\/04\/25\/precos-do-ovo-e-cafe-caem-e-tomate-dispara-em-15-em-abril-diz-ibge\/#breadcrumb\",\"itemListElement\":[{\"@type\":\"ListItem\",\"position\":1,\"name\":\"In\u00edcio\",\"item\":\"https:\/\/bahiaeconomica.com.br\/wp\/\"},{\"@type\":\"ListItem\",\"position\":2,\"name\":\"PRE\u00c7OS DO OVO E CAF\u00c9 CAEM E TOMATE DISPARA EM 15% EM ABRIL, DIZ IBGE\"}]},{\"@type\":\"WebSite\",\"@id\":\"https:\/\/bahiaeconomica.com.br\/wp\/#website\",\"url\":\"https:\/\/bahiaeconomica.com.br\/wp\/\",\"name\":\"Bahia Economica\",\"description\":\"O maior portal de Economia da Bahia\",\"publisher\":{\"@id\":\"https:\/\/bahiaeconomica.com.br\/wp\/#organization\"},\"potentialAction\":[{\"@type\":\"SearchAction\",\"target\":{\"@type\":\"EntryPoint\",\"urlTemplate\":\"https:\/\/bahiaeconomica.com.br\/wp\/?s={search_term_string}\"},\"query-input\":\"required name=search_term_string\"}],\"inLanguage\":\"pt-BR\"},{\"@type\":\"Organization\",\"@id\":\"https:\/\/bahiaeconomica.com.br\/wp\/#organization\",\"name\":\"Bahia Econ\u00f4mica\",\"url\":\"https:\/\/bahiaeconomica.com.br\/wp\/\",\"logo\":{\"@type\":\"ImageObject\",\"inLanguage\":\"pt-BR\",\"@id\":\"https:\/\/bahiaeconomica.com.br\/wp\/#\/schema\/logo\/image\/\",\"url\":\"https:\/\/bahiaeconomica.com.br\/wp\/wp-content\/uploads\/2020\/12\/cropped-BE.png\",\"contentUrl\":\"https:\/\/bahiaeconomica.com.br\/wp\/wp-content\/uploads\/2020\/12\/cropped-BE.png\",\"width\":512,\"height\":512,\"caption\":\"Bahia Econ\u00f4mica\"},\"image\":{\"@id\":\"https:\/\/bahiaeconomica.com.br\/wp\/#\/schema\/logo\/image\/\"},\"sameAs\":[\"https:\/\/www.facebook.com\/bahiaeconomica\"]},{\"@type\":\"Person\",\"@id\":\"https:\/\/bahiaeconomica.com.br\/wp\/#\/schema\/person\/c86d3a3f8960425a0f9d0e5245991f4e\",\"name\":\"JP\",\"sameAs\":[\"https:\/\/bahiaeconomica.com.br\/wp\/beta\/\"],\"url\":\"https:\/\/bahiaeconomica.com.br\/wp\/author\/jp\/\"}]}<\/script>\n<!-- \/ Yoast SEO plugin. -->","yoast_head_json":{"title":"PRE\u00c7OS DO OVO E CAF\u00c9 CAEM E TOMATE DISPARA EM 15% EM ABRIL, DIZ IBGE - Bahia Economica","description":"O maior portal de Economia da Bahia DESTAQUE DO DIA, ECONOMIA \/ POL\u00cdTICA Bahia Economica De acordo com dados do Instituto Brasileiro","robots":{"index":"index","follow":"follow","max-snippet":"max-snippet:-1","max-image-preview":"max-image-preview:large","max-video-preview":"max-video-preview:-1"},"canonical":"https:\/\/bahiaeconomica.com.br\/wp\/2025\/04\/25\/precos-do-ovo-e-cafe-caem-e-tomate-dispara-em-15-em-abril-diz-ibge\/","og_locale":"pt_BR","og_type":"article","og_title":"PRE\u00c7OS DO OVO E CAF\u00c9 CAEM E TOMATE DISPARA EM 15% EM ABRIL, DIZ IBGE - Bahia Economica","og_description":"O maior portal de Economia da Bahia DESTAQUE DO DIA, ECONOMIA \/ POL\u00cdTICA Bahia Economica De acordo com dados do Instituto Brasileiro","og_url":"https:\/\/bahiaeconomica.com.br\/wp\/2025\/04\/25\/precos-do-ovo-e-cafe-caem-e-tomate-dispara-em-15-em-abril-diz-ibge\/","og_site_name":"Bahia Economica","article_publisher":"https:\/\/www.facebook.com\/bahiaeconomica","article_published_time":"2025-04-25T17:58:53+00:00","article_modified_time":"2025-04-25T17:41:05+00:00","og_image":[{"width":1280,"height":848,"url":"https:\/\/bahiaeconomica.com.br\/wp\/wp-content\/uploads\/2025\/04\/supermarket-949913_1280.jpg","type":"image\/jpeg"}],"author":"JP","twitter_card":"summary_large_image","twitter_misc":{"Escrito por":"JP","Est. tempo de leitura":"2 minutos"},"schema":{"@context":"https:\/\/schema.org","@graph":[{"@type":"Article","@id":"https:\/\/bahiaeconomica.com.br\/wp\/2025\/04\/25\/precos-do-ovo-e-cafe-caem-e-tomate-dispara-em-15-em-abril-diz-ibge\/#article","isPartOf":{"@id":"https:\/\/bahiaeconomica.com.br\/wp\/2025\/04\/25\/precos-do-ovo-e-cafe-caem-e-tomate-dispara-em-15-em-abril-diz-ibge\/"},"author":{"name":"JP","@id":"https:\/\/bahiaeconomica.com.br\/wp\/#\/schema\/person\/c86d3a3f8960425a0f9d0e5245991f4e"},"headline":"PRE\u00c7OS DO OVO E CAF\u00c9 CAEM E TOMATE DISPARA EM 15% EM ABRIL, DIZ IBGE","datePublished":"2025-04-25T17:58:53+00:00","dateModified":"2025-04-25T17:41:05+00:00","mainEntityOfPage":{"@id":"https:\/\/bahiaeconomica.com.br\/wp\/2025\/04\/25\/precos-do-ovo-e-cafe-caem-e-tomate-dispara-em-15-em-abril-diz-ibge\/"},"wordCount":243,"publisher":{"@id":"https:\/\/bahiaeconomica.com.br\/wp\/#organization"},"keywords":["caf\u00e9","Economia","IBGE","ovo","tomate"],"articleSection":["DESTAQUE DO DIA","ECONOMIA \/ POL\u00cdTICA"],"inLanguage":"pt-BR"},{"@type":"WebPage","@id":"https:\/\/bahiaeconomica.com.br\/wp\/2025\/04\/25\/precos-do-ovo-e-cafe-caem-e-tomate-dispara-em-15-em-abril-diz-ibge\/","url":"https:\/\/bahiaeconomica.com.br\/wp\/2025\/04\/25\/precos-do-ovo-e-cafe-caem-e-tomate-dispara-em-15-em-abril-diz-ibge\/","name":"PRE\u00c7OS DO OVO E CAF\u00c9 CAEM E TOMATE DISPARA EM 15% EM ABRIL, DIZ IBGE - Bahia Economica","isPartOf":{"@id":"https:\/\/bahiaeconomica.com.br\/wp\/#website"},"datePublished":"2025-04-25T17:58:53+00:00","dateModified":"2025-04-25T17:41:05+00:00","description":"O maior portal de Economia da Bahia DESTAQUE DO DIA, ECONOMIA \/ POL\u00cdTICA Bahia Economica De acordo com dados do Instituto Brasileiro","breadcrumb":{"@id":"https:\/\/bahiaeconomica.com.br\/wp\/2025\/04\/25\/precos-do-ovo-e-cafe-caem-e-tomate-dispara-em-15-em-abril-diz-ibge\/#breadcrumb"},"inLanguage":"pt-BR","potentialAction":[{"@type":"ReadAction","target":["https:\/\/bahiaeconomica.com.br\/wp\/2025\/04\/25\/precos-do-ovo-e-cafe-caem-e-tomate-dispara-em-15-em-abril-diz-ibge\/"]}]},{"@type":"BreadcrumbList","@id":"https:\/\/bahiaeconomica.com.br\/wp\/2025\/04\/25\/precos-do-ovo-e-cafe-caem-e-tomate-dispara-em-15-em-abril-diz-ibge\/#breadcrumb","itemListElement":[{"@type":"ListItem","position":1,"name":"In\u00edcio","item":"https:\/\/bahiaeconomica.com.br\/wp\/"},{"@type":"ListItem","position":2,"name":"PRE\u00c7OS DO OVO E CAF\u00c9 CAEM E TOMATE DISPARA EM 15% EM ABRIL, DIZ IBGE"}]},{"@type":"WebSite","@id":"https:\/\/bahiaeconomica.com.br\/wp\/#website","url":"https:\/\/bahiaeconomica.com.br\/wp\/","name":"Bahia Economica","description":"O maior portal de Economia da Bahia","publisher":{"@id":"https:\/\/bahiaeconomica.com.br\/wp\/#organization"},"potentialAction":[{"@type":"SearchAction","target":{"@type":"EntryPoint","urlTemplate":"https:\/\/bahiaeconomica.com.br\/wp\/?s={search_term_string}"},"query-input":"required name=search_term_string"}],"inLanguage":"pt-BR"},{"@type":"Organization","@id":"https:\/\/bahiaeconomica.com.br\/wp\/#organization","name":"Bahia Econ\u00f4mica","url":"https:\/\/bahiaeconomica.com.br\/wp\/","logo":{"@type":"ImageObject","inLanguage":"pt-BR","@id":"https:\/\/bahiaeconomica.com.br\/wp\/#\/schema\/logo\/image\/","url":"https:\/\/bahiaeconomica.com.br\/wp\/wp-content\/uploads\/2020\/12\/cropped-BE.png","contentUrl":"https:\/\/bahiaeconomica.com.br\/wp\/wp-content\/uploads\/2020\/12\/cropped-BE.png","width":512,"height":512,"caption":"Bahia Econ\u00f4mica"},"image":{"@id":"https:\/\/bahiaeconomica.com.br\/wp\/#\/schema\/logo\/image\/"},"sameAs":["https:\/\/www.facebook.com\/bahiaeconomica"]},{"@type":"Person","@id":"https:\/\/bahiaeconomica.com.br\/wp\/#\/schema\/person\/c86d3a3f8960425a0f9d0e5245991f4e","name":"JP","sameAs":["https:\/\/bahiaeconomica.com.br\/wp\/beta\/"],"url":"https:\/\/bahiaeconomica.com.br\/wp\/author\/jp\/"}]}},"views":16,"_links":{"self":[{"href":"https:\/\/bahiaeconomica.com.br\/wp\/wp-json\/wp\/v2\/posts\/897502"}],"collection":[{"href":"https:\/\/bahiaeconomica.com.br\/wp\/wp-json\/wp\/v2\/posts"}],"about":[{"href":"https:\/\/bahiaeconomica.com.br\/wp\/wp-json\/wp\/v2\/types\/post"}],"author":[{"embeddable":true,"href":"https:\/\/bahiaeconomica.com.br\/wp\/wp-json\/wp\/v2\/users\/8"}],"replies":[{"embeddable":true,"href":"https:\/\/bahiaeconomica.com.br\/wp\/wp-json\/wp\/v2\/comments?post=897502"}],"version-history":[{"count":1,"href":"https:\/\/bahiaeconomica.com.br\/wp\/wp-json\/wp\/v2\/posts\/897502\/revisions"}],"predecessor-version":[{"id":897505,"href":"https:\/\/bahiaeconomica.com.br\/wp\/wp-json\/wp\/v2\/posts\/897502\/revisions\/897505"}],"wp:featuredmedia":[{"embeddable":true,"href":"https:\/\/bahiaeconomica.com.br\/wp\/wp-json\/wp\/v2\/media\/897504"}],"wp:attachment":[{"href":"https:\/\/bahiaeconomica.com.br\/wp\/wp-json\/wp\/v2\/media?parent=897502"}],"wp:term":[{"taxonomy":"category","embeddable":true,"href":"https:\/\/bahiaeconomica.com.br\/wp\/wp-json\/wp\/v2\/categories?post=897502"},{"taxonomy":"post_tag","embeddable":true,"href":"https:\/\/bahiaeconomica.com.br\/wp\/wp-json\/wp\/v2\/tags?post=897502"}],"curies":[{"name":"wp","href":"https:\/\/api.w.org\/{rel}","templated":true}]}}