{"id":897176,"date":"2025-04-24T13:40:18","date_gmt":"2025-04-24T16:40:18","guid":{"rendered":"https:\/\/bahiaeconomica.com.br\/wp\/?p=897176"},"modified":"2025-04-24T13:39:42","modified_gmt":"2025-04-24T16:39:42","slug":"bruno-reis-afirma-que-pt-faz-espuma-com-suposto-apoio-de-prefeitos-o-que-vai-valer-e-em-2026","status":"publish","type":"post","link":"https:\/\/bahiaeconomica.com.br\/wp\/2025\/04\/24\/bruno-reis-afirma-que-pt-faz-espuma-com-suposto-apoio-de-prefeitos-o-que-vai-valer-e-em-2026\/","title":{"rendered":"BRUNO REIS AFIRMA QUE PT FAZ \u201cESPUMA\u201d COM SUPOSTO APOIO DE PREFEITOS: \u201cO QUE VAI VALER \u00c9 EM 2026\u201d"},"content":{"rendered":"<p>O prefeito de Salvador, Bruno Reis (Uni\u00e3o Brasil), disse nesta quinta-feira (24) que n\u00e3o passa de \u201cespuma\u201d a tentativa do PT de alardear na imprensa que Jer\u00f4nimo Rodrigues (PT) estaria recebendo o apoio de prefeitos da oposi\u00e7\u00e3o. Segundo ele, a realidade \u00e9 que o governo est\u00e1 na imin\u00eancia de perder partidos da sua base, e que os prefeitos t\u00eam o dever institucional de pleitear recursos do Estado. Bruno ainda voltou a criticar o governador por n\u00e3o apresentar resultados positivos aos baianos, dedicando o seu tempo de trabalho \u00e0 pol\u00edtica.<\/p>\n<p>\u201cConcretamente, at\u00e9 agora, foi s\u00f3 espuma e pouco resultado. Eles est\u00e3o fazendo factoide, pegando lideran\u00e7as que j\u00e1 est\u00e3o em partidos da base deles e tentando criar uma falsa sensa\u00e7\u00e3o de que est\u00e1 tendo ades\u00e3o de pol\u00edticos. Tanto esfor\u00e7o para levar partidos, e n\u00e3o levaram nenhum. Est\u00e3o, na verdade, na imin\u00eancia de perder o Podemos com a fus\u00e3o com o PSDB, de perder o Solidariedade com a federa\u00e7\u00e3o. Ent\u00e3o, ao inv\u00e9s deles estarem preocupados com o quintal dos outros, deviam \u00e9 tomar conta do pr\u00f3prio quintal\u201d, respondeu \u00e0 imprensa.<\/p>\n<p>Bruno lembrou que, quando um prefeito solicita obras do Estado, n\u00e3o significa que ele est\u00e1 do mesmo lado pol\u00edtico do governador. \u201cA gente entende sobretudo os prefeitos de cidades menores, que n\u00e3o t\u00eam arrecada\u00e7\u00e3o pr\u00f3pria, que queiram se aproximar do governo em busca de recursos. \u00c9 um dever do prefeito, \u00e9 obriga\u00e7\u00e3o do prefeito. E \u00e9 natural que eles procurem, pois o PT est\u00e1 no governo federal e no governo estadual, eles precisam dos recursos para governar as cidades\u201d, disse.<\/p>\n<p>\u201cEu procuro, Z\u00e9 Ronaldo (de Feira) procura, Sheila (de Conquista) procura\u2026 Todo mundo procura. Agora, isso n\u00e3o significa apoio pol\u00edtico, ou que isso vai influenciar a nossa decis\u00e3o. Pode ter certeza: estou nessa caminhada h\u00e1 muito tempo, e digo que o que est\u00e1 acontecendo agora n\u00e3o vale nada. O que vai valer \u00e9 em 2026, o cen\u00e1rio nacional, o cen\u00e1rio estadual, como \u00e9 que as cartas estar\u00e3o colocadas na mesa\u201d, completou Bruno Reis.<\/p>\n<p>Segundo Bruno, n\u00e3o s\u00e3o os pol\u00edticos que definir\u00e3o o pleito do ano que vem: \u201cTenho muito respeito aos pol\u00edticos, sou pol\u00edtico, estou aqui ladeado de pol\u00edticos, mas tenha a certeza de que quem vai decidir a elei\u00e7\u00e3o em 2026 \u00e9 o povo, que de forma livre e soberana vai escolher quem \u00e9 o melhor para governar o destino do Estado\u201d, disse.<\/p>\n<p>\u201cH\u00e1 quatro anos, Jer\u00f4nimo era um desconhecido, e as pessoas deram a ele um voto de confian\u00e7a. Agora n\u00e3o, as pessoas j\u00e1 sabem quem \u00e9 ele e v\u00e3o poder fazer a compara\u00e7\u00e3o, analisar quem est\u00e1 mais preparado, quem \u00e9 melhor, quem efetivamente faz mais entregas, quem tem mais compromisso com as pessoas mais pobres, mais carentes, quem efetivamente tem pol\u00edticas concretas para o enfrentamento da quest\u00e3o da fome\u201d, completou Bruno.<\/p>\n<p>Foto: Betto Jr.\/ Secom PMS<\/p>\n","protected":false},"excerpt":{"rendered":"<p>O prefeito de Salvador, Bruno Reis (Uni\u00e3o Brasil), disse nesta quinta-feira (24) que n\u00e3o passa de \u201cespuma\u201d a tentativa do PT de alardear na imprensa que Jer\u00f4nimo Rodrigues (PT) estaria recebendo o apoio de prefeitos da oposi\u00e7\u00e3o. Segundo ele, a realidade \u00e9 que o governo est\u00e1 na imin\u00eancia de perder partidos da sua base, e [&hellip;]<\/p>\n","protected":false},"author":8,"featured_media":897177,"comment_status":"closed","ping_status":"closed","sticky":false,"template":"","format":"standard","meta":[],"categories":[3],"tags":[1208,1176,100,931],"acf":[],"yoast_head":"<!-- This site is optimized with the Yoast SEO plugin v20.8 - https:\/\/yoast.com\/wordpress\/plugins\/seo\/ -->\n<title>BRUNO REIS AFIRMA QUE PT FAZ \u201cESPUMA\u201d COM SUPOSTO APOIO DE PREFEITOS: \u201cO QUE VAI VALER \u00c9 EM 2026\u201d - Bahia Economica<\/title>\n<meta name=\"description\" content=\"O maior portal de Economia da Bahia ECONOMIA \/ POL\u00cdTICA Bahia Economica H\u00e1 quatro anos, Jer\u00f4nimo era um desconhecido, e as pessoas deram\" \/>\n<meta name=\"robots\" content=\"index, follow, max-snippet:-1, max-image-preview:large, max-video-preview:-1\" \/>\n<link rel=\"canonical\" href=\"https:\/\/bahiaeconomica.com.br\/wp\/2025\/04\/24\/bruno-reis-afirma-que-pt-faz-espuma-com-suposto-apoio-de-prefeitos-o-que-vai-valer-e-em-2026\/\" \/>\n<meta property=\"og:locale\" content=\"pt_BR\" \/>\n<meta property=\"og:type\" content=\"article\" \/>\n<meta property=\"og:title\" content=\"BRUNO REIS AFIRMA QUE PT FAZ \u201cESPUMA\u201d COM SUPOSTO APOIO DE PREFEITOS: \u201cO QUE VAI VALER \u00c9 EM 2026\u201d - Bahia Economica\" \/>\n<meta property=\"og:description\" content=\"O maior portal de Economia da Bahia ECONOMIA \/ POL\u00cdTICA Bahia Economica H\u00e1 quatro anos, Jer\u00f4nimo era um desconhecido, e as pessoas deram\" \/>\n<meta property=\"og:url\" content=\"https:\/\/bahiaeconomica.com.br\/wp\/2025\/04\/24\/bruno-reis-afirma-que-pt-faz-espuma-com-suposto-apoio-de-prefeitos-o-que-vai-valer-e-em-2026\/\" \/>\n<meta property=\"og:site_name\" content=\"Bahia Economica\" \/>\n<meta property=\"article:publisher\" content=\"https:\/\/www.facebook.com\/bahiaeconomica\" \/>\n<meta property=\"article:published_time\" content=\"2025-04-24T16:40:18+00:00\" \/>\n<meta property=\"article:modified_time\" content=\"2025-04-24T16:39:42+00:00\" \/>\n<meta property=\"og:image\" content=\"https:\/\/bahiaeconomica.com.br\/wp\/wp-content\/uploads\/2025\/04\/WhatsApp-Image-2025-04-24-at-13.35.53-1.jpeg\" \/>\n\t<meta property=\"og:image:width\" content=\"1600\" \/>\n\t<meta property=\"og:image:height\" content=\"1067\" \/>\n\t<meta property=\"og:image:type\" content=\"image\/jpeg\" \/>\n<meta name=\"author\" content=\"JP\" \/>\n<meta name=\"twitter:card\" content=\"summary_large_image\" \/>\n<meta name=\"twitter:label1\" content=\"Escrito por\" \/>\n\t<meta name=\"twitter:data1\" content=\"JP\" \/>\n\t<meta name=\"twitter:label2\" content=\"Est. tempo de leitura\" \/>\n\t<meta name=\"twitter:data2\" content=\"3 minutos\" \/>\n<script type=\"application\/ld+json\" class=\"yoast-schema-graph\">{\"@context\":\"https:\/\/schema.org\",\"@graph\":[{\"@type\":\"Article\",\"@id\":\"https:\/\/bahiaeconomica.com.br\/wp\/2025\/04\/24\/bruno-reis-afirma-que-pt-faz-espuma-com-suposto-apoio-de-prefeitos-o-que-vai-valer-e-em-2026\/#article\",\"isPartOf\":{\"@id\":\"https:\/\/bahiaeconomica.com.br\/wp\/2025\/04\/24\/bruno-reis-afirma-que-pt-faz-espuma-com-suposto-apoio-de-prefeitos-o-que-vai-valer-e-em-2026\/\"},\"author\":{\"name\":\"JP\",\"@id\":\"https:\/\/bahiaeconomica.com.br\/wp\/#\/schema\/person\/c86d3a3f8960425a0f9d0e5245991f4e\"},\"headline\":\"BRUNO REIS AFIRMA QUE PT FAZ \u201cESPUMA\u201d COM SUPOSTO APOIO DE PREFEITOS: \u201cO QUE VAI VALER \u00c9 EM 2026\u201d\",\"datePublished\":\"2025-04-24T16:40:18+00:00\",\"dateModified\":\"2025-04-24T16:39:42+00:00\",\"mainEntityOfPage\":{\"@id\":\"https:\/\/bahiaeconomica.com.br\/wp\/2025\/04\/24\/bruno-reis-afirma-que-pt-faz-espuma-com-suposto-apoio-de-prefeitos-o-que-vai-valer-e-em-2026\/\"},\"wordCount\":519,\"publisher\":{\"@id\":\"https:\/\/bahiaeconomica.com.br\/wp\/#organization\"},\"keywords\":[\"bruno\",\"mudan\u00e7a\",\"Pol\u00edtica\",\"reis\"],\"articleSection\":[\"ECONOMIA \/ POL\u00cdTICA\"],\"inLanguage\":\"pt-BR\"},{\"@type\":\"WebPage\",\"@id\":\"https:\/\/bahiaeconomica.com.br\/wp\/2025\/04\/24\/bruno-reis-afirma-que-pt-faz-espuma-com-suposto-apoio-de-prefeitos-o-que-vai-valer-e-em-2026\/\",\"url\":\"https:\/\/bahiaeconomica.com.br\/wp\/2025\/04\/24\/bruno-reis-afirma-que-pt-faz-espuma-com-suposto-apoio-de-prefeitos-o-que-vai-valer-e-em-2026\/\",\"name\":\"BRUNO REIS AFIRMA QUE PT FAZ \u201cESPUMA\u201d COM SUPOSTO APOIO DE PREFEITOS: \u201cO QUE VAI VALER \u00c9 EM 2026\u201d - Bahia Economica\",\"isPartOf\":{\"@id\":\"https:\/\/bahiaeconomica.com.br\/wp\/#website\"},\"datePublished\":\"2025-04-24T16:40:18+00:00\",\"dateModified\":\"2025-04-24T16:39:42+00:00\",\"description\":\"O maior portal de Economia da Bahia ECONOMIA \/ POL\u00cdTICA Bahia Economica H\u00e1 quatro anos, Jer\u00f4nimo era um desconhecido, e as pessoas deram\",\"breadcrumb\":{\"@id\":\"https:\/\/bahiaeconomica.com.br\/wp\/2025\/04\/24\/bruno-reis-afirma-que-pt-faz-espuma-com-suposto-apoio-de-prefeitos-o-que-vai-valer-e-em-2026\/#breadcrumb\"},\"inLanguage\":\"pt-BR\",\"potentialAction\":[{\"@type\":\"ReadAction\",\"target\":[\"https:\/\/bahiaeconomica.com.br\/wp\/2025\/04\/24\/bruno-reis-afirma-que-pt-faz-espuma-com-suposto-apoio-de-prefeitos-o-que-vai-valer-e-em-2026\/\"]}]},{\"@type\":\"BreadcrumbList\",\"@id\":\"https:\/\/bahiaeconomica.com.br\/wp\/2025\/04\/24\/bruno-reis-afirma-que-pt-faz-espuma-com-suposto-apoio-de-prefeitos-o-que-vai-valer-e-em-2026\/#breadcrumb\",\"itemListElement\":[{\"@type\":\"ListItem\",\"position\":1,\"name\":\"In\u00edcio\",\"item\":\"https:\/\/bahiaeconomica.com.br\/wp\/\"},{\"@type\":\"ListItem\",\"position\":2,\"name\":\"BRUNO REIS AFIRMA QUE PT FAZ \u201cESPUMA\u201d COM SUPOSTO APOIO DE PREFEITOS: \u201cO QUE VAI VALER \u00c9 EM 2026\u201d\"}]},{\"@type\":\"WebSite\",\"@id\":\"https:\/\/bahiaeconomica.com.br\/wp\/#website\",\"url\":\"https:\/\/bahiaeconomica.com.br\/wp\/\",\"name\":\"Bahia Economica\",\"description\":\"O maior portal de Economia da Bahia\",\"publisher\":{\"@id\":\"https:\/\/bahiaeconomica.com.br\/wp\/#organization\"},\"potentialAction\":[{\"@type\":\"SearchAction\",\"target\":{\"@type\":\"EntryPoint\",\"urlTemplate\":\"https:\/\/bahiaeconomica.com.br\/wp\/?s={search_term_string}\"},\"query-input\":\"required name=search_term_string\"}],\"inLanguage\":\"pt-BR\"},{\"@type\":\"Organization\",\"@id\":\"https:\/\/bahiaeconomica.com.br\/wp\/#organization\",\"name\":\"Bahia Econ\u00f4mica\",\"url\":\"https:\/\/bahiaeconomica.com.br\/wp\/\",\"logo\":{\"@type\":\"ImageObject\",\"inLanguage\":\"pt-BR\",\"@id\":\"https:\/\/bahiaeconomica.com.br\/wp\/#\/schema\/logo\/image\/\",\"url\":\"https:\/\/bahiaeconomica.com.br\/wp\/wp-content\/uploads\/2020\/12\/cropped-BE.png\",\"contentUrl\":\"https:\/\/bahiaeconomica.com.br\/wp\/wp-content\/uploads\/2020\/12\/cropped-BE.png\",\"width\":512,\"height\":512,\"caption\":\"Bahia Econ\u00f4mica\"},\"image\":{\"@id\":\"https:\/\/bahiaeconomica.com.br\/wp\/#\/schema\/logo\/image\/\"},\"sameAs\":[\"https:\/\/www.facebook.com\/bahiaeconomica\"]},{\"@type\":\"Person\",\"@id\":\"https:\/\/bahiaeconomica.com.br\/wp\/#\/schema\/person\/c86d3a3f8960425a0f9d0e5245991f4e\",\"name\":\"JP\",\"sameAs\":[\"https:\/\/bahiaeconomica.com.br\/wp\/beta\/\"],\"url\":\"https:\/\/bahiaeconomica.com.br\/wp\/author\/jp\/\"}]}<\/script>\n<!-- \/ Yoast SEO plugin. -->","yoast_head_json":{"title":"BRUNO REIS AFIRMA QUE PT FAZ \u201cESPUMA\u201d COM SUPOSTO APOIO DE PREFEITOS: \u201cO QUE VAI VALER \u00c9 EM 2026\u201d - Bahia Economica","description":"O maior portal de Economia da Bahia ECONOMIA \/ POL\u00cdTICA Bahia Economica H\u00e1 quatro anos, Jer\u00f4nimo era um desconhecido, e as pessoas deram","robots":{"index":"index","follow":"follow","max-snippet":"max-snippet:-1","max-image-preview":"max-image-preview:large","max-video-preview":"max-video-preview:-1"},"canonical":"https:\/\/bahiaeconomica.com.br\/wp\/2025\/04\/24\/bruno-reis-afirma-que-pt-faz-espuma-com-suposto-apoio-de-prefeitos-o-que-vai-valer-e-em-2026\/","og_locale":"pt_BR","og_type":"article","og_title":"BRUNO REIS AFIRMA QUE PT FAZ \u201cESPUMA\u201d COM SUPOSTO APOIO DE PREFEITOS: \u201cO QUE VAI VALER \u00c9 EM 2026\u201d - Bahia Economica","og_description":"O maior portal de Economia da Bahia ECONOMIA \/ POL\u00cdTICA Bahia Economica H\u00e1 quatro anos, Jer\u00f4nimo era um desconhecido, e as pessoas deram","og_url":"https:\/\/bahiaeconomica.com.br\/wp\/2025\/04\/24\/bruno-reis-afirma-que-pt-faz-espuma-com-suposto-apoio-de-prefeitos-o-que-vai-valer-e-em-2026\/","og_site_name":"Bahia Economica","article_publisher":"https:\/\/www.facebook.com\/bahiaeconomica","article_published_time":"2025-04-24T16:40:18+00:00","article_modified_time":"2025-04-24T16:39:42+00:00","og_image":[{"width":1600,"height":1067,"url":"https:\/\/bahiaeconomica.com.br\/wp\/wp-content\/uploads\/2025\/04\/WhatsApp-Image-2025-04-24-at-13.35.53-1.jpeg","type":"image\/jpeg"}],"author":"JP","twitter_card":"summary_large_image","twitter_misc":{"Escrito por":"JP","Est. tempo de leitura":"3 minutos"},"schema":{"@context":"https:\/\/schema.org","@graph":[{"@type":"Article","@id":"https:\/\/bahiaeconomica.com.br\/wp\/2025\/04\/24\/bruno-reis-afirma-que-pt-faz-espuma-com-suposto-apoio-de-prefeitos-o-que-vai-valer-e-em-2026\/#article","isPartOf":{"@id":"https:\/\/bahiaeconomica.com.br\/wp\/2025\/04\/24\/bruno-reis-afirma-que-pt-faz-espuma-com-suposto-apoio-de-prefeitos-o-que-vai-valer-e-em-2026\/"},"author":{"name":"JP","@id":"https:\/\/bahiaeconomica.com.br\/wp\/#\/schema\/person\/c86d3a3f8960425a0f9d0e5245991f4e"},"headline":"BRUNO REIS AFIRMA QUE PT FAZ \u201cESPUMA\u201d COM SUPOSTO APOIO DE PREFEITOS: \u201cO QUE VAI VALER \u00c9 EM 2026\u201d","datePublished":"2025-04-24T16:40:18+00:00","dateModified":"2025-04-24T16:39:42+00:00","mainEntityOfPage":{"@id":"https:\/\/bahiaeconomica.com.br\/wp\/2025\/04\/24\/bruno-reis-afirma-que-pt-faz-espuma-com-suposto-apoio-de-prefeitos-o-que-vai-valer-e-em-2026\/"},"wordCount":519,"publisher":{"@id":"https:\/\/bahiaeconomica.com.br\/wp\/#organization"},"keywords":["bruno","mudan\u00e7a","Pol\u00edtica","reis"],"articleSection":["ECONOMIA \/ POL\u00cdTICA"],"inLanguage":"pt-BR"},{"@type":"WebPage","@id":"https:\/\/bahiaeconomica.com.br\/wp\/2025\/04\/24\/bruno-reis-afirma-que-pt-faz-espuma-com-suposto-apoio-de-prefeitos-o-que-vai-valer-e-em-2026\/","url":"https:\/\/bahiaeconomica.com.br\/wp\/2025\/04\/24\/bruno-reis-afirma-que-pt-faz-espuma-com-suposto-apoio-de-prefeitos-o-que-vai-valer-e-em-2026\/","name":"BRUNO REIS AFIRMA QUE PT FAZ \u201cESPUMA\u201d COM SUPOSTO APOIO DE PREFEITOS: \u201cO QUE VAI VALER \u00c9 EM 2026\u201d - Bahia Economica","isPartOf":{"@id":"https:\/\/bahiaeconomica.com.br\/wp\/#website"},"datePublished":"2025-04-24T16:40:18+00:00","dateModified":"2025-04-24T16:39:42+00:00","description":"O maior portal de Economia da Bahia ECONOMIA \/ POL\u00cdTICA Bahia Economica H\u00e1 quatro anos, Jer\u00f4nimo era um desconhecido, e as pessoas deram","breadcrumb":{"@id":"https:\/\/bahiaeconomica.com.br\/wp\/2025\/04\/24\/bruno-reis-afirma-que-pt-faz-espuma-com-suposto-apoio-de-prefeitos-o-que-vai-valer-e-em-2026\/#breadcrumb"},"inLanguage":"pt-BR","potentialAction":[{"@type":"ReadAction","target":["https:\/\/bahiaeconomica.com.br\/wp\/2025\/04\/24\/bruno-reis-afirma-que-pt-faz-espuma-com-suposto-apoio-de-prefeitos-o-que-vai-valer-e-em-2026\/"]}]},{"@type":"BreadcrumbList","@id":"https:\/\/bahiaeconomica.com.br\/wp\/2025\/04\/24\/bruno-reis-afirma-que-pt-faz-espuma-com-suposto-apoio-de-prefeitos-o-que-vai-valer-e-em-2026\/#breadcrumb","itemListElement":[{"@type":"ListItem","position":1,"name":"In\u00edcio","item":"https:\/\/bahiaeconomica.com.br\/wp\/"},{"@type":"ListItem","position":2,"name":"BRUNO REIS AFIRMA QUE PT FAZ \u201cESPUMA\u201d COM SUPOSTO APOIO DE PREFEITOS: \u201cO QUE VAI VALER \u00c9 EM 2026\u201d"}]},{"@type":"WebSite","@id":"https:\/\/bahiaeconomica.com.br\/wp\/#website","url":"https:\/\/bahiaeconomica.com.br\/wp\/","name":"Bahia Economica","description":"O maior portal de Economia da Bahia","publisher":{"@id":"https:\/\/bahiaeconomica.com.br\/wp\/#organization"},"potentialAction":[{"@type":"SearchAction","target":{"@type":"EntryPoint","urlTemplate":"https:\/\/bahiaeconomica.com.br\/wp\/?s={search_term_string}"},"query-input":"required name=search_term_string"}],"inLanguage":"pt-BR"},{"@type":"Organization","@id":"https:\/\/bahiaeconomica.com.br\/wp\/#organization","name":"Bahia Econ\u00f4mica","url":"https:\/\/bahiaeconomica.com.br\/wp\/","logo":{"@type":"ImageObject","inLanguage":"pt-BR","@id":"https:\/\/bahiaeconomica.com.br\/wp\/#\/schema\/logo\/image\/","url":"https:\/\/bahiaeconomica.com.br\/wp\/wp-content\/uploads\/2020\/12\/cropped-BE.png","contentUrl":"https:\/\/bahiaeconomica.com.br\/wp\/wp-content\/uploads\/2020\/12\/cropped-BE.png","width":512,"height":512,"caption":"Bahia Econ\u00f4mica"},"image":{"@id":"https:\/\/bahiaeconomica.com.br\/wp\/#\/schema\/logo\/image\/"},"sameAs":["https:\/\/www.facebook.com\/bahiaeconomica"]},{"@type":"Person","@id":"https:\/\/bahiaeconomica.com.br\/wp\/#\/schema\/person\/c86d3a3f8960425a0f9d0e5245991f4e","name":"JP","sameAs":["https:\/\/bahiaeconomica.com.br\/wp\/beta\/"],"url":"https:\/\/bahiaeconomica.com.br\/wp\/author\/jp\/"}]}},"views":13,"_links":{"self":[{"href":"https:\/\/bahiaeconomica.com.br\/wp\/wp-json\/wp\/v2\/posts\/897176"}],"collection":[{"href":"https:\/\/bahiaeconomica.com.br\/wp\/wp-json\/wp\/v2\/posts"}],"about":[{"href":"https:\/\/bahiaeconomica.com.br\/wp\/wp-json\/wp\/v2\/types\/post"}],"author":[{"embeddable":true,"href":"https:\/\/bahiaeconomica.com.br\/wp\/wp-json\/wp\/v2\/users\/8"}],"replies":[{"embeddable":true,"href":"https:\/\/bahiaeconomica.com.br\/wp\/wp-json\/wp\/v2\/comments?post=897176"}],"version-history":[{"count":1,"href":"https:\/\/bahiaeconomica.com.br\/wp\/wp-json\/wp\/v2\/posts\/897176\/revisions"}],"predecessor-version":[{"id":897178,"href":"https:\/\/bahiaeconomica.com.br\/wp\/wp-json\/wp\/v2\/posts\/897176\/revisions\/897178"}],"wp:featuredmedia":[{"embeddable":true,"href":"https:\/\/bahiaeconomica.com.br\/wp\/wp-json\/wp\/v2\/media\/897177"}],"wp:attachment":[{"href":"https:\/\/bahiaeconomica.com.br\/wp\/wp-json\/wp\/v2\/media?parent=897176"}],"wp:term":[{"taxonomy":"category","embeddable":true,"href":"https:\/\/bahiaeconomica.com.br\/wp\/wp-json\/wp\/v2\/categories?post=897176"},{"taxonomy":"post_tag","embeddable":true,"href":"https:\/\/bahiaeconomica.com.br\/wp\/wp-json\/wp\/v2\/tags?post=897176"}],"curies":[{"name":"wp","href":"https:\/\/api.w.org\/{rel}","templated":true}]}}