{"id":897138,"date":"2025-04-24T14:00:12","date_gmt":"2025-04-24T17:00:12","guid":{"rendered":"https:\/\/bahiaeconomica.com.br\/wp\/?p=897138"},"modified":"2025-04-24T12:41:28","modified_gmt":"2025-04-24T15:41:28","slug":"mais-medicos-407-profissionais-comecam-a-atuar-em-22-estados","status":"publish","type":"post","link":"https:\/\/bahiaeconomica.com.br\/wp\/2025\/04\/24\/mais-medicos-407-profissionais-comecam-a-atuar-em-22-estados\/","title":{"rendered":"MAIS M\u00c9DICOS: 407 PROFISSIONAIS COME\u00c7AM A ATUAR EM 22 ESTADOS"},"content":{"rendered":"<p>A partir desta semana, 407 m\u00e9dicos formados no exterior e que conclu\u00edram o M\u00f3dulo de Acolhimento e Avalia\u00e7\u00e3o do Programa Mais M\u00e9dicos come\u00e7am a atuar no Sistema \u00danico de Sa\u00fade (SUS). De acordo com o Minist\u00e9rio da Sa\u00fade, a previs\u00e3o \u00e9 que o grupo desembarque 180 munic\u00edpios e 15 Distritos Sanit\u00e1rios Especiais Ind\u00edgenas (DSEIs), distribu\u00eddos em 22 estados.<\/p>\n<p>\u201cCom a chegada desses m\u00e9dicos, o Minist\u00e9rio da Sa\u00fade espera impactos positivos nas comunidades atendidas, como a amplia\u00e7\u00e3o do acesso aos servi\u00e7os de sa\u00fade na aten\u00e7\u00e3o prim\u00e1ria, a redu\u00e7\u00e3o do tempo de espera por atendimento com a utiliza\u00e7\u00e3o do prontu\u00e1rio eletr\u00f4nico do SUS (e-SUS APS), al\u00e9m de avan\u00e7os significativos na sa\u00fade ind\u00edgena\u201d, destacou a pasta em nota.<br \/>\nDe acordo com o comunicado, antes de iniciarem as atividades, os profissionais de sa\u00fade passaram por um treinamento espec\u00edfico para atuar em situa\u00e7\u00f5es de urg\u00eancia e emerg\u00eancia e tamb\u00e9m no enfrentamento de doen\u00e7as prevalentes nas regi\u00f5es onde v\u00e3o atuar, incluindo a mal\u00e1ria.<\/p>\n<p>\u201cCom o objetivo de assegurar a efic\u00e1cia do programa e a qualidade do atendimento prestado \u00e0 popula\u00e7\u00e3o, a pasta acompanha de perto o desempenho dos profissionais. Um dos principais instrumentos de monitoramento \u00e9 o e-SUS APS, que permite registrar e acompanhar o hist\u00f3rico dos pacientes, facilitando a integra\u00e7\u00e3o entre a aten\u00e7\u00e3o prim\u00e1ria e os demais n\u00edveis de cuidado,\u201d informa inda o minis\u00e9rio.<\/p>\n<p><strong>N\u00fameros<\/strong><br \/>\nAtualmente, cerca de 24,9 mil profissionais do Mais M\u00e9dicos atuam em 4,2 mil munic\u00edpios \u2013 77% do territ\u00f3rio nacional. Dentre as cidades, 1,7 mil, segundo o minist\u00e9rio, apresentam altos n\u00edveis de vulnerabilidade social. A meta \u00e9 alcan\u00e7ar 28 mil profissionais no programa at\u00e9 o final de 2025.<\/p>\n<p>\u201cEm dezembro de 2024, o programa registrou um marco ao atingir o maior n\u00famero de m\u00e9dicos em atividade nos Distritos Sanit\u00e1rios Ind\u00edgenas (DSEIs), com 601 profissionais atuando nessas regi\u00f5es\u201d, destacou a pasta.<\/p>\n<p>(Ag\u00eancia Brasil)<\/p>\n<p>Foto: Marcelo Camargo\/Ag\u00eancia Brasil<\/p>\n","protected":false},"excerpt":{"rendered":"<p>A partir desta semana, 407 m\u00e9dicos formados no exterior e que conclu\u00edram o M\u00f3dulo de Acolhimento e Avalia\u00e7\u00e3o do Programa Mais M\u00e9dicos come\u00e7am a atuar no Sistema \u00danico de Sa\u00fade (SUS). De acordo com o Minist\u00e9rio da Sa\u00fade, a previs\u00e3o \u00e9 que o grupo desembarque 180 munic\u00edpios e 15 Distritos Sanit\u00e1rios Especiais Ind\u00edgenas (DSEIs), distribu\u00eddos [&hellip;]<\/p>\n","protected":false},"author":20,"featured_media":897139,"comment_status":"closed","ping_status":"closed","sticky":false,"template":"","format":"standard","meta":[],"categories":[21],"tags":[6006,5497,38528],"acf":[],"yoast_head":"<!-- This site is optimized with the Yoast SEO plugin v20.8 - https:\/\/yoast.com\/wordpress\/plugins\/seo\/ -->\n<title>MAIS M\u00c9DICOS: 407 PROFISSIONAIS COME\u00c7AM A ATUAR EM 22 ESTADOS - Bahia Economica<\/title>\n<meta name=\"description\" content=\"O maior portal de Economia da Bahia Sa\u00fade \/ Educa\u00e7\u00e3o Bahia Economica Cerca de 24,9 mil profissionais j\u00e1 trabalham em 4,2 mil munic\u00edpios\" \/>\n<meta name=\"robots\" content=\"index, follow, max-snippet:-1, max-image-preview:large, max-video-preview:-1\" \/>\n<link rel=\"canonical\" href=\"https:\/\/bahiaeconomica.com.br\/wp\/2025\/04\/24\/mais-medicos-407-profissionais-comecam-a-atuar-em-22-estados\/\" \/>\n<meta property=\"og:locale\" content=\"pt_BR\" \/>\n<meta property=\"og:type\" content=\"article\" \/>\n<meta property=\"og:title\" content=\"MAIS M\u00c9DICOS: 407 PROFISSIONAIS COME\u00c7AM A ATUAR EM 22 ESTADOS - Bahia Economica\" \/>\n<meta property=\"og:description\" content=\"O maior portal de Economia da Bahia Sa\u00fade \/ Educa\u00e7\u00e3o Bahia Economica Cerca de 24,9 mil profissionais j\u00e1 trabalham em 4,2 mil munic\u00edpios\" \/>\n<meta property=\"og:url\" content=\"https:\/\/bahiaeconomica.com.br\/wp\/2025\/04\/24\/mais-medicos-407-profissionais-comecam-a-atuar-em-22-estados\/\" \/>\n<meta property=\"og:site_name\" content=\"Bahia Economica\" \/>\n<meta property=\"article:publisher\" content=\"https:\/\/www.facebook.com\/bahiaeconomica\" \/>\n<meta property=\"article:published_time\" content=\"2025-04-24T17:00:12+00:00\" \/>\n<meta property=\"article:modified_time\" content=\"2025-04-24T15:41:28+00:00\" \/>\n<meta property=\"og:image\" content=\"https:\/\/bahiaeconomica.com.br\/wp\/wp-content\/uploads\/2025\/04\/mcm_2149.webp\" \/>\n\t<meta property=\"og:image:width\" content=\"1170\" \/>\n\t<meta property=\"og:image:height\" content=\"700\" \/>\n\t<meta property=\"og:image:type\" content=\"image\/webp\" \/>\n<meta name=\"author\" content=\"BRUNA CARVALHO\" \/>\n<meta name=\"twitter:card\" content=\"summary_large_image\" \/>\n<meta name=\"twitter:label1\" content=\"Escrito por\" \/>\n\t<meta name=\"twitter:data1\" content=\"BRUNA CARVALHO\" \/>\n\t<meta name=\"twitter:label2\" content=\"Est. tempo de leitura\" \/>\n\t<meta name=\"twitter:data2\" content=\"2 minutos\" \/>\n<script type=\"application\/ld+json\" class=\"yoast-schema-graph\">{\"@context\":\"https:\/\/schema.org\",\"@graph\":[{\"@type\":\"Article\",\"@id\":\"https:\/\/bahiaeconomica.com.br\/wp\/2025\/04\/24\/mais-medicos-407-profissionais-comecam-a-atuar-em-22-estados\/#article\",\"isPartOf\":{\"@id\":\"https:\/\/bahiaeconomica.com.br\/wp\/2025\/04\/24\/mais-medicos-407-profissionais-comecam-a-atuar-em-22-estados\/\"},\"author\":{\"name\":\"BRUNA CARVALHO\",\"@id\":\"https:\/\/bahiaeconomica.com.br\/wp\/#\/schema\/person\/9310b0e591f5979f6f99773eac5804e6\"},\"headline\":\"MAIS M\u00c9DICOS: 407 PROFISSIONAIS COME\u00c7AM A ATUAR EM 22 ESTADOS\",\"datePublished\":\"2025-04-24T17:00:12+00:00\",\"dateModified\":\"2025-04-24T15:41:28+00:00\",\"mainEntityOfPage\":{\"@id\":\"https:\/\/bahiaeconomica.com.br\/wp\/2025\/04\/24\/mais-medicos-407-profissionais-comecam-a-atuar-em-22-estados\/\"},\"wordCount\":361,\"publisher\":{\"@id\":\"https:\/\/bahiaeconomica.com.br\/wp\/#organization\"},\"keywords\":[\"atua\u00e7\u00e3o\",\"mais medicos\",\"novos profissionais\"],\"articleSection\":[\"Sa\u00fade \/ Educa\u00e7\u00e3o\"],\"inLanguage\":\"pt-BR\"},{\"@type\":\"WebPage\",\"@id\":\"https:\/\/bahiaeconomica.com.br\/wp\/2025\/04\/24\/mais-medicos-407-profissionais-comecam-a-atuar-em-22-estados\/\",\"url\":\"https:\/\/bahiaeconomica.com.br\/wp\/2025\/04\/24\/mais-medicos-407-profissionais-comecam-a-atuar-em-22-estados\/\",\"name\":\"MAIS M\u00c9DICOS: 407 PROFISSIONAIS COME\u00c7AM A ATUAR EM 22 ESTADOS - Bahia Economica\",\"isPartOf\":{\"@id\":\"https:\/\/bahiaeconomica.com.br\/wp\/#website\"},\"datePublished\":\"2025-04-24T17:00:12+00:00\",\"dateModified\":\"2025-04-24T15:41:28+00:00\",\"description\":\"O maior portal de Economia da Bahia Sa\u00fade \/ Educa\u00e7\u00e3o Bahia Economica Cerca de 24,9 mil profissionais j\u00e1 trabalham em 4,2 mil munic\u00edpios\",\"breadcrumb\":{\"@id\":\"https:\/\/bahiaeconomica.com.br\/wp\/2025\/04\/24\/mais-medicos-407-profissionais-comecam-a-atuar-em-22-estados\/#breadcrumb\"},\"inLanguage\":\"pt-BR\",\"potentialAction\":[{\"@type\":\"ReadAction\",\"target\":[\"https:\/\/bahiaeconomica.com.br\/wp\/2025\/04\/24\/mais-medicos-407-profissionais-comecam-a-atuar-em-22-estados\/\"]}]},{\"@type\":\"BreadcrumbList\",\"@id\":\"https:\/\/bahiaeconomica.com.br\/wp\/2025\/04\/24\/mais-medicos-407-profissionais-comecam-a-atuar-em-22-estados\/#breadcrumb\",\"itemListElement\":[{\"@type\":\"ListItem\",\"position\":1,\"name\":\"In\u00edcio\",\"item\":\"https:\/\/bahiaeconomica.com.br\/wp\/\"},{\"@type\":\"ListItem\",\"position\":2,\"name\":\"MAIS M\u00c9DICOS: 407 PROFISSIONAIS COME\u00c7AM A ATUAR EM 22 ESTADOS\"}]},{\"@type\":\"WebSite\",\"@id\":\"https:\/\/bahiaeconomica.com.br\/wp\/#website\",\"url\":\"https:\/\/bahiaeconomica.com.br\/wp\/\",\"name\":\"Bahia Economica\",\"description\":\"O maior portal de Economia da Bahia\",\"publisher\":{\"@id\":\"https:\/\/bahiaeconomica.com.br\/wp\/#organization\"},\"potentialAction\":[{\"@type\":\"SearchAction\",\"target\":{\"@type\":\"EntryPoint\",\"urlTemplate\":\"https:\/\/bahiaeconomica.com.br\/wp\/?s={search_term_string}\"},\"query-input\":\"required name=search_term_string\"}],\"inLanguage\":\"pt-BR\"},{\"@type\":\"Organization\",\"@id\":\"https:\/\/bahiaeconomica.com.br\/wp\/#organization\",\"name\":\"Bahia Econ\u00f4mica\",\"url\":\"https:\/\/bahiaeconomica.com.br\/wp\/\",\"logo\":{\"@type\":\"ImageObject\",\"inLanguage\":\"pt-BR\",\"@id\":\"https:\/\/bahiaeconomica.com.br\/wp\/#\/schema\/logo\/image\/\",\"url\":\"https:\/\/bahiaeconomica.com.br\/wp\/wp-content\/uploads\/2020\/12\/cropped-BE.png\",\"contentUrl\":\"https:\/\/bahiaeconomica.com.br\/wp\/wp-content\/uploads\/2020\/12\/cropped-BE.png\",\"width\":512,\"height\":512,\"caption\":\"Bahia Econ\u00f4mica\"},\"image\":{\"@id\":\"https:\/\/bahiaeconomica.com.br\/wp\/#\/schema\/logo\/image\/\"},\"sameAs\":[\"https:\/\/www.facebook.com\/bahiaeconomica\"]},{\"@type\":\"Person\",\"@id\":\"https:\/\/bahiaeconomica.com.br\/wp\/#\/schema\/person\/9310b0e591f5979f6f99773eac5804e6\",\"name\":\"BRUNA CARVALHO\",\"sameAs\":[\"http:\/\/www.bahiaeconomica.com.br\"],\"url\":\"https:\/\/bahiaeconomica.com.br\/wp\/author\/bruna\/\"}]}<\/script>\n<!-- \/ Yoast SEO plugin. -->","yoast_head_json":{"title":"MAIS M\u00c9DICOS: 407 PROFISSIONAIS COME\u00c7AM A ATUAR EM 22 ESTADOS - Bahia Economica","description":"O maior portal de Economia da Bahia Sa\u00fade \/ Educa\u00e7\u00e3o Bahia Economica Cerca de 24,9 mil profissionais j\u00e1 trabalham em 4,2 mil munic\u00edpios","robots":{"index":"index","follow":"follow","max-snippet":"max-snippet:-1","max-image-preview":"max-image-preview:large","max-video-preview":"max-video-preview:-1"},"canonical":"https:\/\/bahiaeconomica.com.br\/wp\/2025\/04\/24\/mais-medicos-407-profissionais-comecam-a-atuar-em-22-estados\/","og_locale":"pt_BR","og_type":"article","og_title":"MAIS M\u00c9DICOS: 407 PROFISSIONAIS COME\u00c7AM A ATUAR EM 22 ESTADOS - Bahia Economica","og_description":"O maior portal de Economia da Bahia Sa\u00fade \/ Educa\u00e7\u00e3o Bahia Economica Cerca de 24,9 mil profissionais j\u00e1 trabalham em 4,2 mil munic\u00edpios","og_url":"https:\/\/bahiaeconomica.com.br\/wp\/2025\/04\/24\/mais-medicos-407-profissionais-comecam-a-atuar-em-22-estados\/","og_site_name":"Bahia Economica","article_publisher":"https:\/\/www.facebook.com\/bahiaeconomica","article_published_time":"2025-04-24T17:00:12+00:00","article_modified_time":"2025-04-24T15:41:28+00:00","og_image":[{"width":1170,"height":700,"url":"https:\/\/bahiaeconomica.com.br\/wp\/wp-content\/uploads\/2025\/04\/mcm_2149.webp","type":"image\/webp"}],"author":"BRUNA CARVALHO","twitter_card":"summary_large_image","twitter_misc":{"Escrito por":"BRUNA CARVALHO","Est. tempo de leitura":"2 minutos"},"schema":{"@context":"https:\/\/schema.org","@graph":[{"@type":"Article","@id":"https:\/\/bahiaeconomica.com.br\/wp\/2025\/04\/24\/mais-medicos-407-profissionais-comecam-a-atuar-em-22-estados\/#article","isPartOf":{"@id":"https:\/\/bahiaeconomica.com.br\/wp\/2025\/04\/24\/mais-medicos-407-profissionais-comecam-a-atuar-em-22-estados\/"},"author":{"name":"BRUNA CARVALHO","@id":"https:\/\/bahiaeconomica.com.br\/wp\/#\/schema\/person\/9310b0e591f5979f6f99773eac5804e6"},"headline":"MAIS M\u00c9DICOS: 407 PROFISSIONAIS COME\u00c7AM A ATUAR EM 22 ESTADOS","datePublished":"2025-04-24T17:00:12+00:00","dateModified":"2025-04-24T15:41:28+00:00","mainEntityOfPage":{"@id":"https:\/\/bahiaeconomica.com.br\/wp\/2025\/04\/24\/mais-medicos-407-profissionais-comecam-a-atuar-em-22-estados\/"},"wordCount":361,"publisher":{"@id":"https:\/\/bahiaeconomica.com.br\/wp\/#organization"},"keywords":["atua\u00e7\u00e3o","mais medicos","novos profissionais"],"articleSection":["Sa\u00fade \/ Educa\u00e7\u00e3o"],"inLanguage":"pt-BR"},{"@type":"WebPage","@id":"https:\/\/bahiaeconomica.com.br\/wp\/2025\/04\/24\/mais-medicos-407-profissionais-comecam-a-atuar-em-22-estados\/","url":"https:\/\/bahiaeconomica.com.br\/wp\/2025\/04\/24\/mais-medicos-407-profissionais-comecam-a-atuar-em-22-estados\/","name":"MAIS M\u00c9DICOS: 407 PROFISSIONAIS COME\u00c7AM A ATUAR EM 22 ESTADOS - Bahia Economica","isPartOf":{"@id":"https:\/\/bahiaeconomica.com.br\/wp\/#website"},"datePublished":"2025-04-24T17:00:12+00:00","dateModified":"2025-04-24T15:41:28+00:00","description":"O maior portal de Economia da Bahia Sa\u00fade \/ Educa\u00e7\u00e3o Bahia Economica Cerca de 24,9 mil profissionais j\u00e1 trabalham em 4,2 mil munic\u00edpios","breadcrumb":{"@id":"https:\/\/bahiaeconomica.com.br\/wp\/2025\/04\/24\/mais-medicos-407-profissionais-comecam-a-atuar-em-22-estados\/#breadcrumb"},"inLanguage":"pt-BR","potentialAction":[{"@type":"ReadAction","target":["https:\/\/bahiaeconomica.com.br\/wp\/2025\/04\/24\/mais-medicos-407-profissionais-comecam-a-atuar-em-22-estados\/"]}]},{"@type":"BreadcrumbList","@id":"https:\/\/bahiaeconomica.com.br\/wp\/2025\/04\/24\/mais-medicos-407-profissionais-comecam-a-atuar-em-22-estados\/#breadcrumb","itemListElement":[{"@type":"ListItem","position":1,"name":"In\u00edcio","item":"https:\/\/bahiaeconomica.com.br\/wp\/"},{"@type":"ListItem","position":2,"name":"MAIS M\u00c9DICOS: 407 PROFISSIONAIS COME\u00c7AM A ATUAR EM 22 ESTADOS"}]},{"@type":"WebSite","@id":"https:\/\/bahiaeconomica.com.br\/wp\/#website","url":"https:\/\/bahiaeconomica.com.br\/wp\/","name":"Bahia Economica","description":"O maior portal de Economia da Bahia","publisher":{"@id":"https:\/\/bahiaeconomica.com.br\/wp\/#organization"},"potentialAction":[{"@type":"SearchAction","target":{"@type":"EntryPoint","urlTemplate":"https:\/\/bahiaeconomica.com.br\/wp\/?s={search_term_string}"},"query-input":"required name=search_term_string"}],"inLanguage":"pt-BR"},{"@type":"Organization","@id":"https:\/\/bahiaeconomica.com.br\/wp\/#organization","name":"Bahia Econ\u00f4mica","url":"https:\/\/bahiaeconomica.com.br\/wp\/","logo":{"@type":"ImageObject","inLanguage":"pt-BR","@id":"https:\/\/bahiaeconomica.com.br\/wp\/#\/schema\/logo\/image\/","url":"https:\/\/bahiaeconomica.com.br\/wp\/wp-content\/uploads\/2020\/12\/cropped-BE.png","contentUrl":"https:\/\/bahiaeconomica.com.br\/wp\/wp-content\/uploads\/2020\/12\/cropped-BE.png","width":512,"height":512,"caption":"Bahia Econ\u00f4mica"},"image":{"@id":"https:\/\/bahiaeconomica.com.br\/wp\/#\/schema\/logo\/image\/"},"sameAs":["https:\/\/www.facebook.com\/bahiaeconomica"]},{"@type":"Person","@id":"https:\/\/bahiaeconomica.com.br\/wp\/#\/schema\/person\/9310b0e591f5979f6f99773eac5804e6","name":"BRUNA CARVALHO","sameAs":["http:\/\/www.bahiaeconomica.com.br"],"url":"https:\/\/bahiaeconomica.com.br\/wp\/author\/bruna\/"}]}},"views":2,"_links":{"self":[{"href":"https:\/\/bahiaeconomica.com.br\/wp\/wp-json\/wp\/v2\/posts\/897138"}],"collection":[{"href":"https:\/\/bahiaeconomica.com.br\/wp\/wp-json\/wp\/v2\/posts"}],"about":[{"href":"https:\/\/bahiaeconomica.com.br\/wp\/wp-json\/wp\/v2\/types\/post"}],"author":[{"embeddable":true,"href":"https:\/\/bahiaeconomica.com.br\/wp\/wp-json\/wp\/v2\/users\/20"}],"replies":[{"embeddable":true,"href":"https:\/\/bahiaeconomica.com.br\/wp\/wp-json\/wp\/v2\/comments?post=897138"}],"version-history":[{"count":1,"href":"https:\/\/bahiaeconomica.com.br\/wp\/wp-json\/wp\/v2\/posts\/897138\/revisions"}],"predecessor-version":[{"id":897140,"href":"https:\/\/bahiaeconomica.com.br\/wp\/wp-json\/wp\/v2\/posts\/897138\/revisions\/897140"}],"wp:featuredmedia":[{"embeddable":true,"href":"https:\/\/bahiaeconomica.com.br\/wp\/wp-json\/wp\/v2\/media\/897139"}],"wp:attachment":[{"href":"https:\/\/bahiaeconomica.com.br\/wp\/wp-json\/wp\/v2\/media?parent=897138"}],"wp:term":[{"taxonomy":"category","embeddable":true,"href":"https:\/\/bahiaeconomica.com.br\/wp\/wp-json\/wp\/v2\/categories?post=897138"},{"taxonomy":"post_tag","embeddable":true,"href":"https:\/\/bahiaeconomica.com.br\/wp\/wp-json\/wp\/v2\/tags?post=897138"}],"curies":[{"name":"wp","href":"https:\/\/api.w.org\/{rel}","templated":true}]}}