{"id":897012,"date":"2025-04-24T09:00:07","date_gmt":"2025-04-24T12:00:07","guid":{"rendered":"https:\/\/bahiaeconomica.com.br\/wp\/?p=897012"},"modified":"2025-04-24T08:38:01","modified_gmt":"2025-04-24T11:38:01","slug":"trecho-que-liga-caetite-a-br-030-tera-nova-ponte-sobre-o-rio-sao-joao-governador-jeronimo-rodrigues-autoriza-licitacao-da-obra","status":"publish","type":"post","link":"https:\/\/bahiaeconomica.com.br\/wp\/2025\/04\/24\/trecho-que-liga-caetite-a-br-030-tera-nova-ponte-sobre-o-rio-sao-joao-governador-jeronimo-rodrigues-autoriza-licitacao-da-obra\/","title":{"rendered":"TRECHO QUE LIGA CAETIT\u00c9 \u00c0 BR-030 TER\u00c1 NOVA PONTE SOBRE O RIO S\u00c3O JO\u00c3O; GOVERNADOR JER\u00d4NIMO RODRIGUES AUTORIZA LICITA\u00c7\u00c3O DA OBRA"},"content":{"rendered":"<p>Considerada uma via essencial para o deslocamento de moradores da zona rural, a estrada que liga Caetit\u00e9 ao acesso \u00e0 BR-030 receber\u00e1 um importante refor\u00e7o para a mobilidade com seguran\u00e7a. O governador Jer\u00f4nimo Rodrigues autorizou a Secretaria de Infraestrutura (Seinfra) a abrir o processo licitat\u00f3rio para a constru\u00e7\u00e3o de uma ponte sobre o Rio S\u00e3o Jo\u00e3o, atendendo a uma demanda da popula\u00e7\u00e3o local.<\/p>\n<p>Durante a assinatura do documento, acompanhada pelo prefeito de Caetit\u00e9, Valt\u00e9rcio Aguiar, o governador fez uma previs\u00e3o sobre a entrega do novo equipamento vi\u00e1rio. \u201cAcabei de assinar a autoriza\u00e7\u00e3o para a Seinfra deflagrar o processo licitat\u00f3rio para a constru\u00e7\u00e3o de uma ponte sobre o Rio S\u00e3o Jo\u00e3o. Esta licita\u00e7\u00e3o n\u00f3s estaremos publicando at\u00e9 o dia 30; contabilize a\u00ed dois meses entre licita\u00e7\u00e3o e recurso, mais 10 meses, ou seja, daqui a um ano, com f\u00e9 em Deus, n\u00f3s estaremos fazendo a entrega dessa ponte\u201d, explicou Jer\u00f4nimo.<\/p>\n<p>\u201cIsso \u00e9 um momento de muita alegria para o nosso munic\u00edpio, para o nosso povo, porque \u00e9 onde convergem todas as \u00e1guas de tr\u00eas rios que cortam a cidade e chega pr\u00f3ximo \u00e0 BR-030. Havia sido prometida e agora, com essa assinatura, o governador est\u00e1 nos dando mais essa oportunidade de assumir o compromisso que n\u00f3s fizemos. Portanto, \u00e9 um motivo de muita satisfa\u00e7\u00e3o\u201d, disse o prefeito Valt\u00e9rcio.<\/p>\n<p>A obra para constru\u00e7\u00e3o da ponte, com extens\u00e3o de 20 metros, conta com recurso de R$ 3,1 milh\u00f5es e promete melhorar a mobilidade na regi\u00e3o, garantindo mais seguran\u00e7a, fluidez no tr\u00e1fego e integra\u00e7\u00e3o entre comunidades. O projeto integra um pacote de a\u00e7\u00f5es do Governo do Estado voltadas \u00e0 melhoria da malha vi\u00e1ria e ao fortalecimento das cadeias produtivas nas regi\u00f5es do interior.<\/p>\n<p>Fotos: Jo\u00e1 Souza\/GOVBA<\/p>\n","protected":false},"excerpt":{"rendered":"<p>Considerada uma via essencial para o deslocamento de moradores da zona rural, a estrada que liga Caetit\u00e9 ao acesso \u00e0 BR-030 receber\u00e1 um importante refor\u00e7o para a mobilidade com seguran\u00e7a. O governador Jer\u00f4nimo Rodrigues autorizou a Secretaria de Infraestrutura (Seinfra) a abrir o processo licitat\u00f3rio para a constru\u00e7\u00e3o de uma ponte sobre o Rio S\u00e3o [&hellip;]<\/p>\n","protected":false},"author":8,"featured_media":897013,"comment_status":"closed","ping_status":"closed","sticky":false,"template":"","format":"standard","meta":[],"categories":[14,3],"tags":[52,233,740],"acf":[],"yoast_head":"<!-- This site is optimized with the Yoast SEO plugin v20.8 - https:\/\/yoast.com\/wordpress\/plugins\/seo\/ -->\n<title>TRECHO QUE LIGA CAETIT\u00c9 \u00c0 BR-030 TER\u00c1 NOVA PONTE SOBRE O RIO S\u00c3O JO\u00c3O; GOVERNADOR JER\u00d4NIMO RODRIGUES AUTORIZA LICITA\u00c7\u00c3O DA OBRA - Bahia Economica<\/title>\n<meta name=\"description\" content=\"O maior portal de Economia da Bahia DESTAQUE DO DIA, ECONOMIA \/ POL\u00cdTICA Bahia Economica um momento de muita alegria para o nosso munic\u00edpio\" \/>\n<meta name=\"robots\" content=\"index, follow, max-snippet:-1, max-image-preview:large, max-video-preview:-1\" \/>\n<link rel=\"canonical\" href=\"https:\/\/bahiaeconomica.com.br\/wp\/2025\/04\/24\/trecho-que-liga-caetite-a-br-030-tera-nova-ponte-sobre-o-rio-sao-joao-governador-jeronimo-rodrigues-autoriza-licitacao-da-obra\/\" \/>\n<meta property=\"og:locale\" content=\"pt_BR\" \/>\n<meta property=\"og:type\" content=\"article\" \/>\n<meta property=\"og:title\" content=\"TRECHO QUE LIGA CAETIT\u00c9 \u00c0 BR-030 TER\u00c1 NOVA PONTE SOBRE O RIO S\u00c3O JO\u00c3O; GOVERNADOR JER\u00d4NIMO RODRIGUES AUTORIZA LICITA\u00c7\u00c3O DA OBRA - Bahia Economica\" \/>\n<meta property=\"og:description\" content=\"O maior portal de Economia da Bahia DESTAQUE DO DIA, ECONOMIA \/ POL\u00cdTICA Bahia Economica um momento de muita alegria para o nosso munic\u00edpio\" \/>\n<meta property=\"og:url\" content=\"https:\/\/bahiaeconomica.com.br\/wp\/2025\/04\/24\/trecho-que-liga-caetite-a-br-030-tera-nova-ponte-sobre-o-rio-sao-joao-governador-jeronimo-rodrigues-autoriza-licitacao-da-obra\/\" \/>\n<meta property=\"og:site_name\" content=\"Bahia Economica\" \/>\n<meta property=\"article:publisher\" content=\"https:\/\/www.facebook.com\/bahiaeconomica\" \/>\n<meta property=\"article:published_time\" content=\"2025-04-24T12:00:07+00:00\" \/>\n<meta property=\"article:modified_time\" content=\"2025-04-24T11:38:01+00:00\" \/>\n<meta property=\"og:image\" content=\"https:\/\/bahiaeconomica.com.br\/wp\/wp-content\/uploads\/2025\/04\/WhatsApp-Image-2025-04-23-at-21.13.06.jpeg\" \/>\n\t<meta property=\"og:image:width\" content=\"1503\" \/>\n\t<meta property=\"og:image:height\" content=\"976\" \/>\n\t<meta property=\"og:image:type\" content=\"image\/jpeg\" \/>\n<meta name=\"author\" content=\"JP\" \/>\n<meta name=\"twitter:card\" content=\"summary_large_image\" \/>\n<meta name=\"twitter:label1\" content=\"Escrito por\" \/>\n\t<meta name=\"twitter:data1\" content=\"JP\" \/>\n\t<meta name=\"twitter:label2\" content=\"Est. tempo de leitura\" \/>\n\t<meta name=\"twitter:data2\" content=\"2 minutos\" \/>\n<script type=\"application\/ld+json\" class=\"yoast-schema-graph\">{\"@context\":\"https:\/\/schema.org\",\"@graph\":[{\"@type\":\"Article\",\"@id\":\"https:\/\/bahiaeconomica.com.br\/wp\/2025\/04\/24\/trecho-que-liga-caetite-a-br-030-tera-nova-ponte-sobre-o-rio-sao-joao-governador-jeronimo-rodrigues-autoriza-licitacao-da-obra\/#article\",\"isPartOf\":{\"@id\":\"https:\/\/bahiaeconomica.com.br\/wp\/2025\/04\/24\/trecho-que-liga-caetite-a-br-030-tera-nova-ponte-sobre-o-rio-sao-joao-governador-jeronimo-rodrigues-autoriza-licitacao-da-obra\/\"},\"author\":{\"name\":\"JP\",\"@id\":\"https:\/\/bahiaeconomica.com.br\/wp\/#\/schema\/person\/c86d3a3f8960425a0f9d0e5245991f4e\"},\"headline\":\"TRECHO QUE LIGA CAETIT\u00c9 \u00c0 BR-030 TER\u00c1 NOVA PONTE SOBRE O RIO S\u00c3O JO\u00c3O; GOVERNADOR JER\u00d4NIMO RODRIGUES AUTORIZA LICITA\u00c7\u00c3O DA OBRA\",\"datePublished\":\"2025-04-24T12:00:07+00:00\",\"dateModified\":\"2025-04-24T11:38:01+00:00\",\"mainEntityOfPage\":{\"@id\":\"https:\/\/bahiaeconomica.com.br\/wp\/2025\/04\/24\/trecho-que-liga-caetite-a-br-030-tera-nova-ponte-sobre-o-rio-sao-joao-governador-jeronimo-rodrigues-autoriza-licitacao-da-obra\/\"},\"wordCount\":334,\"publisher\":{\"@id\":\"https:\/\/bahiaeconomica.com.br\/wp\/#organization\"},\"keywords\":[\"Brasil\",\"Governo\",\"investimento\"],\"articleSection\":[\"DESTAQUE DO DIA\",\"ECONOMIA \/ POL\u00cdTICA\"],\"inLanguage\":\"pt-BR\"},{\"@type\":\"WebPage\",\"@id\":\"https:\/\/bahiaeconomica.com.br\/wp\/2025\/04\/24\/trecho-que-liga-caetite-a-br-030-tera-nova-ponte-sobre-o-rio-sao-joao-governador-jeronimo-rodrigues-autoriza-licitacao-da-obra\/\",\"url\":\"https:\/\/bahiaeconomica.com.br\/wp\/2025\/04\/24\/trecho-que-liga-caetite-a-br-030-tera-nova-ponte-sobre-o-rio-sao-joao-governador-jeronimo-rodrigues-autoriza-licitacao-da-obra\/\",\"name\":\"TRECHO QUE LIGA CAETIT\u00c9 \u00c0 BR-030 TER\u00c1 NOVA PONTE SOBRE O RIO S\u00c3O JO\u00c3O; GOVERNADOR JER\u00d4NIMO RODRIGUES AUTORIZA LICITA\u00c7\u00c3O DA OBRA - Bahia Economica\",\"isPartOf\":{\"@id\":\"https:\/\/bahiaeconomica.com.br\/wp\/#website\"},\"datePublished\":\"2025-04-24T12:00:07+00:00\",\"dateModified\":\"2025-04-24T11:38:01+00:00\",\"description\":\"O maior portal de Economia da Bahia DESTAQUE DO DIA, ECONOMIA \/ POL\u00cdTICA Bahia Economica um momento de muita alegria para o nosso munic\u00edpio\",\"breadcrumb\":{\"@id\":\"https:\/\/bahiaeconomica.com.br\/wp\/2025\/04\/24\/trecho-que-liga-caetite-a-br-030-tera-nova-ponte-sobre-o-rio-sao-joao-governador-jeronimo-rodrigues-autoriza-licitacao-da-obra\/#breadcrumb\"},\"inLanguage\":\"pt-BR\",\"potentialAction\":[{\"@type\":\"ReadAction\",\"target\":[\"https:\/\/bahiaeconomica.com.br\/wp\/2025\/04\/24\/trecho-que-liga-caetite-a-br-030-tera-nova-ponte-sobre-o-rio-sao-joao-governador-jeronimo-rodrigues-autoriza-licitacao-da-obra\/\"]}]},{\"@type\":\"BreadcrumbList\",\"@id\":\"https:\/\/bahiaeconomica.com.br\/wp\/2025\/04\/24\/trecho-que-liga-caetite-a-br-030-tera-nova-ponte-sobre-o-rio-sao-joao-governador-jeronimo-rodrigues-autoriza-licitacao-da-obra\/#breadcrumb\",\"itemListElement\":[{\"@type\":\"ListItem\",\"position\":1,\"name\":\"In\u00edcio\",\"item\":\"https:\/\/bahiaeconomica.com.br\/wp\/\"},{\"@type\":\"ListItem\",\"position\":2,\"name\":\"TRECHO QUE LIGA CAETIT\u00c9 \u00c0 BR-030 TER\u00c1 NOVA PONTE SOBRE O RIO S\u00c3O JO\u00c3O; GOVERNADOR JER\u00d4NIMO RODRIGUES AUTORIZA LICITA\u00c7\u00c3O DA OBRA\"}]},{\"@type\":\"WebSite\",\"@id\":\"https:\/\/bahiaeconomica.com.br\/wp\/#website\",\"url\":\"https:\/\/bahiaeconomica.com.br\/wp\/\",\"name\":\"Bahia Economica\",\"description\":\"O maior portal de Economia da Bahia\",\"publisher\":{\"@id\":\"https:\/\/bahiaeconomica.com.br\/wp\/#organization\"},\"potentialAction\":[{\"@type\":\"SearchAction\",\"target\":{\"@type\":\"EntryPoint\",\"urlTemplate\":\"https:\/\/bahiaeconomica.com.br\/wp\/?s={search_term_string}\"},\"query-input\":\"required name=search_term_string\"}],\"inLanguage\":\"pt-BR\"},{\"@type\":\"Organization\",\"@id\":\"https:\/\/bahiaeconomica.com.br\/wp\/#organization\",\"name\":\"Bahia Econ\u00f4mica\",\"url\":\"https:\/\/bahiaeconomica.com.br\/wp\/\",\"logo\":{\"@type\":\"ImageObject\",\"inLanguage\":\"pt-BR\",\"@id\":\"https:\/\/bahiaeconomica.com.br\/wp\/#\/schema\/logo\/image\/\",\"url\":\"https:\/\/bahiaeconomica.com.br\/wp\/wp-content\/uploads\/2020\/12\/cropped-BE.png\",\"contentUrl\":\"https:\/\/bahiaeconomica.com.br\/wp\/wp-content\/uploads\/2020\/12\/cropped-BE.png\",\"width\":512,\"height\":512,\"caption\":\"Bahia Econ\u00f4mica\"},\"image\":{\"@id\":\"https:\/\/bahiaeconomica.com.br\/wp\/#\/schema\/logo\/image\/\"},\"sameAs\":[\"https:\/\/www.facebook.com\/bahiaeconomica\"]},{\"@type\":\"Person\",\"@id\":\"https:\/\/bahiaeconomica.com.br\/wp\/#\/schema\/person\/c86d3a3f8960425a0f9d0e5245991f4e\",\"name\":\"JP\",\"sameAs\":[\"https:\/\/bahiaeconomica.com.br\/wp\/beta\/\"],\"url\":\"https:\/\/bahiaeconomica.com.br\/wp\/author\/jp\/\"}]}<\/script>\n<!-- \/ Yoast SEO plugin. -->","yoast_head_json":{"title":"TRECHO QUE LIGA CAETIT\u00c9 \u00c0 BR-030 TER\u00c1 NOVA PONTE SOBRE O RIO S\u00c3O JO\u00c3O; GOVERNADOR JER\u00d4NIMO RODRIGUES AUTORIZA LICITA\u00c7\u00c3O DA OBRA - Bahia Economica","description":"O maior portal de Economia da Bahia DESTAQUE DO DIA, ECONOMIA \/ POL\u00cdTICA Bahia Economica um momento de muita alegria para o nosso munic\u00edpio","robots":{"index":"index","follow":"follow","max-snippet":"max-snippet:-1","max-image-preview":"max-image-preview:large","max-video-preview":"max-video-preview:-1"},"canonical":"https:\/\/bahiaeconomica.com.br\/wp\/2025\/04\/24\/trecho-que-liga-caetite-a-br-030-tera-nova-ponte-sobre-o-rio-sao-joao-governador-jeronimo-rodrigues-autoriza-licitacao-da-obra\/","og_locale":"pt_BR","og_type":"article","og_title":"TRECHO QUE LIGA CAETIT\u00c9 \u00c0 BR-030 TER\u00c1 NOVA PONTE SOBRE O RIO S\u00c3O JO\u00c3O; GOVERNADOR JER\u00d4NIMO RODRIGUES AUTORIZA LICITA\u00c7\u00c3O DA OBRA - Bahia Economica","og_description":"O maior portal de Economia da Bahia DESTAQUE DO DIA, ECONOMIA \/ POL\u00cdTICA Bahia Economica um momento de muita alegria para o nosso munic\u00edpio","og_url":"https:\/\/bahiaeconomica.com.br\/wp\/2025\/04\/24\/trecho-que-liga-caetite-a-br-030-tera-nova-ponte-sobre-o-rio-sao-joao-governador-jeronimo-rodrigues-autoriza-licitacao-da-obra\/","og_site_name":"Bahia Economica","article_publisher":"https:\/\/www.facebook.com\/bahiaeconomica","article_published_time":"2025-04-24T12:00:07+00:00","article_modified_time":"2025-04-24T11:38:01+00:00","og_image":[{"width":1503,"height":976,"url":"https:\/\/bahiaeconomica.com.br\/wp\/wp-content\/uploads\/2025\/04\/WhatsApp-Image-2025-04-23-at-21.13.06.jpeg","type":"image\/jpeg"}],"author":"JP","twitter_card":"summary_large_image","twitter_misc":{"Escrito por":"JP","Est. tempo de leitura":"2 minutos"},"schema":{"@context":"https:\/\/schema.org","@graph":[{"@type":"Article","@id":"https:\/\/bahiaeconomica.com.br\/wp\/2025\/04\/24\/trecho-que-liga-caetite-a-br-030-tera-nova-ponte-sobre-o-rio-sao-joao-governador-jeronimo-rodrigues-autoriza-licitacao-da-obra\/#article","isPartOf":{"@id":"https:\/\/bahiaeconomica.com.br\/wp\/2025\/04\/24\/trecho-que-liga-caetite-a-br-030-tera-nova-ponte-sobre-o-rio-sao-joao-governador-jeronimo-rodrigues-autoriza-licitacao-da-obra\/"},"author":{"name":"JP","@id":"https:\/\/bahiaeconomica.com.br\/wp\/#\/schema\/person\/c86d3a3f8960425a0f9d0e5245991f4e"},"headline":"TRECHO QUE LIGA CAETIT\u00c9 \u00c0 BR-030 TER\u00c1 NOVA PONTE SOBRE O RIO S\u00c3O JO\u00c3O; GOVERNADOR JER\u00d4NIMO RODRIGUES AUTORIZA LICITA\u00c7\u00c3O DA OBRA","datePublished":"2025-04-24T12:00:07+00:00","dateModified":"2025-04-24T11:38:01+00:00","mainEntityOfPage":{"@id":"https:\/\/bahiaeconomica.com.br\/wp\/2025\/04\/24\/trecho-que-liga-caetite-a-br-030-tera-nova-ponte-sobre-o-rio-sao-joao-governador-jeronimo-rodrigues-autoriza-licitacao-da-obra\/"},"wordCount":334,"publisher":{"@id":"https:\/\/bahiaeconomica.com.br\/wp\/#organization"},"keywords":["Brasil","Governo","investimento"],"articleSection":["DESTAQUE DO DIA","ECONOMIA \/ POL\u00cdTICA"],"inLanguage":"pt-BR"},{"@type":"WebPage","@id":"https:\/\/bahiaeconomica.com.br\/wp\/2025\/04\/24\/trecho-que-liga-caetite-a-br-030-tera-nova-ponte-sobre-o-rio-sao-joao-governador-jeronimo-rodrigues-autoriza-licitacao-da-obra\/","url":"https:\/\/bahiaeconomica.com.br\/wp\/2025\/04\/24\/trecho-que-liga-caetite-a-br-030-tera-nova-ponte-sobre-o-rio-sao-joao-governador-jeronimo-rodrigues-autoriza-licitacao-da-obra\/","name":"TRECHO QUE LIGA CAETIT\u00c9 \u00c0 BR-030 TER\u00c1 NOVA PONTE SOBRE O RIO S\u00c3O JO\u00c3O; GOVERNADOR JER\u00d4NIMO RODRIGUES AUTORIZA LICITA\u00c7\u00c3O DA OBRA - Bahia Economica","isPartOf":{"@id":"https:\/\/bahiaeconomica.com.br\/wp\/#website"},"datePublished":"2025-04-24T12:00:07+00:00","dateModified":"2025-04-24T11:38:01+00:00","description":"O maior portal de Economia da Bahia DESTAQUE DO DIA, ECONOMIA \/ POL\u00cdTICA Bahia Economica um momento de muita alegria para o nosso munic\u00edpio","breadcrumb":{"@id":"https:\/\/bahiaeconomica.com.br\/wp\/2025\/04\/24\/trecho-que-liga-caetite-a-br-030-tera-nova-ponte-sobre-o-rio-sao-joao-governador-jeronimo-rodrigues-autoriza-licitacao-da-obra\/#breadcrumb"},"inLanguage":"pt-BR","potentialAction":[{"@type":"ReadAction","target":["https:\/\/bahiaeconomica.com.br\/wp\/2025\/04\/24\/trecho-que-liga-caetite-a-br-030-tera-nova-ponte-sobre-o-rio-sao-joao-governador-jeronimo-rodrigues-autoriza-licitacao-da-obra\/"]}]},{"@type":"BreadcrumbList","@id":"https:\/\/bahiaeconomica.com.br\/wp\/2025\/04\/24\/trecho-que-liga-caetite-a-br-030-tera-nova-ponte-sobre-o-rio-sao-joao-governador-jeronimo-rodrigues-autoriza-licitacao-da-obra\/#breadcrumb","itemListElement":[{"@type":"ListItem","position":1,"name":"In\u00edcio","item":"https:\/\/bahiaeconomica.com.br\/wp\/"},{"@type":"ListItem","position":2,"name":"TRECHO QUE LIGA CAETIT\u00c9 \u00c0 BR-030 TER\u00c1 NOVA PONTE SOBRE O RIO S\u00c3O JO\u00c3O; GOVERNADOR JER\u00d4NIMO RODRIGUES AUTORIZA LICITA\u00c7\u00c3O DA OBRA"}]},{"@type":"WebSite","@id":"https:\/\/bahiaeconomica.com.br\/wp\/#website","url":"https:\/\/bahiaeconomica.com.br\/wp\/","name":"Bahia Economica","description":"O maior portal de Economia da Bahia","publisher":{"@id":"https:\/\/bahiaeconomica.com.br\/wp\/#organization"},"potentialAction":[{"@type":"SearchAction","target":{"@type":"EntryPoint","urlTemplate":"https:\/\/bahiaeconomica.com.br\/wp\/?s={search_term_string}"},"query-input":"required name=search_term_string"}],"inLanguage":"pt-BR"},{"@type":"Organization","@id":"https:\/\/bahiaeconomica.com.br\/wp\/#organization","name":"Bahia Econ\u00f4mica","url":"https:\/\/bahiaeconomica.com.br\/wp\/","logo":{"@type":"ImageObject","inLanguage":"pt-BR","@id":"https:\/\/bahiaeconomica.com.br\/wp\/#\/schema\/logo\/image\/","url":"https:\/\/bahiaeconomica.com.br\/wp\/wp-content\/uploads\/2020\/12\/cropped-BE.png","contentUrl":"https:\/\/bahiaeconomica.com.br\/wp\/wp-content\/uploads\/2020\/12\/cropped-BE.png","width":512,"height":512,"caption":"Bahia Econ\u00f4mica"},"image":{"@id":"https:\/\/bahiaeconomica.com.br\/wp\/#\/schema\/logo\/image\/"},"sameAs":["https:\/\/www.facebook.com\/bahiaeconomica"]},{"@type":"Person","@id":"https:\/\/bahiaeconomica.com.br\/wp\/#\/schema\/person\/c86d3a3f8960425a0f9d0e5245991f4e","name":"JP","sameAs":["https:\/\/bahiaeconomica.com.br\/wp\/beta\/"],"url":"https:\/\/bahiaeconomica.com.br\/wp\/author\/jp\/"}]}},"views":80,"_links":{"self":[{"href":"https:\/\/bahiaeconomica.com.br\/wp\/wp-json\/wp\/v2\/posts\/897012"}],"collection":[{"href":"https:\/\/bahiaeconomica.com.br\/wp\/wp-json\/wp\/v2\/posts"}],"about":[{"href":"https:\/\/bahiaeconomica.com.br\/wp\/wp-json\/wp\/v2\/types\/post"}],"author":[{"embeddable":true,"href":"https:\/\/bahiaeconomica.com.br\/wp\/wp-json\/wp\/v2\/users\/8"}],"replies":[{"embeddable":true,"href":"https:\/\/bahiaeconomica.com.br\/wp\/wp-json\/wp\/v2\/comments?post=897012"}],"version-history":[{"count":2,"href":"https:\/\/bahiaeconomica.com.br\/wp\/wp-json\/wp\/v2\/posts\/897012\/revisions"}],"predecessor-version":[{"id":897015,"href":"https:\/\/bahiaeconomica.com.br\/wp\/wp-json\/wp\/v2\/posts\/897012\/revisions\/897015"}],"wp:featuredmedia":[{"embeddable":true,"href":"https:\/\/bahiaeconomica.com.br\/wp\/wp-json\/wp\/v2\/media\/897013"}],"wp:attachment":[{"href":"https:\/\/bahiaeconomica.com.br\/wp\/wp-json\/wp\/v2\/media?parent=897012"}],"wp:term":[{"taxonomy":"category","embeddable":true,"href":"https:\/\/bahiaeconomica.com.br\/wp\/wp-json\/wp\/v2\/categories?post=897012"},{"taxonomy":"post_tag","embeddable":true,"href":"https:\/\/bahiaeconomica.com.br\/wp\/wp-json\/wp\/v2\/tags?post=897012"}],"curies":[{"name":"wp","href":"https:\/\/api.w.org\/{rel}","templated":true}]}}