{"id":896960,"date":"2025-04-23T18:50:29","date_gmt":"2025-04-23T21:50:29","guid":{"rendered":"https:\/\/bahiaeconomica.com.br\/wp\/?p=896960"},"modified":"2025-04-23T18:42:50","modified_gmt":"2025-04-23T21:42:50","slug":"cinco-dirigentes-do-inss-sao-afastados-por-suspeita-de-irregularidades","status":"publish","type":"post","link":"https:\/\/bahiaeconomica.com.br\/wp\/2025\/04\/23\/cinco-dirigentes-do-inss-sao-afastados-por-suspeita-de-irregularidades\/","title":{"rendered":"CINCO DIRIGENTES DO INSS S\u00c3O AFASTADOS POR SUSPEITA DE IRREGULARIDADES"},"content":{"rendered":"<p>As informa\u00e7\u00f5es que auditores da Controladoria-Geral da Uni\u00e3o (CGU) e investigadores da Pol\u00edcia Federal (PF) reuniram enquanto apuravam as suspeitas de que organiza\u00e7\u00f5es da sociedade civil desviaram bilh\u00f5es de reais de aposentados e pensionistas motivaram a Justi\u00e7a Federal a determinar o afastamento cautelar de cinco dos principais dirigentes do Instituto Nacional do Seguro Social (INSS).<\/p>\n<p>Al\u00e9m do presidente da autarquia, vinculada ao Minist\u00e9rio da Previd\u00eancia Social, Alessandro Stefanutto, foram afastados de suas fun\u00e7\u00f5es o diretor de Benef\u00edcios e Relacionamento com o Cidad\u00e3o, Vanderlei Barbosa dos Santos; o procurador-geral junto ao INSS, Virg\u00edlio Ant\u00f4nio Ribeiro de Oliveira Filho; o coordenador-geral de Suporte ao Atendimento ao Cliente, Giovani Batista Fassarella Spiecker, e o coordenador-geral de Pagamentos e Benef\u00edcios, Jacimar Fonseca da Silva.<\/p>\n<p>Procurador federal, Stefanutto ficou \u00e0 frente da Procuradoria-Federal Especializada junto ao INSS de 2011 a 2017. Em 11 de julho de 2023, assumiu a presid\u00eancia da autarquia por indica\u00e7\u00e3o do ministro da Previd\u00eancia Social, Carlos Lupi, que hoje o ministro defendeu o direito de todos os investigados \u00e0 presun\u00e7\u00e3o de inoc\u00eancia.<\/p>\n<p>\u201cQueremos punir exemplarmente qualquer cidad\u00e3o que tenha cometido erros e crimes [\u2026] mas todo mundo \u00e9 inocente at\u00e9 que se prove o contr\u00e1rio\u201d, disse Lupi, durante entrevista coletiva da qual tamb\u00e9m participaram os ministros da Justi\u00e7a e Seguran\u00e7a P\u00fablica, Ricardo Lewandowski, e da CGU, Vinicius de Carvalho, al\u00e9m do diretor-geral da PF, Andrei Rodrigues.<\/p>\n<p>\u201cA indica\u00e7\u00e3o do doutor Stefanutto \u00e9 de minha inteira responsabilidade\u201d, acrescentou Lupi, ao comentar o motivo para ter demitido o presidente afastado do INSS. \u201cEle \u00e9 procurador da Rep\u00fablica, um servidor que, at\u00e9 o momento, tem nos dado demonstra\u00e7\u00e3o de ser exemplar [\u2026] Se o processo [investiga\u00e7\u00e3o] est\u00e1 em curso, n\u00e3o sou eu que tenho que conclu\u00ed-lo. N\u00e3o posso tomar nenhum tipo de decis\u00e3o antes do fim da apura\u00e7\u00e3o [\u2026] Vamos esperar pelo resultado, garantindo o amplo direito de defesa. At\u00e9 para n\u00e3o colocarmos estas pessoas em uma fogueira\u201d, comentou o ministro da Previd\u00eancia.<\/p>\n<p>Poucas horas depois, o Pal\u00e1cio do Planalto confirmou a demiss\u00e3o de Stefanutto.<\/p>\n<p><strong>Policial<br \/>\n<\/strong><br \/>\nSegundo o diretor-geral da PF, Andrei Rodrigues, um policial federal tamb\u00e9m foi afastado cautelarmente. \u201cEle atuava em S\u00e3o Paulo e teve atua\u00e7\u00e3o vinculada a esse grupo criminoso, prestando algum tipo de suporte para o grupo\u201d, afirmou Rodrigues.<\/p>\n<p>\u201c[O agente federal] se aproveitou do cargo para cometer atos criminosos. Ele foi objeto de buscas, e n\u00f3s mesmos [da PF] solicitamos seu afastamento\u201d, acrescentou Rodrigues, ao detalhar que, a pedido dos investigadores, a Justi\u00e7a Federal determinou o afastamento cautelar dos seis servidores p\u00fablicos e autorizou o cumprimento de 211 mandados de busca e apreens\u00e3o e de seis pris\u00f5es tempor\u00e1rias, al\u00e9m do sequestro de bens dos investigados que, juntos, totalizam mais de R$ 1 bilh\u00e3o.<\/p>\n<p>Segundo Rodrigues, a deflagra\u00e7\u00e3o da chamada Opera\u00e7\u00e3o Sem Desconto, nesta manh\u00e3, \u00e9 apenas um passo importante, por\u00e9m, inicial, em uma investiga\u00e7\u00e3o que est\u00e1 s\u00f3 come\u00e7ando. \u201cEsta \u00e9 uma investiga\u00e7\u00e3o complexa que est\u00e1 no seu come\u00e7o e que, certamente, vai ter desdobramentos\u201d, refor\u00e7ou Vinicius de Carvalho, da CGU.<\/p>\n<p>Foto: \u00a0Antonio Cruz\/Ag\u00eancia Brasil<\/p>\n","protected":false},"excerpt":{"rendered":"<p>As informa\u00e7\u00f5es que auditores da Controladoria-Geral da Uni\u00e3o (CGU) e investigadores da Pol\u00edcia Federal (PF) reuniram enquanto apuravam as suspeitas de que organiza\u00e7\u00f5es da sociedade civil desviaram bilh\u00f5es de reais de aposentados e pensionistas motivaram a Justi\u00e7a Federal a determinar o afastamento cautelar de cinco dos principais dirigentes do Instituto Nacional do Seguro Social (INSS). [&hellip;]<\/p>\n","protected":false},"author":15,"featured_media":896961,"comment_status":"closed","ping_status":"closed","sticky":false,"template":"","format":"standard","meta":[],"categories":[3],"tags":[63,3506],"acf":[],"yoast_head":"<!-- This site is optimized with the Yoast SEO plugin v20.8 - https:\/\/yoast.com\/wordpress\/plugins\/seo\/ -->\n<title>CINCO DIRIGENTES DO INSS S\u00c3O AFASTADOS POR SUSPEITA DE IRREGULARIDADES - Bahia Economica<\/title>\n<meta name=\"description\" content=\"O maior portal de Economia da Bahia ECONOMIA \/ POL\u00cdTICA Bahia Economica As informa\u00e7\u00f5es que auditores da Controladoria-Geral da Uni\u00e3o (CGU)\" \/>\n<meta name=\"robots\" content=\"index, follow, max-snippet:-1, max-image-preview:large, max-video-preview:-1\" \/>\n<link rel=\"canonical\" href=\"https:\/\/bahiaeconomica.com.br\/wp\/2025\/04\/23\/cinco-dirigentes-do-inss-sao-afastados-por-suspeita-de-irregularidades\/\" \/>\n<meta property=\"og:locale\" content=\"pt_BR\" \/>\n<meta property=\"og:type\" content=\"article\" \/>\n<meta property=\"og:title\" content=\"CINCO DIRIGENTES DO INSS S\u00c3O AFASTADOS POR SUSPEITA DE IRREGULARIDADES - Bahia Economica\" \/>\n<meta property=\"og:description\" content=\"O maior portal de Economia da Bahia ECONOMIA \/ POL\u00cdTICA Bahia Economica As informa\u00e7\u00f5es que auditores da Controladoria-Geral da Uni\u00e3o (CGU)\" \/>\n<meta property=\"og:url\" content=\"https:\/\/bahiaeconomica.com.br\/wp\/2025\/04\/23\/cinco-dirigentes-do-inss-sao-afastados-por-suspeita-de-irregularidades\/\" \/>\n<meta property=\"og:site_name\" content=\"Bahia Economica\" \/>\n<meta property=\"article:publisher\" content=\"https:\/\/www.facebook.com\/bahiaeconomica\" \/>\n<meta property=\"article:published_time\" content=\"2025-04-23T21:50:29+00:00\" \/>\n<meta property=\"article:modified_time\" content=\"2025-04-23T21:42:50+00:00\" \/>\n<meta property=\"og:image\" content=\"https:\/\/bahiaeconomica.com.br\/wp\/wp-content\/uploads\/2025\/04\/0d4a7487baixa.webp\" \/>\n\t<meta property=\"og:image:width\" content=\"1170\" \/>\n\t<meta property=\"og:image:height\" content=\"700\" \/>\n\t<meta property=\"og:image:type\" content=\"image\/webp\" \/>\n<meta name=\"author\" content=\"VICTORIA ISABEL\" \/>\n<meta name=\"twitter:card\" content=\"summary_large_image\" \/>\n<meta name=\"twitter:label1\" content=\"Escrito por\" \/>\n\t<meta name=\"twitter:data1\" content=\"VICTORIA ISABEL\" \/>\n\t<meta name=\"twitter:label2\" content=\"Est. tempo de leitura\" \/>\n\t<meta name=\"twitter:data2\" content=\"3 minutos\" \/>\n<script type=\"application\/ld+json\" class=\"yoast-schema-graph\">{\"@context\":\"https:\/\/schema.org\",\"@graph\":[{\"@type\":\"Article\",\"@id\":\"https:\/\/bahiaeconomica.com.br\/wp\/2025\/04\/23\/cinco-dirigentes-do-inss-sao-afastados-por-suspeita-de-irregularidades\/#article\",\"isPartOf\":{\"@id\":\"https:\/\/bahiaeconomica.com.br\/wp\/2025\/04\/23\/cinco-dirigentes-do-inss-sao-afastados-por-suspeita-de-irregularidades\/\"},\"author\":{\"name\":\"VICTORIA ISABEL\",\"@id\":\"https:\/\/bahiaeconomica.com.br\/wp\/#\/schema\/person\/b719ce0fb1c09f3c7a00d9243ced4a6f\"},\"headline\":\"CINCO DIRIGENTES DO INSS S\u00c3O AFASTADOS POR SUSPEITA DE IRREGULARIDADES\",\"datePublished\":\"2025-04-23T21:50:29+00:00\",\"dateModified\":\"2025-04-23T21:42:50+00:00\",\"mainEntityOfPage\":{\"@id\":\"https:\/\/bahiaeconomica.com.br\/wp\/2025\/04\/23\/cinco-dirigentes-do-inss-sao-afastados-por-suspeita-de-irregularidades\/\"},\"wordCount\":551,\"publisher\":{\"@id\":\"https:\/\/bahiaeconomica.com.br\/wp\/#organization\"},\"keywords\":[\"INSS\",\"irregularidades\"],\"articleSection\":[\"ECONOMIA \/ POL\u00cdTICA\"],\"inLanguage\":\"pt-BR\"},{\"@type\":\"WebPage\",\"@id\":\"https:\/\/bahiaeconomica.com.br\/wp\/2025\/04\/23\/cinco-dirigentes-do-inss-sao-afastados-por-suspeita-de-irregularidades\/\",\"url\":\"https:\/\/bahiaeconomica.com.br\/wp\/2025\/04\/23\/cinco-dirigentes-do-inss-sao-afastados-por-suspeita-de-irregularidades\/\",\"name\":\"CINCO DIRIGENTES DO INSS S\u00c3O AFASTADOS POR SUSPEITA DE IRREGULARIDADES - Bahia Economica\",\"isPartOf\":{\"@id\":\"https:\/\/bahiaeconomica.com.br\/wp\/#website\"},\"datePublished\":\"2025-04-23T21:50:29+00:00\",\"dateModified\":\"2025-04-23T21:42:50+00:00\",\"description\":\"O maior portal de Economia da Bahia ECONOMIA \/ POL\u00cdTICA Bahia Economica As informa\u00e7\u00f5es que auditores da Controladoria-Geral da Uni\u00e3o (CGU)\",\"breadcrumb\":{\"@id\":\"https:\/\/bahiaeconomica.com.br\/wp\/2025\/04\/23\/cinco-dirigentes-do-inss-sao-afastados-por-suspeita-de-irregularidades\/#breadcrumb\"},\"inLanguage\":\"pt-BR\",\"potentialAction\":[{\"@type\":\"ReadAction\",\"target\":[\"https:\/\/bahiaeconomica.com.br\/wp\/2025\/04\/23\/cinco-dirigentes-do-inss-sao-afastados-por-suspeita-de-irregularidades\/\"]}]},{\"@type\":\"BreadcrumbList\",\"@id\":\"https:\/\/bahiaeconomica.com.br\/wp\/2025\/04\/23\/cinco-dirigentes-do-inss-sao-afastados-por-suspeita-de-irregularidades\/#breadcrumb\",\"itemListElement\":[{\"@type\":\"ListItem\",\"position\":1,\"name\":\"In\u00edcio\",\"item\":\"https:\/\/bahiaeconomica.com.br\/wp\/\"},{\"@type\":\"ListItem\",\"position\":2,\"name\":\"CINCO DIRIGENTES DO INSS S\u00c3O AFASTADOS POR SUSPEITA DE IRREGULARIDADES\"}]},{\"@type\":\"WebSite\",\"@id\":\"https:\/\/bahiaeconomica.com.br\/wp\/#website\",\"url\":\"https:\/\/bahiaeconomica.com.br\/wp\/\",\"name\":\"Bahia Economica\",\"description\":\"O maior portal de Economia da Bahia\",\"publisher\":{\"@id\":\"https:\/\/bahiaeconomica.com.br\/wp\/#organization\"},\"potentialAction\":[{\"@type\":\"SearchAction\",\"target\":{\"@type\":\"EntryPoint\",\"urlTemplate\":\"https:\/\/bahiaeconomica.com.br\/wp\/?s={search_term_string}\"},\"query-input\":\"required name=search_term_string\"}],\"inLanguage\":\"pt-BR\"},{\"@type\":\"Organization\",\"@id\":\"https:\/\/bahiaeconomica.com.br\/wp\/#organization\",\"name\":\"Bahia Econ\u00f4mica\",\"url\":\"https:\/\/bahiaeconomica.com.br\/wp\/\",\"logo\":{\"@type\":\"ImageObject\",\"inLanguage\":\"pt-BR\",\"@id\":\"https:\/\/bahiaeconomica.com.br\/wp\/#\/schema\/logo\/image\/\",\"url\":\"https:\/\/bahiaeconomica.com.br\/wp\/wp-content\/uploads\/2020\/12\/cropped-BE.png\",\"contentUrl\":\"https:\/\/bahiaeconomica.com.br\/wp\/wp-content\/uploads\/2020\/12\/cropped-BE.png\",\"width\":512,\"height\":512,\"caption\":\"Bahia Econ\u00f4mica\"},\"image\":{\"@id\":\"https:\/\/bahiaeconomica.com.br\/wp\/#\/schema\/logo\/image\/\"},\"sameAs\":[\"https:\/\/www.facebook.com\/bahiaeconomica\"]},{\"@type\":\"Person\",\"@id\":\"https:\/\/bahiaeconomica.com.br\/wp\/#\/schema\/person\/b719ce0fb1c09f3c7a00d9243ced4a6f\",\"name\":\"VICTORIA ISABEL\",\"sameAs\":[\"http:\/\/www.bahiaeconomica.com.br\"],\"url\":\"https:\/\/bahiaeconomica.com.br\/wp\/author\/victoria-isabel\/\"}]}<\/script>\n<!-- \/ Yoast SEO plugin. -->","yoast_head_json":{"title":"CINCO DIRIGENTES DO INSS S\u00c3O AFASTADOS POR SUSPEITA DE IRREGULARIDADES - Bahia Economica","description":"O maior portal de Economia da Bahia ECONOMIA \/ POL\u00cdTICA Bahia Economica As informa\u00e7\u00f5es que auditores da Controladoria-Geral da Uni\u00e3o (CGU)","robots":{"index":"index","follow":"follow","max-snippet":"max-snippet:-1","max-image-preview":"max-image-preview:large","max-video-preview":"max-video-preview:-1"},"canonical":"https:\/\/bahiaeconomica.com.br\/wp\/2025\/04\/23\/cinco-dirigentes-do-inss-sao-afastados-por-suspeita-de-irregularidades\/","og_locale":"pt_BR","og_type":"article","og_title":"CINCO DIRIGENTES DO INSS S\u00c3O AFASTADOS POR SUSPEITA DE IRREGULARIDADES - Bahia Economica","og_description":"O maior portal de Economia da Bahia ECONOMIA \/ POL\u00cdTICA Bahia Economica As informa\u00e7\u00f5es que auditores da Controladoria-Geral da Uni\u00e3o (CGU)","og_url":"https:\/\/bahiaeconomica.com.br\/wp\/2025\/04\/23\/cinco-dirigentes-do-inss-sao-afastados-por-suspeita-de-irregularidades\/","og_site_name":"Bahia Economica","article_publisher":"https:\/\/www.facebook.com\/bahiaeconomica","article_published_time":"2025-04-23T21:50:29+00:00","article_modified_time":"2025-04-23T21:42:50+00:00","og_image":[{"width":1170,"height":700,"url":"https:\/\/bahiaeconomica.com.br\/wp\/wp-content\/uploads\/2025\/04\/0d4a7487baixa.webp","type":"image\/webp"}],"author":"VICTORIA ISABEL","twitter_card":"summary_large_image","twitter_misc":{"Escrito por":"VICTORIA ISABEL","Est. tempo de leitura":"3 minutos"},"schema":{"@context":"https:\/\/schema.org","@graph":[{"@type":"Article","@id":"https:\/\/bahiaeconomica.com.br\/wp\/2025\/04\/23\/cinco-dirigentes-do-inss-sao-afastados-por-suspeita-de-irregularidades\/#article","isPartOf":{"@id":"https:\/\/bahiaeconomica.com.br\/wp\/2025\/04\/23\/cinco-dirigentes-do-inss-sao-afastados-por-suspeita-de-irregularidades\/"},"author":{"name":"VICTORIA ISABEL","@id":"https:\/\/bahiaeconomica.com.br\/wp\/#\/schema\/person\/b719ce0fb1c09f3c7a00d9243ced4a6f"},"headline":"CINCO DIRIGENTES DO INSS S\u00c3O AFASTADOS POR SUSPEITA DE IRREGULARIDADES","datePublished":"2025-04-23T21:50:29+00:00","dateModified":"2025-04-23T21:42:50+00:00","mainEntityOfPage":{"@id":"https:\/\/bahiaeconomica.com.br\/wp\/2025\/04\/23\/cinco-dirigentes-do-inss-sao-afastados-por-suspeita-de-irregularidades\/"},"wordCount":551,"publisher":{"@id":"https:\/\/bahiaeconomica.com.br\/wp\/#organization"},"keywords":["INSS","irregularidades"],"articleSection":["ECONOMIA \/ POL\u00cdTICA"],"inLanguage":"pt-BR"},{"@type":"WebPage","@id":"https:\/\/bahiaeconomica.com.br\/wp\/2025\/04\/23\/cinco-dirigentes-do-inss-sao-afastados-por-suspeita-de-irregularidades\/","url":"https:\/\/bahiaeconomica.com.br\/wp\/2025\/04\/23\/cinco-dirigentes-do-inss-sao-afastados-por-suspeita-de-irregularidades\/","name":"CINCO DIRIGENTES DO INSS S\u00c3O AFASTADOS POR SUSPEITA DE IRREGULARIDADES - Bahia Economica","isPartOf":{"@id":"https:\/\/bahiaeconomica.com.br\/wp\/#website"},"datePublished":"2025-04-23T21:50:29+00:00","dateModified":"2025-04-23T21:42:50+00:00","description":"O maior portal de Economia da Bahia ECONOMIA \/ POL\u00cdTICA Bahia Economica As informa\u00e7\u00f5es que auditores da Controladoria-Geral da Uni\u00e3o (CGU)","breadcrumb":{"@id":"https:\/\/bahiaeconomica.com.br\/wp\/2025\/04\/23\/cinco-dirigentes-do-inss-sao-afastados-por-suspeita-de-irregularidades\/#breadcrumb"},"inLanguage":"pt-BR","potentialAction":[{"@type":"ReadAction","target":["https:\/\/bahiaeconomica.com.br\/wp\/2025\/04\/23\/cinco-dirigentes-do-inss-sao-afastados-por-suspeita-de-irregularidades\/"]}]},{"@type":"BreadcrumbList","@id":"https:\/\/bahiaeconomica.com.br\/wp\/2025\/04\/23\/cinco-dirigentes-do-inss-sao-afastados-por-suspeita-de-irregularidades\/#breadcrumb","itemListElement":[{"@type":"ListItem","position":1,"name":"In\u00edcio","item":"https:\/\/bahiaeconomica.com.br\/wp\/"},{"@type":"ListItem","position":2,"name":"CINCO DIRIGENTES DO INSS S\u00c3O AFASTADOS POR SUSPEITA DE IRREGULARIDADES"}]},{"@type":"WebSite","@id":"https:\/\/bahiaeconomica.com.br\/wp\/#website","url":"https:\/\/bahiaeconomica.com.br\/wp\/","name":"Bahia Economica","description":"O maior portal de Economia da Bahia","publisher":{"@id":"https:\/\/bahiaeconomica.com.br\/wp\/#organization"},"potentialAction":[{"@type":"SearchAction","target":{"@type":"EntryPoint","urlTemplate":"https:\/\/bahiaeconomica.com.br\/wp\/?s={search_term_string}"},"query-input":"required name=search_term_string"}],"inLanguage":"pt-BR"},{"@type":"Organization","@id":"https:\/\/bahiaeconomica.com.br\/wp\/#organization","name":"Bahia Econ\u00f4mica","url":"https:\/\/bahiaeconomica.com.br\/wp\/","logo":{"@type":"ImageObject","inLanguage":"pt-BR","@id":"https:\/\/bahiaeconomica.com.br\/wp\/#\/schema\/logo\/image\/","url":"https:\/\/bahiaeconomica.com.br\/wp\/wp-content\/uploads\/2020\/12\/cropped-BE.png","contentUrl":"https:\/\/bahiaeconomica.com.br\/wp\/wp-content\/uploads\/2020\/12\/cropped-BE.png","width":512,"height":512,"caption":"Bahia Econ\u00f4mica"},"image":{"@id":"https:\/\/bahiaeconomica.com.br\/wp\/#\/schema\/logo\/image\/"},"sameAs":["https:\/\/www.facebook.com\/bahiaeconomica"]},{"@type":"Person","@id":"https:\/\/bahiaeconomica.com.br\/wp\/#\/schema\/person\/b719ce0fb1c09f3c7a00d9243ced4a6f","name":"VICTORIA ISABEL","sameAs":["http:\/\/www.bahiaeconomica.com.br"],"url":"https:\/\/bahiaeconomica.com.br\/wp\/author\/victoria-isabel\/"}]}},"views":1,"_links":{"self":[{"href":"https:\/\/bahiaeconomica.com.br\/wp\/wp-json\/wp\/v2\/posts\/896960"}],"collection":[{"href":"https:\/\/bahiaeconomica.com.br\/wp\/wp-json\/wp\/v2\/posts"}],"about":[{"href":"https:\/\/bahiaeconomica.com.br\/wp\/wp-json\/wp\/v2\/types\/post"}],"author":[{"embeddable":true,"href":"https:\/\/bahiaeconomica.com.br\/wp\/wp-json\/wp\/v2\/users\/15"}],"replies":[{"embeddable":true,"href":"https:\/\/bahiaeconomica.com.br\/wp\/wp-json\/wp\/v2\/comments?post=896960"}],"version-history":[{"count":1,"href":"https:\/\/bahiaeconomica.com.br\/wp\/wp-json\/wp\/v2\/posts\/896960\/revisions"}],"predecessor-version":[{"id":896962,"href":"https:\/\/bahiaeconomica.com.br\/wp\/wp-json\/wp\/v2\/posts\/896960\/revisions\/896962"}],"wp:featuredmedia":[{"embeddable":true,"href":"https:\/\/bahiaeconomica.com.br\/wp\/wp-json\/wp\/v2\/media\/896961"}],"wp:attachment":[{"href":"https:\/\/bahiaeconomica.com.br\/wp\/wp-json\/wp\/v2\/media?parent=896960"}],"wp:term":[{"taxonomy":"category","embeddable":true,"href":"https:\/\/bahiaeconomica.com.br\/wp\/wp-json\/wp\/v2\/categories?post=896960"},{"taxonomy":"post_tag","embeddable":true,"href":"https:\/\/bahiaeconomica.com.br\/wp\/wp-json\/wp\/v2\/tags?post=896960"}],"curies":[{"name":"wp","href":"https:\/\/api.w.org\/{rel}","templated":true}]}}