{"id":896031,"date":"2025-04-20T11:00:00","date_gmt":"2025-04-20T14:00:00","guid":{"rendered":"https:\/\/bahiaeconomica.com.br\/wp\/?p=896031"},"modified":"2025-04-20T08:37:42","modified_gmt":"2025-04-20T11:37:42","slug":"vitoria-dupla-byd-leva-dois-premios-no-world-car-awards-2025","status":"publish","type":"post","link":"https:\/\/bahiaeconomica.com.br\/wp\/2025\/04\/20\/vitoria-dupla-byd-leva-dois-premios-no-world-car-awards-2025\/","title":{"rendered":"VIT\u00d3RIA DUPLA: BYD LEVA DOIS PR\u00caMIOS NO WORLD CAR AWARDS 2025"},"content":{"rendered":"<p>A BYD foi destaque na prestigiada premia\u00e7\u00e3o World Car Awards 2025, em reconhecimento aos avan\u00e7os conquistados pela greentech, l\u00edder global em ve\u00edculos eletrificados. A 21\u00aa edi\u00e7\u00e3o aconteceu no Auto Show Internacional de Nova York e o BYD Dolphin Mini foi o grande campe\u00e3o da categoria \u201cWorld Urban Car\u201d (Carro Urbano do Ano) e Stella Li, Vice-Presidente Executiva da BYD, eleita Personalidade Mundial do Ano no setor automotivo.<\/p>\n<p>A escolha da BYD nessas premia\u00e7\u00f5es refor\u00e7a o crescente reconhecimento global de sua inova\u00e7\u00e3o tecnol\u00f3gica e influ\u00eancia de marca. O World Car Awards, juntamente com o \u201cEuropean Car of the Year\u201d (Carro do ano na Europa) e o \u201cNorth American Car of the Year (Carro do Ano na Am\u00e9rica do Norte), est\u00e1 entre os pr\u00eamios mais prestigiados do setor automotivo global.<\/p>\n<p>O BYD Dolphin Mini foi escolhido de uma lista de doze ve\u00edculos de todo o mundo. \u201cEstamos orgulhosos e honrados pelo fato de o BYD Dolphin Mini ter sido reconhecido como o Carro Urbano Mundial no World Car Awards 2025. Essa conquista reflete nosso compromisso em fornecer tecnologias sustent\u00e1veis e um servi\u00e7o excepcional a clientes em todo o mundo. Na BYD, nos dedicamos a acelerar a mobilidade verde e contribuir para o esfor\u00e7o global de resfriar a Terra em 1\u00b0C\u201d, comemorou Stella Li, Vice-Presidente Executiva da BYD. O BYD Dolphin Mini conquistou a aprova\u00e7\u00e3o de 96 profissionais da m\u00eddia automotiva mundial, sendo elogiado por seu design diferenciado, tecnologia de ponta e recursos de seguran\u00e7a.<\/p>\n<p>Stella Li \u00e9 a primeira mulher a receber esta honraria na hist\u00f3ria do pr\u00eamio. Com esse reconhecimento, a Vice-Presidente Executiva da BYD consolida sua posi\u00e7\u00e3o como uma das vozes mais influentes na transi\u00e7\u00e3o energ\u00e9tica global. O t\u00edtulo de Personalidade Mundial do Ano no setor automotivo \u00e9 destinado a pessoas que fizeram contribui\u00e7\u00f5es significativas para a ind\u00fastria automotiva no ano anterior. A executiva esteve na Bahia em mar\u00e7o para uma reuni\u00e3o com o Governador Jer\u00f4nimo Rodrigues. No encontro, foram discutidos os avan\u00e7os do projeto da maior f\u00e1brica da companhia fora da China que est\u00e1 em constru\u00e7\u00e3o em Cama\u00e7ari.<\/p>\n<p>O pr\u00eamio \u201cPersonalidade Mundial do Ano no setor automotivo\u201d reconhece a lideran\u00e7a transformadora da Stella Li na ind\u00fastria de ve\u00edculos eletrificados e seu papel fundamental na expans\u00e3o global da BYD em regi\u00f5es estrat\u00e9gicas como a Europa, al\u00e9m da participa\u00e7\u00e3o significativa em mercados como Brasil e M\u00e9xico.<\/p>\n","protected":false},"excerpt":{"rendered":"<p>A BYD foi destaque na prestigiada premia\u00e7\u00e3o World Car Awards 2025, em reconhecimento aos avan\u00e7os conquistados pela greentech, l\u00edder global em ve\u00edculos eletrificados. A 21\u00aa edi\u00e7\u00e3o aconteceu no Auto Show Internacional de Nova York e o BYD Dolphin Mini foi o grande campe\u00e3o da categoria \u201cWorld Urban Car\u201d (Carro Urbano do Ano) e Stella Li, [&hellip;]<\/p>\n","protected":false},"author":8,"featured_media":896033,"comment_status":"closed","ping_status":"closed","sticky":false,"template":"","format":"standard","meta":[],"categories":[3],"tags":[85,6382,100],"acf":[],"yoast_head":"<!-- This site is optimized with the Yoast SEO plugin v20.8 - https:\/\/yoast.com\/wordpress\/plugins\/seo\/ -->\n<title>VIT\u00d3RIA DUPLA: BYD LEVA DOIS PR\u00caMIOS NO WORLD CAR AWARDS 2025 - Bahia Economica<\/title>\n<meta name=\"description\" content=\"O maior portal de Economia da Bahia ECONOMIA \/ POL\u00cdTICA Bahia Economica A BYD foi destaque na prestigiada premia\u00e7\u00e3o World Car Awards 2025\" \/>\n<meta name=\"robots\" content=\"index, follow, max-snippet:-1, max-image-preview:large, max-video-preview:-1\" \/>\n<link rel=\"canonical\" href=\"https:\/\/bahiaeconomica.com.br\/wp\/2025\/04\/20\/vitoria-dupla-byd-leva-dois-premios-no-world-car-awards-2025\/\" \/>\n<meta property=\"og:locale\" content=\"pt_BR\" \/>\n<meta property=\"og:type\" content=\"article\" \/>\n<meta property=\"og:title\" content=\"VIT\u00d3RIA DUPLA: BYD LEVA DOIS PR\u00caMIOS NO WORLD CAR AWARDS 2025 - Bahia Economica\" \/>\n<meta property=\"og:description\" content=\"O maior portal de Economia da Bahia ECONOMIA \/ POL\u00cdTICA Bahia Economica A BYD foi destaque na prestigiada premia\u00e7\u00e3o World Car Awards 2025\" \/>\n<meta property=\"og:url\" content=\"https:\/\/bahiaeconomica.com.br\/wp\/2025\/04\/20\/vitoria-dupla-byd-leva-dois-premios-no-world-car-awards-2025\/\" \/>\n<meta property=\"og:site_name\" content=\"Bahia Economica\" \/>\n<meta property=\"article:publisher\" content=\"https:\/\/www.facebook.com\/bahiaeconomica\" \/>\n<meta property=\"article:published_time\" content=\"2025-04-20T14:00:00+00:00\" \/>\n<meta property=\"article:modified_time\" content=\"2025-04-20T11:37:42+00:00\" \/>\n<meta property=\"og:image\" content=\"https:\/\/bahiaeconomica.com.br\/wp\/wp-content\/uploads\/2025\/04\/WhatsApp-Image-2025-04-17-at-09.43.31.jpeg\" \/>\n\t<meta property=\"og:image:width\" content=\"1600\" \/>\n\t<meta property=\"og:image:height\" content=\"1065\" \/>\n\t<meta property=\"og:image:type\" content=\"image\/jpeg\" \/>\n<meta name=\"author\" content=\"JP\" \/>\n<meta name=\"twitter:card\" content=\"summary_large_image\" \/>\n<meta name=\"twitter:label1\" content=\"Escrito por\" \/>\n\t<meta name=\"twitter:data1\" content=\"JP\" \/>\n\t<meta name=\"twitter:label2\" content=\"Est. tempo de leitura\" \/>\n\t<meta name=\"twitter:data2\" content=\"3 minutos\" \/>\n<script type=\"application\/ld+json\" class=\"yoast-schema-graph\">{\"@context\":\"https:\/\/schema.org\",\"@graph\":[{\"@type\":\"Article\",\"@id\":\"https:\/\/bahiaeconomica.com.br\/wp\/2025\/04\/20\/vitoria-dupla-byd-leva-dois-premios-no-world-car-awards-2025\/#article\",\"isPartOf\":{\"@id\":\"https:\/\/bahiaeconomica.com.br\/wp\/2025\/04\/20\/vitoria-dupla-byd-leva-dois-premios-no-world-car-awards-2025\/\"},\"author\":{\"name\":\"JP\",\"@id\":\"https:\/\/bahiaeconomica.com.br\/wp\/#\/schema\/person\/c86d3a3f8960425a0f9d0e5245991f4e\"},\"headline\":\"VIT\u00d3RIA DUPLA: BYD LEVA DOIS PR\u00caMIOS NO WORLD CAR AWARDS 2025\",\"datePublished\":\"2025-04-20T14:00:00+00:00\",\"dateModified\":\"2025-04-20T11:37:42+00:00\",\"mainEntityOfPage\":{\"@id\":\"https:\/\/bahiaeconomica.com.br\/wp\/2025\/04\/20\/vitoria-dupla-byd-leva-dois-premios-no-world-car-awards-2025\/\"},\"wordCount\":436,\"publisher\":{\"@id\":\"https:\/\/bahiaeconomica.com.br\/wp\/#organization\"},\"keywords\":[\"Bahia\",\"byd\",\"Pol\u00edtica\"],\"articleSection\":[\"ECONOMIA \/ POL\u00cdTICA\"],\"inLanguage\":\"pt-BR\"},{\"@type\":\"WebPage\",\"@id\":\"https:\/\/bahiaeconomica.com.br\/wp\/2025\/04\/20\/vitoria-dupla-byd-leva-dois-premios-no-world-car-awards-2025\/\",\"url\":\"https:\/\/bahiaeconomica.com.br\/wp\/2025\/04\/20\/vitoria-dupla-byd-leva-dois-premios-no-world-car-awards-2025\/\",\"name\":\"VIT\u00d3RIA DUPLA: BYD LEVA DOIS PR\u00caMIOS NO WORLD CAR AWARDS 2025 - Bahia Economica\",\"isPartOf\":{\"@id\":\"https:\/\/bahiaeconomica.com.br\/wp\/#website\"},\"datePublished\":\"2025-04-20T14:00:00+00:00\",\"dateModified\":\"2025-04-20T11:37:42+00:00\",\"description\":\"O maior portal de Economia da Bahia ECONOMIA \/ POL\u00cdTICA Bahia Economica A BYD foi destaque na prestigiada premia\u00e7\u00e3o World Car Awards 2025\",\"breadcrumb\":{\"@id\":\"https:\/\/bahiaeconomica.com.br\/wp\/2025\/04\/20\/vitoria-dupla-byd-leva-dois-premios-no-world-car-awards-2025\/#breadcrumb\"},\"inLanguage\":\"pt-BR\",\"potentialAction\":[{\"@type\":\"ReadAction\",\"target\":[\"https:\/\/bahiaeconomica.com.br\/wp\/2025\/04\/20\/vitoria-dupla-byd-leva-dois-premios-no-world-car-awards-2025\/\"]}]},{\"@type\":\"BreadcrumbList\",\"@id\":\"https:\/\/bahiaeconomica.com.br\/wp\/2025\/04\/20\/vitoria-dupla-byd-leva-dois-premios-no-world-car-awards-2025\/#breadcrumb\",\"itemListElement\":[{\"@type\":\"ListItem\",\"position\":1,\"name\":\"In\u00edcio\",\"item\":\"https:\/\/bahiaeconomica.com.br\/wp\/\"},{\"@type\":\"ListItem\",\"position\":2,\"name\":\"VIT\u00d3RIA DUPLA: BYD LEVA DOIS PR\u00caMIOS NO WORLD CAR AWARDS 2025\"}]},{\"@type\":\"WebSite\",\"@id\":\"https:\/\/bahiaeconomica.com.br\/wp\/#website\",\"url\":\"https:\/\/bahiaeconomica.com.br\/wp\/\",\"name\":\"Bahia Economica\",\"description\":\"O maior portal de Economia da Bahia\",\"publisher\":{\"@id\":\"https:\/\/bahiaeconomica.com.br\/wp\/#organization\"},\"potentialAction\":[{\"@type\":\"SearchAction\",\"target\":{\"@type\":\"EntryPoint\",\"urlTemplate\":\"https:\/\/bahiaeconomica.com.br\/wp\/?s={search_term_string}\"},\"query-input\":\"required name=search_term_string\"}],\"inLanguage\":\"pt-BR\"},{\"@type\":\"Organization\",\"@id\":\"https:\/\/bahiaeconomica.com.br\/wp\/#organization\",\"name\":\"Bahia Econ\u00f4mica\",\"url\":\"https:\/\/bahiaeconomica.com.br\/wp\/\",\"logo\":{\"@type\":\"ImageObject\",\"inLanguage\":\"pt-BR\",\"@id\":\"https:\/\/bahiaeconomica.com.br\/wp\/#\/schema\/logo\/image\/\",\"url\":\"https:\/\/bahiaeconomica.com.br\/wp\/wp-content\/uploads\/2020\/12\/cropped-BE.png\",\"contentUrl\":\"https:\/\/bahiaeconomica.com.br\/wp\/wp-content\/uploads\/2020\/12\/cropped-BE.png\",\"width\":512,\"height\":512,\"caption\":\"Bahia Econ\u00f4mica\"},\"image\":{\"@id\":\"https:\/\/bahiaeconomica.com.br\/wp\/#\/schema\/logo\/image\/\"},\"sameAs\":[\"https:\/\/www.facebook.com\/bahiaeconomica\"]},{\"@type\":\"Person\",\"@id\":\"https:\/\/bahiaeconomica.com.br\/wp\/#\/schema\/person\/c86d3a3f8960425a0f9d0e5245991f4e\",\"name\":\"JP\",\"sameAs\":[\"https:\/\/bahiaeconomica.com.br\/wp\/beta\/\"],\"url\":\"https:\/\/bahiaeconomica.com.br\/wp\/author\/jp\/\"}]}<\/script>\n<!-- \/ Yoast SEO plugin. -->","yoast_head_json":{"title":"VIT\u00d3RIA DUPLA: BYD LEVA DOIS PR\u00caMIOS NO WORLD CAR AWARDS 2025 - Bahia Economica","description":"O maior portal de Economia da Bahia ECONOMIA \/ POL\u00cdTICA Bahia Economica A BYD foi destaque na prestigiada premia\u00e7\u00e3o World Car Awards 2025","robots":{"index":"index","follow":"follow","max-snippet":"max-snippet:-1","max-image-preview":"max-image-preview:large","max-video-preview":"max-video-preview:-1"},"canonical":"https:\/\/bahiaeconomica.com.br\/wp\/2025\/04\/20\/vitoria-dupla-byd-leva-dois-premios-no-world-car-awards-2025\/","og_locale":"pt_BR","og_type":"article","og_title":"VIT\u00d3RIA DUPLA: BYD LEVA DOIS PR\u00caMIOS NO WORLD CAR AWARDS 2025 - Bahia Economica","og_description":"O maior portal de Economia da Bahia ECONOMIA \/ POL\u00cdTICA Bahia Economica A BYD foi destaque na prestigiada premia\u00e7\u00e3o World Car Awards 2025","og_url":"https:\/\/bahiaeconomica.com.br\/wp\/2025\/04\/20\/vitoria-dupla-byd-leva-dois-premios-no-world-car-awards-2025\/","og_site_name":"Bahia Economica","article_publisher":"https:\/\/www.facebook.com\/bahiaeconomica","article_published_time":"2025-04-20T14:00:00+00:00","article_modified_time":"2025-04-20T11:37:42+00:00","og_image":[{"width":1600,"height":1065,"url":"https:\/\/bahiaeconomica.com.br\/wp\/wp-content\/uploads\/2025\/04\/WhatsApp-Image-2025-04-17-at-09.43.31.jpeg","type":"image\/jpeg"}],"author":"JP","twitter_card":"summary_large_image","twitter_misc":{"Escrito por":"JP","Est. tempo de leitura":"3 minutos"},"schema":{"@context":"https:\/\/schema.org","@graph":[{"@type":"Article","@id":"https:\/\/bahiaeconomica.com.br\/wp\/2025\/04\/20\/vitoria-dupla-byd-leva-dois-premios-no-world-car-awards-2025\/#article","isPartOf":{"@id":"https:\/\/bahiaeconomica.com.br\/wp\/2025\/04\/20\/vitoria-dupla-byd-leva-dois-premios-no-world-car-awards-2025\/"},"author":{"name":"JP","@id":"https:\/\/bahiaeconomica.com.br\/wp\/#\/schema\/person\/c86d3a3f8960425a0f9d0e5245991f4e"},"headline":"VIT\u00d3RIA DUPLA: BYD LEVA DOIS PR\u00caMIOS NO WORLD CAR AWARDS 2025","datePublished":"2025-04-20T14:00:00+00:00","dateModified":"2025-04-20T11:37:42+00:00","mainEntityOfPage":{"@id":"https:\/\/bahiaeconomica.com.br\/wp\/2025\/04\/20\/vitoria-dupla-byd-leva-dois-premios-no-world-car-awards-2025\/"},"wordCount":436,"publisher":{"@id":"https:\/\/bahiaeconomica.com.br\/wp\/#organization"},"keywords":["Bahia","byd","Pol\u00edtica"],"articleSection":["ECONOMIA \/ POL\u00cdTICA"],"inLanguage":"pt-BR"},{"@type":"WebPage","@id":"https:\/\/bahiaeconomica.com.br\/wp\/2025\/04\/20\/vitoria-dupla-byd-leva-dois-premios-no-world-car-awards-2025\/","url":"https:\/\/bahiaeconomica.com.br\/wp\/2025\/04\/20\/vitoria-dupla-byd-leva-dois-premios-no-world-car-awards-2025\/","name":"VIT\u00d3RIA DUPLA: BYD LEVA DOIS PR\u00caMIOS NO WORLD CAR AWARDS 2025 - Bahia Economica","isPartOf":{"@id":"https:\/\/bahiaeconomica.com.br\/wp\/#website"},"datePublished":"2025-04-20T14:00:00+00:00","dateModified":"2025-04-20T11:37:42+00:00","description":"O maior portal de Economia da Bahia ECONOMIA \/ POL\u00cdTICA Bahia Economica A BYD foi destaque na prestigiada premia\u00e7\u00e3o World Car Awards 2025","breadcrumb":{"@id":"https:\/\/bahiaeconomica.com.br\/wp\/2025\/04\/20\/vitoria-dupla-byd-leva-dois-premios-no-world-car-awards-2025\/#breadcrumb"},"inLanguage":"pt-BR","potentialAction":[{"@type":"ReadAction","target":["https:\/\/bahiaeconomica.com.br\/wp\/2025\/04\/20\/vitoria-dupla-byd-leva-dois-premios-no-world-car-awards-2025\/"]}]},{"@type":"BreadcrumbList","@id":"https:\/\/bahiaeconomica.com.br\/wp\/2025\/04\/20\/vitoria-dupla-byd-leva-dois-premios-no-world-car-awards-2025\/#breadcrumb","itemListElement":[{"@type":"ListItem","position":1,"name":"In\u00edcio","item":"https:\/\/bahiaeconomica.com.br\/wp\/"},{"@type":"ListItem","position":2,"name":"VIT\u00d3RIA DUPLA: BYD LEVA DOIS PR\u00caMIOS NO WORLD CAR AWARDS 2025"}]},{"@type":"WebSite","@id":"https:\/\/bahiaeconomica.com.br\/wp\/#website","url":"https:\/\/bahiaeconomica.com.br\/wp\/","name":"Bahia Economica","description":"O maior portal de Economia da Bahia","publisher":{"@id":"https:\/\/bahiaeconomica.com.br\/wp\/#organization"},"potentialAction":[{"@type":"SearchAction","target":{"@type":"EntryPoint","urlTemplate":"https:\/\/bahiaeconomica.com.br\/wp\/?s={search_term_string}"},"query-input":"required name=search_term_string"}],"inLanguage":"pt-BR"},{"@type":"Organization","@id":"https:\/\/bahiaeconomica.com.br\/wp\/#organization","name":"Bahia Econ\u00f4mica","url":"https:\/\/bahiaeconomica.com.br\/wp\/","logo":{"@type":"ImageObject","inLanguage":"pt-BR","@id":"https:\/\/bahiaeconomica.com.br\/wp\/#\/schema\/logo\/image\/","url":"https:\/\/bahiaeconomica.com.br\/wp\/wp-content\/uploads\/2020\/12\/cropped-BE.png","contentUrl":"https:\/\/bahiaeconomica.com.br\/wp\/wp-content\/uploads\/2020\/12\/cropped-BE.png","width":512,"height":512,"caption":"Bahia Econ\u00f4mica"},"image":{"@id":"https:\/\/bahiaeconomica.com.br\/wp\/#\/schema\/logo\/image\/"},"sameAs":["https:\/\/www.facebook.com\/bahiaeconomica"]},{"@type":"Person","@id":"https:\/\/bahiaeconomica.com.br\/wp\/#\/schema\/person\/c86d3a3f8960425a0f9d0e5245991f4e","name":"JP","sameAs":["https:\/\/bahiaeconomica.com.br\/wp\/beta\/"],"url":"https:\/\/bahiaeconomica.com.br\/wp\/author\/jp\/"}]}},"views":23,"_links":{"self":[{"href":"https:\/\/bahiaeconomica.com.br\/wp\/wp-json\/wp\/v2\/posts\/896031"}],"collection":[{"href":"https:\/\/bahiaeconomica.com.br\/wp\/wp-json\/wp\/v2\/posts"}],"about":[{"href":"https:\/\/bahiaeconomica.com.br\/wp\/wp-json\/wp\/v2\/types\/post"}],"author":[{"embeddable":true,"href":"https:\/\/bahiaeconomica.com.br\/wp\/wp-json\/wp\/v2\/users\/8"}],"replies":[{"embeddable":true,"href":"https:\/\/bahiaeconomica.com.br\/wp\/wp-json\/wp\/v2\/comments?post=896031"}],"version-history":[{"count":1,"href":"https:\/\/bahiaeconomica.com.br\/wp\/wp-json\/wp\/v2\/posts\/896031\/revisions"}],"predecessor-version":[{"id":896034,"href":"https:\/\/bahiaeconomica.com.br\/wp\/wp-json\/wp\/v2\/posts\/896031\/revisions\/896034"}],"wp:featuredmedia":[{"embeddable":true,"href":"https:\/\/bahiaeconomica.com.br\/wp\/wp-json\/wp\/v2\/media\/896033"}],"wp:attachment":[{"href":"https:\/\/bahiaeconomica.com.br\/wp\/wp-json\/wp\/v2\/media?parent=896031"}],"wp:term":[{"taxonomy":"category","embeddable":true,"href":"https:\/\/bahiaeconomica.com.br\/wp\/wp-json\/wp\/v2\/categories?post=896031"},{"taxonomy":"post_tag","embeddable":true,"href":"https:\/\/bahiaeconomica.com.br\/wp\/wp-json\/wp\/v2\/tags?post=896031"}],"curies":[{"name":"wp","href":"https:\/\/api.w.org\/{rel}","templated":true}]}}