{"id":895762,"date":"2025-01-16T10:17:51","date_gmt":"2025-01-16T13:17:51","guid":{"rendered":"https:\/\/bahiaeconomica.com.br\/wp\/?p=895762"},"modified":"2025-04-16T10:18:40","modified_gmt":"2025-04-16T13:18:40","slug":"colegio-villa-global-discute-adolescencia-em-seu-1o-encontro-tematico-de-2025","status":"publish","type":"post","link":"https:\/\/bahiaeconomica.com.br\/wp\/2025\/01\/16\/colegio-villa-global-discute-adolescencia-em-seu-1o-encontro-tematico-de-2025\/","title":{"rendered":"COL\u00c9GIO VILLA GLOBAL DISCUTE ADOLESC\u00caNCIA EM SEU 1\u00ba ENCONTRO TEM\u00c1TICO DE 2025"},"content":{"rendered":"<p>O Col\u00e9gio Villa Global Education realizou, na \u00faltima semana, a grava\u00e7\u00e3o do seu primeiro Encontro Tem\u00e1tico de 2025, com uma discuss\u00e3o profunda e sens\u00edvel sobre os desafios da adolesc\u00eancia. A conversa foi mediada por Selma Brito, diretora pedag\u00f3gica da institui\u00e7\u00e3o, e teve como ponto de partida a miniss\u00e9rie \u201cAdolesc\u00eancia\u201d, da Netflix, usada como recurso para aproximar fam\u00edlias, educadores e estudantes de reflex\u00f5es contempor\u00e2neas sobre o universo jovem.<\/p>\n<p>O evento, gravado na unidade Villa Paralela, ser\u00e1 exibido nesta quarta-feira, 16 de abril, a partir das 18h, nos canais oficiais do Villa (YouTube, Spotify, Facebook, Instagram e LinkedIn), como parte das a\u00e7\u00f5es que refor\u00e7am o prop\u00f3sito do col\u00e9gio: formar pessoas fortes, felizes, preparadas para transformar suas vidas e o mundo.<\/p>\n<p>Al\u00e9m da equipe pedag\u00f3gica, o encontro reuniu nomes de refer\u00eancia como Clara Ballena, professora de film do Programa IB, o neuropsic\u00f3logo Gustavo Carib\u00e9, os educadores Michael Capinam e Nenrod Douglas da Trilha de Autoconhecimento, e Jazz Siqueira, gestor da cultura internacional da escola. O encontro tamb\u00e9m contou com a participa\u00e7\u00e3o especial de duas estudantes, Maria Carolina Costa (17) e La\u00eds Baltazar (16), que compartilharam suas vis\u00f5es sobre os dilemas da juventude e os impactos do excesso de prote\u00e7\u00e3o familiar.<\/p>\n<p>Um olhar sobre a educa\u00e7\u00e3o contempor\u00e2nea<\/p>\n<p>Com foco nas dimens\u00f5es escolares de interculturalidade e multiletramento, o evento destacou a corresponsabilidade entre escola e fam\u00edlia no processo de desenvolvimento dos adolescentes. Foram abordados temas como maturidade emocional, o papel das redes sociais, a masculinidade t\u00f3xica, o sil\u00eancio geracional e os desafios da comunica\u00e7\u00e3o entre pais e filhos.<\/p>\n<p>Clara Ballena apontou como a s\u00e9rie revela riscos invis\u00edveis presentes no cotidiano digital dos jovens. Nenrod Douglas trouxe o conceito de \u201ccomunica\u00e7\u00e3o regenerativa\u201d, ressaltando a import\u00e2ncia de resgatar o di\u00e1logo como ferramenta de crescimento. Gustavo Carib\u00e9 destacou o impacto da globaliza\u00e7\u00e3o nos processos de amadurecimento e a import\u00e2ncia de diferenciar risco e prote\u00e7\u00e3o. J\u00e1 Jazz Siqueira trouxe \u00e0 tona uma reflex\u00e3o sobre o papel dos pais e a necessidade de promover mais intimidade emocional com os filhos.<\/p>\n<p>A diretora pedag\u00f3gica, Selma Brito, encerrou o encontro com uma mensagem potente: \u201cEssa s\u00e9rie foi um presente. Ela nos convida \u00e0 escuta e \u00e0 desconstru\u00e7\u00e3o do sil\u00eancio. As conversas continuam em sala de aula, e a reflex\u00e3o \u00e9 um chamado coletivo para educar com responsabilidade e afeto\u201d.<\/p>\n<p>O Encontro Tem\u00e1tico \u00e9 uma iniciativa permanente do Villa, com duas edi\u00e7\u00f5es por ano, e reafirma o compromisso da escola com um ensino que integra compet\u00eancias do Enem com pr\u00e1ticas curriculares internacionais \u2014 sempre conectado com a realidade dos alunos e suas fam\u00edlias. A proposta \u00e9 alcan\u00e7ar n\u00e3o apenas a comunidade escolar, mas toda a sociedade que se interessa por temas ligados \u00e0 juventude e \u00e0 educa\u00e7\u00e3o.<\/p>\n<p>Fotos: Divulga\u00e7\u00e3o Col\u00e9gio Villa Global Education<\/p>\n","protected":false},"excerpt":{"rendered":"<p>O Col\u00e9gio Villa Global Education realizou, na \u00faltima semana, a grava\u00e7\u00e3o do seu primeiro Encontro Tem\u00e1tico de 2025, com uma discuss\u00e3o profunda e sens\u00edvel sobre os desafios da adolesc\u00eancia. A conversa foi mediada por Selma Brito, diretora pedag\u00f3gica da institui\u00e7\u00e3o, e teve como ponto de partida a miniss\u00e9rie \u201cAdolesc\u00eancia\u201d, da Netflix, usada como recurso para [&hellip;]<\/p>\n","protected":false},"author":8,"featured_media":895763,"comment_status":"closed","ping_status":"closed","sticky":false,"template":"","format":"standard","meta":[],"categories":[21],"tags":[],"acf":[],"yoast_head":"<!-- This site is optimized with the Yoast SEO plugin v20.8 - https:\/\/yoast.com\/wordpress\/plugins\/seo\/ -->\n<title>COL\u00c9GIO VILLA GLOBAL DISCUTE ADOLESC\u00caNCIA EM SEU 1\u00ba ENCONTRO TEM\u00c1TICO DE 2025 - Bahia Economica<\/title>\n<meta name=\"description\" content=\"O maior portal de Economia da Bahia Sa\u00fade \/ Educa\u00e7\u00e3o Bahia Economica\" \/>\n<meta name=\"robots\" content=\"index, follow, max-snippet:-1, max-image-preview:large, max-video-preview:-1\" \/>\n<link rel=\"canonical\" href=\"https:\/\/bahiaeconomica.com.br\/wp\/2025\/01\/16\/colegio-villa-global-discute-adolescencia-em-seu-1o-encontro-tematico-de-2025\/\" \/>\n<meta property=\"og:locale\" content=\"pt_BR\" \/>\n<meta property=\"og:type\" content=\"article\" \/>\n<meta property=\"og:title\" content=\"COL\u00c9GIO VILLA GLOBAL DISCUTE ADOLESC\u00caNCIA EM SEU 1\u00ba ENCONTRO TEM\u00c1TICO DE 2025 - Bahia Economica\" \/>\n<meta property=\"og:description\" content=\"O maior portal de Economia da Bahia Sa\u00fade \/ Educa\u00e7\u00e3o Bahia Economica\" \/>\n<meta property=\"og:url\" content=\"https:\/\/bahiaeconomica.com.br\/wp\/2025\/01\/16\/colegio-villa-global-discute-adolescencia-em-seu-1o-encontro-tematico-de-2025\/\" \/>\n<meta property=\"og:site_name\" content=\"Bahia Economica\" \/>\n<meta property=\"article:publisher\" content=\"https:\/\/www.facebook.com\/bahiaeconomica\" \/>\n<meta property=\"article:published_time\" content=\"2025-01-16T13:17:51+00:00\" \/>\n<meta property=\"article:modified_time\" content=\"2025-04-16T13:18:40+00:00\" \/>\n<meta property=\"og:image\" content=\"https:\/\/bahiaeconomica.com.br\/wp\/wp-content\/uploads\/2025\/04\/WhatsApp-Image-2025-04-16-at-10.16.53.jpeg\" \/>\n\t<meta property=\"og:image:width\" content=\"1600\" \/>\n\t<meta property=\"og:image:height\" content=\"900\" \/>\n\t<meta property=\"og:image:type\" content=\"image\/jpeg\" \/>\n<meta name=\"author\" content=\"JP\" \/>\n<meta name=\"twitter:card\" content=\"summary_large_image\" \/>\n<meta name=\"twitter:label1\" content=\"Escrito por\" \/>\n\t<meta name=\"twitter:data1\" content=\"JP\" \/>\n\t<meta name=\"twitter:label2\" content=\"Est. tempo de leitura\" \/>\n\t<meta name=\"twitter:data2\" content=\"3 minutos\" \/>\n<script type=\"application\/ld+json\" class=\"yoast-schema-graph\">{\"@context\":\"https:\/\/schema.org\",\"@graph\":[{\"@type\":\"Article\",\"@id\":\"https:\/\/bahiaeconomica.com.br\/wp\/2025\/01\/16\/colegio-villa-global-discute-adolescencia-em-seu-1o-encontro-tematico-de-2025\/#article\",\"isPartOf\":{\"@id\":\"https:\/\/bahiaeconomica.com.br\/wp\/2025\/01\/16\/colegio-villa-global-discute-adolescencia-em-seu-1o-encontro-tematico-de-2025\/\"},\"author\":{\"name\":\"JP\",\"@id\":\"https:\/\/bahiaeconomica.com.br\/wp\/#\/schema\/person\/c86d3a3f8960425a0f9d0e5245991f4e\"},\"headline\":\"COL\u00c9GIO VILLA GLOBAL DISCUTE ADOLESC\u00caNCIA EM SEU 1\u00ba ENCONTRO TEM\u00c1TICO DE 2025\",\"datePublished\":\"2025-01-16T13:17:51+00:00\",\"dateModified\":\"2025-04-16T13:18:40+00:00\",\"mainEntityOfPage\":{\"@id\":\"https:\/\/bahiaeconomica.com.br\/wp\/2025\/01\/16\/colegio-villa-global-discute-adolescencia-em-seu-1o-encontro-tematico-de-2025\/\"},\"wordCount\":507,\"publisher\":{\"@id\":\"https:\/\/bahiaeconomica.com.br\/wp\/#organization\"},\"articleSection\":[\"Sa\u00fade \/ Educa\u00e7\u00e3o\"],\"inLanguage\":\"pt-BR\"},{\"@type\":\"WebPage\",\"@id\":\"https:\/\/bahiaeconomica.com.br\/wp\/2025\/01\/16\/colegio-villa-global-discute-adolescencia-em-seu-1o-encontro-tematico-de-2025\/\",\"url\":\"https:\/\/bahiaeconomica.com.br\/wp\/2025\/01\/16\/colegio-villa-global-discute-adolescencia-em-seu-1o-encontro-tematico-de-2025\/\",\"name\":\"COL\u00c9GIO VILLA GLOBAL DISCUTE ADOLESC\u00caNCIA EM SEU 1\u00ba ENCONTRO TEM\u00c1TICO DE 2025 - Bahia Economica\",\"isPartOf\":{\"@id\":\"https:\/\/bahiaeconomica.com.br\/wp\/#website\"},\"datePublished\":\"2025-01-16T13:17:51+00:00\",\"dateModified\":\"2025-04-16T13:18:40+00:00\",\"description\":\"O maior portal de Economia da Bahia Sa\u00fade \/ Educa\u00e7\u00e3o Bahia Economica\",\"breadcrumb\":{\"@id\":\"https:\/\/bahiaeconomica.com.br\/wp\/2025\/01\/16\/colegio-villa-global-discute-adolescencia-em-seu-1o-encontro-tematico-de-2025\/#breadcrumb\"},\"inLanguage\":\"pt-BR\",\"potentialAction\":[{\"@type\":\"ReadAction\",\"target\":[\"https:\/\/bahiaeconomica.com.br\/wp\/2025\/01\/16\/colegio-villa-global-discute-adolescencia-em-seu-1o-encontro-tematico-de-2025\/\"]}]},{\"@type\":\"BreadcrumbList\",\"@id\":\"https:\/\/bahiaeconomica.com.br\/wp\/2025\/01\/16\/colegio-villa-global-discute-adolescencia-em-seu-1o-encontro-tematico-de-2025\/#breadcrumb\",\"itemListElement\":[{\"@type\":\"ListItem\",\"position\":1,\"name\":\"In\u00edcio\",\"item\":\"https:\/\/bahiaeconomica.com.br\/wp\/\"},{\"@type\":\"ListItem\",\"position\":2,\"name\":\"COL\u00c9GIO VILLA GLOBAL DISCUTE ADOLESC\u00caNCIA EM SEU 1\u00ba ENCONTRO TEM\u00c1TICO DE 2025\"}]},{\"@type\":\"WebSite\",\"@id\":\"https:\/\/bahiaeconomica.com.br\/wp\/#website\",\"url\":\"https:\/\/bahiaeconomica.com.br\/wp\/\",\"name\":\"Bahia Economica\",\"description\":\"O maior portal de Economia da Bahia\",\"publisher\":{\"@id\":\"https:\/\/bahiaeconomica.com.br\/wp\/#organization\"},\"potentialAction\":[{\"@type\":\"SearchAction\",\"target\":{\"@type\":\"EntryPoint\",\"urlTemplate\":\"https:\/\/bahiaeconomica.com.br\/wp\/?s={search_term_string}\"},\"query-input\":\"required name=search_term_string\"}],\"inLanguage\":\"pt-BR\"},{\"@type\":\"Organization\",\"@id\":\"https:\/\/bahiaeconomica.com.br\/wp\/#organization\",\"name\":\"Bahia Econ\u00f4mica\",\"url\":\"https:\/\/bahiaeconomica.com.br\/wp\/\",\"logo\":{\"@type\":\"ImageObject\",\"inLanguage\":\"pt-BR\",\"@id\":\"https:\/\/bahiaeconomica.com.br\/wp\/#\/schema\/logo\/image\/\",\"url\":\"https:\/\/bahiaeconomica.com.br\/wp\/wp-content\/uploads\/2020\/12\/cropped-BE.png\",\"contentUrl\":\"https:\/\/bahiaeconomica.com.br\/wp\/wp-content\/uploads\/2020\/12\/cropped-BE.png\",\"width\":512,\"height\":512,\"caption\":\"Bahia Econ\u00f4mica\"},\"image\":{\"@id\":\"https:\/\/bahiaeconomica.com.br\/wp\/#\/schema\/logo\/image\/\"},\"sameAs\":[\"https:\/\/www.facebook.com\/bahiaeconomica\"]},{\"@type\":\"Person\",\"@id\":\"https:\/\/bahiaeconomica.com.br\/wp\/#\/schema\/person\/c86d3a3f8960425a0f9d0e5245991f4e\",\"name\":\"JP\",\"sameAs\":[\"https:\/\/bahiaeconomica.com.br\/wp\/beta\/\"],\"url\":\"https:\/\/bahiaeconomica.com.br\/wp\/author\/jp\/\"}]}<\/script>\n<!-- \/ Yoast SEO plugin. -->","yoast_head_json":{"title":"COL\u00c9GIO VILLA GLOBAL DISCUTE ADOLESC\u00caNCIA EM SEU 1\u00ba ENCONTRO TEM\u00c1TICO DE 2025 - Bahia Economica","description":"O maior portal de Economia da Bahia Sa\u00fade \/ Educa\u00e7\u00e3o Bahia Economica","robots":{"index":"index","follow":"follow","max-snippet":"max-snippet:-1","max-image-preview":"max-image-preview:large","max-video-preview":"max-video-preview:-1"},"canonical":"https:\/\/bahiaeconomica.com.br\/wp\/2025\/01\/16\/colegio-villa-global-discute-adolescencia-em-seu-1o-encontro-tematico-de-2025\/","og_locale":"pt_BR","og_type":"article","og_title":"COL\u00c9GIO VILLA GLOBAL DISCUTE ADOLESC\u00caNCIA EM SEU 1\u00ba ENCONTRO TEM\u00c1TICO DE 2025 - Bahia Economica","og_description":"O maior portal de Economia da Bahia Sa\u00fade \/ Educa\u00e7\u00e3o Bahia Economica","og_url":"https:\/\/bahiaeconomica.com.br\/wp\/2025\/01\/16\/colegio-villa-global-discute-adolescencia-em-seu-1o-encontro-tematico-de-2025\/","og_site_name":"Bahia Economica","article_publisher":"https:\/\/www.facebook.com\/bahiaeconomica","article_published_time":"2025-01-16T13:17:51+00:00","article_modified_time":"2025-04-16T13:18:40+00:00","og_image":[{"width":1600,"height":900,"url":"https:\/\/bahiaeconomica.com.br\/wp\/wp-content\/uploads\/2025\/04\/WhatsApp-Image-2025-04-16-at-10.16.53.jpeg","type":"image\/jpeg"}],"author":"JP","twitter_card":"summary_large_image","twitter_misc":{"Escrito por":"JP","Est. tempo de leitura":"3 minutos"},"schema":{"@context":"https:\/\/schema.org","@graph":[{"@type":"Article","@id":"https:\/\/bahiaeconomica.com.br\/wp\/2025\/01\/16\/colegio-villa-global-discute-adolescencia-em-seu-1o-encontro-tematico-de-2025\/#article","isPartOf":{"@id":"https:\/\/bahiaeconomica.com.br\/wp\/2025\/01\/16\/colegio-villa-global-discute-adolescencia-em-seu-1o-encontro-tematico-de-2025\/"},"author":{"name":"JP","@id":"https:\/\/bahiaeconomica.com.br\/wp\/#\/schema\/person\/c86d3a3f8960425a0f9d0e5245991f4e"},"headline":"COL\u00c9GIO VILLA GLOBAL DISCUTE ADOLESC\u00caNCIA EM SEU 1\u00ba ENCONTRO TEM\u00c1TICO DE 2025","datePublished":"2025-01-16T13:17:51+00:00","dateModified":"2025-04-16T13:18:40+00:00","mainEntityOfPage":{"@id":"https:\/\/bahiaeconomica.com.br\/wp\/2025\/01\/16\/colegio-villa-global-discute-adolescencia-em-seu-1o-encontro-tematico-de-2025\/"},"wordCount":507,"publisher":{"@id":"https:\/\/bahiaeconomica.com.br\/wp\/#organization"},"articleSection":["Sa\u00fade \/ Educa\u00e7\u00e3o"],"inLanguage":"pt-BR"},{"@type":"WebPage","@id":"https:\/\/bahiaeconomica.com.br\/wp\/2025\/01\/16\/colegio-villa-global-discute-adolescencia-em-seu-1o-encontro-tematico-de-2025\/","url":"https:\/\/bahiaeconomica.com.br\/wp\/2025\/01\/16\/colegio-villa-global-discute-adolescencia-em-seu-1o-encontro-tematico-de-2025\/","name":"COL\u00c9GIO VILLA GLOBAL DISCUTE ADOLESC\u00caNCIA EM SEU 1\u00ba ENCONTRO TEM\u00c1TICO DE 2025 - Bahia Economica","isPartOf":{"@id":"https:\/\/bahiaeconomica.com.br\/wp\/#website"},"datePublished":"2025-01-16T13:17:51+00:00","dateModified":"2025-04-16T13:18:40+00:00","description":"O maior portal de Economia da Bahia Sa\u00fade \/ Educa\u00e7\u00e3o Bahia Economica","breadcrumb":{"@id":"https:\/\/bahiaeconomica.com.br\/wp\/2025\/01\/16\/colegio-villa-global-discute-adolescencia-em-seu-1o-encontro-tematico-de-2025\/#breadcrumb"},"inLanguage":"pt-BR","potentialAction":[{"@type":"ReadAction","target":["https:\/\/bahiaeconomica.com.br\/wp\/2025\/01\/16\/colegio-villa-global-discute-adolescencia-em-seu-1o-encontro-tematico-de-2025\/"]}]},{"@type":"BreadcrumbList","@id":"https:\/\/bahiaeconomica.com.br\/wp\/2025\/01\/16\/colegio-villa-global-discute-adolescencia-em-seu-1o-encontro-tematico-de-2025\/#breadcrumb","itemListElement":[{"@type":"ListItem","position":1,"name":"In\u00edcio","item":"https:\/\/bahiaeconomica.com.br\/wp\/"},{"@type":"ListItem","position":2,"name":"COL\u00c9GIO VILLA GLOBAL DISCUTE ADOLESC\u00caNCIA EM SEU 1\u00ba ENCONTRO TEM\u00c1TICO DE 2025"}]},{"@type":"WebSite","@id":"https:\/\/bahiaeconomica.com.br\/wp\/#website","url":"https:\/\/bahiaeconomica.com.br\/wp\/","name":"Bahia Economica","description":"O maior portal de Economia da Bahia","publisher":{"@id":"https:\/\/bahiaeconomica.com.br\/wp\/#organization"},"potentialAction":[{"@type":"SearchAction","target":{"@type":"EntryPoint","urlTemplate":"https:\/\/bahiaeconomica.com.br\/wp\/?s={search_term_string}"},"query-input":"required name=search_term_string"}],"inLanguage":"pt-BR"},{"@type":"Organization","@id":"https:\/\/bahiaeconomica.com.br\/wp\/#organization","name":"Bahia Econ\u00f4mica","url":"https:\/\/bahiaeconomica.com.br\/wp\/","logo":{"@type":"ImageObject","inLanguage":"pt-BR","@id":"https:\/\/bahiaeconomica.com.br\/wp\/#\/schema\/logo\/image\/","url":"https:\/\/bahiaeconomica.com.br\/wp\/wp-content\/uploads\/2020\/12\/cropped-BE.png","contentUrl":"https:\/\/bahiaeconomica.com.br\/wp\/wp-content\/uploads\/2020\/12\/cropped-BE.png","width":512,"height":512,"caption":"Bahia Econ\u00f4mica"},"image":{"@id":"https:\/\/bahiaeconomica.com.br\/wp\/#\/schema\/logo\/image\/"},"sameAs":["https:\/\/www.facebook.com\/bahiaeconomica"]},{"@type":"Person","@id":"https:\/\/bahiaeconomica.com.br\/wp\/#\/schema\/person\/c86d3a3f8960425a0f9d0e5245991f4e","name":"JP","sameAs":["https:\/\/bahiaeconomica.com.br\/wp\/beta\/"],"url":"https:\/\/bahiaeconomica.com.br\/wp\/author\/jp\/"}]}},"views":7,"_links":{"self":[{"href":"https:\/\/bahiaeconomica.com.br\/wp\/wp-json\/wp\/v2\/posts\/895762"}],"collection":[{"href":"https:\/\/bahiaeconomica.com.br\/wp\/wp-json\/wp\/v2\/posts"}],"about":[{"href":"https:\/\/bahiaeconomica.com.br\/wp\/wp-json\/wp\/v2\/types\/post"}],"author":[{"embeddable":true,"href":"https:\/\/bahiaeconomica.com.br\/wp\/wp-json\/wp\/v2\/users\/8"}],"replies":[{"embeddable":true,"href":"https:\/\/bahiaeconomica.com.br\/wp\/wp-json\/wp\/v2\/comments?post=895762"}],"version-history":[{"count":1,"href":"https:\/\/bahiaeconomica.com.br\/wp\/wp-json\/wp\/v2\/posts\/895762\/revisions"}],"predecessor-version":[{"id":895765,"href":"https:\/\/bahiaeconomica.com.br\/wp\/wp-json\/wp\/v2\/posts\/895762\/revisions\/895765"}],"wp:featuredmedia":[{"embeddable":true,"href":"https:\/\/bahiaeconomica.com.br\/wp\/wp-json\/wp\/v2\/media\/895763"}],"wp:attachment":[{"href":"https:\/\/bahiaeconomica.com.br\/wp\/wp-json\/wp\/v2\/media?parent=895762"}],"wp:term":[{"taxonomy":"category","embeddable":true,"href":"https:\/\/bahiaeconomica.com.br\/wp\/wp-json\/wp\/v2\/categories?post=895762"},{"taxonomy":"post_tag","embeddable":true,"href":"https:\/\/bahiaeconomica.com.br\/wp\/wp-json\/wp\/v2\/tags?post=895762"}],"curies":[{"name":"wp","href":"https:\/\/api.w.org\/{rel}","templated":true}]}}