{"id":895450,"date":"2025-04-15T14:59:06","date_gmt":"2025-04-15T17:59:06","guid":{"rendered":"https:\/\/bahiaeconomica.com.br\/wp\/?p=895450"},"modified":"2025-04-15T13:20:46","modified_gmt":"2025-04-15T16:20:46","slug":"governo-lula-estuda-aumentar-limite-anual-para-mei","status":"publish","type":"post","link":"https:\/\/bahiaeconomica.com.br\/wp\/2025\/04\/15\/governo-lula-estuda-aumentar-limite-anual-para-mei\/","title":{"rendered":"GOVERNO LULA ESTUDA AUMENTAR LIMITE ANUAL PARA MEI"},"content":{"rendered":"<p>O governo federal tem estudado aumentar o limite anual do Microempreendedor individual (MEI), segundo informa\u00e7\u00e3o do ministro do Empreendedorismo, da Microempresa e da Empresa de Pequeno Porte, M\u00e1rcio Fran\u00e7a. De acordo com o ministro, o governo n\u00e3o tem em m\u00e3os um proposta fechada ainda, mas j\u00e1 h\u00e1 o consenso de que o valor do faturamento do ano para quem \u00e9 MEI, hoje em R$ 81 mil, precisa subir.<\/p>\n<p>Segundo a Folha de S\u00e3o Paulo, a ideia que mais agrada ao Planalto \u2014em especial ao Minist\u00e9rio da Fazenda\u2014, \u00e9 a cria\u00e7\u00e3o de uma tabela progressiva que tenha como base o percentual de contribui\u00e7\u00e3o ao Instituto Nacional do Seguro Social (INSS). \u201cA gente sabe que, passados dez anos, evidentemente, o valor ficou desatualizado\u201d, disse o ministro \u00e0 Folha.<\/p>\n<p>Fran\u00e7a acredita que alguma mudan\u00e7a no MEI deve ocorrer ainda neste ano, tendo em vista a aprova\u00e7\u00e3o da reforma tribut\u00e1ria, promulgada em dezembro de 2023 pelo Congresso Nacional, mas que precisa de regulamenta\u00e7\u00e3o.<\/p>\n<p>Isso s\u00f3 seria poss\u00edvel por conta da uni\u00e3o de impostos na simplifica\u00e7\u00e3o do sistema de tributos ap\u00f3s a reforma tribut\u00e1ria, que trar\u00e1 apenas uma guia de pagamentos \u2014o MEI hoje j\u00e1 tem sistema simplificado\u2014, unindo ISS (Imposto sobre Servi\u00e7os) e outros impostos.<\/p>\n<p>Atualmente, o MEI contribui com 5% sobre o sal\u00e1rio m\u00ednimo, de R$ 1.518 neste ano, para garantir benef\u00edcios previdenci\u00e1rios como aposentadoria, aux\u00edlio-doen\u00e7a e pens\u00e3o por morte. H\u00e1 ainda a incid\u00eancia de outros impostos, conforme o tipo de atividade. Em 2025, a contribui\u00e7\u00e3o mensal do microempreendedores est\u00e1 em R$ 75,90 mais imposto conforme a atividade.<\/p>\n<p>Foto: \u00a9 Marcello Casal Jr | Ag\u00eancia Brasil<\/p>\n<p>&nbsp;<\/p>\n","protected":false},"excerpt":{"rendered":"<p>O governo federal tem estudado aumentar o limite anual do Microempreendedor individual (MEI), segundo informa\u00e7\u00e3o do ministro do Empreendedorismo, da Microempresa e da Empresa de Pequeno Porte, M\u00e1rcio Fran\u00e7a. De acordo com o ministro, o governo n\u00e3o tem em m\u00e3os um proposta fechada ainda, mas j\u00e1 h\u00e1 o consenso de que o valor do faturamento [&hellip;]<\/p>\n","protected":false},"author":8,"featured_media":895451,"comment_status":"closed","ping_status":"closed","sticky":false,"template":"","format":"standard","meta":[],"categories":[14,3],"tags":[233,182,405,19949],"acf":[],"yoast_head":"<!-- This site is optimized with the Yoast SEO plugin v20.8 - https:\/\/yoast.com\/wordpress\/plugins\/seo\/ -->\n<title>GOVERNO LULA ESTUDA AUMENTAR LIMITE ANUAL PARA MEI - Bahia Economica<\/title>\n<meta name=\"description\" content=\"O maior portal de Economia da Bahia DESTAQUE DO DIA, ECONOMIA \/ POL\u00cdTICA Bahia Economica\" \/>\n<meta name=\"robots\" content=\"index, follow, max-snippet:-1, max-image-preview:large, max-video-preview:-1\" \/>\n<link rel=\"canonical\" href=\"https:\/\/bahiaeconomica.com.br\/wp\/2025\/04\/15\/governo-lula-estuda-aumentar-limite-anual-para-mei\/\" \/>\n<meta property=\"og:locale\" content=\"pt_BR\" \/>\n<meta property=\"og:type\" content=\"article\" \/>\n<meta property=\"og:title\" content=\"GOVERNO LULA ESTUDA AUMENTAR LIMITE ANUAL PARA MEI - Bahia Economica\" \/>\n<meta property=\"og:description\" content=\"O maior portal de Economia da Bahia DESTAQUE DO DIA, ECONOMIA \/ POL\u00cdTICA Bahia Economica\" \/>\n<meta property=\"og:url\" content=\"https:\/\/bahiaeconomica.com.br\/wp\/2025\/04\/15\/governo-lula-estuda-aumentar-limite-anual-para-mei\/\" \/>\n<meta property=\"og:site_name\" content=\"Bahia Economica\" \/>\n<meta property=\"article:publisher\" content=\"https:\/\/www.facebook.com\/bahiaeconomica\" \/>\n<meta property=\"article:published_time\" content=\"2025-04-15T17:59:06+00:00\" \/>\n<meta property=\"article:modified_time\" content=\"2025-04-15T16:20:46+00:00\" \/>\n<meta property=\"og:image\" content=\"https:\/\/bahiaeconomica.com.br\/wp\/wp-content\/uploads\/2025\/04\/Saiba-quais-profissoes-nao-podem-ser-MEI-em-20250130707900202502131014-ScaleDownProportional.webp\" \/>\n\t<meta property=\"og:image:width\" content=\"1170\" \/>\n\t<meta property=\"og:image:height\" content=\"700\" \/>\n\t<meta property=\"og:image:type\" content=\"image\/webp\" \/>\n<meta name=\"author\" content=\"JP\" \/>\n<meta name=\"twitter:card\" content=\"summary_large_image\" \/>\n<meta name=\"twitter:label1\" content=\"Escrito por\" \/>\n\t<meta name=\"twitter:data1\" content=\"JP\" \/>\n\t<meta name=\"twitter:label2\" content=\"Est. tempo de leitura\" \/>\n\t<meta name=\"twitter:data2\" content=\"2 minutos\" \/>\n<script type=\"application\/ld+json\" class=\"yoast-schema-graph\">{\"@context\":\"https:\/\/schema.org\",\"@graph\":[{\"@type\":\"Article\",\"@id\":\"https:\/\/bahiaeconomica.com.br\/wp\/2025\/04\/15\/governo-lula-estuda-aumentar-limite-anual-para-mei\/#article\",\"isPartOf\":{\"@id\":\"https:\/\/bahiaeconomica.com.br\/wp\/2025\/04\/15\/governo-lula-estuda-aumentar-limite-anual-para-mei\/\"},\"author\":{\"name\":\"JP\",\"@id\":\"https:\/\/bahiaeconomica.com.br\/wp\/#\/schema\/person\/c86d3a3f8960425a0f9d0e5245991f4e\"},\"headline\":\"GOVERNO LULA ESTUDA AUMENTAR LIMITE ANUAL PARA MEI\",\"datePublished\":\"2025-04-15T17:59:06+00:00\",\"dateModified\":\"2025-04-15T16:20:46+00:00\",\"mainEntityOfPage\":{\"@id\":\"https:\/\/bahiaeconomica.com.br\/wp\/2025\/04\/15\/governo-lula-estuda-aumentar-limite-anual-para-mei\/\"},\"wordCount\":291,\"publisher\":{\"@id\":\"https:\/\/bahiaeconomica.com.br\/wp\/#organization\"},\"keywords\":[\"Governo\",\"Lula\",\"MEI\",\"Microempresa\"],\"articleSection\":[\"DESTAQUE DO DIA\",\"ECONOMIA \/ POL\u00cdTICA\"],\"inLanguage\":\"pt-BR\"},{\"@type\":\"WebPage\",\"@id\":\"https:\/\/bahiaeconomica.com.br\/wp\/2025\/04\/15\/governo-lula-estuda-aumentar-limite-anual-para-mei\/\",\"url\":\"https:\/\/bahiaeconomica.com.br\/wp\/2025\/04\/15\/governo-lula-estuda-aumentar-limite-anual-para-mei\/\",\"name\":\"GOVERNO LULA ESTUDA AUMENTAR LIMITE ANUAL PARA MEI - Bahia Economica\",\"isPartOf\":{\"@id\":\"https:\/\/bahiaeconomica.com.br\/wp\/#website\"},\"datePublished\":\"2025-04-15T17:59:06+00:00\",\"dateModified\":\"2025-04-15T16:20:46+00:00\",\"description\":\"O maior portal de Economia da Bahia DESTAQUE DO DIA, ECONOMIA \/ POL\u00cdTICA Bahia Economica\",\"breadcrumb\":{\"@id\":\"https:\/\/bahiaeconomica.com.br\/wp\/2025\/04\/15\/governo-lula-estuda-aumentar-limite-anual-para-mei\/#breadcrumb\"},\"inLanguage\":\"pt-BR\",\"potentialAction\":[{\"@type\":\"ReadAction\",\"target\":[\"https:\/\/bahiaeconomica.com.br\/wp\/2025\/04\/15\/governo-lula-estuda-aumentar-limite-anual-para-mei\/\"]}]},{\"@type\":\"BreadcrumbList\",\"@id\":\"https:\/\/bahiaeconomica.com.br\/wp\/2025\/04\/15\/governo-lula-estuda-aumentar-limite-anual-para-mei\/#breadcrumb\",\"itemListElement\":[{\"@type\":\"ListItem\",\"position\":1,\"name\":\"In\u00edcio\",\"item\":\"https:\/\/bahiaeconomica.com.br\/wp\/\"},{\"@type\":\"ListItem\",\"position\":2,\"name\":\"GOVERNO LULA ESTUDA AUMENTAR LIMITE ANUAL PARA MEI\"}]},{\"@type\":\"WebSite\",\"@id\":\"https:\/\/bahiaeconomica.com.br\/wp\/#website\",\"url\":\"https:\/\/bahiaeconomica.com.br\/wp\/\",\"name\":\"Bahia Economica\",\"description\":\"O maior portal de Economia da Bahia\",\"publisher\":{\"@id\":\"https:\/\/bahiaeconomica.com.br\/wp\/#organization\"},\"potentialAction\":[{\"@type\":\"SearchAction\",\"target\":{\"@type\":\"EntryPoint\",\"urlTemplate\":\"https:\/\/bahiaeconomica.com.br\/wp\/?s={search_term_string}\"},\"query-input\":\"required name=search_term_string\"}],\"inLanguage\":\"pt-BR\"},{\"@type\":\"Organization\",\"@id\":\"https:\/\/bahiaeconomica.com.br\/wp\/#organization\",\"name\":\"Bahia Econ\u00f4mica\",\"url\":\"https:\/\/bahiaeconomica.com.br\/wp\/\",\"logo\":{\"@type\":\"ImageObject\",\"inLanguage\":\"pt-BR\",\"@id\":\"https:\/\/bahiaeconomica.com.br\/wp\/#\/schema\/logo\/image\/\",\"url\":\"https:\/\/bahiaeconomica.com.br\/wp\/wp-content\/uploads\/2020\/12\/cropped-BE.png\",\"contentUrl\":\"https:\/\/bahiaeconomica.com.br\/wp\/wp-content\/uploads\/2020\/12\/cropped-BE.png\",\"width\":512,\"height\":512,\"caption\":\"Bahia Econ\u00f4mica\"},\"image\":{\"@id\":\"https:\/\/bahiaeconomica.com.br\/wp\/#\/schema\/logo\/image\/\"},\"sameAs\":[\"https:\/\/www.facebook.com\/bahiaeconomica\"]},{\"@type\":\"Person\",\"@id\":\"https:\/\/bahiaeconomica.com.br\/wp\/#\/schema\/person\/c86d3a3f8960425a0f9d0e5245991f4e\",\"name\":\"JP\",\"sameAs\":[\"https:\/\/bahiaeconomica.com.br\/wp\/beta\/\"],\"url\":\"https:\/\/bahiaeconomica.com.br\/wp\/author\/jp\/\"}]}<\/script>\n<!-- \/ Yoast SEO plugin. -->","yoast_head_json":{"title":"GOVERNO LULA ESTUDA AUMENTAR LIMITE ANUAL PARA MEI - Bahia Economica","description":"O maior portal de Economia da Bahia DESTAQUE DO DIA, ECONOMIA \/ POL\u00cdTICA Bahia Economica","robots":{"index":"index","follow":"follow","max-snippet":"max-snippet:-1","max-image-preview":"max-image-preview:large","max-video-preview":"max-video-preview:-1"},"canonical":"https:\/\/bahiaeconomica.com.br\/wp\/2025\/04\/15\/governo-lula-estuda-aumentar-limite-anual-para-mei\/","og_locale":"pt_BR","og_type":"article","og_title":"GOVERNO LULA ESTUDA AUMENTAR LIMITE ANUAL PARA MEI - Bahia Economica","og_description":"O maior portal de Economia da Bahia DESTAQUE DO DIA, ECONOMIA \/ POL\u00cdTICA Bahia Economica","og_url":"https:\/\/bahiaeconomica.com.br\/wp\/2025\/04\/15\/governo-lula-estuda-aumentar-limite-anual-para-mei\/","og_site_name":"Bahia Economica","article_publisher":"https:\/\/www.facebook.com\/bahiaeconomica","article_published_time":"2025-04-15T17:59:06+00:00","article_modified_time":"2025-04-15T16:20:46+00:00","og_image":[{"width":1170,"height":700,"url":"https:\/\/bahiaeconomica.com.br\/wp\/wp-content\/uploads\/2025\/04\/Saiba-quais-profissoes-nao-podem-ser-MEI-em-20250130707900202502131014-ScaleDownProportional.webp","type":"image\/webp"}],"author":"JP","twitter_card":"summary_large_image","twitter_misc":{"Escrito por":"JP","Est. tempo de leitura":"2 minutos"},"schema":{"@context":"https:\/\/schema.org","@graph":[{"@type":"Article","@id":"https:\/\/bahiaeconomica.com.br\/wp\/2025\/04\/15\/governo-lula-estuda-aumentar-limite-anual-para-mei\/#article","isPartOf":{"@id":"https:\/\/bahiaeconomica.com.br\/wp\/2025\/04\/15\/governo-lula-estuda-aumentar-limite-anual-para-mei\/"},"author":{"name":"JP","@id":"https:\/\/bahiaeconomica.com.br\/wp\/#\/schema\/person\/c86d3a3f8960425a0f9d0e5245991f4e"},"headline":"GOVERNO LULA ESTUDA AUMENTAR LIMITE ANUAL PARA MEI","datePublished":"2025-04-15T17:59:06+00:00","dateModified":"2025-04-15T16:20:46+00:00","mainEntityOfPage":{"@id":"https:\/\/bahiaeconomica.com.br\/wp\/2025\/04\/15\/governo-lula-estuda-aumentar-limite-anual-para-mei\/"},"wordCount":291,"publisher":{"@id":"https:\/\/bahiaeconomica.com.br\/wp\/#organization"},"keywords":["Governo","Lula","MEI","Microempresa"],"articleSection":["DESTAQUE DO DIA","ECONOMIA \/ POL\u00cdTICA"],"inLanguage":"pt-BR"},{"@type":"WebPage","@id":"https:\/\/bahiaeconomica.com.br\/wp\/2025\/04\/15\/governo-lula-estuda-aumentar-limite-anual-para-mei\/","url":"https:\/\/bahiaeconomica.com.br\/wp\/2025\/04\/15\/governo-lula-estuda-aumentar-limite-anual-para-mei\/","name":"GOVERNO LULA ESTUDA AUMENTAR LIMITE ANUAL PARA MEI - Bahia Economica","isPartOf":{"@id":"https:\/\/bahiaeconomica.com.br\/wp\/#website"},"datePublished":"2025-04-15T17:59:06+00:00","dateModified":"2025-04-15T16:20:46+00:00","description":"O maior portal de Economia da Bahia DESTAQUE DO DIA, ECONOMIA \/ POL\u00cdTICA Bahia Economica","breadcrumb":{"@id":"https:\/\/bahiaeconomica.com.br\/wp\/2025\/04\/15\/governo-lula-estuda-aumentar-limite-anual-para-mei\/#breadcrumb"},"inLanguage":"pt-BR","potentialAction":[{"@type":"ReadAction","target":["https:\/\/bahiaeconomica.com.br\/wp\/2025\/04\/15\/governo-lula-estuda-aumentar-limite-anual-para-mei\/"]}]},{"@type":"BreadcrumbList","@id":"https:\/\/bahiaeconomica.com.br\/wp\/2025\/04\/15\/governo-lula-estuda-aumentar-limite-anual-para-mei\/#breadcrumb","itemListElement":[{"@type":"ListItem","position":1,"name":"In\u00edcio","item":"https:\/\/bahiaeconomica.com.br\/wp\/"},{"@type":"ListItem","position":2,"name":"GOVERNO LULA ESTUDA AUMENTAR LIMITE ANUAL PARA MEI"}]},{"@type":"WebSite","@id":"https:\/\/bahiaeconomica.com.br\/wp\/#website","url":"https:\/\/bahiaeconomica.com.br\/wp\/","name":"Bahia Economica","description":"O maior portal de Economia da Bahia","publisher":{"@id":"https:\/\/bahiaeconomica.com.br\/wp\/#organization"},"potentialAction":[{"@type":"SearchAction","target":{"@type":"EntryPoint","urlTemplate":"https:\/\/bahiaeconomica.com.br\/wp\/?s={search_term_string}"},"query-input":"required name=search_term_string"}],"inLanguage":"pt-BR"},{"@type":"Organization","@id":"https:\/\/bahiaeconomica.com.br\/wp\/#organization","name":"Bahia Econ\u00f4mica","url":"https:\/\/bahiaeconomica.com.br\/wp\/","logo":{"@type":"ImageObject","inLanguage":"pt-BR","@id":"https:\/\/bahiaeconomica.com.br\/wp\/#\/schema\/logo\/image\/","url":"https:\/\/bahiaeconomica.com.br\/wp\/wp-content\/uploads\/2020\/12\/cropped-BE.png","contentUrl":"https:\/\/bahiaeconomica.com.br\/wp\/wp-content\/uploads\/2020\/12\/cropped-BE.png","width":512,"height":512,"caption":"Bahia Econ\u00f4mica"},"image":{"@id":"https:\/\/bahiaeconomica.com.br\/wp\/#\/schema\/logo\/image\/"},"sameAs":["https:\/\/www.facebook.com\/bahiaeconomica"]},{"@type":"Person","@id":"https:\/\/bahiaeconomica.com.br\/wp\/#\/schema\/person\/c86d3a3f8960425a0f9d0e5245991f4e","name":"JP","sameAs":["https:\/\/bahiaeconomica.com.br\/wp\/beta\/"],"url":"https:\/\/bahiaeconomica.com.br\/wp\/author\/jp\/"}]}},"views":19,"_links":{"self":[{"href":"https:\/\/bahiaeconomica.com.br\/wp\/wp-json\/wp\/v2\/posts\/895450"}],"collection":[{"href":"https:\/\/bahiaeconomica.com.br\/wp\/wp-json\/wp\/v2\/posts"}],"about":[{"href":"https:\/\/bahiaeconomica.com.br\/wp\/wp-json\/wp\/v2\/types\/post"}],"author":[{"embeddable":true,"href":"https:\/\/bahiaeconomica.com.br\/wp\/wp-json\/wp\/v2\/users\/8"}],"replies":[{"embeddable":true,"href":"https:\/\/bahiaeconomica.com.br\/wp\/wp-json\/wp\/v2\/comments?post=895450"}],"version-history":[{"count":1,"href":"https:\/\/bahiaeconomica.com.br\/wp\/wp-json\/wp\/v2\/posts\/895450\/revisions"}],"predecessor-version":[{"id":895452,"href":"https:\/\/bahiaeconomica.com.br\/wp\/wp-json\/wp\/v2\/posts\/895450\/revisions\/895452"}],"wp:featuredmedia":[{"embeddable":true,"href":"https:\/\/bahiaeconomica.com.br\/wp\/wp-json\/wp\/v2\/media\/895451"}],"wp:attachment":[{"href":"https:\/\/bahiaeconomica.com.br\/wp\/wp-json\/wp\/v2\/media?parent=895450"}],"wp:term":[{"taxonomy":"category","embeddable":true,"href":"https:\/\/bahiaeconomica.com.br\/wp\/wp-json\/wp\/v2\/categories?post=895450"},{"taxonomy":"post_tag","embeddable":true,"href":"https:\/\/bahiaeconomica.com.br\/wp\/wp-json\/wp\/v2\/tags?post=895450"}],"curies":[{"name":"wp","href":"https:\/\/api.w.org\/{rel}","templated":true}]}}