{"id":893742,"date":"2025-04-08T09:27:56","date_gmt":"2025-04-08T12:27:56","guid":{"rendered":"https:\/\/bahiaeconomica.com.br\/wp\/?p=893742"},"modified":"2025-04-08T08:47:24","modified_gmt":"2025-04-08T11:47:24","slug":"maioria-dos-brasileiros-apoia-prisao-de-bolsonaro-diz-datafolha","status":"publish","type":"post","link":"https:\/\/bahiaeconomica.com.br\/wp\/2025\/04\/08\/maioria-dos-brasileiros-apoia-prisao-de-bolsonaro-diz-datafolha\/","title":{"rendered":"MAIORIA DOS BRASILEIROS APOIA PRIS\u00c3O DE BOLSONARO, DIZ DATAFOLHA"},"content":{"rendered":"<p>Levantamento do Instituto Datafolha realizado entre os dias 1\u00ba e 3 de abril com 3.054 pessoas em 172 munic\u00edpios revela que a maioria da popula\u00e7\u00e3o brasileira \u00e9 favor\u00e1vel \u00e0 pris\u00e3o do ex-presidente Jair Bolsonaro (PL). Segundo os dados, 54% defendem a deten\u00e7\u00e3o, enquanto 40% se op\u00f5em. A margem de erro \u00e9 de dois pontos percentuais.<\/p>\n<p>Bolsonaro tornou-se r\u00e9u recentemente na Primeira Turma do Supremo Tribunal Federal (STF), ap\u00f3s den\u00fancia da Procuradoria-Geral da Rep\u00fablica (PGR), que o acusa de tentar abolir o Estado Democr\u00e1tico de Direito. Ele nega envolvimento direto e alega ter apenas discutido possibilidades constitucionais, sem executar qualquer plano. Ainda assim, continua incentivando atos em favor da anistia aos condenados do 8 de janeiro.<\/p>\n<p>O apoio \u00e0 pris\u00e3o varia conforme a regi\u00e3o. No Nordeste, 59% s\u00e3o favor\u00e1veis. No Norte\/Centro-Oeste, h\u00e1 empate t\u00e9cnico: 47% a favor e 45% contra. No Sul, a maioria (49%) \u00e9 contr\u00e1ria \u00e0 pris\u00e3o, enquanto 46% a defendem. O perfil religioso tamb\u00e9m influencia: entre cat\u00f3licos, 55% apoiam a pris\u00e3o; entre evang\u00e9licos, apenas 38%, com 54% contr\u00e1rios.<\/p>\n<p>Entre os eleitores que afirmam votar em Tarc\u00edsio de Freitas (Republicanos-SP), aliado de Bolsonaro, 79% s\u00e3o contra a pris\u00e3o. Tarc\u00edsio \u00e9 considerado um dos principais nomes do campo bolsonarista para as pr\u00f3ximas elei\u00e7\u00f5es, j\u00e1 que o ex-presidente est\u00e1 ineleg\u00edvel at\u00e9 2030. Entre os apoiadores do governador paulista, 62% acreditam que Bolsonaro n\u00e3o ser\u00e1 preso.<\/p>\n<p>A percep\u00e7\u00e3o sobre a poss\u00edvel pris\u00e3o varia por n\u00edvel socioecon\u00f4mico. Pessoas com ensino superior (50%) e renda acima de dez sal\u00e1rios m\u00ednimos (47%) demonstram mais expectativa pela deten\u00e7\u00e3o. J\u00e1 jovens entre 16 e 24 anos (57%) e aqueles com ensino m\u00e9dio (56%) acreditam que ele permanecer\u00e1 em liberdade.<\/p>\n<p>Foto: Gustavo Moreno\/STF<\/p>\n","protected":false},"excerpt":{"rendered":"<p>Levantamento do Instituto Datafolha realizado entre os dias 1\u00ba e 3 de abril com 3.054 pessoas em 172 munic\u00edpios revela que a maioria da popula\u00e7\u00e3o brasileira \u00e9 favor\u00e1vel \u00e0 pris\u00e3o do ex-presidente Jair Bolsonaro (PL). Segundo os dados, 54% defendem a deten\u00e7\u00e3o, enquanto 40% se op\u00f5em. A margem de erro \u00e9 de dois pontos percentuais. [&hellip;]<\/p>\n","protected":false},"author":20,"featured_media":893743,"comment_status":"closed","ping_status":"closed","sticky":false,"template":"","format":"standard","meta":[],"categories":[14601],"tags":[38236,95,4957,184,277],"acf":[],"yoast_head":"<!-- This site is optimized with the Yoast SEO plugin v20.8 - https:\/\/yoast.com\/wordpress\/plugins\/seo\/ -->\n<title>MAIORIA DOS BRASILEIROS APOIA PRIS\u00c3O DE BOLSONARO, DIZ DATAFOLHA - Bahia Economica<\/title>\n<meta name=\"description\" content=\"O maior portal de Economia da Bahia Pol\u00edtica Bahia Economica A margem de erro \u00e9 de dois pontos percentuais.\" \/>\n<meta name=\"robots\" content=\"index, follow, max-snippet:-1, max-image-preview:large, max-video-preview:-1\" \/>\n<link rel=\"canonical\" href=\"https:\/\/bahiaeconomica.com.br\/wp\/2025\/04\/08\/maioria-dos-brasileiros-apoia-prisao-de-bolsonaro-diz-datafolha\/\" \/>\n<meta property=\"og:locale\" content=\"pt_BR\" \/>\n<meta property=\"og:type\" content=\"article\" \/>\n<meta property=\"og:title\" content=\"MAIORIA DOS BRASILEIROS APOIA PRIS\u00c3O DE BOLSONARO, DIZ DATAFOLHA - Bahia Economica\" \/>\n<meta property=\"og:description\" content=\"O maior portal de Economia da Bahia Pol\u00edtica Bahia Economica A margem de erro \u00e9 de dois pontos percentuais.\" \/>\n<meta property=\"og:url\" content=\"https:\/\/bahiaeconomica.com.br\/wp\/2025\/04\/08\/maioria-dos-brasileiros-apoia-prisao-de-bolsonaro-diz-datafolha\/\" \/>\n<meta property=\"og:site_name\" content=\"Bahia Economica\" \/>\n<meta property=\"article:publisher\" content=\"https:\/\/www.facebook.com\/bahiaeconomica\" \/>\n<meta property=\"article:published_time\" content=\"2025-04-08T12:27:56+00:00\" \/>\n<meta property=\"article:modified_time\" content=\"2025-04-08T11:47:24+00:00\" \/>\n<meta property=\"og:image\" content=\"https:\/\/bahiaeconomica.com.br\/wp\/wp-content\/uploads\/2025\/04\/primeira_turma_do_stf_tem_maioria_para_tornar_reus_bolsonaro_e_mais_sete_por_tentativa_de_golpe_widelg_widelg.jpg\" \/>\n\t<meta property=\"og:image:width\" content=\"800\" \/>\n\t<meta property=\"og:image:height\" content=\"450\" \/>\n\t<meta property=\"og:image:type\" content=\"image\/jpeg\" \/>\n<meta name=\"author\" content=\"BRUNA CARVALHO\" \/>\n<meta name=\"twitter:card\" content=\"summary_large_image\" \/>\n<meta name=\"twitter:label1\" content=\"Escrito por\" \/>\n\t<meta name=\"twitter:data1\" content=\"BRUNA CARVALHO\" \/>\n\t<meta name=\"twitter:label2\" content=\"Est. tempo de leitura\" \/>\n\t<meta name=\"twitter:data2\" content=\"2 minutos\" \/>\n<script type=\"application\/ld+json\" class=\"yoast-schema-graph\">{\"@context\":\"https:\/\/schema.org\",\"@graph\":[{\"@type\":\"Article\",\"@id\":\"https:\/\/bahiaeconomica.com.br\/wp\/2025\/04\/08\/maioria-dos-brasileiros-apoia-prisao-de-bolsonaro-diz-datafolha\/#article\",\"isPartOf\":{\"@id\":\"https:\/\/bahiaeconomica.com.br\/wp\/2025\/04\/08\/maioria-dos-brasileiros-apoia-prisao-de-bolsonaro-diz-datafolha\/\"},\"author\":{\"name\":\"BRUNA CARVALHO\",\"@id\":\"https:\/\/bahiaeconomica.com.br\/wp\/#\/schema\/person\/9310b0e591f5979f6f99773eac5804e6\"},\"headline\":\"MAIORIA DOS BRASILEIROS APOIA PRIS\u00c3O DE BOLSONARO, DIZ DATAFOLHA\",\"datePublished\":\"2025-04-08T12:27:56+00:00\",\"dateModified\":\"2025-04-08T11:47:24+00:00\",\"mainEntityOfPage\":{\"@id\":\"https:\/\/bahiaeconomica.com.br\/wp\/2025\/04\/08\/maioria-dos-brasileiros-apoia-prisao-de-bolsonaro-diz-datafolha\/\"},\"wordCount\":296,\"publisher\":{\"@id\":\"https:\/\/bahiaeconomica.com.br\/wp\/#organization\"},\"keywords\":[\"apoio brasileiros\",\"Bolsonaro\",\"datafolha\",\"Pesquisa\",\"Pris\u00e3o\"],\"articleSection\":[\"Pol\u00edtica\"],\"inLanguage\":\"pt-BR\"},{\"@type\":\"WebPage\",\"@id\":\"https:\/\/bahiaeconomica.com.br\/wp\/2025\/04\/08\/maioria-dos-brasileiros-apoia-prisao-de-bolsonaro-diz-datafolha\/\",\"url\":\"https:\/\/bahiaeconomica.com.br\/wp\/2025\/04\/08\/maioria-dos-brasileiros-apoia-prisao-de-bolsonaro-diz-datafolha\/\",\"name\":\"MAIORIA DOS BRASILEIROS APOIA PRIS\u00c3O DE BOLSONARO, DIZ DATAFOLHA - Bahia Economica\",\"isPartOf\":{\"@id\":\"https:\/\/bahiaeconomica.com.br\/wp\/#website\"},\"datePublished\":\"2025-04-08T12:27:56+00:00\",\"dateModified\":\"2025-04-08T11:47:24+00:00\",\"description\":\"O maior portal de Economia da Bahia Pol\u00edtica Bahia Economica A margem de erro \u00e9 de dois pontos percentuais.\",\"breadcrumb\":{\"@id\":\"https:\/\/bahiaeconomica.com.br\/wp\/2025\/04\/08\/maioria-dos-brasileiros-apoia-prisao-de-bolsonaro-diz-datafolha\/#breadcrumb\"},\"inLanguage\":\"pt-BR\",\"potentialAction\":[{\"@type\":\"ReadAction\",\"target\":[\"https:\/\/bahiaeconomica.com.br\/wp\/2025\/04\/08\/maioria-dos-brasileiros-apoia-prisao-de-bolsonaro-diz-datafolha\/\"]}]},{\"@type\":\"BreadcrumbList\",\"@id\":\"https:\/\/bahiaeconomica.com.br\/wp\/2025\/04\/08\/maioria-dos-brasileiros-apoia-prisao-de-bolsonaro-diz-datafolha\/#breadcrumb\",\"itemListElement\":[{\"@type\":\"ListItem\",\"position\":1,\"name\":\"In\u00edcio\",\"item\":\"https:\/\/bahiaeconomica.com.br\/wp\/\"},{\"@type\":\"ListItem\",\"position\":2,\"name\":\"MAIORIA DOS BRASILEIROS APOIA PRIS\u00c3O DE BOLSONARO, DIZ DATAFOLHA\"}]},{\"@type\":\"WebSite\",\"@id\":\"https:\/\/bahiaeconomica.com.br\/wp\/#website\",\"url\":\"https:\/\/bahiaeconomica.com.br\/wp\/\",\"name\":\"Bahia Economica\",\"description\":\"O maior portal de Economia da Bahia\",\"publisher\":{\"@id\":\"https:\/\/bahiaeconomica.com.br\/wp\/#organization\"},\"potentialAction\":[{\"@type\":\"SearchAction\",\"target\":{\"@type\":\"EntryPoint\",\"urlTemplate\":\"https:\/\/bahiaeconomica.com.br\/wp\/?s={search_term_string}\"},\"query-input\":\"required name=search_term_string\"}],\"inLanguage\":\"pt-BR\"},{\"@type\":\"Organization\",\"@id\":\"https:\/\/bahiaeconomica.com.br\/wp\/#organization\",\"name\":\"Bahia Econ\u00f4mica\",\"url\":\"https:\/\/bahiaeconomica.com.br\/wp\/\",\"logo\":{\"@type\":\"ImageObject\",\"inLanguage\":\"pt-BR\",\"@id\":\"https:\/\/bahiaeconomica.com.br\/wp\/#\/schema\/logo\/image\/\",\"url\":\"https:\/\/bahiaeconomica.com.br\/wp\/wp-content\/uploads\/2020\/12\/cropped-BE.png\",\"contentUrl\":\"https:\/\/bahiaeconomica.com.br\/wp\/wp-content\/uploads\/2020\/12\/cropped-BE.png\",\"width\":512,\"height\":512,\"caption\":\"Bahia Econ\u00f4mica\"},\"image\":{\"@id\":\"https:\/\/bahiaeconomica.com.br\/wp\/#\/schema\/logo\/image\/\"},\"sameAs\":[\"https:\/\/www.facebook.com\/bahiaeconomica\"]},{\"@type\":\"Person\",\"@id\":\"https:\/\/bahiaeconomica.com.br\/wp\/#\/schema\/person\/9310b0e591f5979f6f99773eac5804e6\",\"name\":\"BRUNA CARVALHO\",\"sameAs\":[\"http:\/\/www.bahiaeconomica.com.br\"],\"url\":\"https:\/\/bahiaeconomica.com.br\/wp\/author\/bruna\/\"}]}<\/script>\n<!-- \/ Yoast SEO plugin. -->","yoast_head_json":{"title":"MAIORIA DOS BRASILEIROS APOIA PRIS\u00c3O DE BOLSONARO, DIZ DATAFOLHA - Bahia Economica","description":"O maior portal de Economia da Bahia Pol\u00edtica Bahia Economica A margem de erro \u00e9 de dois pontos percentuais.","robots":{"index":"index","follow":"follow","max-snippet":"max-snippet:-1","max-image-preview":"max-image-preview:large","max-video-preview":"max-video-preview:-1"},"canonical":"https:\/\/bahiaeconomica.com.br\/wp\/2025\/04\/08\/maioria-dos-brasileiros-apoia-prisao-de-bolsonaro-diz-datafolha\/","og_locale":"pt_BR","og_type":"article","og_title":"MAIORIA DOS BRASILEIROS APOIA PRIS\u00c3O DE BOLSONARO, DIZ DATAFOLHA - Bahia Economica","og_description":"O maior portal de Economia da Bahia Pol\u00edtica Bahia Economica A margem de erro \u00e9 de dois pontos percentuais.","og_url":"https:\/\/bahiaeconomica.com.br\/wp\/2025\/04\/08\/maioria-dos-brasileiros-apoia-prisao-de-bolsonaro-diz-datafolha\/","og_site_name":"Bahia Economica","article_publisher":"https:\/\/www.facebook.com\/bahiaeconomica","article_published_time":"2025-04-08T12:27:56+00:00","article_modified_time":"2025-04-08T11:47:24+00:00","og_image":[{"width":800,"height":450,"url":"https:\/\/bahiaeconomica.com.br\/wp\/wp-content\/uploads\/2025\/04\/primeira_turma_do_stf_tem_maioria_para_tornar_reus_bolsonaro_e_mais_sete_por_tentativa_de_golpe_widelg_widelg.jpg","type":"image\/jpeg"}],"author":"BRUNA CARVALHO","twitter_card":"summary_large_image","twitter_misc":{"Escrito por":"BRUNA CARVALHO","Est. tempo de leitura":"2 minutos"},"schema":{"@context":"https:\/\/schema.org","@graph":[{"@type":"Article","@id":"https:\/\/bahiaeconomica.com.br\/wp\/2025\/04\/08\/maioria-dos-brasileiros-apoia-prisao-de-bolsonaro-diz-datafolha\/#article","isPartOf":{"@id":"https:\/\/bahiaeconomica.com.br\/wp\/2025\/04\/08\/maioria-dos-brasileiros-apoia-prisao-de-bolsonaro-diz-datafolha\/"},"author":{"name":"BRUNA CARVALHO","@id":"https:\/\/bahiaeconomica.com.br\/wp\/#\/schema\/person\/9310b0e591f5979f6f99773eac5804e6"},"headline":"MAIORIA DOS BRASILEIROS APOIA PRIS\u00c3O DE BOLSONARO, DIZ DATAFOLHA","datePublished":"2025-04-08T12:27:56+00:00","dateModified":"2025-04-08T11:47:24+00:00","mainEntityOfPage":{"@id":"https:\/\/bahiaeconomica.com.br\/wp\/2025\/04\/08\/maioria-dos-brasileiros-apoia-prisao-de-bolsonaro-diz-datafolha\/"},"wordCount":296,"publisher":{"@id":"https:\/\/bahiaeconomica.com.br\/wp\/#organization"},"keywords":["apoio brasileiros","Bolsonaro","datafolha","Pesquisa","Pris\u00e3o"],"articleSection":["Pol\u00edtica"],"inLanguage":"pt-BR"},{"@type":"WebPage","@id":"https:\/\/bahiaeconomica.com.br\/wp\/2025\/04\/08\/maioria-dos-brasileiros-apoia-prisao-de-bolsonaro-diz-datafolha\/","url":"https:\/\/bahiaeconomica.com.br\/wp\/2025\/04\/08\/maioria-dos-brasileiros-apoia-prisao-de-bolsonaro-diz-datafolha\/","name":"MAIORIA DOS BRASILEIROS APOIA PRIS\u00c3O DE BOLSONARO, DIZ DATAFOLHA - Bahia Economica","isPartOf":{"@id":"https:\/\/bahiaeconomica.com.br\/wp\/#website"},"datePublished":"2025-04-08T12:27:56+00:00","dateModified":"2025-04-08T11:47:24+00:00","description":"O maior portal de Economia da Bahia Pol\u00edtica Bahia Economica A margem de erro \u00e9 de dois pontos percentuais.","breadcrumb":{"@id":"https:\/\/bahiaeconomica.com.br\/wp\/2025\/04\/08\/maioria-dos-brasileiros-apoia-prisao-de-bolsonaro-diz-datafolha\/#breadcrumb"},"inLanguage":"pt-BR","potentialAction":[{"@type":"ReadAction","target":["https:\/\/bahiaeconomica.com.br\/wp\/2025\/04\/08\/maioria-dos-brasileiros-apoia-prisao-de-bolsonaro-diz-datafolha\/"]}]},{"@type":"BreadcrumbList","@id":"https:\/\/bahiaeconomica.com.br\/wp\/2025\/04\/08\/maioria-dos-brasileiros-apoia-prisao-de-bolsonaro-diz-datafolha\/#breadcrumb","itemListElement":[{"@type":"ListItem","position":1,"name":"In\u00edcio","item":"https:\/\/bahiaeconomica.com.br\/wp\/"},{"@type":"ListItem","position":2,"name":"MAIORIA DOS BRASILEIROS APOIA PRIS\u00c3O DE BOLSONARO, DIZ DATAFOLHA"}]},{"@type":"WebSite","@id":"https:\/\/bahiaeconomica.com.br\/wp\/#website","url":"https:\/\/bahiaeconomica.com.br\/wp\/","name":"Bahia Economica","description":"O maior portal de Economia da Bahia","publisher":{"@id":"https:\/\/bahiaeconomica.com.br\/wp\/#organization"},"potentialAction":[{"@type":"SearchAction","target":{"@type":"EntryPoint","urlTemplate":"https:\/\/bahiaeconomica.com.br\/wp\/?s={search_term_string}"},"query-input":"required name=search_term_string"}],"inLanguage":"pt-BR"},{"@type":"Organization","@id":"https:\/\/bahiaeconomica.com.br\/wp\/#organization","name":"Bahia Econ\u00f4mica","url":"https:\/\/bahiaeconomica.com.br\/wp\/","logo":{"@type":"ImageObject","inLanguage":"pt-BR","@id":"https:\/\/bahiaeconomica.com.br\/wp\/#\/schema\/logo\/image\/","url":"https:\/\/bahiaeconomica.com.br\/wp\/wp-content\/uploads\/2020\/12\/cropped-BE.png","contentUrl":"https:\/\/bahiaeconomica.com.br\/wp\/wp-content\/uploads\/2020\/12\/cropped-BE.png","width":512,"height":512,"caption":"Bahia Econ\u00f4mica"},"image":{"@id":"https:\/\/bahiaeconomica.com.br\/wp\/#\/schema\/logo\/image\/"},"sameAs":["https:\/\/www.facebook.com\/bahiaeconomica"]},{"@type":"Person","@id":"https:\/\/bahiaeconomica.com.br\/wp\/#\/schema\/person\/9310b0e591f5979f6f99773eac5804e6","name":"BRUNA CARVALHO","sameAs":["http:\/\/www.bahiaeconomica.com.br"],"url":"https:\/\/bahiaeconomica.com.br\/wp\/author\/bruna\/"}]}},"views":12,"_links":{"self":[{"href":"https:\/\/bahiaeconomica.com.br\/wp\/wp-json\/wp\/v2\/posts\/893742"}],"collection":[{"href":"https:\/\/bahiaeconomica.com.br\/wp\/wp-json\/wp\/v2\/posts"}],"about":[{"href":"https:\/\/bahiaeconomica.com.br\/wp\/wp-json\/wp\/v2\/types\/post"}],"author":[{"embeddable":true,"href":"https:\/\/bahiaeconomica.com.br\/wp\/wp-json\/wp\/v2\/users\/20"}],"replies":[{"embeddable":true,"href":"https:\/\/bahiaeconomica.com.br\/wp\/wp-json\/wp\/v2\/comments?post=893742"}],"version-history":[{"count":1,"href":"https:\/\/bahiaeconomica.com.br\/wp\/wp-json\/wp\/v2\/posts\/893742\/revisions"}],"predecessor-version":[{"id":893747,"href":"https:\/\/bahiaeconomica.com.br\/wp\/wp-json\/wp\/v2\/posts\/893742\/revisions\/893747"}],"wp:featuredmedia":[{"embeddable":true,"href":"https:\/\/bahiaeconomica.com.br\/wp\/wp-json\/wp\/v2\/media\/893743"}],"wp:attachment":[{"href":"https:\/\/bahiaeconomica.com.br\/wp\/wp-json\/wp\/v2\/media?parent=893742"}],"wp:term":[{"taxonomy":"category","embeddable":true,"href":"https:\/\/bahiaeconomica.com.br\/wp\/wp-json\/wp\/v2\/categories?post=893742"},{"taxonomy":"post_tag","embeddable":true,"href":"https:\/\/bahiaeconomica.com.br\/wp\/wp-json\/wp\/v2\/tags?post=893742"}],"curies":[{"name":"wp","href":"https:\/\/api.w.org\/{rel}","templated":true}]}}