{"id":893567,"date":"2025-04-07T15:46:18","date_gmt":"2025-04-07T18:46:18","guid":{"rendered":"https:\/\/bahiaeconomica.com.br\/wp\/?p=893567"},"modified":"2025-04-07T15:46:18","modified_gmt":"2025-04-07T18:46:18","slug":"vitimas-de-violencia-domestica-poderao-reconstruir-dentes-pelo-sus","status":"publish","type":"post","link":"https:\/\/bahiaeconomica.com.br\/wp\/2025\/04\/07\/vitimas-de-violencia-domestica-poderao-reconstruir-dentes-pelo-sus\/","title":{"rendered":"V\u00cdTIMAS DE VIOL\u00caNCIA DOM\u00c9STICA PODER\u00c3O RECONSTRUIR DENTES PELO SUS"},"content":{"rendered":"<p>O Sistema \u00danico de Sa\u00fade (SUS) incluiu o Programa de Reconstru\u00e7\u00e3o Dent\u00e1ria para Mulheres V\u00edtimas de Viol\u00eancia Dom\u00e9stica para realizar procedimentos odontol\u00f3gicos para o p\u00fablico feminino que passou por crimes de agress\u00e3o.<\/p>\n<p>O projeto de lei (PL 4.440\/2024) foi sancionado pelo presidente Luiz In\u00e1cio Lula da Silva (PT) na quarta-feira, 3, e oferecer\u00e1 implantes, pr\u00f3teses e restaura\u00e7\u00f5es em casos de viol\u00eancia.<\/p>\n<p>Segundo o Governo Federal do Brasil, mais de 4 milh\u00f5es de restaura\u00e7\u00f5es dent\u00e1rias gerais ocorreram no SUS em 2024. A entidade ainda alega que, em 2025, R$ 4,9 bilh\u00f5es ser\u00e3o investidos pelo Minist\u00e9rio da Sa\u00fade.<\/p>\n<p>De acordo com o F\u00f3rum Brasileiro de Seguran\u00e7a P\u00fablica, 37,5% das mulheres sofreram algum tipo de viol\u00eancia em 2024. O levantamento tamb\u00e9m alerta que 778 mil v\u00edtimas foram amea\u00e7adas por agressores no mesmo ano. No ano passado, 64% dos feminic\u00eddios ocorreram no ambiente dom\u00e9stico e 258 mil mulheres sofreram les\u00f5es corporais dolosas dentro de casa.<\/p>\n<p>Quem precisar utilizar o Programa de Reconstru\u00e7\u00e3o Dent\u00e1ria para Mulheres V\u00edtimas de Viol\u00eancia Dom\u00e9stica, ter\u00e1 que ter documentos que atestem o crime sofrido. O governo federal tamb\u00e9m define os crit\u00e9rios de acesso \u00e0 iniciativa.<\/p>\n","protected":false},"excerpt":{"rendered":"<p>O Sistema \u00danico de Sa\u00fade (SUS) incluiu o Programa de Reconstru\u00e7\u00e3o Dent\u00e1ria para Mulheres V\u00edtimas de Viol\u00eancia Dom\u00e9stica para realizar procedimentos odontol\u00f3gicos para o p\u00fablico feminino que passou por crimes de agress\u00e3o. O projeto de lei (PL 4.440\/2024) foi sancionado pelo presidente Luiz In\u00e1cio Lula da Silva (PT) na quarta-feira, 3, e oferecer\u00e1 implantes, pr\u00f3teses [&hellip;]<\/p>\n","protected":false},"author":22,"featured_media":825376,"comment_status":"closed","ping_status":"closed","sticky":false,"template":"","format":"standard","meta":[],"categories":[5],"tags":[26335,4699,479,768,2958],"acf":[],"yoast_head":"<!-- This site is optimized with the Yoast SEO plugin v20.8 - https:\/\/yoast.com\/wordpress\/plugins\/seo\/ -->\n<title>V\u00cdTIMAS DE VIOL\u00caNCIA DOM\u00c9STICA PODER\u00c3O RECONSTRUIR DENTES PELO SUS - Bahia Economica<\/title>\n<meta name=\"description\" content=\"O maior portal de Economia da Bahia MUNIC\u00cdPIOS Bahia Economica\" \/>\n<meta name=\"robots\" content=\"index, follow, max-snippet:-1, max-image-preview:large, max-video-preview:-1\" \/>\n<link rel=\"canonical\" href=\"https:\/\/bahiaeconomica.com.br\/wp\/2025\/04\/07\/vitimas-de-violencia-domestica-poderao-reconstruir-dentes-pelo-sus\/\" \/>\n<meta property=\"og:locale\" content=\"pt_BR\" \/>\n<meta property=\"og:type\" content=\"article\" \/>\n<meta property=\"og:title\" content=\"V\u00cdTIMAS DE VIOL\u00caNCIA DOM\u00c9STICA PODER\u00c3O RECONSTRUIR DENTES PELO SUS - Bahia Economica\" \/>\n<meta property=\"og:description\" content=\"O maior portal de Economia da Bahia MUNIC\u00cdPIOS Bahia Economica\" \/>\n<meta property=\"og:url\" content=\"https:\/\/bahiaeconomica.com.br\/wp\/2025\/04\/07\/vitimas-de-violencia-domestica-poderao-reconstruir-dentes-pelo-sus\/\" \/>\n<meta property=\"og:site_name\" content=\"Bahia Economica\" \/>\n<meta property=\"article:publisher\" content=\"https:\/\/www.facebook.com\/bahiaeconomica\" \/>\n<meta property=\"article:published_time\" content=\"2025-04-07T18:46:18+00:00\" \/>\n<meta property=\"og:image\" content=\"https:\/\/bahiaeconomica.com.br\/wp\/wp-content\/uploads\/2024\/06\/dentista-pelo-sus-1619549384187_v2_900x506.jpg\" \/>\n\t<meta property=\"og:image:width\" content=\"900\" \/>\n\t<meta property=\"og:image:height\" content=\"506\" \/>\n\t<meta property=\"og:image:type\" content=\"image\/jpeg\" \/>\n<meta name=\"author\" content=\"Matheus Souza\" \/>\n<meta name=\"twitter:card\" content=\"summary_large_image\" \/>\n<meta name=\"twitter:label1\" content=\"Escrito por\" \/>\n\t<meta name=\"twitter:data1\" content=\"Matheus Souza\" \/>\n\t<meta name=\"twitter:label2\" content=\"Est. tempo de leitura\" \/>\n\t<meta name=\"twitter:data2\" content=\"2 minutos\" \/>\n<script type=\"application\/ld+json\" class=\"yoast-schema-graph\">{\"@context\":\"https:\/\/schema.org\",\"@graph\":[{\"@type\":\"Article\",\"@id\":\"https:\/\/bahiaeconomica.com.br\/wp\/2025\/04\/07\/vitimas-de-violencia-domestica-poderao-reconstruir-dentes-pelo-sus\/#article\",\"isPartOf\":{\"@id\":\"https:\/\/bahiaeconomica.com.br\/wp\/2025\/04\/07\/vitimas-de-violencia-domestica-poderao-reconstruir-dentes-pelo-sus\/\"},\"author\":{\"name\":\"Matheus Souza\",\"@id\":\"https:\/\/bahiaeconomica.com.br\/wp\/#\/schema\/person\/3304d50cfd32353c7d08c39066638997\"},\"headline\":\"V\u00cdTIMAS DE VIOL\u00caNCIA DOM\u00c9STICA PODER\u00c3O RECONSTRUIR DENTES PELO SUS\",\"datePublished\":\"2025-04-07T18:46:18+00:00\",\"dateModified\":\"2025-04-07T18:46:18+00:00\",\"mainEntityOfPage\":{\"@id\":\"https:\/\/bahiaeconomica.com.br\/wp\/2025\/04\/07\/vitimas-de-violencia-domestica-poderao-reconstruir-dentes-pelo-sus\/\"},\"wordCount\":223,\"publisher\":{\"@id\":\"https:\/\/bahiaeconomica.com.br\/wp\/#organization\"},\"keywords\":[\"dentes\",\"reconstru\u00e7\u00e3o\",\"SUS\",\"viol\u00eancia\",\"VITIMAS\"],\"articleSection\":[\"MUNIC\u00cdPIOS\"],\"inLanguage\":\"pt-BR\"},{\"@type\":\"WebPage\",\"@id\":\"https:\/\/bahiaeconomica.com.br\/wp\/2025\/04\/07\/vitimas-de-violencia-domestica-poderao-reconstruir-dentes-pelo-sus\/\",\"url\":\"https:\/\/bahiaeconomica.com.br\/wp\/2025\/04\/07\/vitimas-de-violencia-domestica-poderao-reconstruir-dentes-pelo-sus\/\",\"name\":\"V\u00cdTIMAS DE VIOL\u00caNCIA DOM\u00c9STICA PODER\u00c3O RECONSTRUIR DENTES PELO SUS - Bahia Economica\",\"isPartOf\":{\"@id\":\"https:\/\/bahiaeconomica.com.br\/wp\/#website\"},\"datePublished\":\"2025-04-07T18:46:18+00:00\",\"dateModified\":\"2025-04-07T18:46:18+00:00\",\"description\":\"O maior portal de Economia da Bahia MUNIC\u00cdPIOS Bahia Economica\",\"breadcrumb\":{\"@id\":\"https:\/\/bahiaeconomica.com.br\/wp\/2025\/04\/07\/vitimas-de-violencia-domestica-poderao-reconstruir-dentes-pelo-sus\/#breadcrumb\"},\"inLanguage\":\"pt-BR\",\"potentialAction\":[{\"@type\":\"ReadAction\",\"target\":[\"https:\/\/bahiaeconomica.com.br\/wp\/2025\/04\/07\/vitimas-de-violencia-domestica-poderao-reconstruir-dentes-pelo-sus\/\"]}]},{\"@type\":\"BreadcrumbList\",\"@id\":\"https:\/\/bahiaeconomica.com.br\/wp\/2025\/04\/07\/vitimas-de-violencia-domestica-poderao-reconstruir-dentes-pelo-sus\/#breadcrumb\",\"itemListElement\":[{\"@type\":\"ListItem\",\"position\":1,\"name\":\"In\u00edcio\",\"item\":\"https:\/\/bahiaeconomica.com.br\/wp\/\"},{\"@type\":\"ListItem\",\"position\":2,\"name\":\"V\u00cdTIMAS DE VIOL\u00caNCIA DOM\u00c9STICA PODER\u00c3O RECONSTRUIR DENTES PELO SUS\"}]},{\"@type\":\"WebSite\",\"@id\":\"https:\/\/bahiaeconomica.com.br\/wp\/#website\",\"url\":\"https:\/\/bahiaeconomica.com.br\/wp\/\",\"name\":\"Bahia Economica\",\"description\":\"O maior portal de Economia da Bahia\",\"publisher\":{\"@id\":\"https:\/\/bahiaeconomica.com.br\/wp\/#organization\"},\"potentialAction\":[{\"@type\":\"SearchAction\",\"target\":{\"@type\":\"EntryPoint\",\"urlTemplate\":\"https:\/\/bahiaeconomica.com.br\/wp\/?s={search_term_string}\"},\"query-input\":\"required name=search_term_string\"}],\"inLanguage\":\"pt-BR\"},{\"@type\":\"Organization\",\"@id\":\"https:\/\/bahiaeconomica.com.br\/wp\/#organization\",\"name\":\"Bahia Econ\u00f4mica\",\"url\":\"https:\/\/bahiaeconomica.com.br\/wp\/\",\"logo\":{\"@type\":\"ImageObject\",\"inLanguage\":\"pt-BR\",\"@id\":\"https:\/\/bahiaeconomica.com.br\/wp\/#\/schema\/logo\/image\/\",\"url\":\"https:\/\/bahiaeconomica.com.br\/wp\/wp-content\/uploads\/2020\/12\/cropped-BE.png\",\"contentUrl\":\"https:\/\/bahiaeconomica.com.br\/wp\/wp-content\/uploads\/2020\/12\/cropped-BE.png\",\"width\":512,\"height\":512,\"caption\":\"Bahia Econ\u00f4mica\"},\"image\":{\"@id\":\"https:\/\/bahiaeconomica.com.br\/wp\/#\/schema\/logo\/image\/\"},\"sameAs\":[\"https:\/\/www.facebook.com\/bahiaeconomica\"]},{\"@type\":\"Person\",\"@id\":\"https:\/\/bahiaeconomica.com.br\/wp\/#\/schema\/person\/3304d50cfd32353c7d08c39066638997\",\"name\":\"Matheus Souza\",\"sameAs\":[\"http:\/\/www.bahiaeconomica.com.br\"],\"url\":\"https:\/\/bahiaeconomica.com.br\/wp\/author\/matheus-souza\/\"}]}<\/script>\n<!-- \/ Yoast SEO plugin. -->","yoast_head_json":{"title":"V\u00cdTIMAS DE VIOL\u00caNCIA DOM\u00c9STICA PODER\u00c3O RECONSTRUIR DENTES PELO SUS - Bahia Economica","description":"O maior portal de Economia da Bahia MUNIC\u00cdPIOS Bahia Economica","robots":{"index":"index","follow":"follow","max-snippet":"max-snippet:-1","max-image-preview":"max-image-preview:large","max-video-preview":"max-video-preview:-1"},"canonical":"https:\/\/bahiaeconomica.com.br\/wp\/2025\/04\/07\/vitimas-de-violencia-domestica-poderao-reconstruir-dentes-pelo-sus\/","og_locale":"pt_BR","og_type":"article","og_title":"V\u00cdTIMAS DE VIOL\u00caNCIA DOM\u00c9STICA PODER\u00c3O RECONSTRUIR DENTES PELO SUS - Bahia Economica","og_description":"O maior portal de Economia da Bahia MUNIC\u00cdPIOS Bahia Economica","og_url":"https:\/\/bahiaeconomica.com.br\/wp\/2025\/04\/07\/vitimas-de-violencia-domestica-poderao-reconstruir-dentes-pelo-sus\/","og_site_name":"Bahia Economica","article_publisher":"https:\/\/www.facebook.com\/bahiaeconomica","article_published_time":"2025-04-07T18:46:18+00:00","og_image":[{"width":900,"height":506,"url":"https:\/\/bahiaeconomica.com.br\/wp\/wp-content\/uploads\/2024\/06\/dentista-pelo-sus-1619549384187_v2_900x506.jpg","type":"image\/jpeg"}],"author":"Matheus Souza","twitter_card":"summary_large_image","twitter_misc":{"Escrito por":"Matheus Souza","Est. tempo de leitura":"2 minutos"},"schema":{"@context":"https:\/\/schema.org","@graph":[{"@type":"Article","@id":"https:\/\/bahiaeconomica.com.br\/wp\/2025\/04\/07\/vitimas-de-violencia-domestica-poderao-reconstruir-dentes-pelo-sus\/#article","isPartOf":{"@id":"https:\/\/bahiaeconomica.com.br\/wp\/2025\/04\/07\/vitimas-de-violencia-domestica-poderao-reconstruir-dentes-pelo-sus\/"},"author":{"name":"Matheus Souza","@id":"https:\/\/bahiaeconomica.com.br\/wp\/#\/schema\/person\/3304d50cfd32353c7d08c39066638997"},"headline":"V\u00cdTIMAS DE VIOL\u00caNCIA DOM\u00c9STICA PODER\u00c3O RECONSTRUIR DENTES PELO SUS","datePublished":"2025-04-07T18:46:18+00:00","dateModified":"2025-04-07T18:46:18+00:00","mainEntityOfPage":{"@id":"https:\/\/bahiaeconomica.com.br\/wp\/2025\/04\/07\/vitimas-de-violencia-domestica-poderao-reconstruir-dentes-pelo-sus\/"},"wordCount":223,"publisher":{"@id":"https:\/\/bahiaeconomica.com.br\/wp\/#organization"},"keywords":["dentes","reconstru\u00e7\u00e3o","SUS","viol\u00eancia","VITIMAS"],"articleSection":["MUNIC\u00cdPIOS"],"inLanguage":"pt-BR"},{"@type":"WebPage","@id":"https:\/\/bahiaeconomica.com.br\/wp\/2025\/04\/07\/vitimas-de-violencia-domestica-poderao-reconstruir-dentes-pelo-sus\/","url":"https:\/\/bahiaeconomica.com.br\/wp\/2025\/04\/07\/vitimas-de-violencia-domestica-poderao-reconstruir-dentes-pelo-sus\/","name":"V\u00cdTIMAS DE VIOL\u00caNCIA DOM\u00c9STICA PODER\u00c3O RECONSTRUIR DENTES PELO SUS - Bahia Economica","isPartOf":{"@id":"https:\/\/bahiaeconomica.com.br\/wp\/#website"},"datePublished":"2025-04-07T18:46:18+00:00","dateModified":"2025-04-07T18:46:18+00:00","description":"O maior portal de Economia da Bahia MUNIC\u00cdPIOS Bahia Economica","breadcrumb":{"@id":"https:\/\/bahiaeconomica.com.br\/wp\/2025\/04\/07\/vitimas-de-violencia-domestica-poderao-reconstruir-dentes-pelo-sus\/#breadcrumb"},"inLanguage":"pt-BR","potentialAction":[{"@type":"ReadAction","target":["https:\/\/bahiaeconomica.com.br\/wp\/2025\/04\/07\/vitimas-de-violencia-domestica-poderao-reconstruir-dentes-pelo-sus\/"]}]},{"@type":"BreadcrumbList","@id":"https:\/\/bahiaeconomica.com.br\/wp\/2025\/04\/07\/vitimas-de-violencia-domestica-poderao-reconstruir-dentes-pelo-sus\/#breadcrumb","itemListElement":[{"@type":"ListItem","position":1,"name":"In\u00edcio","item":"https:\/\/bahiaeconomica.com.br\/wp\/"},{"@type":"ListItem","position":2,"name":"V\u00cdTIMAS DE VIOL\u00caNCIA DOM\u00c9STICA PODER\u00c3O RECONSTRUIR DENTES PELO SUS"}]},{"@type":"WebSite","@id":"https:\/\/bahiaeconomica.com.br\/wp\/#website","url":"https:\/\/bahiaeconomica.com.br\/wp\/","name":"Bahia Economica","description":"O maior portal de Economia da Bahia","publisher":{"@id":"https:\/\/bahiaeconomica.com.br\/wp\/#organization"},"potentialAction":[{"@type":"SearchAction","target":{"@type":"EntryPoint","urlTemplate":"https:\/\/bahiaeconomica.com.br\/wp\/?s={search_term_string}"},"query-input":"required name=search_term_string"}],"inLanguage":"pt-BR"},{"@type":"Organization","@id":"https:\/\/bahiaeconomica.com.br\/wp\/#organization","name":"Bahia Econ\u00f4mica","url":"https:\/\/bahiaeconomica.com.br\/wp\/","logo":{"@type":"ImageObject","inLanguage":"pt-BR","@id":"https:\/\/bahiaeconomica.com.br\/wp\/#\/schema\/logo\/image\/","url":"https:\/\/bahiaeconomica.com.br\/wp\/wp-content\/uploads\/2020\/12\/cropped-BE.png","contentUrl":"https:\/\/bahiaeconomica.com.br\/wp\/wp-content\/uploads\/2020\/12\/cropped-BE.png","width":512,"height":512,"caption":"Bahia Econ\u00f4mica"},"image":{"@id":"https:\/\/bahiaeconomica.com.br\/wp\/#\/schema\/logo\/image\/"},"sameAs":["https:\/\/www.facebook.com\/bahiaeconomica"]},{"@type":"Person","@id":"https:\/\/bahiaeconomica.com.br\/wp\/#\/schema\/person\/3304d50cfd32353c7d08c39066638997","name":"Matheus Souza","sameAs":["http:\/\/www.bahiaeconomica.com.br"],"url":"https:\/\/bahiaeconomica.com.br\/wp\/author\/matheus-souza\/"}]}},"views":5,"_links":{"self":[{"href":"https:\/\/bahiaeconomica.com.br\/wp\/wp-json\/wp\/v2\/posts\/893567"}],"collection":[{"href":"https:\/\/bahiaeconomica.com.br\/wp\/wp-json\/wp\/v2\/posts"}],"about":[{"href":"https:\/\/bahiaeconomica.com.br\/wp\/wp-json\/wp\/v2\/types\/post"}],"author":[{"embeddable":true,"href":"https:\/\/bahiaeconomica.com.br\/wp\/wp-json\/wp\/v2\/users\/22"}],"replies":[{"embeddable":true,"href":"https:\/\/bahiaeconomica.com.br\/wp\/wp-json\/wp\/v2\/comments?post=893567"}],"version-history":[{"count":1,"href":"https:\/\/bahiaeconomica.com.br\/wp\/wp-json\/wp\/v2\/posts\/893567\/revisions"}],"predecessor-version":[{"id":893588,"href":"https:\/\/bahiaeconomica.com.br\/wp\/wp-json\/wp\/v2\/posts\/893567\/revisions\/893588"}],"wp:featuredmedia":[{"embeddable":true,"href":"https:\/\/bahiaeconomica.com.br\/wp\/wp-json\/wp\/v2\/media\/825376"}],"wp:attachment":[{"href":"https:\/\/bahiaeconomica.com.br\/wp\/wp-json\/wp\/v2\/media?parent=893567"}],"wp:term":[{"taxonomy":"category","embeddable":true,"href":"https:\/\/bahiaeconomica.com.br\/wp\/wp-json\/wp\/v2\/categories?post=893567"},{"taxonomy":"post_tag","embeddable":true,"href":"https:\/\/bahiaeconomica.com.br\/wp\/wp-json\/wp\/v2\/tags?post=893567"}],"curies":[{"name":"wp","href":"https:\/\/api.w.org\/{rel}","templated":true}]}}