{"id":893514,"date":"2025-04-07T13:26:48","date_gmt":"2025-04-07T16:26:48","guid":{"rendered":"https:\/\/bahiaeconomica.com.br\/wp\/?p=893514"},"modified":"2025-04-07T12:17:16","modified_gmt":"2025-04-07T15:17:16","slug":"sesi-e-ministerio-do-trabalho-e-emprego-lancam-na-bahia-programa-de-capacitacao-para-jovens","status":"publish","type":"post","link":"https:\/\/bahiaeconomica.com.br\/wp\/2025\/04\/07\/sesi-e-ministerio-do-trabalho-e-emprego-lancam-na-bahia-programa-de-capacitacao-para-jovens\/","title":{"rendered":"SESI E MINIST\u00c9RIO DO TRABALHO E EMPREGO LAN\u00c7AM, NA BAHIA, PROGRAMA DE CAPACITA\u00c7\u00c3O PARA JOVENS"},"content":{"rendered":"<p>O SESI, o Conselho Nacional do SESI e o Minist\u00e9rio do Trabalho e Emprego (MTE) anunciam, nesta quinta-feira (10), as primeiras vagas do programa SEJA PRO+, uma iniciativa para capacitar jovens de 18 a 29 anos em todo o pa\u00eds. O evento ocorrer\u00e1 na Federa\u00e7\u00e3o das Ind\u00fastrias do Estado da Bahia (FIEB), com a presen\u00e7a de autoridades como o ministro Luiz Marinho; o governador da Bahia, Jer\u00f4nimo Rodrigues; o presidente da FIEB, Carlos Henrique Passos; o presidente do Conselho Nacional do SESI, Fausto Augusto Junior; e o superintendente de Educa\u00e7\u00e3o do SESI, Wisley Pereira.<\/p>\n<p>O programa investir\u00e1, inicialmente, R$ 200 milh\u00f5es para ofertar 25 mil vagas gratuitas de Educa\u00e7\u00e3o para Jovens e Adultos (EJA), permitindo que os alunos concluam o ensino b\u00e1sico enquanto se qualificam em cursos t\u00e9cnicos alinhados \u00e0s demandas do setor industrial.<\/p>\n<p>Al\u00e9m da forma\u00e7\u00e3o educacional e profissional, o SEJA PRO+ incluir\u00e1 no\u00e7\u00f5es sobre direitos trabalhistas, preparando os jovens para o mercado de trabalho. Ao final do curso, os nomes dos concluintes ser\u00e3o repassados \u00e0s ag\u00eancias do Sistema Nacional de Emprego (SINE), para conectar os profissionais qualificados a oportunidades na ind\u00fastria.<\/p>\n<p><strong>SERVI\u00c7O:<\/strong><\/p>\n<p>Lan\u00e7amento do\u00a0programa SEJA PRO+<\/p>\n<p><strong>Dia:<\/strong> 10\/04\/2025, \u00e0s 11h<\/p>\n<p><strong>Local:<\/strong> Federa\u00e7\u00e3o das Ind\u00fastrias do Estado da Bahia, 1\u00ba andar.<\/p>\n<p>Foto: Leandro Silva\/Coperphoto\/Sistema FIEB e \u00a0Rafa Neddermeyer\/Ag\u00eancia Brasil<\/p>\n","protected":false},"excerpt":{"rendered":"<p>O SESI, o Conselho Nacional do SESI e o Minist\u00e9rio do Trabalho e Emprego (MTE) anunciam, nesta quinta-feira (10), as primeiras vagas do programa SEJA PRO+, uma iniciativa para capacitar jovens de 18 a 29 anos em todo o pa\u00eds. O evento ocorrer\u00e1 na Federa\u00e7\u00e3o das Ind\u00fastrias do Estado da Bahia (FIEB), com a presen\u00e7a [&hellip;]<\/p>\n","protected":false},"author":20,"featured_media":893515,"comment_status":"closed","ping_status":"closed","sticky":false,"template":"","format":"standard","meta":[],"categories":[8],"tags":[85,1970,38216,1703,38217,1432],"acf":[],"yoast_head":"<!-- This site is optimized with the Yoast SEO plugin v20.8 - https:\/\/yoast.com\/wordpress\/plugins\/seo\/ -->\n<title>SESI E MINIST\u00c9RIO DO TRABALHO E EMPREGO LAN\u00c7AM, NA BAHIA, PROGRAMA DE CAPACITA\u00c7\u00c3O PARA JOVENS - Bahia Economica<\/title>\n<meta name=\"description\" content=\"EMPREGOS \/ CONCURSOS Bahia Economica Programa investir\u00e1, inicialmente, R$ 200 milh\u00f5es para ofertar 25 mil vagas gratuitas\" \/>\n<meta name=\"robots\" content=\"index, follow, max-snippet:-1, max-image-preview:large, max-video-preview:-1\" \/>\n<link rel=\"canonical\" href=\"https:\/\/bahiaeconomica.com.br\/wp\/2025\/04\/07\/sesi-e-ministerio-do-trabalho-e-emprego-lancam-na-bahia-programa-de-capacitacao-para-jovens\/\" \/>\n<meta property=\"og:locale\" content=\"pt_BR\" \/>\n<meta property=\"og:type\" content=\"article\" \/>\n<meta property=\"og:title\" content=\"SESI E MINIST\u00c9RIO DO TRABALHO E EMPREGO LAN\u00c7AM, NA BAHIA, PROGRAMA DE CAPACITA\u00c7\u00c3O PARA JOVENS - Bahia Economica\" \/>\n<meta property=\"og:description\" content=\"EMPREGOS \/ CONCURSOS Bahia Economica Programa investir\u00e1, inicialmente, R$ 200 milh\u00f5es para ofertar 25 mil vagas gratuitas\" \/>\n<meta property=\"og:url\" content=\"https:\/\/bahiaeconomica.com.br\/wp\/2025\/04\/07\/sesi-e-ministerio-do-trabalho-e-emprego-lancam-na-bahia-programa-de-capacitacao-para-jovens\/\" \/>\n<meta property=\"og:site_name\" content=\"Bahia Economica\" \/>\n<meta property=\"article:publisher\" content=\"https:\/\/www.facebook.com\/bahiaeconomica\" \/>\n<meta property=\"article:published_time\" content=\"2025-04-07T16:26:48+00:00\" \/>\n<meta property=\"article:modified_time\" content=\"2025-04-07T15:17:16+00:00\" \/>\n<meta property=\"og:image\" content=\"https:\/\/bahiaeconomica.com.br\/wp\/wp-content\/uploads\/2025\/04\/Design-sem-nome-1.jpg\" \/>\n\t<meta property=\"og:image:width\" content=\"1920\" \/>\n\t<meta property=\"og:image:height\" content=\"1080\" \/>\n\t<meta property=\"og:image:type\" content=\"image\/jpeg\" \/>\n<meta name=\"author\" content=\"BRUNA CARVALHO\" \/>\n<meta name=\"twitter:card\" content=\"summary_large_image\" \/>\n<meta name=\"twitter:label1\" content=\"Escrito por\" \/>\n\t<meta name=\"twitter:data1\" content=\"BRUNA CARVALHO\" \/>\n\t<meta name=\"twitter:label2\" content=\"Est. tempo de leitura\" \/>\n\t<meta name=\"twitter:data2\" content=\"2 minutos\" \/>\n<script type=\"application\/ld+json\" class=\"yoast-schema-graph\">{\"@context\":\"https:\/\/schema.org\",\"@graph\":[{\"@type\":\"Article\",\"@id\":\"https:\/\/bahiaeconomica.com.br\/wp\/2025\/04\/07\/sesi-e-ministerio-do-trabalho-e-emprego-lancam-na-bahia-programa-de-capacitacao-para-jovens\/#article\",\"isPartOf\":{\"@id\":\"https:\/\/bahiaeconomica.com.br\/wp\/2025\/04\/07\/sesi-e-ministerio-do-trabalho-e-emprego-lancam-na-bahia-programa-de-capacitacao-para-jovens\/\"},\"author\":{\"name\":\"BRUNA CARVALHO\",\"@id\":\"https:\/\/bahiaeconomica.com.br\/wp\/#\/schema\/person\/9310b0e591f5979f6f99773eac5804e6\"},\"headline\":\"SESI E MINIST\u00c9RIO DO TRABALHO E EMPREGO LAN\u00c7AM, NA BAHIA, PROGRAMA DE CAPACITA\u00c7\u00c3O PARA JOVENS\",\"datePublished\":\"2025-04-07T16:26:48+00:00\",\"dateModified\":\"2025-04-07T15:17:16+00:00\",\"mainEntityOfPage\":{\"@id\":\"https:\/\/bahiaeconomica.com.br\/wp\/2025\/04\/07\/sesi-e-ministerio-do-trabalho-e-emprego-lancam-na-bahia-programa-de-capacitacao-para-jovens\/\"},\"wordCount\":247,\"publisher\":{\"@id\":\"https:\/\/bahiaeconomica.com.br\/wp\/#organization\"},\"keywords\":[\"Bahia\",\"lan\u00e7amento\",\"miniterio do trabalho e emprego\",\"programa\",\"seja pro +\",\"sesi\"],\"articleSection\":[\"EMPREGOS \/ CONCURSOS\"],\"inLanguage\":\"pt-BR\"},{\"@type\":\"WebPage\",\"@id\":\"https:\/\/bahiaeconomica.com.br\/wp\/2025\/04\/07\/sesi-e-ministerio-do-trabalho-e-emprego-lancam-na-bahia-programa-de-capacitacao-para-jovens\/\",\"url\":\"https:\/\/bahiaeconomica.com.br\/wp\/2025\/04\/07\/sesi-e-ministerio-do-trabalho-e-emprego-lancam-na-bahia-programa-de-capacitacao-para-jovens\/\",\"name\":\"SESI E MINIST\u00c9RIO DO TRABALHO E EMPREGO LAN\u00c7AM, NA BAHIA, PROGRAMA DE CAPACITA\u00c7\u00c3O PARA JOVENS - Bahia Economica\",\"isPartOf\":{\"@id\":\"https:\/\/bahiaeconomica.com.br\/wp\/#website\"},\"datePublished\":\"2025-04-07T16:26:48+00:00\",\"dateModified\":\"2025-04-07T15:17:16+00:00\",\"description\":\"EMPREGOS \/ CONCURSOS Bahia Economica Programa investir\u00e1, inicialmente, R$ 200 milh\u00f5es para ofertar 25 mil vagas gratuitas\",\"breadcrumb\":{\"@id\":\"https:\/\/bahiaeconomica.com.br\/wp\/2025\/04\/07\/sesi-e-ministerio-do-trabalho-e-emprego-lancam-na-bahia-programa-de-capacitacao-para-jovens\/#breadcrumb\"},\"inLanguage\":\"pt-BR\",\"potentialAction\":[{\"@type\":\"ReadAction\",\"target\":[\"https:\/\/bahiaeconomica.com.br\/wp\/2025\/04\/07\/sesi-e-ministerio-do-trabalho-e-emprego-lancam-na-bahia-programa-de-capacitacao-para-jovens\/\"]}]},{\"@type\":\"BreadcrumbList\",\"@id\":\"https:\/\/bahiaeconomica.com.br\/wp\/2025\/04\/07\/sesi-e-ministerio-do-trabalho-e-emprego-lancam-na-bahia-programa-de-capacitacao-para-jovens\/#breadcrumb\",\"itemListElement\":[{\"@type\":\"ListItem\",\"position\":1,\"name\":\"In\u00edcio\",\"item\":\"https:\/\/bahiaeconomica.com.br\/wp\/\"},{\"@type\":\"ListItem\",\"position\":2,\"name\":\"SESI E MINIST\u00c9RIO DO TRABALHO E EMPREGO LAN\u00c7AM, NA BAHIA, PROGRAMA DE CAPACITA\u00c7\u00c3O PARA JOVENS\"}]},{\"@type\":\"WebSite\",\"@id\":\"https:\/\/bahiaeconomica.com.br\/wp\/#website\",\"url\":\"https:\/\/bahiaeconomica.com.br\/wp\/\",\"name\":\"Bahia Economica\",\"description\":\"O maior portal de Economia da Bahia\",\"publisher\":{\"@id\":\"https:\/\/bahiaeconomica.com.br\/wp\/#organization\"},\"potentialAction\":[{\"@type\":\"SearchAction\",\"target\":{\"@type\":\"EntryPoint\",\"urlTemplate\":\"https:\/\/bahiaeconomica.com.br\/wp\/?s={search_term_string}\"},\"query-input\":\"required name=search_term_string\"}],\"inLanguage\":\"pt-BR\"},{\"@type\":\"Organization\",\"@id\":\"https:\/\/bahiaeconomica.com.br\/wp\/#organization\",\"name\":\"Bahia Econ\u00f4mica\",\"url\":\"https:\/\/bahiaeconomica.com.br\/wp\/\",\"logo\":{\"@type\":\"ImageObject\",\"inLanguage\":\"pt-BR\",\"@id\":\"https:\/\/bahiaeconomica.com.br\/wp\/#\/schema\/logo\/image\/\",\"url\":\"https:\/\/bahiaeconomica.com.br\/wp\/wp-content\/uploads\/2020\/12\/cropped-BE.png\",\"contentUrl\":\"https:\/\/bahiaeconomica.com.br\/wp\/wp-content\/uploads\/2020\/12\/cropped-BE.png\",\"width\":512,\"height\":512,\"caption\":\"Bahia Econ\u00f4mica\"},\"image\":{\"@id\":\"https:\/\/bahiaeconomica.com.br\/wp\/#\/schema\/logo\/image\/\"},\"sameAs\":[\"https:\/\/www.facebook.com\/bahiaeconomica\"]},{\"@type\":\"Person\",\"@id\":\"https:\/\/bahiaeconomica.com.br\/wp\/#\/schema\/person\/9310b0e591f5979f6f99773eac5804e6\",\"name\":\"BRUNA CARVALHO\",\"sameAs\":[\"http:\/\/www.bahiaeconomica.com.br\"],\"url\":\"https:\/\/bahiaeconomica.com.br\/wp\/author\/bruna\/\"}]}<\/script>\n<!-- \/ Yoast SEO plugin. -->","yoast_head_json":{"title":"SESI E MINIST\u00c9RIO DO TRABALHO E EMPREGO LAN\u00c7AM, NA BAHIA, PROGRAMA DE CAPACITA\u00c7\u00c3O PARA JOVENS - Bahia Economica","description":"EMPREGOS \/ CONCURSOS Bahia Economica Programa investir\u00e1, inicialmente, R$ 200 milh\u00f5es para ofertar 25 mil vagas gratuitas","robots":{"index":"index","follow":"follow","max-snippet":"max-snippet:-1","max-image-preview":"max-image-preview:large","max-video-preview":"max-video-preview:-1"},"canonical":"https:\/\/bahiaeconomica.com.br\/wp\/2025\/04\/07\/sesi-e-ministerio-do-trabalho-e-emprego-lancam-na-bahia-programa-de-capacitacao-para-jovens\/","og_locale":"pt_BR","og_type":"article","og_title":"SESI E MINIST\u00c9RIO DO TRABALHO E EMPREGO LAN\u00c7AM, NA BAHIA, PROGRAMA DE CAPACITA\u00c7\u00c3O PARA JOVENS - Bahia Economica","og_description":"EMPREGOS \/ CONCURSOS Bahia Economica Programa investir\u00e1, inicialmente, R$ 200 milh\u00f5es para ofertar 25 mil vagas gratuitas","og_url":"https:\/\/bahiaeconomica.com.br\/wp\/2025\/04\/07\/sesi-e-ministerio-do-trabalho-e-emprego-lancam-na-bahia-programa-de-capacitacao-para-jovens\/","og_site_name":"Bahia Economica","article_publisher":"https:\/\/www.facebook.com\/bahiaeconomica","article_published_time":"2025-04-07T16:26:48+00:00","article_modified_time":"2025-04-07T15:17:16+00:00","og_image":[{"width":1920,"height":1080,"url":"https:\/\/bahiaeconomica.com.br\/wp\/wp-content\/uploads\/2025\/04\/Design-sem-nome-1.jpg","type":"image\/jpeg"}],"author":"BRUNA CARVALHO","twitter_card":"summary_large_image","twitter_misc":{"Escrito por":"BRUNA CARVALHO","Est. tempo de leitura":"2 minutos"},"schema":{"@context":"https:\/\/schema.org","@graph":[{"@type":"Article","@id":"https:\/\/bahiaeconomica.com.br\/wp\/2025\/04\/07\/sesi-e-ministerio-do-trabalho-e-emprego-lancam-na-bahia-programa-de-capacitacao-para-jovens\/#article","isPartOf":{"@id":"https:\/\/bahiaeconomica.com.br\/wp\/2025\/04\/07\/sesi-e-ministerio-do-trabalho-e-emprego-lancam-na-bahia-programa-de-capacitacao-para-jovens\/"},"author":{"name":"BRUNA CARVALHO","@id":"https:\/\/bahiaeconomica.com.br\/wp\/#\/schema\/person\/9310b0e591f5979f6f99773eac5804e6"},"headline":"SESI E MINIST\u00c9RIO DO TRABALHO E EMPREGO LAN\u00c7AM, NA BAHIA, PROGRAMA DE CAPACITA\u00c7\u00c3O PARA JOVENS","datePublished":"2025-04-07T16:26:48+00:00","dateModified":"2025-04-07T15:17:16+00:00","mainEntityOfPage":{"@id":"https:\/\/bahiaeconomica.com.br\/wp\/2025\/04\/07\/sesi-e-ministerio-do-trabalho-e-emprego-lancam-na-bahia-programa-de-capacitacao-para-jovens\/"},"wordCount":247,"publisher":{"@id":"https:\/\/bahiaeconomica.com.br\/wp\/#organization"},"keywords":["Bahia","lan\u00e7amento","miniterio do trabalho e emprego","programa","seja pro +","sesi"],"articleSection":["EMPREGOS \/ CONCURSOS"],"inLanguage":"pt-BR"},{"@type":"WebPage","@id":"https:\/\/bahiaeconomica.com.br\/wp\/2025\/04\/07\/sesi-e-ministerio-do-trabalho-e-emprego-lancam-na-bahia-programa-de-capacitacao-para-jovens\/","url":"https:\/\/bahiaeconomica.com.br\/wp\/2025\/04\/07\/sesi-e-ministerio-do-trabalho-e-emprego-lancam-na-bahia-programa-de-capacitacao-para-jovens\/","name":"SESI E MINIST\u00c9RIO DO TRABALHO E EMPREGO LAN\u00c7AM, NA BAHIA, PROGRAMA DE CAPACITA\u00c7\u00c3O PARA JOVENS - Bahia Economica","isPartOf":{"@id":"https:\/\/bahiaeconomica.com.br\/wp\/#website"},"datePublished":"2025-04-07T16:26:48+00:00","dateModified":"2025-04-07T15:17:16+00:00","description":"EMPREGOS \/ CONCURSOS Bahia Economica Programa investir\u00e1, inicialmente, R$ 200 milh\u00f5es para ofertar 25 mil vagas gratuitas","breadcrumb":{"@id":"https:\/\/bahiaeconomica.com.br\/wp\/2025\/04\/07\/sesi-e-ministerio-do-trabalho-e-emprego-lancam-na-bahia-programa-de-capacitacao-para-jovens\/#breadcrumb"},"inLanguage":"pt-BR","potentialAction":[{"@type":"ReadAction","target":["https:\/\/bahiaeconomica.com.br\/wp\/2025\/04\/07\/sesi-e-ministerio-do-trabalho-e-emprego-lancam-na-bahia-programa-de-capacitacao-para-jovens\/"]}]},{"@type":"BreadcrumbList","@id":"https:\/\/bahiaeconomica.com.br\/wp\/2025\/04\/07\/sesi-e-ministerio-do-trabalho-e-emprego-lancam-na-bahia-programa-de-capacitacao-para-jovens\/#breadcrumb","itemListElement":[{"@type":"ListItem","position":1,"name":"In\u00edcio","item":"https:\/\/bahiaeconomica.com.br\/wp\/"},{"@type":"ListItem","position":2,"name":"SESI E MINIST\u00c9RIO DO TRABALHO E EMPREGO LAN\u00c7AM, NA BAHIA, PROGRAMA DE CAPACITA\u00c7\u00c3O PARA JOVENS"}]},{"@type":"WebSite","@id":"https:\/\/bahiaeconomica.com.br\/wp\/#website","url":"https:\/\/bahiaeconomica.com.br\/wp\/","name":"Bahia Economica","description":"O maior portal de Economia da Bahia","publisher":{"@id":"https:\/\/bahiaeconomica.com.br\/wp\/#organization"},"potentialAction":[{"@type":"SearchAction","target":{"@type":"EntryPoint","urlTemplate":"https:\/\/bahiaeconomica.com.br\/wp\/?s={search_term_string}"},"query-input":"required name=search_term_string"}],"inLanguage":"pt-BR"},{"@type":"Organization","@id":"https:\/\/bahiaeconomica.com.br\/wp\/#organization","name":"Bahia Econ\u00f4mica","url":"https:\/\/bahiaeconomica.com.br\/wp\/","logo":{"@type":"ImageObject","inLanguage":"pt-BR","@id":"https:\/\/bahiaeconomica.com.br\/wp\/#\/schema\/logo\/image\/","url":"https:\/\/bahiaeconomica.com.br\/wp\/wp-content\/uploads\/2020\/12\/cropped-BE.png","contentUrl":"https:\/\/bahiaeconomica.com.br\/wp\/wp-content\/uploads\/2020\/12\/cropped-BE.png","width":512,"height":512,"caption":"Bahia Econ\u00f4mica"},"image":{"@id":"https:\/\/bahiaeconomica.com.br\/wp\/#\/schema\/logo\/image\/"},"sameAs":["https:\/\/www.facebook.com\/bahiaeconomica"]},{"@type":"Person","@id":"https:\/\/bahiaeconomica.com.br\/wp\/#\/schema\/person\/9310b0e591f5979f6f99773eac5804e6","name":"BRUNA CARVALHO","sameAs":["http:\/\/www.bahiaeconomica.com.br"],"url":"https:\/\/bahiaeconomica.com.br\/wp\/author\/bruna\/"}]}},"views":17,"_links":{"self":[{"href":"https:\/\/bahiaeconomica.com.br\/wp\/wp-json\/wp\/v2\/posts\/893514"}],"collection":[{"href":"https:\/\/bahiaeconomica.com.br\/wp\/wp-json\/wp\/v2\/posts"}],"about":[{"href":"https:\/\/bahiaeconomica.com.br\/wp\/wp-json\/wp\/v2\/types\/post"}],"author":[{"embeddable":true,"href":"https:\/\/bahiaeconomica.com.br\/wp\/wp-json\/wp\/v2\/users\/20"}],"replies":[{"embeddable":true,"href":"https:\/\/bahiaeconomica.com.br\/wp\/wp-json\/wp\/v2\/comments?post=893514"}],"version-history":[{"count":1,"href":"https:\/\/bahiaeconomica.com.br\/wp\/wp-json\/wp\/v2\/posts\/893514\/revisions"}],"predecessor-version":[{"id":893516,"href":"https:\/\/bahiaeconomica.com.br\/wp\/wp-json\/wp\/v2\/posts\/893514\/revisions\/893516"}],"wp:featuredmedia":[{"embeddable":true,"href":"https:\/\/bahiaeconomica.com.br\/wp\/wp-json\/wp\/v2\/media\/893515"}],"wp:attachment":[{"href":"https:\/\/bahiaeconomica.com.br\/wp\/wp-json\/wp\/v2\/media?parent=893514"}],"wp:term":[{"taxonomy":"category","embeddable":true,"href":"https:\/\/bahiaeconomica.com.br\/wp\/wp-json\/wp\/v2\/categories?post=893514"},{"taxonomy":"post_tag","embeddable":true,"href":"https:\/\/bahiaeconomica.com.br\/wp\/wp-json\/wp\/v2\/tags?post=893514"}],"curies":[{"name":"wp","href":"https:\/\/api.w.org\/{rel}","templated":true}]}}