{"id":893325,"date":"2025-04-05T18:00:54","date_gmt":"2025-04-05T21:00:54","guid":{"rendered":"https:\/\/bahiaeconomica.com.br\/wp\/?p=893325"},"modified":"2025-04-05T15:53:35","modified_gmt":"2025-04-05T18:53:35","slug":"2o-dia-do-bahia-origem-week-reuniu-rodada-de-negocios-espetaculo-na-cozinha-e-produtos-artesanais","status":"publish","type":"post","link":"https:\/\/bahiaeconomica.com.br\/wp\/2025\/04\/05\/2o-dia-do-bahia-origem-week-reuniu-rodada-de-negocios-espetaculo-na-cozinha-e-produtos-artesanais\/","title":{"rendered":"2\u00ba DIA DO BAHIA ORIGEM WEEK REUNIU RODADA DE NEG\u00d3CIOS, ESPET\u00c1CULO NA COZINHA E PRODUTOS ARTESANAIS"},"content":{"rendered":"<p>A sexta-feira (4) foi movimentada no Centro de Conven\u00e7\u00f5es Salvador durante o segundo dia de programa\u00e7\u00e3o do Bahia Origem Week. O evento recebeu grandes atra\u00e7\u00f5es entre \u00e0s 14h e 22h, entre elas palestras e workshops sobre o mundo dos neg\u00f3cios, exposi\u00e7\u00e3o e degusta\u00e7\u00e3o de produtos, espa\u00e7o kids e aulas com chefs de cozinha.<\/p>\n<p>Antes de ser aberto para o p\u00fablico geral, o evento reuniu empres\u00e1rios, gestores e estudantes em uma Rodada de Neg\u00f3cios promovida pela Setur e um Workshop com tema sobre a ExpoPesca e Aquicultura, que est\u00e1 presente nesta quarta edi\u00e7\u00e3o do Bahia Origem Week.<\/p>\n<p>As atividades formativas se estenderam at\u00e9 o fim da tarde sobre assuntos que tangem o varejo, direitos do consumidor e turismo. Entre os palestrantes, o empreendedor e sommelier Raimundo Freire abordou sobre os Engenhos da Bahia,\u00a0\u00a0 trazendo sua experi\u00eancia enquanto produtor artesanal de cacha\u00e7a na capital baiana h\u00e1 12 anos<\/p>\n<p>&#8220;Dentre diversos assuntos, destaquei um projeto da Secretaria de Turismo para desenvolver e despertar o interesse dos turistas em conhecer a produ\u00e7\u00e3o de cacha\u00e7a na Bahia. Conhecer um engenho, como funciona, como \u00e9 que \u00e9 produzida, de fato, a cacha\u00e7a, a partir de uma cana de a\u00e7\u00facar&#8221;, disse Freire, que tamb\u00e9m comercializa seus produtos na feira sob a marca Kikaxassa.<\/p>\n<p>Com oportunidades quentes para os neg\u00f3cios, a temperatura tamb\u00e9m aumentou na Cozinha Show. Entre as 16h e 20h30, renomados chefs ensinaram suas receitas para aspirantes a cozinheiros, donas de casa e curiosos. Com sua did\u00e1tica saborosa, a chef Dani Fa\u00e7anha trouxe a culin\u00e1ria da Costa do Dend\u00ea para o Origem Week. J\u00e1 o premiado chef Fabr\u00edcio Lemos fez um Arroz Kirimur\u00ea, trazendo uma mensagem de valoriza\u00e7\u00e3o \u00e0s marisqueiras do estado. Representante da cozinha fit, Gabryel Boaventura preparou um Arroz de Garimpeiro e a Argentina Mariana Corbetta ado\u00e7ou a Cozinha Show com uma receita de Ovo de P\u00e1scoa.<\/p>\n<p>Outra vertente do Origem Week \u00e9 a iniciativa da moda e artesanato, o evento reuniu artes\u00e3os, artes\u00e3s e estilistas de diversas regi\u00f5es do estado num s\u00f3 lugar. Os cama\u00e7arienses Anderson Silva e Junior Telles participaram do Origem Week pela primeira vez. Donos de um ateli\u00ea montado em 2021, os profissionais confeccionam roupas com foco na moda afro e moda inclusiva.<\/p>\n<p>&#8220;Est\u00e1 sendo uma experi\u00eancia incr\u00edvel ter contato com outros empreendedores de outros nichos no evento. Para n\u00f3s, que viemos da confec\u00e7\u00e3o de roupas de religi\u00f5es de matriz africana e moda afro, estar no meio de empres\u00e1rios e empresas \u00e9 muito importante pela visibilidade e quebra de paradigma. O ateli\u00ea J\u00fanior Telles tamb\u00e9m inova com roupas para pessoas com defici\u00eancia&#8221;, disse.<\/p>\n<p>Tamb\u00e9m expositor estreante, o decorador de vasos Samuel Barbosa aproveitou a Feira de Origem e Neg\u00f3cios para comercializar os seus produtos dentro da iniciativa do Artesanato da Bahia, que abra\u00e7a diversas cooperativas do estado.<\/p>\n<p>&#8220;Ser um expositor est\u00e1 sendo uma experi\u00eancia muito boa, porque para quem trabalha com arte, com artesanato, tudo inspira. Ent\u00e3o, \u00e0s vezes a gente v\u00ea o trabalho do nosso colega, uma paleta de cores, um formato espec\u00edfico de determinada pe\u00e7a, e tudo isso acaba servindo de inspira\u00e7\u00e3o para que a gente consiga desenvolver outros trabalhos posteriormente&#8221;, concluiu.<\/p>\n<p>A programa\u00e7\u00e3o da 4\u00aa edi\u00e7\u00e3o do Bahia Origem Week segue neste s\u00e1bado e domingo, entre \u00e0s 14h e 22h, no Centro de Conven\u00e7\u00f5es Salvador. A entrada \u00e9 gratuita mediante a entrega de 1Kg de alimento para a Campanha Bahia Sem Fome.<\/p>\n<p>O Bahia Origem Week \u00e9 uma realiza\u00e7\u00e3o da MVU Empreendimentos\/Grupo M21, em parceria com o Governo da Bahia atrav\u00e9s da SETUR, SDE, SDR, SEMA, SETRE, SEAGRI, Bahiater, CAR, Bahia Pesca e Adab. Al\u00e9m de ter o apoio da Unicafes BA, Ceplac e Biof\u00e1brica da Bahia.<\/p>\n<p>&nbsp;<\/p>\n<p>Fotos: Alberto Monteiro<\/p>\n","protected":false},"excerpt":{"rendered":"<p>A sexta-feira (4) foi movimentada no Centro de Conven\u00e7\u00f5es Salvador durante o segundo dia de programa\u00e7\u00e3o do Bahia Origem Week. O evento recebeu grandes atra\u00e7\u00f5es entre \u00e0s 14h e 22h, entre elas palestras e workshops sobre o mundo dos neg\u00f3cios, exposi\u00e7\u00e3o e degusta\u00e7\u00e3o de produtos, espa\u00e7o kids e aulas com chefs de cozinha. Antes de [&hellip;]<\/p>\n","protected":false},"author":8,"featured_media":893326,"comment_status":"closed","ping_status":"closed","sticky":false,"template":"","format":"standard","meta":[],"categories":[689],"tags":[52,1176,1086,100],"acf":[],"yoast_head":"<!-- This site is optimized with the Yoast SEO plugin v20.8 - https:\/\/yoast.com\/wordpress\/plugins\/seo\/ -->\n<title>2\u00ba DIA DO BAHIA ORIGEM WEEK REUNIU RODADA DE NEG\u00d3CIOS, ESPET\u00c1CULO NA COZINHA E PRODUTOS ARTESANAIS - Bahia Economica<\/title>\n<meta name=\"description\" content=\"O maior portal de Economia da Bahia CULTURA E ARTE Bahia Economica A programa\u00e7\u00e3o da 4\u00aa edi\u00e7\u00e3o do Bahia Origem Week segue neste s\" \/>\n<meta name=\"robots\" content=\"index, follow, max-snippet:-1, max-image-preview:large, max-video-preview:-1\" \/>\n<link rel=\"canonical\" href=\"https:\/\/bahiaeconomica.com.br\/wp\/2025\/04\/05\/2o-dia-do-bahia-origem-week-reuniu-rodada-de-negocios-espetaculo-na-cozinha-e-produtos-artesanais\/\" \/>\n<meta property=\"og:locale\" content=\"pt_BR\" \/>\n<meta property=\"og:type\" content=\"article\" \/>\n<meta property=\"og:title\" content=\"2\u00ba DIA DO BAHIA ORIGEM WEEK REUNIU RODADA DE NEG\u00d3CIOS, ESPET\u00c1CULO NA COZINHA E PRODUTOS ARTESANAIS - Bahia Economica\" \/>\n<meta property=\"og:description\" content=\"O maior portal de Economia da Bahia CULTURA E ARTE Bahia Economica A programa\u00e7\u00e3o da 4\u00aa edi\u00e7\u00e3o do Bahia Origem Week segue neste s\" \/>\n<meta property=\"og:url\" content=\"https:\/\/bahiaeconomica.com.br\/wp\/2025\/04\/05\/2o-dia-do-bahia-origem-week-reuniu-rodada-de-negocios-espetaculo-na-cozinha-e-produtos-artesanais\/\" \/>\n<meta property=\"og:site_name\" content=\"Bahia Economica\" \/>\n<meta property=\"article:publisher\" content=\"https:\/\/www.facebook.com\/bahiaeconomica\" \/>\n<meta property=\"article:published_time\" content=\"2025-04-05T21:00:54+00:00\" \/>\n<meta property=\"article:modified_time\" content=\"2025-04-05T18:53:35+00:00\" \/>\n<meta property=\"og:image\" content=\"https:\/\/bahiaeconomica.com.br\/wp\/wp-content\/uploads\/2025\/04\/WhatsApp-Image-2025-04-05-at-09.33.38-scaled.jpeg\" \/>\n\t<meta property=\"og:image:width\" content=\"2560\" \/>\n\t<meta property=\"og:image:height\" content=\"1707\" \/>\n\t<meta property=\"og:image:type\" content=\"image\/jpeg\" \/>\n<meta name=\"author\" content=\"JP\" \/>\n<meta name=\"twitter:card\" content=\"summary_large_image\" \/>\n<meta name=\"twitter:label1\" content=\"Escrito por\" \/>\n\t<meta name=\"twitter:data1\" content=\"JP\" \/>\n\t<meta name=\"twitter:label2\" content=\"Est. tempo de leitura\" \/>\n\t<meta name=\"twitter:data2\" content=\"4 minutos\" \/>\n<script type=\"application\/ld+json\" class=\"yoast-schema-graph\">{\"@context\":\"https:\/\/schema.org\",\"@graph\":[{\"@type\":\"Article\",\"@id\":\"https:\/\/bahiaeconomica.com.br\/wp\/2025\/04\/05\/2o-dia-do-bahia-origem-week-reuniu-rodada-de-negocios-espetaculo-na-cozinha-e-produtos-artesanais\/#article\",\"isPartOf\":{\"@id\":\"https:\/\/bahiaeconomica.com.br\/wp\/2025\/04\/05\/2o-dia-do-bahia-origem-week-reuniu-rodada-de-negocios-espetaculo-na-cozinha-e-produtos-artesanais\/\"},\"author\":{\"name\":\"JP\",\"@id\":\"https:\/\/bahiaeconomica.com.br\/wp\/#\/schema\/person\/c86d3a3f8960425a0f9d0e5245991f4e\"},\"headline\":\"2\u00ba DIA DO BAHIA ORIGEM WEEK REUNIU RODADA DE NEG\u00d3CIOS, ESPET\u00c1CULO NA COZINHA E PRODUTOS ARTESANAIS\",\"datePublished\":\"2025-04-05T21:00:54+00:00\",\"dateModified\":\"2025-04-05T18:53:35+00:00\",\"mainEntityOfPage\":{\"@id\":\"https:\/\/bahiaeconomica.com.br\/wp\/2025\/04\/05\/2o-dia-do-bahia-origem-week-reuniu-rodada-de-negocios-espetaculo-na-cozinha-e-produtos-artesanais\/\"},\"wordCount\":668,\"publisher\":{\"@id\":\"https:\/\/bahiaeconomica.com.br\/wp\/#organization\"},\"keywords\":[\"Brasil\",\"mudan\u00e7a\",\"novidade\",\"Pol\u00edtica\"],\"articleSection\":[\"CULTURA E ARTE\"],\"inLanguage\":\"pt-BR\"},{\"@type\":\"WebPage\",\"@id\":\"https:\/\/bahiaeconomica.com.br\/wp\/2025\/04\/05\/2o-dia-do-bahia-origem-week-reuniu-rodada-de-negocios-espetaculo-na-cozinha-e-produtos-artesanais\/\",\"url\":\"https:\/\/bahiaeconomica.com.br\/wp\/2025\/04\/05\/2o-dia-do-bahia-origem-week-reuniu-rodada-de-negocios-espetaculo-na-cozinha-e-produtos-artesanais\/\",\"name\":\"2\u00ba DIA DO BAHIA ORIGEM WEEK REUNIU RODADA DE NEG\u00d3CIOS, ESPET\u00c1CULO NA COZINHA E PRODUTOS ARTESANAIS - Bahia Economica\",\"isPartOf\":{\"@id\":\"https:\/\/bahiaeconomica.com.br\/wp\/#website\"},\"datePublished\":\"2025-04-05T21:00:54+00:00\",\"dateModified\":\"2025-04-05T18:53:35+00:00\",\"description\":\"O maior portal de Economia da Bahia CULTURA E ARTE Bahia Economica A programa\u00e7\u00e3o da 4\u00aa edi\u00e7\u00e3o do Bahia Origem Week segue neste s\",\"breadcrumb\":{\"@id\":\"https:\/\/bahiaeconomica.com.br\/wp\/2025\/04\/05\/2o-dia-do-bahia-origem-week-reuniu-rodada-de-negocios-espetaculo-na-cozinha-e-produtos-artesanais\/#breadcrumb\"},\"inLanguage\":\"pt-BR\",\"potentialAction\":[{\"@type\":\"ReadAction\",\"target\":[\"https:\/\/bahiaeconomica.com.br\/wp\/2025\/04\/05\/2o-dia-do-bahia-origem-week-reuniu-rodada-de-negocios-espetaculo-na-cozinha-e-produtos-artesanais\/\"]}]},{\"@type\":\"BreadcrumbList\",\"@id\":\"https:\/\/bahiaeconomica.com.br\/wp\/2025\/04\/05\/2o-dia-do-bahia-origem-week-reuniu-rodada-de-negocios-espetaculo-na-cozinha-e-produtos-artesanais\/#breadcrumb\",\"itemListElement\":[{\"@type\":\"ListItem\",\"position\":1,\"name\":\"In\u00edcio\",\"item\":\"https:\/\/bahiaeconomica.com.br\/wp\/\"},{\"@type\":\"ListItem\",\"position\":2,\"name\":\"2\u00ba DIA DO BAHIA ORIGEM WEEK REUNIU RODADA DE NEG\u00d3CIOS, ESPET\u00c1CULO NA COZINHA E PRODUTOS ARTESANAIS\"}]},{\"@type\":\"WebSite\",\"@id\":\"https:\/\/bahiaeconomica.com.br\/wp\/#website\",\"url\":\"https:\/\/bahiaeconomica.com.br\/wp\/\",\"name\":\"Bahia Economica\",\"description\":\"O maior portal de Economia da Bahia\",\"publisher\":{\"@id\":\"https:\/\/bahiaeconomica.com.br\/wp\/#organization\"},\"potentialAction\":[{\"@type\":\"SearchAction\",\"target\":{\"@type\":\"EntryPoint\",\"urlTemplate\":\"https:\/\/bahiaeconomica.com.br\/wp\/?s={search_term_string}\"},\"query-input\":\"required name=search_term_string\"}],\"inLanguage\":\"pt-BR\"},{\"@type\":\"Organization\",\"@id\":\"https:\/\/bahiaeconomica.com.br\/wp\/#organization\",\"name\":\"Bahia Econ\u00f4mica\",\"url\":\"https:\/\/bahiaeconomica.com.br\/wp\/\",\"logo\":{\"@type\":\"ImageObject\",\"inLanguage\":\"pt-BR\",\"@id\":\"https:\/\/bahiaeconomica.com.br\/wp\/#\/schema\/logo\/image\/\",\"url\":\"https:\/\/bahiaeconomica.com.br\/wp\/wp-content\/uploads\/2020\/12\/cropped-BE.png\",\"contentUrl\":\"https:\/\/bahiaeconomica.com.br\/wp\/wp-content\/uploads\/2020\/12\/cropped-BE.png\",\"width\":512,\"height\":512,\"caption\":\"Bahia Econ\u00f4mica\"},\"image\":{\"@id\":\"https:\/\/bahiaeconomica.com.br\/wp\/#\/schema\/logo\/image\/\"},\"sameAs\":[\"https:\/\/www.facebook.com\/bahiaeconomica\"]},{\"@type\":\"Person\",\"@id\":\"https:\/\/bahiaeconomica.com.br\/wp\/#\/schema\/person\/c86d3a3f8960425a0f9d0e5245991f4e\",\"name\":\"JP\",\"sameAs\":[\"https:\/\/bahiaeconomica.com.br\/wp\/beta\/\"],\"url\":\"https:\/\/bahiaeconomica.com.br\/wp\/author\/jp\/\"}]}<\/script>\n<!-- \/ Yoast SEO plugin. -->","yoast_head_json":{"title":"2\u00ba DIA DO BAHIA ORIGEM WEEK REUNIU RODADA DE NEG\u00d3CIOS, ESPET\u00c1CULO NA COZINHA E PRODUTOS ARTESANAIS - Bahia Economica","description":"O maior portal de Economia da Bahia CULTURA E ARTE Bahia Economica A programa\u00e7\u00e3o da 4\u00aa edi\u00e7\u00e3o do Bahia Origem Week segue neste s","robots":{"index":"index","follow":"follow","max-snippet":"max-snippet:-1","max-image-preview":"max-image-preview:large","max-video-preview":"max-video-preview:-1"},"canonical":"https:\/\/bahiaeconomica.com.br\/wp\/2025\/04\/05\/2o-dia-do-bahia-origem-week-reuniu-rodada-de-negocios-espetaculo-na-cozinha-e-produtos-artesanais\/","og_locale":"pt_BR","og_type":"article","og_title":"2\u00ba DIA DO BAHIA ORIGEM WEEK REUNIU RODADA DE NEG\u00d3CIOS, ESPET\u00c1CULO NA COZINHA E PRODUTOS ARTESANAIS - Bahia Economica","og_description":"O maior portal de Economia da Bahia CULTURA E ARTE Bahia Economica A programa\u00e7\u00e3o da 4\u00aa edi\u00e7\u00e3o do Bahia Origem Week segue neste s","og_url":"https:\/\/bahiaeconomica.com.br\/wp\/2025\/04\/05\/2o-dia-do-bahia-origem-week-reuniu-rodada-de-negocios-espetaculo-na-cozinha-e-produtos-artesanais\/","og_site_name":"Bahia Economica","article_publisher":"https:\/\/www.facebook.com\/bahiaeconomica","article_published_time":"2025-04-05T21:00:54+00:00","article_modified_time":"2025-04-05T18:53:35+00:00","og_image":[{"width":2560,"height":1707,"url":"https:\/\/bahiaeconomica.com.br\/wp\/wp-content\/uploads\/2025\/04\/WhatsApp-Image-2025-04-05-at-09.33.38-scaled.jpeg","type":"image\/jpeg"}],"author":"JP","twitter_card":"summary_large_image","twitter_misc":{"Escrito por":"JP","Est. tempo de leitura":"4 minutos"},"schema":{"@context":"https:\/\/schema.org","@graph":[{"@type":"Article","@id":"https:\/\/bahiaeconomica.com.br\/wp\/2025\/04\/05\/2o-dia-do-bahia-origem-week-reuniu-rodada-de-negocios-espetaculo-na-cozinha-e-produtos-artesanais\/#article","isPartOf":{"@id":"https:\/\/bahiaeconomica.com.br\/wp\/2025\/04\/05\/2o-dia-do-bahia-origem-week-reuniu-rodada-de-negocios-espetaculo-na-cozinha-e-produtos-artesanais\/"},"author":{"name":"JP","@id":"https:\/\/bahiaeconomica.com.br\/wp\/#\/schema\/person\/c86d3a3f8960425a0f9d0e5245991f4e"},"headline":"2\u00ba DIA DO BAHIA ORIGEM WEEK REUNIU RODADA DE NEG\u00d3CIOS, ESPET\u00c1CULO NA COZINHA E PRODUTOS ARTESANAIS","datePublished":"2025-04-05T21:00:54+00:00","dateModified":"2025-04-05T18:53:35+00:00","mainEntityOfPage":{"@id":"https:\/\/bahiaeconomica.com.br\/wp\/2025\/04\/05\/2o-dia-do-bahia-origem-week-reuniu-rodada-de-negocios-espetaculo-na-cozinha-e-produtos-artesanais\/"},"wordCount":668,"publisher":{"@id":"https:\/\/bahiaeconomica.com.br\/wp\/#organization"},"keywords":["Brasil","mudan\u00e7a","novidade","Pol\u00edtica"],"articleSection":["CULTURA E ARTE"],"inLanguage":"pt-BR"},{"@type":"WebPage","@id":"https:\/\/bahiaeconomica.com.br\/wp\/2025\/04\/05\/2o-dia-do-bahia-origem-week-reuniu-rodada-de-negocios-espetaculo-na-cozinha-e-produtos-artesanais\/","url":"https:\/\/bahiaeconomica.com.br\/wp\/2025\/04\/05\/2o-dia-do-bahia-origem-week-reuniu-rodada-de-negocios-espetaculo-na-cozinha-e-produtos-artesanais\/","name":"2\u00ba DIA DO BAHIA ORIGEM WEEK REUNIU RODADA DE NEG\u00d3CIOS, ESPET\u00c1CULO NA COZINHA E PRODUTOS ARTESANAIS - Bahia Economica","isPartOf":{"@id":"https:\/\/bahiaeconomica.com.br\/wp\/#website"},"datePublished":"2025-04-05T21:00:54+00:00","dateModified":"2025-04-05T18:53:35+00:00","description":"O maior portal de Economia da Bahia CULTURA E ARTE Bahia Economica A programa\u00e7\u00e3o da 4\u00aa edi\u00e7\u00e3o do Bahia Origem Week segue neste s","breadcrumb":{"@id":"https:\/\/bahiaeconomica.com.br\/wp\/2025\/04\/05\/2o-dia-do-bahia-origem-week-reuniu-rodada-de-negocios-espetaculo-na-cozinha-e-produtos-artesanais\/#breadcrumb"},"inLanguage":"pt-BR","potentialAction":[{"@type":"ReadAction","target":["https:\/\/bahiaeconomica.com.br\/wp\/2025\/04\/05\/2o-dia-do-bahia-origem-week-reuniu-rodada-de-negocios-espetaculo-na-cozinha-e-produtos-artesanais\/"]}]},{"@type":"BreadcrumbList","@id":"https:\/\/bahiaeconomica.com.br\/wp\/2025\/04\/05\/2o-dia-do-bahia-origem-week-reuniu-rodada-de-negocios-espetaculo-na-cozinha-e-produtos-artesanais\/#breadcrumb","itemListElement":[{"@type":"ListItem","position":1,"name":"In\u00edcio","item":"https:\/\/bahiaeconomica.com.br\/wp\/"},{"@type":"ListItem","position":2,"name":"2\u00ba DIA DO BAHIA ORIGEM WEEK REUNIU RODADA DE NEG\u00d3CIOS, ESPET\u00c1CULO NA COZINHA E PRODUTOS ARTESANAIS"}]},{"@type":"WebSite","@id":"https:\/\/bahiaeconomica.com.br\/wp\/#website","url":"https:\/\/bahiaeconomica.com.br\/wp\/","name":"Bahia Economica","description":"O maior portal de Economia da Bahia","publisher":{"@id":"https:\/\/bahiaeconomica.com.br\/wp\/#organization"},"potentialAction":[{"@type":"SearchAction","target":{"@type":"EntryPoint","urlTemplate":"https:\/\/bahiaeconomica.com.br\/wp\/?s={search_term_string}"},"query-input":"required name=search_term_string"}],"inLanguage":"pt-BR"},{"@type":"Organization","@id":"https:\/\/bahiaeconomica.com.br\/wp\/#organization","name":"Bahia Econ\u00f4mica","url":"https:\/\/bahiaeconomica.com.br\/wp\/","logo":{"@type":"ImageObject","inLanguage":"pt-BR","@id":"https:\/\/bahiaeconomica.com.br\/wp\/#\/schema\/logo\/image\/","url":"https:\/\/bahiaeconomica.com.br\/wp\/wp-content\/uploads\/2020\/12\/cropped-BE.png","contentUrl":"https:\/\/bahiaeconomica.com.br\/wp\/wp-content\/uploads\/2020\/12\/cropped-BE.png","width":512,"height":512,"caption":"Bahia Econ\u00f4mica"},"image":{"@id":"https:\/\/bahiaeconomica.com.br\/wp\/#\/schema\/logo\/image\/"},"sameAs":["https:\/\/www.facebook.com\/bahiaeconomica"]},{"@type":"Person","@id":"https:\/\/bahiaeconomica.com.br\/wp\/#\/schema\/person\/c86d3a3f8960425a0f9d0e5245991f4e","name":"JP","sameAs":["https:\/\/bahiaeconomica.com.br\/wp\/beta\/"],"url":"https:\/\/bahiaeconomica.com.br\/wp\/author\/jp\/"}]}},"views":6,"_links":{"self":[{"href":"https:\/\/bahiaeconomica.com.br\/wp\/wp-json\/wp\/v2\/posts\/893325"}],"collection":[{"href":"https:\/\/bahiaeconomica.com.br\/wp\/wp-json\/wp\/v2\/posts"}],"about":[{"href":"https:\/\/bahiaeconomica.com.br\/wp\/wp-json\/wp\/v2\/types\/post"}],"author":[{"embeddable":true,"href":"https:\/\/bahiaeconomica.com.br\/wp\/wp-json\/wp\/v2\/users\/8"}],"replies":[{"embeddable":true,"href":"https:\/\/bahiaeconomica.com.br\/wp\/wp-json\/wp\/v2\/comments?post=893325"}],"version-history":[{"count":1,"href":"https:\/\/bahiaeconomica.com.br\/wp\/wp-json\/wp\/v2\/posts\/893325\/revisions"}],"predecessor-version":[{"id":893327,"href":"https:\/\/bahiaeconomica.com.br\/wp\/wp-json\/wp\/v2\/posts\/893325\/revisions\/893327"}],"wp:featuredmedia":[{"embeddable":true,"href":"https:\/\/bahiaeconomica.com.br\/wp\/wp-json\/wp\/v2\/media\/893326"}],"wp:attachment":[{"href":"https:\/\/bahiaeconomica.com.br\/wp\/wp-json\/wp\/v2\/media?parent=893325"}],"wp:term":[{"taxonomy":"category","embeddable":true,"href":"https:\/\/bahiaeconomica.com.br\/wp\/wp-json\/wp\/v2\/categories?post=893325"},{"taxonomy":"post_tag","embeddable":true,"href":"https:\/\/bahiaeconomica.com.br\/wp\/wp-json\/wp\/v2\/tags?post=893325"}],"curies":[{"name":"wp","href":"https:\/\/api.w.org\/{rel}","templated":true}]}}