{"id":892801,"date":"2025-04-03T16:33:31","date_gmt":"2025-04-03T19:33:31","guid":{"rendered":"https:\/\/bahiaeconomica.com.br\/wp\/?p=892801"},"modified":"2025-04-03T16:33:31","modified_gmt":"2025-04-03T19:33:31","slug":"mulheres-vitimas-de-violencia-podem-ter-reconstrucao-dentaria-pelo-sus","status":"publish","type":"post","link":"https:\/\/bahiaeconomica.com.br\/wp\/2025\/04\/03\/mulheres-vitimas-de-violencia-podem-ter-reconstrucao-dentaria-pelo-sus\/","title":{"rendered":"MULHERES V\u00cdTIMAS DE VIOL\u00caNCIA PODEM TER RECONSTRU\u00c7\u00c3O DENT\u00c1RIA PELO SUS"},"content":{"rendered":"<p>O presidente Luiz In\u00e1cio Lula da Silva sancionou a lei que garante, no \u00e2mbito do Sistema \u00danico de Sa\u00fade (SUS), tratamento odontol\u00f3gico para reconstru\u00e7\u00e3o e repara\u00e7\u00e3o dent\u00e1ria de mulheres v\u00edtimas de agress\u00f5es que tenham causado danos \u00e0 sua sa\u00fade bucal. O texto foi publicado nesta quinta-feira (3) no Di\u00e1rio Oficial da Uni\u00e3o.<\/p>\n<p>Est\u00e3o inclu\u00eddos procedimentos de:<\/p>\n<p>Reconstru\u00e7\u00e3o<br \/>\nPr\u00f3teses<br \/>\nTratamentos est\u00e9ticos e ortod\u00f4nticos, entre outros servi\u00e7os.<br \/>\nO atendimento odontol\u00f3gico previsto na Lei n\u00ba 15.116\/2025 ser\u00e1 garantido, prioritariamente, em cl\u00ednicas e hospitais p\u00fablicos ou conveniados ao SUS.<\/p>\n<p>Para acesso ao Programa de Reconstru\u00e7\u00e3o Dent\u00e1ria para Mulheres V\u00edtimas de Viol\u00eancia Dom\u00e9stica, a mulher dever\u00e1 apresentar documentos que comprovem a situa\u00e7\u00e3o de viol\u00eancia. Os crit\u00e9rios de acesso ao programa ainda ser\u00e3o definidos em regulamenta\u00e7\u00e3o pelo governo federal.<\/p>\n<p>A lei tamb\u00e9m permite parcerias com institui\u00e7\u00f5es de ensino e pesquisa, sempre que necess\u00e1rio, para aprimorar os servi\u00e7os oferecidos.<\/p>\n<p>O programa, segundo o governo, al\u00e9m de proporcionar atendimento priorit\u00e1rio e gratuito para a recupera\u00e7\u00e3o da sa\u00fade bucal, tem o objetivo de \u201cdevolver o m\u00ednimo de dignidade \u00e0s v\u00edtimas\u201d. O texto foi aprovado no in\u00edcio de mar\u00e7o pelo Congresso Nacional.<\/p>\n<p>\u201cEstudos indicam que em mais de 60% dos casos de agress\u00e3o contra a mulher no \u00e2mbito dom\u00e9stico, a face \u00e9 o principal alvo. As sequelas deixadas no rosto, e sobretudo na boca, causam impactos que ultrapassam os danos f\u00edsicos. Os efeitos dessas agress\u00f5es encontram reflexos no campo emocional da v\u00edtima, atingindo sua autoestima e minando a confian\u00e7a necess\u00e1ria para a reestrutura\u00e7\u00e3o social e profissional\u201d, explicou o governo, em comunicado.<\/p>\n<p>Foto:\u00a0 Jo\u00e9dson Alves\/Ag\u00eancia Brasil<\/p>\n","protected":false},"excerpt":{"rendered":"<p>O presidente Luiz In\u00e1cio Lula da Silva sancionou a lei que garante, no \u00e2mbito do Sistema \u00danico de Sa\u00fade (SUS), tratamento odontol\u00f3gico para reconstru\u00e7\u00e3o e repara\u00e7\u00e3o dent\u00e1ria de mulheres v\u00edtimas de agress\u00f5es que tenham causado danos \u00e0 sua sa\u00fade bucal. O texto foi publicado nesta quinta-feira (3) no Di\u00e1rio Oficial da Uni\u00e3o. Est\u00e3o inclu\u00eddos procedimentos [&hellip;]<\/p>\n","protected":false},"author":15,"featured_media":892802,"comment_status":"closed","ping_status":"closed","sticky":false,"template":"","format":"standard","meta":[],"categories":[14601],"tags":[433,182,20489,479,31008],"acf":[],"yoast_head":"<!-- This site is optimized with the Yoast SEO plugin v20.8 - https:\/\/yoast.com\/wordpress\/plugins\/seo\/ -->\n<title>MULHERES V\u00cdTIMAS DE VIOL\u00caNCIA PODEM TER RECONSTRU\u00c7\u00c3O DENT\u00c1RIA PELO SUS - Bahia Economica<\/title>\n<meta name=\"description\" content=\"O maior portal de Economia da Bahia Pol\u00edtica Bahia Economica O presidente Luiz In\u00e1cio Lula da Silva sancionou a lei que garante\" \/>\n<meta name=\"robots\" content=\"index, follow, max-snippet:-1, max-image-preview:large, max-video-preview:-1\" \/>\n<link rel=\"canonical\" href=\"https:\/\/bahiaeconomica.com.br\/wp\/2025\/04\/03\/mulheres-vitimas-de-violencia-podem-ter-reconstrucao-dentaria-pelo-sus\/\" \/>\n<meta property=\"og:locale\" content=\"pt_BR\" \/>\n<meta property=\"og:type\" content=\"article\" \/>\n<meta property=\"og:title\" content=\"MULHERES V\u00cdTIMAS DE VIOL\u00caNCIA PODEM TER RECONSTRU\u00c7\u00c3O DENT\u00c1RIA PELO SUS - Bahia Economica\" \/>\n<meta property=\"og:description\" content=\"O maior portal de Economia da Bahia Pol\u00edtica Bahia Economica O presidente Luiz In\u00e1cio Lula da Silva sancionou a lei que garante\" \/>\n<meta property=\"og:url\" content=\"https:\/\/bahiaeconomica.com.br\/wp\/2025\/04\/03\/mulheres-vitimas-de-violencia-podem-ter-reconstrucao-dentaria-pelo-sus\/\" \/>\n<meta property=\"og:site_name\" content=\"Bahia Economica\" \/>\n<meta property=\"article:publisher\" content=\"https:\/\/www.facebook.com\/bahiaeconomica\" \/>\n<meta property=\"article:published_time\" content=\"2025-04-03T19:33:31+00:00\" \/>\n<meta property=\"og:image\" content=\"https:\/\/bahiaeconomica.com.br\/wp\/wp-content\/uploads\/2025\/04\/mg_6472.webp\" \/>\n\t<meta property=\"og:image:width\" content=\"1170\" \/>\n\t<meta property=\"og:image:height\" content=\"700\" \/>\n\t<meta property=\"og:image:type\" content=\"image\/webp\" \/>\n<meta name=\"author\" content=\"VICTORIA ISABEL\" \/>\n<meta name=\"twitter:card\" content=\"summary_large_image\" \/>\n<meta name=\"twitter:label1\" content=\"Escrito por\" \/>\n\t<meta name=\"twitter:data1\" content=\"VICTORIA ISABEL\" \/>\n\t<meta name=\"twitter:label2\" content=\"Est. tempo de leitura\" \/>\n\t<meta name=\"twitter:data2\" content=\"2 minutos\" \/>\n<script type=\"application\/ld+json\" class=\"yoast-schema-graph\">{\"@context\":\"https:\/\/schema.org\",\"@graph\":[{\"@type\":\"Article\",\"@id\":\"https:\/\/bahiaeconomica.com.br\/wp\/2025\/04\/03\/mulheres-vitimas-de-violencia-podem-ter-reconstrucao-dentaria-pelo-sus\/#article\",\"isPartOf\":{\"@id\":\"https:\/\/bahiaeconomica.com.br\/wp\/2025\/04\/03\/mulheres-vitimas-de-violencia-podem-ter-reconstrucao-dentaria-pelo-sus\/\"},\"author\":{\"name\":\"VICTORIA ISABEL\",\"@id\":\"https:\/\/bahiaeconomica.com.br\/wp\/#\/schema\/person\/b719ce0fb1c09f3c7a00d9243ced4a6f\"},\"headline\":\"MULHERES V\u00cdTIMAS DE VIOL\u00caNCIA PODEM TER RECONSTRU\u00c7\u00c3O DENT\u00c1RIA PELO SUS\",\"datePublished\":\"2025-04-03T19:33:31+00:00\",\"dateModified\":\"2025-04-03T19:33:31+00:00\",\"mainEntityOfPage\":{\"@id\":\"https:\/\/bahiaeconomica.com.br\/wp\/2025\/04\/03\/mulheres-vitimas-de-violencia-podem-ter-reconstrucao-dentaria-pelo-sus\/\"},\"wordCount\":318,\"publisher\":{\"@id\":\"https:\/\/bahiaeconomica.com.br\/wp\/#organization\"},\"keywords\":[\"LEI\",\"Lula\",\"sa\u00fade bucal\",\"SUS\",\"V\u00cdTIMAS DE VIOL\u00caNCIA\"],\"articleSection\":[\"Pol\u00edtica\"],\"inLanguage\":\"pt-BR\"},{\"@type\":\"WebPage\",\"@id\":\"https:\/\/bahiaeconomica.com.br\/wp\/2025\/04\/03\/mulheres-vitimas-de-violencia-podem-ter-reconstrucao-dentaria-pelo-sus\/\",\"url\":\"https:\/\/bahiaeconomica.com.br\/wp\/2025\/04\/03\/mulheres-vitimas-de-violencia-podem-ter-reconstrucao-dentaria-pelo-sus\/\",\"name\":\"MULHERES V\u00cdTIMAS DE VIOL\u00caNCIA PODEM TER RECONSTRU\u00c7\u00c3O DENT\u00c1RIA PELO SUS - Bahia Economica\",\"isPartOf\":{\"@id\":\"https:\/\/bahiaeconomica.com.br\/wp\/#website\"},\"datePublished\":\"2025-04-03T19:33:31+00:00\",\"dateModified\":\"2025-04-03T19:33:31+00:00\",\"description\":\"O maior portal de Economia da Bahia Pol\u00edtica Bahia Economica O presidente Luiz In\u00e1cio Lula da Silva sancionou a lei que garante\",\"breadcrumb\":{\"@id\":\"https:\/\/bahiaeconomica.com.br\/wp\/2025\/04\/03\/mulheres-vitimas-de-violencia-podem-ter-reconstrucao-dentaria-pelo-sus\/#breadcrumb\"},\"inLanguage\":\"pt-BR\",\"potentialAction\":[{\"@type\":\"ReadAction\",\"target\":[\"https:\/\/bahiaeconomica.com.br\/wp\/2025\/04\/03\/mulheres-vitimas-de-violencia-podem-ter-reconstrucao-dentaria-pelo-sus\/\"]}]},{\"@type\":\"BreadcrumbList\",\"@id\":\"https:\/\/bahiaeconomica.com.br\/wp\/2025\/04\/03\/mulheres-vitimas-de-violencia-podem-ter-reconstrucao-dentaria-pelo-sus\/#breadcrumb\",\"itemListElement\":[{\"@type\":\"ListItem\",\"position\":1,\"name\":\"In\u00edcio\",\"item\":\"https:\/\/bahiaeconomica.com.br\/wp\/\"},{\"@type\":\"ListItem\",\"position\":2,\"name\":\"MULHERES V\u00cdTIMAS DE VIOL\u00caNCIA PODEM TER RECONSTRU\u00c7\u00c3O DENT\u00c1RIA PELO SUS\"}]},{\"@type\":\"WebSite\",\"@id\":\"https:\/\/bahiaeconomica.com.br\/wp\/#website\",\"url\":\"https:\/\/bahiaeconomica.com.br\/wp\/\",\"name\":\"Bahia Economica\",\"description\":\"O maior portal de Economia da Bahia\",\"publisher\":{\"@id\":\"https:\/\/bahiaeconomica.com.br\/wp\/#organization\"},\"potentialAction\":[{\"@type\":\"SearchAction\",\"target\":{\"@type\":\"EntryPoint\",\"urlTemplate\":\"https:\/\/bahiaeconomica.com.br\/wp\/?s={search_term_string}\"},\"query-input\":\"required name=search_term_string\"}],\"inLanguage\":\"pt-BR\"},{\"@type\":\"Organization\",\"@id\":\"https:\/\/bahiaeconomica.com.br\/wp\/#organization\",\"name\":\"Bahia Econ\u00f4mica\",\"url\":\"https:\/\/bahiaeconomica.com.br\/wp\/\",\"logo\":{\"@type\":\"ImageObject\",\"inLanguage\":\"pt-BR\",\"@id\":\"https:\/\/bahiaeconomica.com.br\/wp\/#\/schema\/logo\/image\/\",\"url\":\"https:\/\/bahiaeconomica.com.br\/wp\/wp-content\/uploads\/2020\/12\/cropped-BE.png\",\"contentUrl\":\"https:\/\/bahiaeconomica.com.br\/wp\/wp-content\/uploads\/2020\/12\/cropped-BE.png\",\"width\":512,\"height\":512,\"caption\":\"Bahia Econ\u00f4mica\"},\"image\":{\"@id\":\"https:\/\/bahiaeconomica.com.br\/wp\/#\/schema\/logo\/image\/\"},\"sameAs\":[\"https:\/\/www.facebook.com\/bahiaeconomica\"]},{\"@type\":\"Person\",\"@id\":\"https:\/\/bahiaeconomica.com.br\/wp\/#\/schema\/person\/b719ce0fb1c09f3c7a00d9243ced4a6f\",\"name\":\"VICTORIA ISABEL\",\"sameAs\":[\"http:\/\/www.bahiaeconomica.com.br\"],\"url\":\"https:\/\/bahiaeconomica.com.br\/wp\/author\/victoria-isabel\/\"}]}<\/script>\n<!-- \/ Yoast SEO plugin. -->","yoast_head_json":{"title":"MULHERES V\u00cdTIMAS DE VIOL\u00caNCIA PODEM TER RECONSTRU\u00c7\u00c3O DENT\u00c1RIA PELO SUS - Bahia Economica","description":"O maior portal de Economia da Bahia Pol\u00edtica Bahia Economica O presidente Luiz In\u00e1cio Lula da Silva sancionou a lei que garante","robots":{"index":"index","follow":"follow","max-snippet":"max-snippet:-1","max-image-preview":"max-image-preview:large","max-video-preview":"max-video-preview:-1"},"canonical":"https:\/\/bahiaeconomica.com.br\/wp\/2025\/04\/03\/mulheres-vitimas-de-violencia-podem-ter-reconstrucao-dentaria-pelo-sus\/","og_locale":"pt_BR","og_type":"article","og_title":"MULHERES V\u00cdTIMAS DE VIOL\u00caNCIA PODEM TER RECONSTRU\u00c7\u00c3O DENT\u00c1RIA PELO SUS - Bahia Economica","og_description":"O maior portal de Economia da Bahia Pol\u00edtica Bahia Economica O presidente Luiz In\u00e1cio Lula da Silva sancionou a lei que garante","og_url":"https:\/\/bahiaeconomica.com.br\/wp\/2025\/04\/03\/mulheres-vitimas-de-violencia-podem-ter-reconstrucao-dentaria-pelo-sus\/","og_site_name":"Bahia Economica","article_publisher":"https:\/\/www.facebook.com\/bahiaeconomica","article_published_time":"2025-04-03T19:33:31+00:00","og_image":[{"width":1170,"height":700,"url":"https:\/\/bahiaeconomica.com.br\/wp\/wp-content\/uploads\/2025\/04\/mg_6472.webp","type":"image\/webp"}],"author":"VICTORIA ISABEL","twitter_card":"summary_large_image","twitter_misc":{"Escrito por":"VICTORIA ISABEL","Est. tempo de leitura":"2 minutos"},"schema":{"@context":"https:\/\/schema.org","@graph":[{"@type":"Article","@id":"https:\/\/bahiaeconomica.com.br\/wp\/2025\/04\/03\/mulheres-vitimas-de-violencia-podem-ter-reconstrucao-dentaria-pelo-sus\/#article","isPartOf":{"@id":"https:\/\/bahiaeconomica.com.br\/wp\/2025\/04\/03\/mulheres-vitimas-de-violencia-podem-ter-reconstrucao-dentaria-pelo-sus\/"},"author":{"name":"VICTORIA ISABEL","@id":"https:\/\/bahiaeconomica.com.br\/wp\/#\/schema\/person\/b719ce0fb1c09f3c7a00d9243ced4a6f"},"headline":"MULHERES V\u00cdTIMAS DE VIOL\u00caNCIA PODEM TER RECONSTRU\u00c7\u00c3O DENT\u00c1RIA PELO SUS","datePublished":"2025-04-03T19:33:31+00:00","dateModified":"2025-04-03T19:33:31+00:00","mainEntityOfPage":{"@id":"https:\/\/bahiaeconomica.com.br\/wp\/2025\/04\/03\/mulheres-vitimas-de-violencia-podem-ter-reconstrucao-dentaria-pelo-sus\/"},"wordCount":318,"publisher":{"@id":"https:\/\/bahiaeconomica.com.br\/wp\/#organization"},"keywords":["LEI","Lula","sa\u00fade bucal","SUS","V\u00cdTIMAS DE VIOL\u00caNCIA"],"articleSection":["Pol\u00edtica"],"inLanguage":"pt-BR"},{"@type":"WebPage","@id":"https:\/\/bahiaeconomica.com.br\/wp\/2025\/04\/03\/mulheres-vitimas-de-violencia-podem-ter-reconstrucao-dentaria-pelo-sus\/","url":"https:\/\/bahiaeconomica.com.br\/wp\/2025\/04\/03\/mulheres-vitimas-de-violencia-podem-ter-reconstrucao-dentaria-pelo-sus\/","name":"MULHERES V\u00cdTIMAS DE VIOL\u00caNCIA PODEM TER RECONSTRU\u00c7\u00c3O DENT\u00c1RIA PELO SUS - Bahia Economica","isPartOf":{"@id":"https:\/\/bahiaeconomica.com.br\/wp\/#website"},"datePublished":"2025-04-03T19:33:31+00:00","dateModified":"2025-04-03T19:33:31+00:00","description":"O maior portal de Economia da Bahia Pol\u00edtica Bahia Economica O presidente Luiz In\u00e1cio Lula da Silva sancionou a lei que garante","breadcrumb":{"@id":"https:\/\/bahiaeconomica.com.br\/wp\/2025\/04\/03\/mulheres-vitimas-de-violencia-podem-ter-reconstrucao-dentaria-pelo-sus\/#breadcrumb"},"inLanguage":"pt-BR","potentialAction":[{"@type":"ReadAction","target":["https:\/\/bahiaeconomica.com.br\/wp\/2025\/04\/03\/mulheres-vitimas-de-violencia-podem-ter-reconstrucao-dentaria-pelo-sus\/"]}]},{"@type":"BreadcrumbList","@id":"https:\/\/bahiaeconomica.com.br\/wp\/2025\/04\/03\/mulheres-vitimas-de-violencia-podem-ter-reconstrucao-dentaria-pelo-sus\/#breadcrumb","itemListElement":[{"@type":"ListItem","position":1,"name":"In\u00edcio","item":"https:\/\/bahiaeconomica.com.br\/wp\/"},{"@type":"ListItem","position":2,"name":"MULHERES V\u00cdTIMAS DE VIOL\u00caNCIA PODEM TER RECONSTRU\u00c7\u00c3O DENT\u00c1RIA PELO SUS"}]},{"@type":"WebSite","@id":"https:\/\/bahiaeconomica.com.br\/wp\/#website","url":"https:\/\/bahiaeconomica.com.br\/wp\/","name":"Bahia Economica","description":"O maior portal de Economia da Bahia","publisher":{"@id":"https:\/\/bahiaeconomica.com.br\/wp\/#organization"},"potentialAction":[{"@type":"SearchAction","target":{"@type":"EntryPoint","urlTemplate":"https:\/\/bahiaeconomica.com.br\/wp\/?s={search_term_string}"},"query-input":"required name=search_term_string"}],"inLanguage":"pt-BR"},{"@type":"Organization","@id":"https:\/\/bahiaeconomica.com.br\/wp\/#organization","name":"Bahia Econ\u00f4mica","url":"https:\/\/bahiaeconomica.com.br\/wp\/","logo":{"@type":"ImageObject","inLanguage":"pt-BR","@id":"https:\/\/bahiaeconomica.com.br\/wp\/#\/schema\/logo\/image\/","url":"https:\/\/bahiaeconomica.com.br\/wp\/wp-content\/uploads\/2020\/12\/cropped-BE.png","contentUrl":"https:\/\/bahiaeconomica.com.br\/wp\/wp-content\/uploads\/2020\/12\/cropped-BE.png","width":512,"height":512,"caption":"Bahia Econ\u00f4mica"},"image":{"@id":"https:\/\/bahiaeconomica.com.br\/wp\/#\/schema\/logo\/image\/"},"sameAs":["https:\/\/www.facebook.com\/bahiaeconomica"]},{"@type":"Person","@id":"https:\/\/bahiaeconomica.com.br\/wp\/#\/schema\/person\/b719ce0fb1c09f3c7a00d9243ced4a6f","name":"VICTORIA ISABEL","sameAs":["http:\/\/www.bahiaeconomica.com.br"],"url":"https:\/\/bahiaeconomica.com.br\/wp\/author\/victoria-isabel\/"}]}},"views":2,"_links":{"self":[{"href":"https:\/\/bahiaeconomica.com.br\/wp\/wp-json\/wp\/v2\/posts\/892801"}],"collection":[{"href":"https:\/\/bahiaeconomica.com.br\/wp\/wp-json\/wp\/v2\/posts"}],"about":[{"href":"https:\/\/bahiaeconomica.com.br\/wp\/wp-json\/wp\/v2\/types\/post"}],"author":[{"embeddable":true,"href":"https:\/\/bahiaeconomica.com.br\/wp\/wp-json\/wp\/v2\/users\/15"}],"replies":[{"embeddable":true,"href":"https:\/\/bahiaeconomica.com.br\/wp\/wp-json\/wp\/v2\/comments?post=892801"}],"version-history":[{"count":1,"href":"https:\/\/bahiaeconomica.com.br\/wp\/wp-json\/wp\/v2\/posts\/892801\/revisions"}],"predecessor-version":[{"id":892808,"href":"https:\/\/bahiaeconomica.com.br\/wp\/wp-json\/wp\/v2\/posts\/892801\/revisions\/892808"}],"wp:featuredmedia":[{"embeddable":true,"href":"https:\/\/bahiaeconomica.com.br\/wp\/wp-json\/wp\/v2\/media\/892802"}],"wp:attachment":[{"href":"https:\/\/bahiaeconomica.com.br\/wp\/wp-json\/wp\/v2\/media?parent=892801"}],"wp:term":[{"taxonomy":"category","embeddable":true,"href":"https:\/\/bahiaeconomica.com.br\/wp\/wp-json\/wp\/v2\/categories?post=892801"},{"taxonomy":"post_tag","embeddable":true,"href":"https:\/\/bahiaeconomica.com.br\/wp\/wp-json\/wp\/v2\/tags?post=892801"}],"curies":[{"name":"wp","href":"https:\/\/api.w.org\/{rel}","templated":true}]}}