{"id":892730,"date":"2025-04-03T13:31:35","date_gmt":"2025-04-03T16:31:35","guid":{"rendered":"https:\/\/bahiaeconomica.com.br\/wp\/?p=892730"},"modified":"2025-04-03T13:31:35","modified_gmt":"2025-04-03T16:31:35","slug":"ex-secretario-de-salvador-bruno-barral-e-alvo-da-terceira-fase-da-operacao-overclean","status":"publish","type":"post","link":"https:\/\/bahiaeconomica.com.br\/wp\/2025\/04\/03\/ex-secretario-de-salvador-bruno-barral-e-alvo-da-terceira-fase-da-operacao-overclean\/","title":{"rendered":"EX-SECRET\u00c1RIO DE SALVADOR, BRUNO BARRAL, \u00c9 ALVO DA TERCEIRA FASE DA OPERA\u00c7\u00c3O OVERCLEAN"},"content":{"rendered":"<p>Bruno Barral, ex-secret\u00e1rio de Educa\u00e7\u00e3o de Salvador, est\u00e1 entre os alvos da terceira fase da Opera\u00e7\u00e3o Overclean, deflagrada pela Pol\u00edcia Federal na manh\u00e3 desta quinta-feira (3).<\/p>\n<p>De acordo com informa\u00e7\u00f5es do Bahia Not\u00edcias, um dos mandados foi cumprido em Belo Horizonte (MG), onde Barral atualmente exerce o cargo de secret\u00e1rio de Educa\u00e7\u00e3o da capital mineira. No \u00e2mbito da opera\u00e7\u00e3o, ele foi afastado de suas fun\u00e7\u00f5es por determina\u00e7\u00e3o do Supremo Tribunal Federal (STF).<\/p>\n<p>Durante as buscas em sua resid\u00eancia, a Pol\u00edcia Federal encontrou ma\u00e7os de d\u00f3lares e euros, al\u00e9m de joias e rel\u00f3gios armazenados em um cofre. O montante total apreendido ainda n\u00e3o foi divulgado.<\/p>\n<p>A opera\u00e7\u00e3o tem como objetivo desmantelar uma organiza\u00e7\u00e3o criminosa suspeita de envolvimento em fraudes licitat\u00f3rias, desvio de recursos p\u00fablicos, corrup\u00e7\u00e3o e lavagem de dinheiro. No total, est\u00e3o sendo cumpridos 16 mandados de busca e apreens\u00e3o, al\u00e9m de uma ordem de afastamento cautelar de um servidor p\u00fablico. As a\u00e7\u00f5es ocorrem em Salvador, S\u00e3o Paulo, Belo Horizonte e Aracaju.<\/p>\n<p>Bruno Barral assumiu o cargo em Belo Horizonte em abril do ano passado, em uma articula\u00e7\u00e3o que contou com a participa\u00e7\u00e3o direta do ex-prefeito de Salvador, ACM Neto.<\/p>\n<p>As investiga\u00e7\u00f5es indicam que o esquema criminoso teve como um de seus principais alvos o Departamento Nacional de Obras Contra as Secas (DNOCS), especialmente a Coordenadoria Estadual da Bahia (CEST-BA). Al\u00e9m disso, outros \u00f3rg\u00e3os p\u00fablicos tamb\u00e9m contavam com o apoio operacional da organiza\u00e7\u00e3o criminosa para viabilizar os desvios.<\/p>\n<p>A apura\u00e7\u00e3o aponta que os envolvidos direcionavam recursos p\u00fablicos provenientes de emendas parlamentares e conv\u00eanios para empresas e indiv\u00edduos ligados a administra\u00e7\u00f5es municipais, utilizando mecanismos como superfaturamento de obras e desvios financeiros.<\/p>\n<p>Estima-se que a organiza\u00e7\u00e3o tenha movimentado cerca de R$ 1,4 bilh\u00e3o por meio desses contratos fraudulentos e obras superfaturadas. Os crimes investigados incluem corrup\u00e7\u00e3o ativa e passiva, peculato, fraude em licita\u00e7\u00f5es e contratos, lavagem de dinheiro e obstru\u00e7\u00e3o da justi\u00e7a.<\/p>\n<p>Foto: Reprodu\u00e7\u00e3o<\/p>\n","protected":false},"excerpt":{"rendered":"<p>Bruno Barral, ex-secret\u00e1rio de Educa\u00e7\u00e3o de Salvador, est\u00e1 entre os alvos da terceira fase da Opera\u00e7\u00e3o Overclean, deflagrada pela Pol\u00edcia Federal na manh\u00e3 desta quinta-feira (3). De acordo com informa\u00e7\u00f5es do Bahia Not\u00edcias, um dos mandados foi cumprido em Belo Horizonte (MG), onde Barral atualmente exerce o cargo de secret\u00e1rio de Educa\u00e7\u00e3o da capital mineira. [&hellip;]<\/p>\n","protected":false},"author":20,"featured_media":892731,"comment_status":"closed","ping_status":"closed","sticky":false,"template":"","format":"standard","meta":[],"categories":[3],"tags":[2830,38130,38131,395,102],"acf":[],"yoast_head":"<!-- This site is optimized with the Yoast SEO plugin v20.8 - https:\/\/yoast.com\/wordpress\/plugins\/seo\/ -->\n<title>EX-SECRET\u00c1RIO DE SALVADOR, BRUNO BARRAL, \u00c9 ALVO DA TERCEIRA FASE DA OPERA\u00c7\u00c3O OVERCLEAN - Bahia Economica<\/title>\n<meta name=\"description\" content=\"ECONOMIA \/ POL\u00cdTICA Bahia Economica Pol\u00edcia Federal encontrou ma\u00e7os de d\u00f3lares e euros, al\u00e9m de joias e rel\u00f3gios armazenados em um cofre\" \/>\n<meta name=\"robots\" content=\"index, follow, max-snippet:-1, max-image-preview:large, max-video-preview:-1\" \/>\n<link rel=\"canonical\" href=\"https:\/\/bahiaeconomica.com.br\/wp\/2025\/04\/03\/ex-secretario-de-salvador-bruno-barral-e-alvo-da-terceira-fase-da-operacao-overclean\/\" \/>\n<meta property=\"og:locale\" content=\"pt_BR\" \/>\n<meta property=\"og:type\" content=\"article\" \/>\n<meta property=\"og:title\" content=\"EX-SECRET\u00c1RIO DE SALVADOR, BRUNO BARRAL, \u00c9 ALVO DA TERCEIRA FASE DA OPERA\u00c7\u00c3O OVERCLEAN - Bahia Economica\" \/>\n<meta property=\"og:description\" content=\"ECONOMIA \/ POL\u00cdTICA Bahia Economica Pol\u00edcia Federal encontrou ma\u00e7os de d\u00f3lares e euros, al\u00e9m de joias e rel\u00f3gios armazenados em um cofre\" \/>\n<meta property=\"og:url\" content=\"https:\/\/bahiaeconomica.com.br\/wp\/2025\/04\/03\/ex-secretario-de-salvador-bruno-barral-e-alvo-da-terceira-fase-da-operacao-overclean\/\" \/>\n<meta property=\"og:site_name\" content=\"Bahia Economica\" \/>\n<meta property=\"article:publisher\" content=\"https:\/\/www.facebook.com\/bahiaeconomica\" \/>\n<meta property=\"article:published_time\" content=\"2025-04-03T16:31:35+00:00\" \/>\n<meta property=\"og:image\" content=\"https:\/\/bahiaeconomica.com.br\/wp\/wp-content\/uploads\/2025\/04\/IMAGEM_NOTICIA_9.webp\" \/>\n\t<meta property=\"og:image:width\" content=\"1200\" \/>\n\t<meta property=\"og:image:height\" content=\"630\" \/>\n\t<meta property=\"og:image:type\" content=\"image\/webp\" \/>\n<meta name=\"author\" content=\"BRUNA CARVALHO\" \/>\n<meta name=\"twitter:card\" content=\"summary_large_image\" \/>\n<meta name=\"twitter:label1\" content=\"Escrito por\" \/>\n\t<meta name=\"twitter:data1\" content=\"BRUNA CARVALHO\" \/>\n\t<meta name=\"twitter:label2\" content=\"Est. tempo de leitura\" \/>\n\t<meta name=\"twitter:data2\" content=\"2 minutos\" \/>\n<script type=\"application\/ld+json\" class=\"yoast-schema-graph\">{\"@context\":\"https:\/\/schema.org\",\"@graph\":[{\"@type\":\"Article\",\"@id\":\"https:\/\/bahiaeconomica.com.br\/wp\/2025\/04\/03\/ex-secretario-de-salvador-bruno-barral-e-alvo-da-terceira-fase-da-operacao-overclean\/#article\",\"isPartOf\":{\"@id\":\"https:\/\/bahiaeconomica.com.br\/wp\/2025\/04\/03\/ex-secretario-de-salvador-bruno-barral-e-alvo-da-terceira-fase-da-operacao-overclean\/\"},\"author\":{\"name\":\"BRUNA CARVALHO\",\"@id\":\"https:\/\/bahiaeconomica.com.br\/wp\/#\/schema\/person\/9310b0e591f5979f6f99773eac5804e6\"},\"headline\":\"EX-SECRET\u00c1RIO DE SALVADOR, BRUNO BARRAL, \u00c9 ALVO DA TERCEIRA FASE DA OPERA\u00c7\u00c3O OVERCLEAN\",\"datePublished\":\"2025-04-03T16:31:35+00:00\",\"dateModified\":\"2025-04-03T16:31:35+00:00\",\"mainEntityOfPage\":{\"@id\":\"https:\/\/bahiaeconomica.com.br\/wp\/2025\/04\/03\/ex-secretario-de-salvador-bruno-barral-e-alvo-da-terceira-fase-da-operacao-overclean\/\"},\"wordCount\":371,\"publisher\":{\"@id\":\"https:\/\/bahiaeconomica.com.br\/wp\/#organization\"},\"keywords\":[\"alvo\",\"bruno barral\",\"operacao overclean\",\"PF\",\"Policia Federal\"],\"articleSection\":[\"ECONOMIA \/ POL\u00cdTICA\"],\"inLanguage\":\"pt-BR\"},{\"@type\":\"WebPage\",\"@id\":\"https:\/\/bahiaeconomica.com.br\/wp\/2025\/04\/03\/ex-secretario-de-salvador-bruno-barral-e-alvo-da-terceira-fase-da-operacao-overclean\/\",\"url\":\"https:\/\/bahiaeconomica.com.br\/wp\/2025\/04\/03\/ex-secretario-de-salvador-bruno-barral-e-alvo-da-terceira-fase-da-operacao-overclean\/\",\"name\":\"EX-SECRET\u00c1RIO DE SALVADOR, BRUNO BARRAL, \u00c9 ALVO DA TERCEIRA FASE DA OPERA\u00c7\u00c3O OVERCLEAN - Bahia Economica\",\"isPartOf\":{\"@id\":\"https:\/\/bahiaeconomica.com.br\/wp\/#website\"},\"datePublished\":\"2025-04-03T16:31:35+00:00\",\"dateModified\":\"2025-04-03T16:31:35+00:00\",\"description\":\"ECONOMIA \/ POL\u00cdTICA Bahia Economica Pol\u00edcia Federal encontrou ma\u00e7os de d\u00f3lares e euros, al\u00e9m de joias e rel\u00f3gios armazenados em um cofre\",\"breadcrumb\":{\"@id\":\"https:\/\/bahiaeconomica.com.br\/wp\/2025\/04\/03\/ex-secretario-de-salvador-bruno-barral-e-alvo-da-terceira-fase-da-operacao-overclean\/#breadcrumb\"},\"inLanguage\":\"pt-BR\",\"potentialAction\":[{\"@type\":\"ReadAction\",\"target\":[\"https:\/\/bahiaeconomica.com.br\/wp\/2025\/04\/03\/ex-secretario-de-salvador-bruno-barral-e-alvo-da-terceira-fase-da-operacao-overclean\/\"]}]},{\"@type\":\"BreadcrumbList\",\"@id\":\"https:\/\/bahiaeconomica.com.br\/wp\/2025\/04\/03\/ex-secretario-de-salvador-bruno-barral-e-alvo-da-terceira-fase-da-operacao-overclean\/#breadcrumb\",\"itemListElement\":[{\"@type\":\"ListItem\",\"position\":1,\"name\":\"In\u00edcio\",\"item\":\"https:\/\/bahiaeconomica.com.br\/wp\/\"},{\"@type\":\"ListItem\",\"position\":2,\"name\":\"EX-SECRET\u00c1RIO DE SALVADOR, BRUNO BARRAL, \u00c9 ALVO DA TERCEIRA FASE DA OPERA\u00c7\u00c3O OVERCLEAN\"}]},{\"@type\":\"WebSite\",\"@id\":\"https:\/\/bahiaeconomica.com.br\/wp\/#website\",\"url\":\"https:\/\/bahiaeconomica.com.br\/wp\/\",\"name\":\"Bahia Economica\",\"description\":\"O maior portal de Economia da Bahia\",\"publisher\":{\"@id\":\"https:\/\/bahiaeconomica.com.br\/wp\/#organization\"},\"potentialAction\":[{\"@type\":\"SearchAction\",\"target\":{\"@type\":\"EntryPoint\",\"urlTemplate\":\"https:\/\/bahiaeconomica.com.br\/wp\/?s={search_term_string}\"},\"query-input\":\"required name=search_term_string\"}],\"inLanguage\":\"pt-BR\"},{\"@type\":\"Organization\",\"@id\":\"https:\/\/bahiaeconomica.com.br\/wp\/#organization\",\"name\":\"Bahia Econ\u00f4mica\",\"url\":\"https:\/\/bahiaeconomica.com.br\/wp\/\",\"logo\":{\"@type\":\"ImageObject\",\"inLanguage\":\"pt-BR\",\"@id\":\"https:\/\/bahiaeconomica.com.br\/wp\/#\/schema\/logo\/image\/\",\"url\":\"https:\/\/bahiaeconomica.com.br\/wp\/wp-content\/uploads\/2020\/12\/cropped-BE.png\",\"contentUrl\":\"https:\/\/bahiaeconomica.com.br\/wp\/wp-content\/uploads\/2020\/12\/cropped-BE.png\",\"width\":512,\"height\":512,\"caption\":\"Bahia Econ\u00f4mica\"},\"image\":{\"@id\":\"https:\/\/bahiaeconomica.com.br\/wp\/#\/schema\/logo\/image\/\"},\"sameAs\":[\"https:\/\/www.facebook.com\/bahiaeconomica\"]},{\"@type\":\"Person\",\"@id\":\"https:\/\/bahiaeconomica.com.br\/wp\/#\/schema\/person\/9310b0e591f5979f6f99773eac5804e6\",\"name\":\"BRUNA CARVALHO\",\"sameAs\":[\"http:\/\/www.bahiaeconomica.com.br\"],\"url\":\"https:\/\/bahiaeconomica.com.br\/wp\/author\/bruna\/\"}]}<\/script>\n<!-- \/ Yoast SEO plugin. -->","yoast_head_json":{"title":"EX-SECRET\u00c1RIO DE SALVADOR, BRUNO BARRAL, \u00c9 ALVO DA TERCEIRA FASE DA OPERA\u00c7\u00c3O OVERCLEAN - Bahia Economica","description":"ECONOMIA \/ POL\u00cdTICA Bahia Economica Pol\u00edcia Federal encontrou ma\u00e7os de d\u00f3lares e euros, al\u00e9m de joias e rel\u00f3gios armazenados em um cofre","robots":{"index":"index","follow":"follow","max-snippet":"max-snippet:-1","max-image-preview":"max-image-preview:large","max-video-preview":"max-video-preview:-1"},"canonical":"https:\/\/bahiaeconomica.com.br\/wp\/2025\/04\/03\/ex-secretario-de-salvador-bruno-barral-e-alvo-da-terceira-fase-da-operacao-overclean\/","og_locale":"pt_BR","og_type":"article","og_title":"EX-SECRET\u00c1RIO DE SALVADOR, BRUNO BARRAL, \u00c9 ALVO DA TERCEIRA FASE DA OPERA\u00c7\u00c3O OVERCLEAN - Bahia Economica","og_description":"ECONOMIA \/ POL\u00cdTICA Bahia Economica Pol\u00edcia Federal encontrou ma\u00e7os de d\u00f3lares e euros, al\u00e9m de joias e rel\u00f3gios armazenados em um cofre","og_url":"https:\/\/bahiaeconomica.com.br\/wp\/2025\/04\/03\/ex-secretario-de-salvador-bruno-barral-e-alvo-da-terceira-fase-da-operacao-overclean\/","og_site_name":"Bahia Economica","article_publisher":"https:\/\/www.facebook.com\/bahiaeconomica","article_published_time":"2025-04-03T16:31:35+00:00","og_image":[{"width":1200,"height":630,"url":"https:\/\/bahiaeconomica.com.br\/wp\/wp-content\/uploads\/2025\/04\/IMAGEM_NOTICIA_9.webp","type":"image\/webp"}],"author":"BRUNA CARVALHO","twitter_card":"summary_large_image","twitter_misc":{"Escrito por":"BRUNA CARVALHO","Est. tempo de leitura":"2 minutos"},"schema":{"@context":"https:\/\/schema.org","@graph":[{"@type":"Article","@id":"https:\/\/bahiaeconomica.com.br\/wp\/2025\/04\/03\/ex-secretario-de-salvador-bruno-barral-e-alvo-da-terceira-fase-da-operacao-overclean\/#article","isPartOf":{"@id":"https:\/\/bahiaeconomica.com.br\/wp\/2025\/04\/03\/ex-secretario-de-salvador-bruno-barral-e-alvo-da-terceira-fase-da-operacao-overclean\/"},"author":{"name":"BRUNA CARVALHO","@id":"https:\/\/bahiaeconomica.com.br\/wp\/#\/schema\/person\/9310b0e591f5979f6f99773eac5804e6"},"headline":"EX-SECRET\u00c1RIO DE SALVADOR, BRUNO BARRAL, \u00c9 ALVO DA TERCEIRA FASE DA OPERA\u00c7\u00c3O OVERCLEAN","datePublished":"2025-04-03T16:31:35+00:00","dateModified":"2025-04-03T16:31:35+00:00","mainEntityOfPage":{"@id":"https:\/\/bahiaeconomica.com.br\/wp\/2025\/04\/03\/ex-secretario-de-salvador-bruno-barral-e-alvo-da-terceira-fase-da-operacao-overclean\/"},"wordCount":371,"publisher":{"@id":"https:\/\/bahiaeconomica.com.br\/wp\/#organization"},"keywords":["alvo","bruno barral","operacao overclean","PF","Policia Federal"],"articleSection":["ECONOMIA \/ POL\u00cdTICA"],"inLanguage":"pt-BR"},{"@type":"WebPage","@id":"https:\/\/bahiaeconomica.com.br\/wp\/2025\/04\/03\/ex-secretario-de-salvador-bruno-barral-e-alvo-da-terceira-fase-da-operacao-overclean\/","url":"https:\/\/bahiaeconomica.com.br\/wp\/2025\/04\/03\/ex-secretario-de-salvador-bruno-barral-e-alvo-da-terceira-fase-da-operacao-overclean\/","name":"EX-SECRET\u00c1RIO DE SALVADOR, BRUNO BARRAL, \u00c9 ALVO DA TERCEIRA FASE DA OPERA\u00c7\u00c3O OVERCLEAN - Bahia Economica","isPartOf":{"@id":"https:\/\/bahiaeconomica.com.br\/wp\/#website"},"datePublished":"2025-04-03T16:31:35+00:00","dateModified":"2025-04-03T16:31:35+00:00","description":"ECONOMIA \/ POL\u00cdTICA Bahia Economica Pol\u00edcia Federal encontrou ma\u00e7os de d\u00f3lares e euros, al\u00e9m de joias e rel\u00f3gios armazenados em um cofre","breadcrumb":{"@id":"https:\/\/bahiaeconomica.com.br\/wp\/2025\/04\/03\/ex-secretario-de-salvador-bruno-barral-e-alvo-da-terceira-fase-da-operacao-overclean\/#breadcrumb"},"inLanguage":"pt-BR","potentialAction":[{"@type":"ReadAction","target":["https:\/\/bahiaeconomica.com.br\/wp\/2025\/04\/03\/ex-secretario-de-salvador-bruno-barral-e-alvo-da-terceira-fase-da-operacao-overclean\/"]}]},{"@type":"BreadcrumbList","@id":"https:\/\/bahiaeconomica.com.br\/wp\/2025\/04\/03\/ex-secretario-de-salvador-bruno-barral-e-alvo-da-terceira-fase-da-operacao-overclean\/#breadcrumb","itemListElement":[{"@type":"ListItem","position":1,"name":"In\u00edcio","item":"https:\/\/bahiaeconomica.com.br\/wp\/"},{"@type":"ListItem","position":2,"name":"EX-SECRET\u00c1RIO DE SALVADOR, BRUNO BARRAL, \u00c9 ALVO DA TERCEIRA FASE DA OPERA\u00c7\u00c3O OVERCLEAN"}]},{"@type":"WebSite","@id":"https:\/\/bahiaeconomica.com.br\/wp\/#website","url":"https:\/\/bahiaeconomica.com.br\/wp\/","name":"Bahia Economica","description":"O maior portal de Economia da Bahia","publisher":{"@id":"https:\/\/bahiaeconomica.com.br\/wp\/#organization"},"potentialAction":[{"@type":"SearchAction","target":{"@type":"EntryPoint","urlTemplate":"https:\/\/bahiaeconomica.com.br\/wp\/?s={search_term_string}"},"query-input":"required name=search_term_string"}],"inLanguage":"pt-BR"},{"@type":"Organization","@id":"https:\/\/bahiaeconomica.com.br\/wp\/#organization","name":"Bahia Econ\u00f4mica","url":"https:\/\/bahiaeconomica.com.br\/wp\/","logo":{"@type":"ImageObject","inLanguage":"pt-BR","@id":"https:\/\/bahiaeconomica.com.br\/wp\/#\/schema\/logo\/image\/","url":"https:\/\/bahiaeconomica.com.br\/wp\/wp-content\/uploads\/2020\/12\/cropped-BE.png","contentUrl":"https:\/\/bahiaeconomica.com.br\/wp\/wp-content\/uploads\/2020\/12\/cropped-BE.png","width":512,"height":512,"caption":"Bahia Econ\u00f4mica"},"image":{"@id":"https:\/\/bahiaeconomica.com.br\/wp\/#\/schema\/logo\/image\/"},"sameAs":["https:\/\/www.facebook.com\/bahiaeconomica"]},{"@type":"Person","@id":"https:\/\/bahiaeconomica.com.br\/wp\/#\/schema\/person\/9310b0e591f5979f6f99773eac5804e6","name":"BRUNA CARVALHO","sameAs":["http:\/\/www.bahiaeconomica.com.br"],"url":"https:\/\/bahiaeconomica.com.br\/wp\/author\/bruna\/"}]}},"views":73,"_links":{"self":[{"href":"https:\/\/bahiaeconomica.com.br\/wp\/wp-json\/wp\/v2\/posts\/892730"}],"collection":[{"href":"https:\/\/bahiaeconomica.com.br\/wp\/wp-json\/wp\/v2\/posts"}],"about":[{"href":"https:\/\/bahiaeconomica.com.br\/wp\/wp-json\/wp\/v2\/types\/post"}],"author":[{"embeddable":true,"href":"https:\/\/bahiaeconomica.com.br\/wp\/wp-json\/wp\/v2\/users\/20"}],"replies":[{"embeddable":true,"href":"https:\/\/bahiaeconomica.com.br\/wp\/wp-json\/wp\/v2\/comments?post=892730"}],"version-history":[{"count":1,"href":"https:\/\/bahiaeconomica.com.br\/wp\/wp-json\/wp\/v2\/posts\/892730\/revisions"}],"predecessor-version":[{"id":892732,"href":"https:\/\/bahiaeconomica.com.br\/wp\/wp-json\/wp\/v2\/posts\/892730\/revisions\/892732"}],"wp:featuredmedia":[{"embeddable":true,"href":"https:\/\/bahiaeconomica.com.br\/wp\/wp-json\/wp\/v2\/media\/892731"}],"wp:attachment":[{"href":"https:\/\/bahiaeconomica.com.br\/wp\/wp-json\/wp\/v2\/media?parent=892730"}],"wp:term":[{"taxonomy":"category","embeddable":true,"href":"https:\/\/bahiaeconomica.com.br\/wp\/wp-json\/wp\/v2\/categories?post=892730"},{"taxonomy":"post_tag","embeddable":true,"href":"https:\/\/bahiaeconomica.com.br\/wp\/wp-json\/wp\/v2\/tags?post=892730"}],"curies":[{"name":"wp","href":"https:\/\/api.w.org\/{rel}","templated":true}]}}