{"id":892532,"date":"2025-04-02T19:36:28","date_gmt":"2025-04-02T22:36:28","guid":{"rendered":"https:\/\/bahiaeconomica.com.br\/wp\/?p=892532"},"modified":"2025-04-02T19:44:36","modified_gmt":"2025-04-02T22:44:36","slug":"pgr-envia-ao-supremo-parecer-contra-prisao-de-bolsonaro","status":"publish","type":"post","link":"https:\/\/bahiaeconomica.com.br\/wp\/2025\/04\/02\/pgr-envia-ao-supremo-parecer-contra-prisao-de-bolsonaro\/","title":{"rendered":"PGR ENVIA AO SUPREMO PARECER CONTRA PRIS\u00c3O DE BOLSONARO"},"content":{"rendered":"<p>O procurador-geral da Rep\u00fablica, Paulo Gonet, enviou nesta quarta-feira (2) ao Supremo Tribunal Federal (STF) parecer contra o pedido de pris\u00e3o do ex-presidente Jair Bolsonaro.<\/p>\n<p>A manifesta\u00e7\u00e3o foi motivada por uma not\u00edcia-crime protocolada no m\u00eas passado pela vereadora Liana Cirne (PT-PE) para que a medida fosse adotada. Na peti\u00e7\u00e3o, a parlamentar alegou que Bolsonaro cometeu incita\u00e7\u00e3o ao crime ao convocar manifesta\u00e7\u00f5es de seus apoiadores para defender a anistia para os condenados pelos atos golpistas de 8 de janeiro.<\/p>\n<p>Ap\u00f3s receber a not\u00edcia-crime, o ministro Alexandre de Moraes, relator do caso, pediu parecer da PGR sobre a quest\u00e3o. O ministro tamb\u00e9m ser\u00e1 respons\u00e1vel pela decis\u00e3o final.<\/p>\n<p>Segundo o procurador, a realiza\u00e7\u00e3o de manifesta\u00e7\u00f5es pac\u00edficas n\u00e3o \u00e9 crime e n\u00e3o extrapola os limites da liberdade de express\u00e3o.<\/p>\n<p>Al\u00e9m disso, Paulo Gonet disse que a eventual aprova\u00e7\u00e3o de anistia pelo Congresso depende de san\u00e7\u00e3o do presidente da Rep\u00fablica.<\/p>\n<p>&#8220;A concess\u00e3o de anistia \u00e9 mat\u00e9ria reservada \u00e0 lei ordin\u00e1ria, de atribui\u00e7\u00e3o do Congresso Nacional, com a san\u00e7\u00e3o do presidente da Rep\u00fablica (Art. 48, VIII, da Constitui\u00e7\u00e3o), que extingue os efeitos penais, principais e secund\u00e1rios, do crime&#8221;, afirmou.<\/p>\n<p>Gonet tamb\u00e9m acrescentou que a PGR j\u00e1 avaliou a necessidade de pris\u00e3o de Bolsonaro na den\u00fancia sobre a trama golpista. A pris\u00e3o do ex-presidente n\u00e3o foi solicitada pela procuradoria.<\/p>\n<p>&#8220;O ju\u00edzo sobre a necessidade de decreta\u00e7\u00e3o\/manuten\u00e7\u00e3o de medidas cautelares contra o noticiado, que compete exclusivamente ao Minist\u00e9rio P\u00fablico, foi exercido de forma abrangente no \u00e2mbito da Peti\u00e7\u00e3o n. 12.100\/DF em 18.2.2025, por ocasi\u00e3o do oferecimento da den\u00fancia , e n\u00e3o h\u00e1 circunst\u00e2ncia nova capaz de modificar o entendimento anteriormente firmado pelo parquet&#8221;, completou Gonet.<\/p>\n<p>Foto: Lula Marques\/ Ag\u00eancia Brasil<\/p>\n","protected":false},"excerpt":{"rendered":"<p>O procurador-geral da Rep\u00fablica, Paulo Gonet, enviou nesta quarta-feira (2) ao Supremo Tribunal Federal (STF) parecer contra o pedido de pris\u00e3o do ex-presidente Jair Bolsonaro. A manifesta\u00e7\u00e3o foi motivada por uma not\u00edcia-crime protocolada no m\u00eas passado pela vereadora Liana Cirne (PT-PE) para que a medida fosse adotada. Na peti\u00e7\u00e3o, a parlamentar alegou que Bolsonaro cometeu [&hellip;]<\/p>\n","protected":false},"author":15,"featured_media":892537,"comment_status":"closed","ping_status":"closed","sticky":false,"template":"","format":"standard","meta":[],"categories":[14601],"tags":[95,91,277],"acf":[],"yoast_head":"<!-- This site is optimized with the Yoast SEO plugin v20.8 - https:\/\/yoast.com\/wordpress\/plugins\/seo\/ -->\n<title>PGR ENVIA AO SUPREMO PARECER CONTRA PRIS\u00c3O DE BOLSONARO - Bahia Economica<\/title>\n<meta name=\"description\" content=\"O maior portal de Economia da Bahia Pol\u00edtica Bahia Economica O procurador-geral da Rep\u00fablica, Paulo Gonet, enviou nesta quarta-feira\" \/>\n<meta name=\"robots\" content=\"index, follow, max-snippet:-1, max-image-preview:large, max-video-preview:-1\" \/>\n<link rel=\"canonical\" href=\"https:\/\/bahiaeconomica.com.br\/wp\/2025\/04\/02\/pgr-envia-ao-supremo-parecer-contra-prisao-de-bolsonaro\/\" \/>\n<meta property=\"og:locale\" content=\"pt_BR\" \/>\n<meta property=\"og:type\" content=\"article\" \/>\n<meta property=\"og:title\" content=\"PGR ENVIA AO SUPREMO PARECER CONTRA PRIS\u00c3O DE BOLSONARO - Bahia Economica\" \/>\n<meta property=\"og:description\" content=\"O maior portal de Economia da Bahia Pol\u00edtica Bahia Economica O procurador-geral da Rep\u00fablica, Paulo Gonet, enviou nesta quarta-feira\" \/>\n<meta property=\"og:url\" content=\"https:\/\/bahiaeconomica.com.br\/wp\/2025\/04\/02\/pgr-envia-ao-supremo-parecer-contra-prisao-de-bolsonaro\/\" \/>\n<meta property=\"og:site_name\" content=\"Bahia Economica\" \/>\n<meta property=\"article:publisher\" content=\"https:\/\/www.facebook.com\/bahiaeconomica\" \/>\n<meta property=\"article:published_time\" content=\"2025-04-02T22:36:28+00:00\" \/>\n<meta property=\"article:modified_time\" content=\"2025-04-02T22:44:36+00:00\" \/>\n<meta property=\"og:image\" content=\"https:\/\/bahiaeconomica.com.br\/wp\/wp-content\/uploads\/2025\/04\/lula1084-10.webp\" \/>\n\t<meta property=\"og:image:width\" content=\"1170\" \/>\n\t<meta property=\"og:image:height\" content=\"700\" \/>\n\t<meta property=\"og:image:type\" content=\"image\/webp\" \/>\n<meta name=\"author\" content=\"VICTORIA ISABEL\" \/>\n<meta name=\"twitter:card\" content=\"summary_large_image\" \/>\n<meta name=\"twitter:label1\" content=\"Escrito por\" \/>\n\t<meta name=\"twitter:data1\" content=\"VICTORIA ISABEL\" \/>\n\t<meta name=\"twitter:label2\" content=\"Est. tempo de leitura\" \/>\n\t<meta name=\"twitter:data2\" content=\"2 minutos\" \/>\n<script type=\"application\/ld+json\" class=\"yoast-schema-graph\">{\"@context\":\"https:\/\/schema.org\",\"@graph\":[{\"@type\":\"Article\",\"@id\":\"https:\/\/bahiaeconomica.com.br\/wp\/2025\/04\/02\/pgr-envia-ao-supremo-parecer-contra-prisao-de-bolsonaro\/#article\",\"isPartOf\":{\"@id\":\"https:\/\/bahiaeconomica.com.br\/wp\/2025\/04\/02\/pgr-envia-ao-supremo-parecer-contra-prisao-de-bolsonaro\/\"},\"author\":{\"name\":\"VICTORIA ISABEL\",\"@id\":\"https:\/\/bahiaeconomica.com.br\/wp\/#\/schema\/person\/b719ce0fb1c09f3c7a00d9243ced4a6f\"},\"headline\":\"PGR ENVIA AO SUPREMO PARECER CONTRA PRIS\u00c3O DE BOLSONARO\",\"datePublished\":\"2025-04-02T22:36:28+00:00\",\"dateModified\":\"2025-04-02T22:44:36+00:00\",\"mainEntityOfPage\":{\"@id\":\"https:\/\/bahiaeconomica.com.br\/wp\/2025\/04\/02\/pgr-envia-ao-supremo-parecer-contra-prisao-de-bolsonaro\/\"},\"wordCount\":323,\"publisher\":{\"@id\":\"https:\/\/bahiaeconomica.com.br\/wp\/#organization\"},\"keywords\":[\"Bolsonaro\",\"PGR\",\"Pris\u00e3o\"],\"articleSection\":[\"Pol\u00edtica\"],\"inLanguage\":\"pt-BR\"},{\"@type\":\"WebPage\",\"@id\":\"https:\/\/bahiaeconomica.com.br\/wp\/2025\/04\/02\/pgr-envia-ao-supremo-parecer-contra-prisao-de-bolsonaro\/\",\"url\":\"https:\/\/bahiaeconomica.com.br\/wp\/2025\/04\/02\/pgr-envia-ao-supremo-parecer-contra-prisao-de-bolsonaro\/\",\"name\":\"PGR ENVIA AO SUPREMO PARECER CONTRA PRIS\u00c3O DE BOLSONARO - Bahia Economica\",\"isPartOf\":{\"@id\":\"https:\/\/bahiaeconomica.com.br\/wp\/#website\"},\"datePublished\":\"2025-04-02T22:36:28+00:00\",\"dateModified\":\"2025-04-02T22:44:36+00:00\",\"description\":\"O maior portal de Economia da Bahia Pol\u00edtica Bahia Economica O procurador-geral da Rep\u00fablica, Paulo Gonet, enviou nesta quarta-feira\",\"breadcrumb\":{\"@id\":\"https:\/\/bahiaeconomica.com.br\/wp\/2025\/04\/02\/pgr-envia-ao-supremo-parecer-contra-prisao-de-bolsonaro\/#breadcrumb\"},\"inLanguage\":\"pt-BR\",\"potentialAction\":[{\"@type\":\"ReadAction\",\"target\":[\"https:\/\/bahiaeconomica.com.br\/wp\/2025\/04\/02\/pgr-envia-ao-supremo-parecer-contra-prisao-de-bolsonaro\/\"]}]},{\"@type\":\"BreadcrumbList\",\"@id\":\"https:\/\/bahiaeconomica.com.br\/wp\/2025\/04\/02\/pgr-envia-ao-supremo-parecer-contra-prisao-de-bolsonaro\/#breadcrumb\",\"itemListElement\":[{\"@type\":\"ListItem\",\"position\":1,\"name\":\"In\u00edcio\",\"item\":\"https:\/\/bahiaeconomica.com.br\/wp\/\"},{\"@type\":\"ListItem\",\"position\":2,\"name\":\"PGR ENVIA AO SUPREMO PARECER CONTRA PRIS\u00c3O DE BOLSONARO\"}]},{\"@type\":\"WebSite\",\"@id\":\"https:\/\/bahiaeconomica.com.br\/wp\/#website\",\"url\":\"https:\/\/bahiaeconomica.com.br\/wp\/\",\"name\":\"Bahia Economica\",\"description\":\"O maior portal de Economia da Bahia\",\"publisher\":{\"@id\":\"https:\/\/bahiaeconomica.com.br\/wp\/#organization\"},\"potentialAction\":[{\"@type\":\"SearchAction\",\"target\":{\"@type\":\"EntryPoint\",\"urlTemplate\":\"https:\/\/bahiaeconomica.com.br\/wp\/?s={search_term_string}\"},\"query-input\":\"required name=search_term_string\"}],\"inLanguage\":\"pt-BR\"},{\"@type\":\"Organization\",\"@id\":\"https:\/\/bahiaeconomica.com.br\/wp\/#organization\",\"name\":\"Bahia Econ\u00f4mica\",\"url\":\"https:\/\/bahiaeconomica.com.br\/wp\/\",\"logo\":{\"@type\":\"ImageObject\",\"inLanguage\":\"pt-BR\",\"@id\":\"https:\/\/bahiaeconomica.com.br\/wp\/#\/schema\/logo\/image\/\",\"url\":\"https:\/\/bahiaeconomica.com.br\/wp\/wp-content\/uploads\/2020\/12\/cropped-BE.png\",\"contentUrl\":\"https:\/\/bahiaeconomica.com.br\/wp\/wp-content\/uploads\/2020\/12\/cropped-BE.png\",\"width\":512,\"height\":512,\"caption\":\"Bahia Econ\u00f4mica\"},\"image\":{\"@id\":\"https:\/\/bahiaeconomica.com.br\/wp\/#\/schema\/logo\/image\/\"},\"sameAs\":[\"https:\/\/www.facebook.com\/bahiaeconomica\"]},{\"@type\":\"Person\",\"@id\":\"https:\/\/bahiaeconomica.com.br\/wp\/#\/schema\/person\/b719ce0fb1c09f3c7a00d9243ced4a6f\",\"name\":\"VICTORIA ISABEL\",\"sameAs\":[\"http:\/\/www.bahiaeconomica.com.br\"],\"url\":\"https:\/\/bahiaeconomica.com.br\/wp\/author\/victoria-isabel\/\"}]}<\/script>\n<!-- \/ Yoast SEO plugin. -->","yoast_head_json":{"title":"PGR ENVIA AO SUPREMO PARECER CONTRA PRIS\u00c3O DE BOLSONARO - Bahia Economica","description":"O maior portal de Economia da Bahia Pol\u00edtica Bahia Economica O procurador-geral da Rep\u00fablica, Paulo Gonet, enviou nesta quarta-feira","robots":{"index":"index","follow":"follow","max-snippet":"max-snippet:-1","max-image-preview":"max-image-preview:large","max-video-preview":"max-video-preview:-1"},"canonical":"https:\/\/bahiaeconomica.com.br\/wp\/2025\/04\/02\/pgr-envia-ao-supremo-parecer-contra-prisao-de-bolsonaro\/","og_locale":"pt_BR","og_type":"article","og_title":"PGR ENVIA AO SUPREMO PARECER CONTRA PRIS\u00c3O DE BOLSONARO - Bahia Economica","og_description":"O maior portal de Economia da Bahia Pol\u00edtica Bahia Economica O procurador-geral da Rep\u00fablica, Paulo Gonet, enviou nesta quarta-feira","og_url":"https:\/\/bahiaeconomica.com.br\/wp\/2025\/04\/02\/pgr-envia-ao-supremo-parecer-contra-prisao-de-bolsonaro\/","og_site_name":"Bahia Economica","article_publisher":"https:\/\/www.facebook.com\/bahiaeconomica","article_published_time":"2025-04-02T22:36:28+00:00","article_modified_time":"2025-04-02T22:44:36+00:00","og_image":[{"width":1170,"height":700,"url":"https:\/\/bahiaeconomica.com.br\/wp\/wp-content\/uploads\/2025\/04\/lula1084-10.webp","type":"image\/webp"}],"author":"VICTORIA ISABEL","twitter_card":"summary_large_image","twitter_misc":{"Escrito por":"VICTORIA ISABEL","Est. tempo de leitura":"2 minutos"},"schema":{"@context":"https:\/\/schema.org","@graph":[{"@type":"Article","@id":"https:\/\/bahiaeconomica.com.br\/wp\/2025\/04\/02\/pgr-envia-ao-supremo-parecer-contra-prisao-de-bolsonaro\/#article","isPartOf":{"@id":"https:\/\/bahiaeconomica.com.br\/wp\/2025\/04\/02\/pgr-envia-ao-supremo-parecer-contra-prisao-de-bolsonaro\/"},"author":{"name":"VICTORIA ISABEL","@id":"https:\/\/bahiaeconomica.com.br\/wp\/#\/schema\/person\/b719ce0fb1c09f3c7a00d9243ced4a6f"},"headline":"PGR ENVIA AO SUPREMO PARECER CONTRA PRIS\u00c3O DE BOLSONARO","datePublished":"2025-04-02T22:36:28+00:00","dateModified":"2025-04-02T22:44:36+00:00","mainEntityOfPage":{"@id":"https:\/\/bahiaeconomica.com.br\/wp\/2025\/04\/02\/pgr-envia-ao-supremo-parecer-contra-prisao-de-bolsonaro\/"},"wordCount":323,"publisher":{"@id":"https:\/\/bahiaeconomica.com.br\/wp\/#organization"},"keywords":["Bolsonaro","PGR","Pris\u00e3o"],"articleSection":["Pol\u00edtica"],"inLanguage":"pt-BR"},{"@type":"WebPage","@id":"https:\/\/bahiaeconomica.com.br\/wp\/2025\/04\/02\/pgr-envia-ao-supremo-parecer-contra-prisao-de-bolsonaro\/","url":"https:\/\/bahiaeconomica.com.br\/wp\/2025\/04\/02\/pgr-envia-ao-supremo-parecer-contra-prisao-de-bolsonaro\/","name":"PGR ENVIA AO SUPREMO PARECER CONTRA PRIS\u00c3O DE BOLSONARO - Bahia Economica","isPartOf":{"@id":"https:\/\/bahiaeconomica.com.br\/wp\/#website"},"datePublished":"2025-04-02T22:36:28+00:00","dateModified":"2025-04-02T22:44:36+00:00","description":"O maior portal de Economia da Bahia Pol\u00edtica Bahia Economica O procurador-geral da Rep\u00fablica, Paulo Gonet, enviou nesta quarta-feira","breadcrumb":{"@id":"https:\/\/bahiaeconomica.com.br\/wp\/2025\/04\/02\/pgr-envia-ao-supremo-parecer-contra-prisao-de-bolsonaro\/#breadcrumb"},"inLanguage":"pt-BR","potentialAction":[{"@type":"ReadAction","target":["https:\/\/bahiaeconomica.com.br\/wp\/2025\/04\/02\/pgr-envia-ao-supremo-parecer-contra-prisao-de-bolsonaro\/"]}]},{"@type":"BreadcrumbList","@id":"https:\/\/bahiaeconomica.com.br\/wp\/2025\/04\/02\/pgr-envia-ao-supremo-parecer-contra-prisao-de-bolsonaro\/#breadcrumb","itemListElement":[{"@type":"ListItem","position":1,"name":"In\u00edcio","item":"https:\/\/bahiaeconomica.com.br\/wp\/"},{"@type":"ListItem","position":2,"name":"PGR ENVIA AO SUPREMO PARECER CONTRA PRIS\u00c3O DE BOLSONARO"}]},{"@type":"WebSite","@id":"https:\/\/bahiaeconomica.com.br\/wp\/#website","url":"https:\/\/bahiaeconomica.com.br\/wp\/","name":"Bahia Economica","description":"O maior portal de Economia da Bahia","publisher":{"@id":"https:\/\/bahiaeconomica.com.br\/wp\/#organization"},"potentialAction":[{"@type":"SearchAction","target":{"@type":"EntryPoint","urlTemplate":"https:\/\/bahiaeconomica.com.br\/wp\/?s={search_term_string}"},"query-input":"required name=search_term_string"}],"inLanguage":"pt-BR"},{"@type":"Organization","@id":"https:\/\/bahiaeconomica.com.br\/wp\/#organization","name":"Bahia Econ\u00f4mica","url":"https:\/\/bahiaeconomica.com.br\/wp\/","logo":{"@type":"ImageObject","inLanguage":"pt-BR","@id":"https:\/\/bahiaeconomica.com.br\/wp\/#\/schema\/logo\/image\/","url":"https:\/\/bahiaeconomica.com.br\/wp\/wp-content\/uploads\/2020\/12\/cropped-BE.png","contentUrl":"https:\/\/bahiaeconomica.com.br\/wp\/wp-content\/uploads\/2020\/12\/cropped-BE.png","width":512,"height":512,"caption":"Bahia Econ\u00f4mica"},"image":{"@id":"https:\/\/bahiaeconomica.com.br\/wp\/#\/schema\/logo\/image\/"},"sameAs":["https:\/\/www.facebook.com\/bahiaeconomica"]},{"@type":"Person","@id":"https:\/\/bahiaeconomica.com.br\/wp\/#\/schema\/person\/b719ce0fb1c09f3c7a00d9243ced4a6f","name":"VICTORIA ISABEL","sameAs":["http:\/\/www.bahiaeconomica.com.br"],"url":"https:\/\/bahiaeconomica.com.br\/wp\/author\/victoria-isabel\/"}]}},"views":13,"_links":{"self":[{"href":"https:\/\/bahiaeconomica.com.br\/wp\/wp-json\/wp\/v2\/posts\/892532"}],"collection":[{"href":"https:\/\/bahiaeconomica.com.br\/wp\/wp-json\/wp\/v2\/posts"}],"about":[{"href":"https:\/\/bahiaeconomica.com.br\/wp\/wp-json\/wp\/v2\/types\/post"}],"author":[{"embeddable":true,"href":"https:\/\/bahiaeconomica.com.br\/wp\/wp-json\/wp\/v2\/users\/15"}],"replies":[{"embeddable":true,"href":"https:\/\/bahiaeconomica.com.br\/wp\/wp-json\/wp\/v2\/comments?post=892532"}],"version-history":[{"count":1,"href":"https:\/\/bahiaeconomica.com.br\/wp\/wp-json\/wp\/v2\/posts\/892532\/revisions"}],"predecessor-version":[{"id":892551,"href":"https:\/\/bahiaeconomica.com.br\/wp\/wp-json\/wp\/v2\/posts\/892532\/revisions\/892551"}],"wp:featuredmedia":[{"embeddable":true,"href":"https:\/\/bahiaeconomica.com.br\/wp\/wp-json\/wp\/v2\/media\/892537"}],"wp:attachment":[{"href":"https:\/\/bahiaeconomica.com.br\/wp\/wp-json\/wp\/v2\/media?parent=892532"}],"wp:term":[{"taxonomy":"category","embeddable":true,"href":"https:\/\/bahiaeconomica.com.br\/wp\/wp-json\/wp\/v2\/categories?post=892532"},{"taxonomy":"post_tag","embeddable":true,"href":"https:\/\/bahiaeconomica.com.br\/wp\/wp-json\/wp\/v2\/tags?post=892532"}],"curies":[{"name":"wp","href":"https:\/\/api.w.org\/{rel}","templated":true}]}}