{"id":891698,"date":"2025-03-31T13:40:56","date_gmt":"2025-03-31T16:40:56","guid":{"rendered":"https:\/\/bahiaeconomica.com.br\/wp\/?p=891698"},"modified":"2025-03-31T13:27:59","modified_gmt":"2025-03-31T16:27:59","slug":"karde-mourao-deixa-legado-e-licao-de-etica-jornalistica-afirma-deputado","status":"publish","type":"post","link":"https:\/\/bahiaeconomica.com.br\/wp\/2025\/03\/31\/karde-mourao-deixa-legado-e-licao-de-etica-jornalistica-afirma-deputado\/","title":{"rendered":"&#8220;KARD\u00c9 MOUR\u00c3O DEIXA LEGADO E LI\u00c7\u00c3O DE \u00c9TICA JORNAL\u00cdSTICA &#8220;, AFIRMA DEPUTADO"},"content":{"rendered":"<p>O deputado Robinson Almeida (PT) apresentou uma mo\u00e7\u00e3o de pesar, na Assembleia Legislativa, em homenagem \u00e0 jornalista e l\u00edder sindical Kard\u00e9, que faleceu no \u00faltimo s\u00e1bado (29), em Salvador. No documento, o legislador refletiu sobre a atua\u00e7\u00e3o profissional e militante da jornalista, cuja trajet\u00f3ria de mais de quatro d\u00e9cadas de trabalho, sempre voltada para a defesa dos trabalhadores da not\u00edcia e a valoriza\u00e7\u00e3o do jornalismo \u00e9tico, fez hist\u00f3ria no Estado.<\/p>\n<p>Na mo\u00e7\u00e3o, Robinson Almeida destaca que Kard\u00e9 Mour\u00e3o, formada em Jornalismo pela Universidade Federal da Bahia (UFBA) em 1981, foi uma das figuras mais importantes e combativas do jornalismo baiano. \u201cSua carreira se estendeu por diversos segmentos da comunica\u00e7\u00e3o, sendo reconhecida por seu trabalho na TV Aratu e, principalmente, por sua atua\u00e7\u00e3o como assessora de comunica\u00e7\u00e3o em entidades sindicais e sociais\u201d, anota o deputado. Entre as organiza\u00e7\u00f5es com as quais trabalhou est\u00e3o a Central \u00danica dos Trabalhadores (CUT), a Central dos Trabalhadores e Trabalhadoras do Brasil (CTB), a APLB-Sindicato, o Sindicato dos Banc\u00e1rios da Bahia e o Sindicato dos Trabalhadores em Postos de Combust\u00edveis da Bahia (Sinposba). Sua dedica\u00e7\u00e3o tamb\u00e9m se estendeu ao Conselho Regional de Farm\u00e1cia da Bahia, onde contribuiu para a comunica\u00e7\u00e3o institucional, e tamb\u00e9m na dire\u00e7\u00e3o do Sindicato dos Jornalistas da Bahia.<\/p>\n<p>&#8220;Ela foi uma verdadeira refer\u00eancia no jornalismo da Bahia. Kard\u00e9 n\u00e3o apenas se destacou por sua compet\u00eancia, mas tamb\u00e9m pelo compromisso com a \u00e9tica e com os direitos dos jornalistas. O legado que ela deixa \u00e9 de integridade e resist\u00eancia&#8221;, afirmou o deputado Robinson Almeida.<\/p>\n<p>Em 1985, Kard\u00e9 Mour\u00e3o teve uma participa\u00e7\u00e3o hist\u00f3rica na Federa\u00e7\u00e3o Nacional dos Jornalistas (Fenaj), ao integrar a comiss\u00e3o que elaborou o primeiro Manual de Assessoria de Imprensa do Brasil. Esse documento pioneiro tornou-se uma refer\u00eancia para profissionais da \u00e1rea em todo o pa\u00eds. Al\u00e9m disso, entre 2004 e 2010, presidiu o Sindicato dos Jornalistas Profissionais do Estado da Bahia (Sinjorba), sendo uma das personalidades mais importantes da hist\u00f3ria da entidade. Durante sua gest\u00e3o, e em outras passagens pela diretoria do sindicato, sua lideran\u00e7a foi fundamental para o fortalecimento da categoria.<\/p>\n<p>&#8220;Com uma trajet\u00f3ria dedicada ao fortalecimento do Sinjorba e \u00e0 defesa dos direitos dos jornalistas, Kard\u00e9 Mour\u00e3o foi um exemplo de lideran\u00e7a e coragem. Ela nunca teve medo de enfrentar os desafios e as injusti\u00e7as que surgiam ao longo de sua caminhada&#8221;, afirmou Robinson Almeida.<\/p>\n<p>Kard\u00e9 tamb\u00e9m teve uma atua\u00e7\u00e3o estrat\u00e9gica na Federa\u00e7\u00e3o Nacional dos Jornalistas, onde foi eleita conselheira nacional de \u00e9tica em 2019, com a maior vota\u00e7\u00e3o entre os jornalistas de todo o Brasil. Sua postura firme em defesa dos princ\u00edpios do jornalismo \u00e9tico, da liberdade de express\u00e3o e dos direitos dos trabalhadores a tornou uma das figuras mais respeitadas do jornalismo nacional.<\/p>\n<p>Em 2019, Kard\u00e9 Mour\u00e3o foi a principal idealizadora do movimento &#8220;Come\u00e7ar de Novo&#8221;, uma iniciativa que visava revitalizar o Sinjorba e fortalecer a luta pela valoriza\u00e7\u00e3o da profiss\u00e3o diante dos desafios contempor\u00e2neos da comunica\u00e7\u00e3o. &#8220;Sua contribui\u00e7\u00e3o para a revitaliza\u00e7\u00e3o do Sinjorba foi essencial, e o movimento que ela liderou resgatou a identidade de luta da categoria. Kard\u00e9 ser\u00e1 lembrada por sua incans\u00e1vel defesa dos direitos dos jornalistas&#8221;, destacou Robinson.<\/p>\n<p>O parlamentar afirma no documento que Kard\u00e9 Mour\u00e3o deixa um legado \u201cindel\u00e9vel de coragem, sensibilidade e compromisso com as causas populares e com o fortalecimento do jornalismo como um instrumento de justi\u00e7a social e liberdade de express\u00e3o\u201d. Para o deputado, o falecimento de Kard\u00e9 deixa uma lacuna no cen\u00e1rio jornal\u00edstico, mas tamb\u00e9m importante legado de \u00e9tica e resist\u00eancia.<\/p>\n<p>&#8220;Ela sempre foi uma voz firme na defesa da democracia e dos direitos dos jornalistas. Hoje, sua falta \u00e9 imensa, mas seu legado de luta continuar\u00e1 a inspirar a todos que acreditam no poder transformador do jornalismo&#8221;, concluiu o deputado Robinson.<\/p>\n","protected":false},"excerpt":{"rendered":"<p>O deputado Robinson Almeida (PT) apresentou uma mo\u00e7\u00e3o de pesar, na Assembleia Legislativa, em homenagem \u00e0 jornalista e l\u00edder sindical Kard\u00e9, que faleceu no \u00faltimo s\u00e1bado (29), em Salvador. No documento, o legislador refletiu sobre a atua\u00e7\u00e3o profissional e militante da jornalista, cuja trajet\u00f3ria de mais de quatro d\u00e9cadas de trabalho, sempre voltada para a [&hellip;]<\/p>\n","protected":false},"author":8,"featured_media":891699,"comment_status":"closed","ping_status":"closed","sticky":false,"template":"","format":"standard","meta":[],"categories":[14601],"tags":[52,826,100],"acf":[],"yoast_head":"<!-- This site is optimized with the Yoast SEO plugin v20.8 - https:\/\/yoast.com\/wordpress\/plugins\/seo\/ -->\n<title>&quot;KARD\u00c9 MOUR\u00c3O DEIXA LEGADO E LI\u00c7\u00c3O DE \u00c9TICA JORNAL\u00cdSTICA &quot;, AFIRMA DEPUTADO - Bahia Economica<\/title>\n<meta name=\"description\" content=\"O maior portal de Economia da Bahia Pol\u00edtica Bahia Economica Ela sempre foi uma voz firme na defesa da democracia e dos direitos dos jornalistas\" \/>\n<meta name=\"robots\" content=\"index, follow, max-snippet:-1, max-image-preview:large, max-video-preview:-1\" \/>\n<link rel=\"canonical\" href=\"https:\/\/bahiaeconomica.com.br\/wp\/2025\/03\/31\/karde-mourao-deixa-legado-e-licao-de-etica-jornalistica-afirma-deputado\/\" \/>\n<meta property=\"og:locale\" content=\"pt_BR\" \/>\n<meta property=\"og:type\" content=\"article\" \/>\n<meta property=\"og:title\" content=\"&quot;KARD\u00c9 MOUR\u00c3O DEIXA LEGADO E LI\u00c7\u00c3O DE \u00c9TICA JORNAL\u00cdSTICA &quot;, AFIRMA DEPUTADO - Bahia Economica\" \/>\n<meta property=\"og:description\" content=\"O maior portal de Economia da Bahia Pol\u00edtica Bahia Economica Ela sempre foi uma voz firme na defesa da democracia e dos direitos dos jornalistas\" \/>\n<meta property=\"og:url\" content=\"https:\/\/bahiaeconomica.com.br\/wp\/2025\/03\/31\/karde-mourao-deixa-legado-e-licao-de-etica-jornalistica-afirma-deputado\/\" \/>\n<meta property=\"og:site_name\" content=\"Bahia Economica\" \/>\n<meta property=\"article:publisher\" content=\"https:\/\/www.facebook.com\/bahiaeconomica\" \/>\n<meta property=\"article:published_time\" content=\"2025-03-31T16:40:56+00:00\" \/>\n<meta property=\"article:modified_time\" content=\"2025-03-31T16:27:59+00:00\" \/>\n<meta property=\"og:image\" content=\"https:\/\/bahiaeconomica.com.br\/wp\/wp-content\/uploads\/2025\/03\/WhatsApp-Image-2025-03-31-at-11.55.12dddddddd.jpg\" \/>\n\t<meta property=\"og:image:width\" content=\"591\" \/>\n\t<meta property=\"og:image:height\" content=\"402\" \/>\n\t<meta property=\"og:image:type\" content=\"image\/jpeg\" \/>\n<meta name=\"author\" content=\"JP\" \/>\n<meta name=\"twitter:card\" content=\"summary_large_image\" \/>\n<meta name=\"twitter:label1\" content=\"Escrito por\" \/>\n\t<meta name=\"twitter:data1\" content=\"JP\" \/>\n\t<meta name=\"twitter:label2\" content=\"Est. tempo de leitura\" \/>\n\t<meta name=\"twitter:data2\" content=\"4 minutos\" \/>\n<script type=\"application\/ld+json\" class=\"yoast-schema-graph\">{\"@context\":\"https:\/\/schema.org\",\"@graph\":[{\"@type\":\"Article\",\"@id\":\"https:\/\/bahiaeconomica.com.br\/wp\/2025\/03\/31\/karde-mourao-deixa-legado-e-licao-de-etica-jornalistica-afirma-deputado\/#article\",\"isPartOf\":{\"@id\":\"https:\/\/bahiaeconomica.com.br\/wp\/2025\/03\/31\/karde-mourao-deixa-legado-e-licao-de-etica-jornalistica-afirma-deputado\/\"},\"author\":{\"name\":\"JP\",\"@id\":\"https:\/\/bahiaeconomica.com.br\/wp\/#\/schema\/person\/c86d3a3f8960425a0f9d0e5245991f4e\"},\"headline\":\"&#8220;KARD\u00c9 MOUR\u00c3O DEIXA LEGADO E LI\u00c7\u00c3O DE \u00c9TICA JORNAL\u00cdSTICA &#8220;, AFIRMA DEPUTADO\",\"datePublished\":\"2025-03-31T16:40:56+00:00\",\"dateModified\":\"2025-03-31T16:27:59+00:00\",\"mainEntityOfPage\":{\"@id\":\"https:\/\/bahiaeconomica.com.br\/wp\/2025\/03\/31\/karde-mourao-deixa-legado-e-licao-de-etica-jornalistica-afirma-deputado\/\"},\"wordCount\":684,\"publisher\":{\"@id\":\"https:\/\/bahiaeconomica.com.br\/wp\/#organization\"},\"keywords\":[\"Brasil\",\"deputado\",\"Pol\u00edtica\"],\"articleSection\":[\"Pol\u00edtica\"],\"inLanguage\":\"pt-BR\"},{\"@type\":\"WebPage\",\"@id\":\"https:\/\/bahiaeconomica.com.br\/wp\/2025\/03\/31\/karde-mourao-deixa-legado-e-licao-de-etica-jornalistica-afirma-deputado\/\",\"url\":\"https:\/\/bahiaeconomica.com.br\/wp\/2025\/03\/31\/karde-mourao-deixa-legado-e-licao-de-etica-jornalistica-afirma-deputado\/\",\"name\":\"\\\"KARD\u00c9 MOUR\u00c3O DEIXA LEGADO E LI\u00c7\u00c3O DE \u00c9TICA JORNAL\u00cdSTICA \\\", AFIRMA DEPUTADO - Bahia Economica\",\"isPartOf\":{\"@id\":\"https:\/\/bahiaeconomica.com.br\/wp\/#website\"},\"datePublished\":\"2025-03-31T16:40:56+00:00\",\"dateModified\":\"2025-03-31T16:27:59+00:00\",\"description\":\"O maior portal de Economia da Bahia Pol\u00edtica Bahia Economica Ela sempre foi uma voz firme na defesa da democracia e dos direitos dos jornalistas\",\"breadcrumb\":{\"@id\":\"https:\/\/bahiaeconomica.com.br\/wp\/2025\/03\/31\/karde-mourao-deixa-legado-e-licao-de-etica-jornalistica-afirma-deputado\/#breadcrumb\"},\"inLanguage\":\"pt-BR\",\"potentialAction\":[{\"@type\":\"ReadAction\",\"target\":[\"https:\/\/bahiaeconomica.com.br\/wp\/2025\/03\/31\/karde-mourao-deixa-legado-e-licao-de-etica-jornalistica-afirma-deputado\/\"]}]},{\"@type\":\"BreadcrumbList\",\"@id\":\"https:\/\/bahiaeconomica.com.br\/wp\/2025\/03\/31\/karde-mourao-deixa-legado-e-licao-de-etica-jornalistica-afirma-deputado\/#breadcrumb\",\"itemListElement\":[{\"@type\":\"ListItem\",\"position\":1,\"name\":\"In\u00edcio\",\"item\":\"https:\/\/bahiaeconomica.com.br\/wp\/\"},{\"@type\":\"ListItem\",\"position\":2,\"name\":\"&#8220;KARD\u00c9 MOUR\u00c3O DEIXA LEGADO E LI\u00c7\u00c3O DE \u00c9TICA JORNAL\u00cdSTICA &#8220;, AFIRMA DEPUTADO\"}]},{\"@type\":\"WebSite\",\"@id\":\"https:\/\/bahiaeconomica.com.br\/wp\/#website\",\"url\":\"https:\/\/bahiaeconomica.com.br\/wp\/\",\"name\":\"Bahia Economica\",\"description\":\"O maior portal de Economia da Bahia\",\"publisher\":{\"@id\":\"https:\/\/bahiaeconomica.com.br\/wp\/#organization\"},\"potentialAction\":[{\"@type\":\"SearchAction\",\"target\":{\"@type\":\"EntryPoint\",\"urlTemplate\":\"https:\/\/bahiaeconomica.com.br\/wp\/?s={search_term_string}\"},\"query-input\":\"required name=search_term_string\"}],\"inLanguage\":\"pt-BR\"},{\"@type\":\"Organization\",\"@id\":\"https:\/\/bahiaeconomica.com.br\/wp\/#organization\",\"name\":\"Bahia Econ\u00f4mica\",\"url\":\"https:\/\/bahiaeconomica.com.br\/wp\/\",\"logo\":{\"@type\":\"ImageObject\",\"inLanguage\":\"pt-BR\",\"@id\":\"https:\/\/bahiaeconomica.com.br\/wp\/#\/schema\/logo\/image\/\",\"url\":\"https:\/\/bahiaeconomica.com.br\/wp\/wp-content\/uploads\/2020\/12\/cropped-BE.png\",\"contentUrl\":\"https:\/\/bahiaeconomica.com.br\/wp\/wp-content\/uploads\/2020\/12\/cropped-BE.png\",\"width\":512,\"height\":512,\"caption\":\"Bahia Econ\u00f4mica\"},\"image\":{\"@id\":\"https:\/\/bahiaeconomica.com.br\/wp\/#\/schema\/logo\/image\/\"},\"sameAs\":[\"https:\/\/www.facebook.com\/bahiaeconomica\"]},{\"@type\":\"Person\",\"@id\":\"https:\/\/bahiaeconomica.com.br\/wp\/#\/schema\/person\/c86d3a3f8960425a0f9d0e5245991f4e\",\"name\":\"JP\",\"sameAs\":[\"https:\/\/bahiaeconomica.com.br\/wp\/beta\/\"],\"url\":\"https:\/\/bahiaeconomica.com.br\/wp\/author\/jp\/\"}]}<\/script>\n<!-- \/ Yoast SEO plugin. -->","yoast_head_json":{"title":"\"KARD\u00c9 MOUR\u00c3O DEIXA LEGADO E LI\u00c7\u00c3O DE \u00c9TICA JORNAL\u00cdSTICA \", AFIRMA DEPUTADO - Bahia Economica","description":"O maior portal de Economia da Bahia Pol\u00edtica Bahia Economica Ela sempre foi uma voz firme na defesa da democracia e dos direitos dos jornalistas","robots":{"index":"index","follow":"follow","max-snippet":"max-snippet:-1","max-image-preview":"max-image-preview:large","max-video-preview":"max-video-preview:-1"},"canonical":"https:\/\/bahiaeconomica.com.br\/wp\/2025\/03\/31\/karde-mourao-deixa-legado-e-licao-de-etica-jornalistica-afirma-deputado\/","og_locale":"pt_BR","og_type":"article","og_title":"\"KARD\u00c9 MOUR\u00c3O DEIXA LEGADO E LI\u00c7\u00c3O DE \u00c9TICA JORNAL\u00cdSTICA \", AFIRMA DEPUTADO - Bahia Economica","og_description":"O maior portal de Economia da Bahia Pol\u00edtica Bahia Economica Ela sempre foi uma voz firme na defesa da democracia e dos direitos dos jornalistas","og_url":"https:\/\/bahiaeconomica.com.br\/wp\/2025\/03\/31\/karde-mourao-deixa-legado-e-licao-de-etica-jornalistica-afirma-deputado\/","og_site_name":"Bahia Economica","article_publisher":"https:\/\/www.facebook.com\/bahiaeconomica","article_published_time":"2025-03-31T16:40:56+00:00","article_modified_time":"2025-03-31T16:27:59+00:00","og_image":[{"width":591,"height":402,"url":"https:\/\/bahiaeconomica.com.br\/wp\/wp-content\/uploads\/2025\/03\/WhatsApp-Image-2025-03-31-at-11.55.12dddddddd.jpg","type":"image\/jpeg"}],"author":"JP","twitter_card":"summary_large_image","twitter_misc":{"Escrito por":"JP","Est. tempo de leitura":"4 minutos"},"schema":{"@context":"https:\/\/schema.org","@graph":[{"@type":"Article","@id":"https:\/\/bahiaeconomica.com.br\/wp\/2025\/03\/31\/karde-mourao-deixa-legado-e-licao-de-etica-jornalistica-afirma-deputado\/#article","isPartOf":{"@id":"https:\/\/bahiaeconomica.com.br\/wp\/2025\/03\/31\/karde-mourao-deixa-legado-e-licao-de-etica-jornalistica-afirma-deputado\/"},"author":{"name":"JP","@id":"https:\/\/bahiaeconomica.com.br\/wp\/#\/schema\/person\/c86d3a3f8960425a0f9d0e5245991f4e"},"headline":"&#8220;KARD\u00c9 MOUR\u00c3O DEIXA LEGADO E LI\u00c7\u00c3O DE \u00c9TICA JORNAL\u00cdSTICA &#8220;, AFIRMA DEPUTADO","datePublished":"2025-03-31T16:40:56+00:00","dateModified":"2025-03-31T16:27:59+00:00","mainEntityOfPage":{"@id":"https:\/\/bahiaeconomica.com.br\/wp\/2025\/03\/31\/karde-mourao-deixa-legado-e-licao-de-etica-jornalistica-afirma-deputado\/"},"wordCount":684,"publisher":{"@id":"https:\/\/bahiaeconomica.com.br\/wp\/#organization"},"keywords":["Brasil","deputado","Pol\u00edtica"],"articleSection":["Pol\u00edtica"],"inLanguage":"pt-BR"},{"@type":"WebPage","@id":"https:\/\/bahiaeconomica.com.br\/wp\/2025\/03\/31\/karde-mourao-deixa-legado-e-licao-de-etica-jornalistica-afirma-deputado\/","url":"https:\/\/bahiaeconomica.com.br\/wp\/2025\/03\/31\/karde-mourao-deixa-legado-e-licao-de-etica-jornalistica-afirma-deputado\/","name":"\"KARD\u00c9 MOUR\u00c3O DEIXA LEGADO E LI\u00c7\u00c3O DE \u00c9TICA JORNAL\u00cdSTICA \", AFIRMA DEPUTADO - Bahia Economica","isPartOf":{"@id":"https:\/\/bahiaeconomica.com.br\/wp\/#website"},"datePublished":"2025-03-31T16:40:56+00:00","dateModified":"2025-03-31T16:27:59+00:00","description":"O maior portal de Economia da Bahia Pol\u00edtica Bahia Economica Ela sempre foi uma voz firme na defesa da democracia e dos direitos dos jornalistas","breadcrumb":{"@id":"https:\/\/bahiaeconomica.com.br\/wp\/2025\/03\/31\/karde-mourao-deixa-legado-e-licao-de-etica-jornalistica-afirma-deputado\/#breadcrumb"},"inLanguage":"pt-BR","potentialAction":[{"@type":"ReadAction","target":["https:\/\/bahiaeconomica.com.br\/wp\/2025\/03\/31\/karde-mourao-deixa-legado-e-licao-de-etica-jornalistica-afirma-deputado\/"]}]},{"@type":"BreadcrumbList","@id":"https:\/\/bahiaeconomica.com.br\/wp\/2025\/03\/31\/karde-mourao-deixa-legado-e-licao-de-etica-jornalistica-afirma-deputado\/#breadcrumb","itemListElement":[{"@type":"ListItem","position":1,"name":"In\u00edcio","item":"https:\/\/bahiaeconomica.com.br\/wp\/"},{"@type":"ListItem","position":2,"name":"&#8220;KARD\u00c9 MOUR\u00c3O DEIXA LEGADO E LI\u00c7\u00c3O DE \u00c9TICA JORNAL\u00cdSTICA &#8220;, AFIRMA DEPUTADO"}]},{"@type":"WebSite","@id":"https:\/\/bahiaeconomica.com.br\/wp\/#website","url":"https:\/\/bahiaeconomica.com.br\/wp\/","name":"Bahia Economica","description":"O maior portal de Economia da Bahia","publisher":{"@id":"https:\/\/bahiaeconomica.com.br\/wp\/#organization"},"potentialAction":[{"@type":"SearchAction","target":{"@type":"EntryPoint","urlTemplate":"https:\/\/bahiaeconomica.com.br\/wp\/?s={search_term_string}"},"query-input":"required name=search_term_string"}],"inLanguage":"pt-BR"},{"@type":"Organization","@id":"https:\/\/bahiaeconomica.com.br\/wp\/#organization","name":"Bahia Econ\u00f4mica","url":"https:\/\/bahiaeconomica.com.br\/wp\/","logo":{"@type":"ImageObject","inLanguage":"pt-BR","@id":"https:\/\/bahiaeconomica.com.br\/wp\/#\/schema\/logo\/image\/","url":"https:\/\/bahiaeconomica.com.br\/wp\/wp-content\/uploads\/2020\/12\/cropped-BE.png","contentUrl":"https:\/\/bahiaeconomica.com.br\/wp\/wp-content\/uploads\/2020\/12\/cropped-BE.png","width":512,"height":512,"caption":"Bahia Econ\u00f4mica"},"image":{"@id":"https:\/\/bahiaeconomica.com.br\/wp\/#\/schema\/logo\/image\/"},"sameAs":["https:\/\/www.facebook.com\/bahiaeconomica"]},{"@type":"Person","@id":"https:\/\/bahiaeconomica.com.br\/wp\/#\/schema\/person\/c86d3a3f8960425a0f9d0e5245991f4e","name":"JP","sameAs":["https:\/\/bahiaeconomica.com.br\/wp\/beta\/"],"url":"https:\/\/bahiaeconomica.com.br\/wp\/author\/jp\/"}]}},"views":18,"_links":{"self":[{"href":"https:\/\/bahiaeconomica.com.br\/wp\/wp-json\/wp\/v2\/posts\/891698"}],"collection":[{"href":"https:\/\/bahiaeconomica.com.br\/wp\/wp-json\/wp\/v2\/posts"}],"about":[{"href":"https:\/\/bahiaeconomica.com.br\/wp\/wp-json\/wp\/v2\/types\/post"}],"author":[{"embeddable":true,"href":"https:\/\/bahiaeconomica.com.br\/wp\/wp-json\/wp\/v2\/users\/8"}],"replies":[{"embeddable":true,"href":"https:\/\/bahiaeconomica.com.br\/wp\/wp-json\/wp\/v2\/comments?post=891698"}],"version-history":[{"count":1,"href":"https:\/\/bahiaeconomica.com.br\/wp\/wp-json\/wp\/v2\/posts\/891698\/revisions"}],"predecessor-version":[{"id":891700,"href":"https:\/\/bahiaeconomica.com.br\/wp\/wp-json\/wp\/v2\/posts\/891698\/revisions\/891700"}],"wp:featuredmedia":[{"embeddable":true,"href":"https:\/\/bahiaeconomica.com.br\/wp\/wp-json\/wp\/v2\/media\/891699"}],"wp:attachment":[{"href":"https:\/\/bahiaeconomica.com.br\/wp\/wp-json\/wp\/v2\/media?parent=891698"}],"wp:term":[{"taxonomy":"category","embeddable":true,"href":"https:\/\/bahiaeconomica.com.br\/wp\/wp-json\/wp\/v2\/categories?post=891698"},{"taxonomy":"post_tag","embeddable":true,"href":"https:\/\/bahiaeconomica.com.br\/wp\/wp-json\/wp\/v2\/tags?post=891698"}],"curies":[{"name":"wp","href":"https:\/\/api.w.org\/{rel}","templated":true}]}}