{"id":891486,"date":"2025-03-29T09:30:53","date_gmt":"2025-03-29T12:30:53","guid":{"rendered":"https:\/\/bahiaeconomica.com.br\/wp\/?p=891486"},"modified":"2025-03-29T09:59:34","modified_gmt":"2025-03-29T12:59:34","slug":"catadores-de-residuos-geram-renda-e-desempenham-papel-fundamental-para-a-reciclagem","status":"publish","type":"post","link":"https:\/\/bahiaeconomica.com.br\/wp\/2025\/03\/29\/catadores-de-residuos-geram-renda-e-desempenham-papel-fundamental-para-a-reciclagem\/","title":{"rendered":"CATADORES DE RES\u00cdDUOS GERAM RENDA E DESEMPENHAM PAPEL FUNDAMENTAL PARA A RECICLAGEM"},"content":{"rendered":"<p>Necessidade. Esta foi a raz\u00e3o para Maria Cristina dos Santos, de 54 anos, decidir se tornar catadora de res\u00edduos recicl\u00e1veis em Salvador. \u201cEu via pessoas que passavam no local onde eu morava catando os res\u00edduos na rua e conseguindo comprar alimentos com o dinheiro que ganhavam com esse trabalho e me interessei. Isso foi h\u00e1 20 anos\u201d, conta.<\/p>\n<p>O caso de Maria Cristina n\u00e3o \u00e9 uma exce\u00e7\u00e3o. Na Cooperativa de Coleta Seletiva Processamento de Pl\u00e1stico e Prote\u00e7\u00e3o Ambiental (Camapet), apoiada pelo Programa Ser+ da Braskem e onde Maria vem exercendo sua fun\u00e7\u00e3o h\u00e1 duas d\u00e9cadas, as hist\u00f3rias s\u00e3o bem semelhantes. \u201cEstava precisando trabalhar e foi uma oportunidade que encontrei. Me convidaram para conhecer o trabalho da cooperativa, gostei e estou aqui h\u00e1 14 anos\u201d, diz Sandra Maria dos Santos, de 49 anos.<\/p>\n<p>Neste domingo, 30 de mar\u00e7o, \u00e9 celebrado o Dia Mundial do Lixo Zero. A data visa conscientizar a sociedade sobre o assunto e promover o consumo consciente e a produ\u00e7\u00e3o sustent\u00e1vel. Atualmente, o Brasil gera cerca de 80 milh\u00f5es de res\u00edduos s\u00f3lidos por ano e, no entanto, s\u00f3 recicla 4% deste total, segundo dados da Associa\u00e7\u00e3o Brasileira de Empresas de Limpeza P\u00fablica e Res\u00edduos Especiais (Abrelpe).<\/p>\n<p>Neste cen\u00e1rio, os catadores t\u00eam um papel de extrema relev\u00e2ncia, tanto pela gera\u00e7\u00e3o de renda proveniente da atividade quanto pela import\u00e2ncia ambiental. A presidente da Camapet, Elenildes Duarte, conta que somente eles, uma cooperativa com 26 integrantes, recolhem entre 120 e 140 toneladas de res\u00edduos s\u00f3lidos todos os meses. Ela destaca, no entanto, que falta reconhecimento e apoio, na forma de pol\u00edticas p\u00fablicas para a categoria que tem um trabalho extremamente cansativo.<\/p>\n<p>\u201cPrecisamos carregar o caminh\u00e3o com os res\u00edduos e transportar at\u00e9 a cooperativa. L\u00e1 a gente descarrega, faz a triagem, separa os materiais por tipo e leva para a prensa. Ap\u00f3s prensado, os fardos s\u00e3o encaminhados ao setor de comercializa\u00e7\u00e3o e avalia\u00e7\u00e3o do material para venda\u201d, explica. Para Eleniles, o catador possui uma profiss\u00e3o nobre. \u201cAl\u00e9m de gerar renda para nossos cooperados, a gente tamb\u00e9m faz um trabalho de prote\u00e7\u00e3o ambiental, retirando das ruas toneladas de pl\u00e1stico e preservando a natureza. Ser catador \u00e9 uma oportunidade de emprego, de cuidar do meio ambiente, de valoriza\u00e7\u00e3o do cidad\u00e3o e de poder fazer algo melhor\u201d, destaca.<\/p>\n<p>Sandra faz coro \u00e0s palavras de Elenildes e revela que \u00e9 com a remunera\u00e7\u00e3o que obt\u00e9m catando res\u00edduos que consegue se manter e criar os tr\u00eas filhos. \u201c\u00c9 daqui que eu pago o aluguel de casa, que eu pago a pessoa para olhar meus filhos. \u00c9 daqui que eu tiro a renda para sobreviver. Al\u00e9m disso, se n\u00e3o fosse este trabalho, imagine onde estaria todo esse res\u00edduo que \u00e9 resgatado das ruas\u201d, questiona.<\/p>\n<p>Maria Cristina dos Santos acrescenta que a necessidade a levou para a profiss\u00e3o de catadora, no entanto destaca que gosta do que faz e se orgulha de seu trabalho. \u201cCriei meus dois filhos com o material aqui vendido. Estou muito feliz, porque estou conseguindo reformar minha casa, est\u00e1 ficando a coisa mais linda\u201d, orgulha-se.<\/p>\n<p>(Foto: Divulga\u00e7\u00e3o)<\/p>\n","protected":false},"excerpt":{"rendered":"<p>Necessidade. Esta foi a raz\u00e3o para Maria Cristina dos Santos, de 54 anos, decidir se tornar catadora de res\u00edduos recicl\u00e1veis em Salvador. \u201cEu via pessoas que passavam no local onde eu morava catando os res\u00edduos na rua e conseguindo comprar alimentos com o dinheiro que ganhavam com esse trabalho e me interessei. Isso foi h\u00e1 [&hellip;]<\/p>\n","protected":false},"author":8,"featured_media":891487,"comment_status":"closed","ping_status":"closed","sticky":false,"template":"","format":"standard","meta":[],"categories":[5],"tags":[52,3674,100],"acf":[],"yoast_head":"<!-- This site is optimized with the Yoast SEO plugin v20.8 - https:\/\/yoast.com\/wordpress\/plugins\/seo\/ -->\n<title>CATADORES DE RES\u00cdDUOS GERAM RENDA E DESEMPENHAM PAPEL FUNDAMENTAL PARA A RECICLAGEM - Bahia Economica<\/title>\n<meta name=\"description\" content=\"O maior portal de Economia da Bahia MUNIC\u00cdPIOS Bahia Economica andra faz coro \u00e0s palavras de Elenildes e revela que \u00e9 com a remunera\u00e7\u00e3o\" \/>\n<meta name=\"robots\" content=\"index, follow, max-snippet:-1, max-image-preview:large, max-video-preview:-1\" \/>\n<link rel=\"canonical\" href=\"https:\/\/bahiaeconomica.com.br\/wp\/2025\/03\/29\/catadores-de-residuos-geram-renda-e-desempenham-papel-fundamental-para-a-reciclagem\/\" \/>\n<meta property=\"og:locale\" content=\"pt_BR\" \/>\n<meta property=\"og:type\" content=\"article\" \/>\n<meta property=\"og:title\" content=\"CATADORES DE RES\u00cdDUOS GERAM RENDA E DESEMPENHAM PAPEL FUNDAMENTAL PARA A RECICLAGEM - Bahia Economica\" \/>\n<meta property=\"og:description\" content=\"O maior portal de Economia da Bahia MUNIC\u00cdPIOS Bahia Economica andra faz coro \u00e0s palavras de Elenildes e revela que \u00e9 com a remunera\u00e7\u00e3o\" \/>\n<meta property=\"og:url\" content=\"https:\/\/bahiaeconomica.com.br\/wp\/2025\/03\/29\/catadores-de-residuos-geram-renda-e-desempenham-papel-fundamental-para-a-reciclagem\/\" \/>\n<meta property=\"og:site_name\" content=\"Bahia Economica\" \/>\n<meta property=\"article:publisher\" content=\"https:\/\/www.facebook.com\/bahiaeconomica\" \/>\n<meta property=\"article:published_time\" content=\"2025-03-29T12:30:53+00:00\" \/>\n<meta property=\"article:modified_time\" content=\"2025-03-29T12:59:34+00:00\" \/>\n<meta property=\"og:image\" content=\"https:\/\/bahiaeconomica.com.br\/wp\/wp-content\/uploads\/2025\/03\/WhatsApp-Image-2025-03-28-at-09.45.50.jpeg\" \/>\n\t<meta property=\"og:image:width\" content=\"1311\" \/>\n\t<meta property=\"og:image:height\" content=\"863\" \/>\n\t<meta property=\"og:image:type\" content=\"image\/jpeg\" \/>\n<meta name=\"author\" content=\"JP\" \/>\n<meta name=\"twitter:card\" content=\"summary_large_image\" \/>\n<meta name=\"twitter:label1\" content=\"Escrito por\" \/>\n\t<meta name=\"twitter:data1\" content=\"JP\" \/>\n\t<meta name=\"twitter:label2\" content=\"Est. tempo de leitura\" \/>\n\t<meta name=\"twitter:data2\" content=\"3 minutos\" \/>\n<script type=\"application\/ld+json\" class=\"yoast-schema-graph\">{\"@context\":\"https:\/\/schema.org\",\"@graph\":[{\"@type\":\"Article\",\"@id\":\"https:\/\/bahiaeconomica.com.br\/wp\/2025\/03\/29\/catadores-de-residuos-geram-renda-e-desempenham-papel-fundamental-para-a-reciclagem\/#article\",\"isPartOf\":{\"@id\":\"https:\/\/bahiaeconomica.com.br\/wp\/2025\/03\/29\/catadores-de-residuos-geram-renda-e-desempenham-papel-fundamental-para-a-reciclagem\/\"},\"author\":{\"name\":\"JP\",\"@id\":\"https:\/\/bahiaeconomica.com.br\/wp\/#\/schema\/person\/c86d3a3f8960425a0f9d0e5245991f4e\"},\"headline\":\"CATADORES DE RES\u00cdDUOS GERAM RENDA E DESEMPENHAM PAPEL FUNDAMENTAL PARA A RECICLAGEM\",\"datePublished\":\"2025-03-29T12:30:53+00:00\",\"dateModified\":\"2025-03-29T12:59:34+00:00\",\"mainEntityOfPage\":{\"@id\":\"https:\/\/bahiaeconomica.com.br\/wp\/2025\/03\/29\/catadores-de-residuos-geram-renda-e-desempenham-papel-fundamental-para-a-reciclagem\/\"},\"wordCount\":550,\"publisher\":{\"@id\":\"https:\/\/bahiaeconomica.com.br\/wp\/#organization\"},\"keywords\":[\"Brasil\",\"catadores\",\"Pol\u00edtica\"],\"articleSection\":[\"MUNIC\u00cdPIOS\"],\"inLanguage\":\"pt-BR\"},{\"@type\":\"WebPage\",\"@id\":\"https:\/\/bahiaeconomica.com.br\/wp\/2025\/03\/29\/catadores-de-residuos-geram-renda-e-desempenham-papel-fundamental-para-a-reciclagem\/\",\"url\":\"https:\/\/bahiaeconomica.com.br\/wp\/2025\/03\/29\/catadores-de-residuos-geram-renda-e-desempenham-papel-fundamental-para-a-reciclagem\/\",\"name\":\"CATADORES DE RES\u00cdDUOS GERAM RENDA E DESEMPENHAM PAPEL FUNDAMENTAL PARA A RECICLAGEM - Bahia Economica\",\"isPartOf\":{\"@id\":\"https:\/\/bahiaeconomica.com.br\/wp\/#website\"},\"datePublished\":\"2025-03-29T12:30:53+00:00\",\"dateModified\":\"2025-03-29T12:59:34+00:00\",\"description\":\"O maior portal de Economia da Bahia MUNIC\u00cdPIOS Bahia Economica andra faz coro \u00e0s palavras de Elenildes e revela que \u00e9 com a remunera\u00e7\u00e3o\",\"breadcrumb\":{\"@id\":\"https:\/\/bahiaeconomica.com.br\/wp\/2025\/03\/29\/catadores-de-residuos-geram-renda-e-desempenham-papel-fundamental-para-a-reciclagem\/#breadcrumb\"},\"inLanguage\":\"pt-BR\",\"potentialAction\":[{\"@type\":\"ReadAction\",\"target\":[\"https:\/\/bahiaeconomica.com.br\/wp\/2025\/03\/29\/catadores-de-residuos-geram-renda-e-desempenham-papel-fundamental-para-a-reciclagem\/\"]}]},{\"@type\":\"BreadcrumbList\",\"@id\":\"https:\/\/bahiaeconomica.com.br\/wp\/2025\/03\/29\/catadores-de-residuos-geram-renda-e-desempenham-papel-fundamental-para-a-reciclagem\/#breadcrumb\",\"itemListElement\":[{\"@type\":\"ListItem\",\"position\":1,\"name\":\"In\u00edcio\",\"item\":\"https:\/\/bahiaeconomica.com.br\/wp\/\"},{\"@type\":\"ListItem\",\"position\":2,\"name\":\"CATADORES DE RES\u00cdDUOS GERAM RENDA E DESEMPENHAM PAPEL FUNDAMENTAL PARA A RECICLAGEM\"}]},{\"@type\":\"WebSite\",\"@id\":\"https:\/\/bahiaeconomica.com.br\/wp\/#website\",\"url\":\"https:\/\/bahiaeconomica.com.br\/wp\/\",\"name\":\"Bahia Economica\",\"description\":\"O maior portal de Economia da Bahia\",\"publisher\":{\"@id\":\"https:\/\/bahiaeconomica.com.br\/wp\/#organization\"},\"potentialAction\":[{\"@type\":\"SearchAction\",\"target\":{\"@type\":\"EntryPoint\",\"urlTemplate\":\"https:\/\/bahiaeconomica.com.br\/wp\/?s={search_term_string}\"},\"query-input\":\"required name=search_term_string\"}],\"inLanguage\":\"pt-BR\"},{\"@type\":\"Organization\",\"@id\":\"https:\/\/bahiaeconomica.com.br\/wp\/#organization\",\"name\":\"Bahia Econ\u00f4mica\",\"url\":\"https:\/\/bahiaeconomica.com.br\/wp\/\",\"logo\":{\"@type\":\"ImageObject\",\"inLanguage\":\"pt-BR\",\"@id\":\"https:\/\/bahiaeconomica.com.br\/wp\/#\/schema\/logo\/image\/\",\"url\":\"https:\/\/bahiaeconomica.com.br\/wp\/wp-content\/uploads\/2020\/12\/cropped-BE.png\",\"contentUrl\":\"https:\/\/bahiaeconomica.com.br\/wp\/wp-content\/uploads\/2020\/12\/cropped-BE.png\",\"width\":512,\"height\":512,\"caption\":\"Bahia Econ\u00f4mica\"},\"image\":{\"@id\":\"https:\/\/bahiaeconomica.com.br\/wp\/#\/schema\/logo\/image\/\"},\"sameAs\":[\"https:\/\/www.facebook.com\/bahiaeconomica\"]},{\"@type\":\"Person\",\"@id\":\"https:\/\/bahiaeconomica.com.br\/wp\/#\/schema\/person\/c86d3a3f8960425a0f9d0e5245991f4e\",\"name\":\"JP\",\"sameAs\":[\"https:\/\/bahiaeconomica.com.br\/wp\/beta\/\"],\"url\":\"https:\/\/bahiaeconomica.com.br\/wp\/author\/jp\/\"}]}<\/script>\n<!-- \/ Yoast SEO plugin. -->","yoast_head_json":{"title":"CATADORES DE RES\u00cdDUOS GERAM RENDA E DESEMPENHAM PAPEL FUNDAMENTAL PARA A RECICLAGEM - Bahia Economica","description":"O maior portal de Economia da Bahia MUNIC\u00cdPIOS Bahia Economica andra faz coro \u00e0s palavras de Elenildes e revela que \u00e9 com a remunera\u00e7\u00e3o","robots":{"index":"index","follow":"follow","max-snippet":"max-snippet:-1","max-image-preview":"max-image-preview:large","max-video-preview":"max-video-preview:-1"},"canonical":"https:\/\/bahiaeconomica.com.br\/wp\/2025\/03\/29\/catadores-de-residuos-geram-renda-e-desempenham-papel-fundamental-para-a-reciclagem\/","og_locale":"pt_BR","og_type":"article","og_title":"CATADORES DE RES\u00cdDUOS GERAM RENDA E DESEMPENHAM PAPEL FUNDAMENTAL PARA A RECICLAGEM - Bahia Economica","og_description":"O maior portal de Economia da Bahia MUNIC\u00cdPIOS Bahia Economica andra faz coro \u00e0s palavras de Elenildes e revela que \u00e9 com a remunera\u00e7\u00e3o","og_url":"https:\/\/bahiaeconomica.com.br\/wp\/2025\/03\/29\/catadores-de-residuos-geram-renda-e-desempenham-papel-fundamental-para-a-reciclagem\/","og_site_name":"Bahia Economica","article_publisher":"https:\/\/www.facebook.com\/bahiaeconomica","article_published_time":"2025-03-29T12:30:53+00:00","article_modified_time":"2025-03-29T12:59:34+00:00","og_image":[{"width":1311,"height":863,"url":"https:\/\/bahiaeconomica.com.br\/wp\/wp-content\/uploads\/2025\/03\/WhatsApp-Image-2025-03-28-at-09.45.50.jpeg","type":"image\/jpeg"}],"author":"JP","twitter_card":"summary_large_image","twitter_misc":{"Escrito por":"JP","Est. tempo de leitura":"3 minutos"},"schema":{"@context":"https:\/\/schema.org","@graph":[{"@type":"Article","@id":"https:\/\/bahiaeconomica.com.br\/wp\/2025\/03\/29\/catadores-de-residuos-geram-renda-e-desempenham-papel-fundamental-para-a-reciclagem\/#article","isPartOf":{"@id":"https:\/\/bahiaeconomica.com.br\/wp\/2025\/03\/29\/catadores-de-residuos-geram-renda-e-desempenham-papel-fundamental-para-a-reciclagem\/"},"author":{"name":"JP","@id":"https:\/\/bahiaeconomica.com.br\/wp\/#\/schema\/person\/c86d3a3f8960425a0f9d0e5245991f4e"},"headline":"CATADORES DE RES\u00cdDUOS GERAM RENDA E DESEMPENHAM PAPEL FUNDAMENTAL PARA A RECICLAGEM","datePublished":"2025-03-29T12:30:53+00:00","dateModified":"2025-03-29T12:59:34+00:00","mainEntityOfPage":{"@id":"https:\/\/bahiaeconomica.com.br\/wp\/2025\/03\/29\/catadores-de-residuos-geram-renda-e-desempenham-papel-fundamental-para-a-reciclagem\/"},"wordCount":550,"publisher":{"@id":"https:\/\/bahiaeconomica.com.br\/wp\/#organization"},"keywords":["Brasil","catadores","Pol\u00edtica"],"articleSection":["MUNIC\u00cdPIOS"],"inLanguage":"pt-BR"},{"@type":"WebPage","@id":"https:\/\/bahiaeconomica.com.br\/wp\/2025\/03\/29\/catadores-de-residuos-geram-renda-e-desempenham-papel-fundamental-para-a-reciclagem\/","url":"https:\/\/bahiaeconomica.com.br\/wp\/2025\/03\/29\/catadores-de-residuos-geram-renda-e-desempenham-papel-fundamental-para-a-reciclagem\/","name":"CATADORES DE RES\u00cdDUOS GERAM RENDA E DESEMPENHAM PAPEL FUNDAMENTAL PARA A RECICLAGEM - Bahia Economica","isPartOf":{"@id":"https:\/\/bahiaeconomica.com.br\/wp\/#website"},"datePublished":"2025-03-29T12:30:53+00:00","dateModified":"2025-03-29T12:59:34+00:00","description":"O maior portal de Economia da Bahia MUNIC\u00cdPIOS Bahia Economica andra faz coro \u00e0s palavras de Elenildes e revela que \u00e9 com a remunera\u00e7\u00e3o","breadcrumb":{"@id":"https:\/\/bahiaeconomica.com.br\/wp\/2025\/03\/29\/catadores-de-residuos-geram-renda-e-desempenham-papel-fundamental-para-a-reciclagem\/#breadcrumb"},"inLanguage":"pt-BR","potentialAction":[{"@type":"ReadAction","target":["https:\/\/bahiaeconomica.com.br\/wp\/2025\/03\/29\/catadores-de-residuos-geram-renda-e-desempenham-papel-fundamental-para-a-reciclagem\/"]}]},{"@type":"BreadcrumbList","@id":"https:\/\/bahiaeconomica.com.br\/wp\/2025\/03\/29\/catadores-de-residuos-geram-renda-e-desempenham-papel-fundamental-para-a-reciclagem\/#breadcrumb","itemListElement":[{"@type":"ListItem","position":1,"name":"In\u00edcio","item":"https:\/\/bahiaeconomica.com.br\/wp\/"},{"@type":"ListItem","position":2,"name":"CATADORES DE RES\u00cdDUOS GERAM RENDA E DESEMPENHAM PAPEL FUNDAMENTAL PARA A RECICLAGEM"}]},{"@type":"WebSite","@id":"https:\/\/bahiaeconomica.com.br\/wp\/#website","url":"https:\/\/bahiaeconomica.com.br\/wp\/","name":"Bahia Economica","description":"O maior portal de Economia da Bahia","publisher":{"@id":"https:\/\/bahiaeconomica.com.br\/wp\/#organization"},"potentialAction":[{"@type":"SearchAction","target":{"@type":"EntryPoint","urlTemplate":"https:\/\/bahiaeconomica.com.br\/wp\/?s={search_term_string}"},"query-input":"required name=search_term_string"}],"inLanguage":"pt-BR"},{"@type":"Organization","@id":"https:\/\/bahiaeconomica.com.br\/wp\/#organization","name":"Bahia Econ\u00f4mica","url":"https:\/\/bahiaeconomica.com.br\/wp\/","logo":{"@type":"ImageObject","inLanguage":"pt-BR","@id":"https:\/\/bahiaeconomica.com.br\/wp\/#\/schema\/logo\/image\/","url":"https:\/\/bahiaeconomica.com.br\/wp\/wp-content\/uploads\/2020\/12\/cropped-BE.png","contentUrl":"https:\/\/bahiaeconomica.com.br\/wp\/wp-content\/uploads\/2020\/12\/cropped-BE.png","width":512,"height":512,"caption":"Bahia Econ\u00f4mica"},"image":{"@id":"https:\/\/bahiaeconomica.com.br\/wp\/#\/schema\/logo\/image\/"},"sameAs":["https:\/\/www.facebook.com\/bahiaeconomica"]},{"@type":"Person","@id":"https:\/\/bahiaeconomica.com.br\/wp\/#\/schema\/person\/c86d3a3f8960425a0f9d0e5245991f4e","name":"JP","sameAs":["https:\/\/bahiaeconomica.com.br\/wp\/beta\/"],"url":"https:\/\/bahiaeconomica.com.br\/wp\/author\/jp\/"}]}},"views":38,"_links":{"self":[{"href":"https:\/\/bahiaeconomica.com.br\/wp\/wp-json\/wp\/v2\/posts\/891486"}],"collection":[{"href":"https:\/\/bahiaeconomica.com.br\/wp\/wp-json\/wp\/v2\/posts"}],"about":[{"href":"https:\/\/bahiaeconomica.com.br\/wp\/wp-json\/wp\/v2\/types\/post"}],"author":[{"embeddable":true,"href":"https:\/\/bahiaeconomica.com.br\/wp\/wp-json\/wp\/v2\/users\/8"}],"replies":[{"embeddable":true,"href":"https:\/\/bahiaeconomica.com.br\/wp\/wp-json\/wp\/v2\/comments?post=891486"}],"version-history":[{"count":1,"href":"https:\/\/bahiaeconomica.com.br\/wp\/wp-json\/wp\/v2\/posts\/891486\/revisions"}],"predecessor-version":[{"id":891488,"href":"https:\/\/bahiaeconomica.com.br\/wp\/wp-json\/wp\/v2\/posts\/891486\/revisions\/891488"}],"wp:featuredmedia":[{"embeddable":true,"href":"https:\/\/bahiaeconomica.com.br\/wp\/wp-json\/wp\/v2\/media\/891487"}],"wp:attachment":[{"href":"https:\/\/bahiaeconomica.com.br\/wp\/wp-json\/wp\/v2\/media?parent=891486"}],"wp:term":[{"taxonomy":"category","embeddable":true,"href":"https:\/\/bahiaeconomica.com.br\/wp\/wp-json\/wp\/v2\/categories?post=891486"},{"taxonomy":"post_tag","embeddable":true,"href":"https:\/\/bahiaeconomica.com.br\/wp\/wp-json\/wp\/v2\/tags?post=891486"}],"curies":[{"name":"wp","href":"https:\/\/api.w.org\/{rel}","templated":true}]}}