{"id":891451,"date":"2025-03-28T19:30:02","date_gmt":"2025-03-28T22:30:02","guid":{"rendered":"https:\/\/bahiaeconomica.com.br\/wp\/?p=891451"},"modified":"2025-04-20T11:48:58","modified_gmt":"2025-04-20T14:48:58","slug":"embratur-e-consorcio-nordeste-apresentam-potencial-turistico-do-nordeste-brasileiro-em-roadshow-inedito-na-europa","status":"publish","type":"post","link":"https:\/\/bahiaeconomica.com.br\/wp\/2025\/03\/28\/embratur-e-consorcio-nordeste-apresentam-potencial-turistico-do-nordeste-brasileiro-em-roadshow-inedito-na-europa\/","title":{"rendered":"EMBRATUR E CONS\u00d3RCIO NORDESTE APRESENTAM POTENCIAL TUR\u00cdSTICO DO NORDESTE BRASILEIRO EM ROADSHOW IN\u00c9DITO NA EUROPA"},"content":{"rendered":"<p>Pela primeira vez, o Brasil apresenta o posicionamento estrat\u00e9gico e o potencial tur\u00edstico da Regi\u00e3o Nordeste ao mercado internacional em um evento exclusivo para operadores de turismo e ag\u00eancias de viagens. O Roadshow Visit Nordeste 2025 passar\u00e1 por Londres (1\u00ba de abril) e Mil\u00e3o (3 de abril), mostrando a regi\u00e3o como um destino integrado, diverso e excelente para viajantes que buscam experi\u00eancias inesquec\u00edveis em um dos cen\u00e1rios mais deslumbrantes do mundo.<\/p>\n<p>O evento \u00e9 uma parceria da Embratur com o Cons\u00f3rcio Nordeste. A iniciativa representa um marco na integra\u00e7\u00e3o do Nordeste e faz parte da estrat\u00e9gia da Ag\u00eancia em posicionar a regi\u00e3o no mercado europeu, assim como ampliar a conectividade a\u00e9rea e as campanhas de promo\u00e7\u00e3o internacional. Os resultados j\u00e1 s\u00e3o vis\u00edveis: s\u00f3 nos dois primeiros meses de 2025, houve um aumento de 65,3% na chegada de turistas estrangeiros aos destinos nordestinos em compara\u00e7\u00e3o com o mesmo per\u00edodo de 2024.<\/p>\n<p>Mais pr\u00f3ximo do Nordeste \u2013 com voos diretos que conectam os viajantes em menos tempo e menor emiss\u00e3o de CO2 -, o mercado europeu se mostra cada vez mais estrat\u00e9gico para o turismo brasileiro. Segundo continente que mais envia turistas ao Brasil, 2025 come\u00e7ou com um crescimento expressivo: somente em janeiro e fevereiro deste ano, o desembarque de europeus no pa\u00eds aumentou 18,4% em rela\u00e7\u00e3o ao mesmo per\u00edodo do ano passado. Esse movimento j\u00e1 vinha ganhando for\u00e7a em 2024, quando o Brasil registrou um crescimento de 20,1% na entrada de estrangeiros vindos da Europa.<\/p>\n<p>&#8220;O Nordeste vem se consolidando como uma das regi\u00f5es mais din\u00e2micas do turismo brasileiro e a parceria da Embratur com o Cons\u00f3rcio do Nordeste \u00e9 estrat\u00e9gica para o seu posicionamento no mercado internacional. Os viajantes saem da Europa em busca exatamente do que o Nordeste oferece: resorts em praias paradis\u00edacas, experi\u00eancias genu\u00ednas, contato com uma natureza fascinante, infraestrutura e autenticidade. Estamos apresentando um Brasil que vai al\u00e9m dos cart\u00f5es postais. Um destino acolhedor, que valoriza sua gente, sua cultura e o meio ambiente, e \u00e9 cheio de oportunidades \u00fanicas para os visitantes&#8221;, diz o presidente da Embratur, Marcelo Freixo.<\/p>\n<p>Durante o roadshow, os nove estados nordestinos \u2013 Alagoas, Bahia, Cear\u00e1, Maranh\u00e3o, Para\u00edba, Pernambuco, Piau\u00ed, Rio Grande do Norte e Sergipe \u2013 apresentar\u00e3o um portf\u00f3lio diversificado de experi\u00eancias tur\u00edsticas. Desde a observa\u00e7\u00e3o de baleias em Fernando de Noronha at\u00e9 as viv\u00eancias culturais no Pelourinho, em Salvador; dos resorts com arquitetura sustent\u00e1vel \u00e0s rotas de turismo de natureza em \u00e1reas protegidas, a regi\u00e3o mostra sua capacidade de surpreender at\u00e9 os viajantes mais experientes.<\/p>\n<p>O evento tamb\u00e9m marcar\u00e1 o lan\u00e7amento da nova marca unificada do Nordeste, destacando seus diferenciais hist\u00f3ricos, culturais e naturais, al\u00e9m do plano de a\u00e7\u00e3o de promo\u00e7\u00e3o da regi\u00e3o.&#8221;Fortalecer a regi\u00e3o Nordeste como uma pot\u00eancia tur\u00edstica no mercado internacional \u00e9 a principal miss\u00e3o da parceria existente entre Cons\u00f3rcio Nordeste e Embratur. De maneira vision\u00e1ria, com o Roadshow Visit Nordeste 2025, os nove estados ter\u00e3o a oportunidade de ampliar os mercados emissores, consolidando a regi\u00e3o que j\u00e1 faz um trabalho de fortalecimento e capta\u00e7\u00e3o de mercados internacionais individualmente, por\u00e9m agora, de maneira integrada, em Londres e Mil\u00e3o, com lan\u00e7amento da Marca Nordeste&#8221;, explica a secret\u00e1ria de Turismo de Alagoas e coordenadora da C\u00e2mara Tem\u00e1tica do Turismo no Cons\u00f3rcio do Nordeste, B\u00e1rbara Braga.<\/p>\n<p>&#8220;Somos uma regi\u00e3o diversa, das mais visitadas e procuradas no Brasil e mundo, com belezas naturais singulares, praias com \u00e1guas quentinhas, sol o ano inteiro, al\u00e9m de atrativos hist\u00f3ricos, culturais, de aventura, lazer, artesanato e uma gastronomia rica. Agora, com uma marca que unifica os atrativos do nosso Nordeste como destino para o mundo, fortaleceremos o desenvolvimento econ\u00f4mico e a gera\u00e7\u00e3o de emprego e renda nessa regi\u00e3o que s\u00f3 cresce em nosso pa\u00eds&#8221;, completa B\u00e1rbara.<\/p>\n<p>Em parceria com a TAP Air Portugal \u2013 companhia a\u00e9rea que oferece a melhor conectividade com o Brasil -, as a\u00e7\u00f5es de promo\u00e7\u00e3o tur\u00edstica visam criar oportunidades por meio de rotas integradas, utilizando os aeroportos do Nordeste como portas de entrada, especialmente nas cidades atendidas pela empresa: Salvador, Recife, Macei\u00f3, Natal e Fortaleza. Como parte das a\u00e7\u00f5es em Londres e Mil\u00e3o, a TAP ir\u00e1 sortear um par de passagens a\u00e9reas para que os agentes de viagem descubram novos destinos do Nordeste.<\/p>\n<p>Foto: Divulga\u00e7\u00e3o\/Embratur-Sebrae<\/p>\n","protected":false},"excerpt":{"rendered":"<p>Pela primeira vez, o Brasil apresenta o posicionamento estrat\u00e9gico e o potencial tur\u00edstico da Regi\u00e3o Nordeste ao mercado internacional em um evento exclusivo para operadores de turismo e ag\u00eancias de viagens. O Roadshow Visit Nordeste 2025 passar\u00e1 por Londres (1\u00ba de abril) e Mil\u00e3o (3 de abril), mostrando a regi\u00e3o como um destino integrado, diverso [&hellip;]<\/p>\n","protected":false},"author":15,"featured_media":891456,"comment_status":"closed","ping_status":"closed","sticky":false,"template":"","format":"standard","meta":[],"categories":[3,21931],"tags":[21310,16111],"acf":[],"yoast_head":"<!-- This site is optimized with the Yoast SEO plugin v20.8 - https:\/\/yoast.com\/wordpress\/plugins\/seo\/ -->\n<title>EMBRATUR E CONS\u00d3RCIO NORDESTE APRESENTAM POTENCIAL TUR\u00cdSTICO DO NORDESTE BRASILEIRO EM ROADSHOW IN\u00c9DITO NA EUROPA - Bahia Economica<\/title>\n<meta name=\"description\" content=\"O maior portal de Economia da Bahia ECONOMIA \/ POL\u00cdTICA, NORDESTE INVEST Bahia Economica Pela primeira vez, o Brasil apresenta o posicionamento estrat\u00e9gico\" \/>\n<meta name=\"robots\" content=\"index, follow, max-snippet:-1, max-image-preview:large, max-video-preview:-1\" \/>\n<link rel=\"canonical\" href=\"https:\/\/bahiaeconomica.com.br\/wp\/2025\/03\/28\/embratur-e-consorcio-nordeste-apresentam-potencial-turistico-do-nordeste-brasileiro-em-roadshow-inedito-na-europa\/\" \/>\n<meta property=\"og:locale\" content=\"pt_BR\" \/>\n<meta property=\"og:type\" content=\"article\" \/>\n<meta property=\"og:title\" content=\"EMBRATUR E CONS\u00d3RCIO NORDESTE APRESENTAM POTENCIAL TUR\u00cdSTICO DO NORDESTE BRASILEIRO EM ROADSHOW IN\u00c9DITO NA EUROPA - Bahia Economica\" \/>\n<meta property=\"og:description\" content=\"O maior portal de Economia da Bahia ECONOMIA \/ POL\u00cdTICA, NORDESTE INVEST Bahia Economica Pela primeira vez, o Brasil apresenta o posicionamento estrat\u00e9gico\" \/>\n<meta property=\"og:url\" content=\"https:\/\/bahiaeconomica.com.br\/wp\/2025\/03\/28\/embratur-e-consorcio-nordeste-apresentam-potencial-turistico-do-nordeste-brasileiro-em-roadshow-inedito-na-europa\/\" \/>\n<meta property=\"og:site_name\" content=\"Bahia Economica\" \/>\n<meta property=\"article:publisher\" content=\"https:\/\/www.facebook.com\/bahiaeconomica\" \/>\n<meta property=\"article:published_time\" content=\"2025-03-28T22:30:02+00:00\" \/>\n<meta property=\"article:modified_time\" content=\"2025-04-20T14:48:58+00:00\" \/>\n<meta property=\"og:image\" content=\"https:\/\/bahiaeconomica.com.br\/wp\/wp-content\/uploads\/2025\/03\/handler-4.jpg\" \/>\n\t<meta property=\"og:image:width\" content=\"900\" \/>\n\t<meta property=\"og:image:height\" content=\"500\" \/>\n\t<meta property=\"og:image:type\" content=\"image\/jpeg\" \/>\n<meta name=\"author\" content=\"VICTORIA ISABEL\" \/>\n<meta name=\"twitter:card\" content=\"summary_large_image\" \/>\n<meta name=\"twitter:label1\" content=\"Escrito por\" \/>\n\t<meta name=\"twitter:data1\" content=\"VICTORIA ISABEL\" \/>\n\t<meta name=\"twitter:label2\" content=\"Est. tempo de leitura\" \/>\n\t<meta name=\"twitter:data2\" content=\"4 minutos\" \/>\n<script type=\"application\/ld+json\" class=\"yoast-schema-graph\">{\"@context\":\"https:\/\/schema.org\",\"@graph\":[{\"@type\":\"Article\",\"@id\":\"https:\/\/bahiaeconomica.com.br\/wp\/2025\/03\/28\/embratur-e-consorcio-nordeste-apresentam-potencial-turistico-do-nordeste-brasileiro-em-roadshow-inedito-na-europa\/#article\",\"isPartOf\":{\"@id\":\"https:\/\/bahiaeconomica.com.br\/wp\/2025\/03\/28\/embratur-e-consorcio-nordeste-apresentam-potencial-turistico-do-nordeste-brasileiro-em-roadshow-inedito-na-europa\/\"},\"author\":{\"name\":\"VICTORIA ISABEL\",\"@id\":\"https:\/\/bahiaeconomica.com.br\/wp\/#\/schema\/person\/b719ce0fb1c09f3c7a00d9243ced4a6f\"},\"headline\":\"EMBRATUR E CONS\u00d3RCIO NORDESTE APRESENTAM POTENCIAL TUR\u00cdSTICO DO NORDESTE BRASILEIRO EM ROADSHOW IN\u00c9DITO NA EUROPA\",\"datePublished\":\"2025-03-28T22:30:02+00:00\",\"dateModified\":\"2025-04-20T14:48:58+00:00\",\"mainEntityOfPage\":{\"@id\":\"https:\/\/bahiaeconomica.com.br\/wp\/2025\/03\/28\/embratur-e-consorcio-nordeste-apresentam-potencial-turistico-do-nordeste-brasileiro-em-roadshow-inedito-na-europa\/\"},\"wordCount\":781,\"publisher\":{\"@id\":\"https:\/\/bahiaeconomica.com.br\/wp\/#organization\"},\"keywords\":[\"mercado internacional\",\"REGI\u00c3O NORDESTE\"],\"articleSection\":[\"ECONOMIA \/ POL\u00cdTICA\",\"NORDESTE INVEST\"],\"inLanguage\":\"pt-BR\"},{\"@type\":\"WebPage\",\"@id\":\"https:\/\/bahiaeconomica.com.br\/wp\/2025\/03\/28\/embratur-e-consorcio-nordeste-apresentam-potencial-turistico-do-nordeste-brasileiro-em-roadshow-inedito-na-europa\/\",\"url\":\"https:\/\/bahiaeconomica.com.br\/wp\/2025\/03\/28\/embratur-e-consorcio-nordeste-apresentam-potencial-turistico-do-nordeste-brasileiro-em-roadshow-inedito-na-europa\/\",\"name\":\"EMBRATUR E CONS\u00d3RCIO NORDESTE APRESENTAM POTENCIAL TUR\u00cdSTICO DO NORDESTE BRASILEIRO EM ROADSHOW IN\u00c9DITO NA EUROPA - Bahia Economica\",\"isPartOf\":{\"@id\":\"https:\/\/bahiaeconomica.com.br\/wp\/#website\"},\"datePublished\":\"2025-03-28T22:30:02+00:00\",\"dateModified\":\"2025-04-20T14:48:58+00:00\",\"description\":\"O maior portal de Economia da Bahia ECONOMIA \/ POL\u00cdTICA, NORDESTE INVEST Bahia Economica Pela primeira vez, o Brasil apresenta o posicionamento estrat\u00e9gico\",\"breadcrumb\":{\"@id\":\"https:\/\/bahiaeconomica.com.br\/wp\/2025\/03\/28\/embratur-e-consorcio-nordeste-apresentam-potencial-turistico-do-nordeste-brasileiro-em-roadshow-inedito-na-europa\/#breadcrumb\"},\"inLanguage\":\"pt-BR\",\"potentialAction\":[{\"@type\":\"ReadAction\",\"target\":[\"https:\/\/bahiaeconomica.com.br\/wp\/2025\/03\/28\/embratur-e-consorcio-nordeste-apresentam-potencial-turistico-do-nordeste-brasileiro-em-roadshow-inedito-na-europa\/\"]}]},{\"@type\":\"BreadcrumbList\",\"@id\":\"https:\/\/bahiaeconomica.com.br\/wp\/2025\/03\/28\/embratur-e-consorcio-nordeste-apresentam-potencial-turistico-do-nordeste-brasileiro-em-roadshow-inedito-na-europa\/#breadcrumb\",\"itemListElement\":[{\"@type\":\"ListItem\",\"position\":1,\"name\":\"In\u00edcio\",\"item\":\"https:\/\/bahiaeconomica.com.br\/wp\/\"},{\"@type\":\"ListItem\",\"position\":2,\"name\":\"EMBRATUR E CONS\u00d3RCIO NORDESTE APRESENTAM POTENCIAL TUR\u00cdSTICO DO NORDESTE BRASILEIRO EM ROADSHOW IN\u00c9DITO NA EUROPA\"}]},{\"@type\":\"WebSite\",\"@id\":\"https:\/\/bahiaeconomica.com.br\/wp\/#website\",\"url\":\"https:\/\/bahiaeconomica.com.br\/wp\/\",\"name\":\"Bahia Economica\",\"description\":\"O maior portal de Economia da Bahia\",\"publisher\":{\"@id\":\"https:\/\/bahiaeconomica.com.br\/wp\/#organization\"},\"potentialAction\":[{\"@type\":\"SearchAction\",\"target\":{\"@type\":\"EntryPoint\",\"urlTemplate\":\"https:\/\/bahiaeconomica.com.br\/wp\/?s={search_term_string}\"},\"query-input\":\"required name=search_term_string\"}],\"inLanguage\":\"pt-BR\"},{\"@type\":\"Organization\",\"@id\":\"https:\/\/bahiaeconomica.com.br\/wp\/#organization\",\"name\":\"Bahia Econ\u00f4mica\",\"url\":\"https:\/\/bahiaeconomica.com.br\/wp\/\",\"logo\":{\"@type\":\"ImageObject\",\"inLanguage\":\"pt-BR\",\"@id\":\"https:\/\/bahiaeconomica.com.br\/wp\/#\/schema\/logo\/image\/\",\"url\":\"https:\/\/bahiaeconomica.com.br\/wp\/wp-content\/uploads\/2020\/12\/cropped-BE.png\",\"contentUrl\":\"https:\/\/bahiaeconomica.com.br\/wp\/wp-content\/uploads\/2020\/12\/cropped-BE.png\",\"width\":512,\"height\":512,\"caption\":\"Bahia Econ\u00f4mica\"},\"image\":{\"@id\":\"https:\/\/bahiaeconomica.com.br\/wp\/#\/schema\/logo\/image\/\"},\"sameAs\":[\"https:\/\/www.facebook.com\/bahiaeconomica\"]},{\"@type\":\"Person\",\"@id\":\"https:\/\/bahiaeconomica.com.br\/wp\/#\/schema\/person\/b719ce0fb1c09f3c7a00d9243ced4a6f\",\"name\":\"VICTORIA ISABEL\",\"sameAs\":[\"http:\/\/www.bahiaeconomica.com.br\"],\"url\":\"https:\/\/bahiaeconomica.com.br\/wp\/author\/victoria-isabel\/\"}]}<\/script>\n<!-- \/ Yoast SEO plugin. -->","yoast_head_json":{"title":"EMBRATUR E CONS\u00d3RCIO NORDESTE APRESENTAM POTENCIAL TUR\u00cdSTICO DO NORDESTE BRASILEIRO EM ROADSHOW IN\u00c9DITO NA EUROPA - Bahia Economica","description":"O maior portal de Economia da Bahia ECONOMIA \/ POL\u00cdTICA, NORDESTE INVEST Bahia Economica Pela primeira vez, o Brasil apresenta o posicionamento estrat\u00e9gico","robots":{"index":"index","follow":"follow","max-snippet":"max-snippet:-1","max-image-preview":"max-image-preview:large","max-video-preview":"max-video-preview:-1"},"canonical":"https:\/\/bahiaeconomica.com.br\/wp\/2025\/03\/28\/embratur-e-consorcio-nordeste-apresentam-potencial-turistico-do-nordeste-brasileiro-em-roadshow-inedito-na-europa\/","og_locale":"pt_BR","og_type":"article","og_title":"EMBRATUR E CONS\u00d3RCIO NORDESTE APRESENTAM POTENCIAL TUR\u00cdSTICO DO NORDESTE BRASILEIRO EM ROADSHOW IN\u00c9DITO NA EUROPA - Bahia Economica","og_description":"O maior portal de Economia da Bahia ECONOMIA \/ POL\u00cdTICA, NORDESTE INVEST Bahia Economica Pela primeira vez, o Brasil apresenta o posicionamento estrat\u00e9gico","og_url":"https:\/\/bahiaeconomica.com.br\/wp\/2025\/03\/28\/embratur-e-consorcio-nordeste-apresentam-potencial-turistico-do-nordeste-brasileiro-em-roadshow-inedito-na-europa\/","og_site_name":"Bahia Economica","article_publisher":"https:\/\/www.facebook.com\/bahiaeconomica","article_published_time":"2025-03-28T22:30:02+00:00","article_modified_time":"2025-04-20T14:48:58+00:00","og_image":[{"width":900,"height":500,"url":"https:\/\/bahiaeconomica.com.br\/wp\/wp-content\/uploads\/2025\/03\/handler-4.jpg","type":"image\/jpeg"}],"author":"VICTORIA ISABEL","twitter_card":"summary_large_image","twitter_misc":{"Escrito por":"VICTORIA ISABEL","Est. tempo de leitura":"4 minutos"},"schema":{"@context":"https:\/\/schema.org","@graph":[{"@type":"Article","@id":"https:\/\/bahiaeconomica.com.br\/wp\/2025\/03\/28\/embratur-e-consorcio-nordeste-apresentam-potencial-turistico-do-nordeste-brasileiro-em-roadshow-inedito-na-europa\/#article","isPartOf":{"@id":"https:\/\/bahiaeconomica.com.br\/wp\/2025\/03\/28\/embratur-e-consorcio-nordeste-apresentam-potencial-turistico-do-nordeste-brasileiro-em-roadshow-inedito-na-europa\/"},"author":{"name":"VICTORIA ISABEL","@id":"https:\/\/bahiaeconomica.com.br\/wp\/#\/schema\/person\/b719ce0fb1c09f3c7a00d9243ced4a6f"},"headline":"EMBRATUR E CONS\u00d3RCIO NORDESTE APRESENTAM POTENCIAL TUR\u00cdSTICO DO NORDESTE BRASILEIRO EM ROADSHOW IN\u00c9DITO NA EUROPA","datePublished":"2025-03-28T22:30:02+00:00","dateModified":"2025-04-20T14:48:58+00:00","mainEntityOfPage":{"@id":"https:\/\/bahiaeconomica.com.br\/wp\/2025\/03\/28\/embratur-e-consorcio-nordeste-apresentam-potencial-turistico-do-nordeste-brasileiro-em-roadshow-inedito-na-europa\/"},"wordCount":781,"publisher":{"@id":"https:\/\/bahiaeconomica.com.br\/wp\/#organization"},"keywords":["mercado internacional","REGI\u00c3O NORDESTE"],"articleSection":["ECONOMIA \/ POL\u00cdTICA","NORDESTE INVEST"],"inLanguage":"pt-BR"},{"@type":"WebPage","@id":"https:\/\/bahiaeconomica.com.br\/wp\/2025\/03\/28\/embratur-e-consorcio-nordeste-apresentam-potencial-turistico-do-nordeste-brasileiro-em-roadshow-inedito-na-europa\/","url":"https:\/\/bahiaeconomica.com.br\/wp\/2025\/03\/28\/embratur-e-consorcio-nordeste-apresentam-potencial-turistico-do-nordeste-brasileiro-em-roadshow-inedito-na-europa\/","name":"EMBRATUR E CONS\u00d3RCIO NORDESTE APRESENTAM POTENCIAL TUR\u00cdSTICO DO NORDESTE BRASILEIRO EM ROADSHOW IN\u00c9DITO NA EUROPA - Bahia Economica","isPartOf":{"@id":"https:\/\/bahiaeconomica.com.br\/wp\/#website"},"datePublished":"2025-03-28T22:30:02+00:00","dateModified":"2025-04-20T14:48:58+00:00","description":"O maior portal de Economia da Bahia ECONOMIA \/ POL\u00cdTICA, NORDESTE INVEST Bahia Economica Pela primeira vez, o Brasil apresenta o posicionamento estrat\u00e9gico","breadcrumb":{"@id":"https:\/\/bahiaeconomica.com.br\/wp\/2025\/03\/28\/embratur-e-consorcio-nordeste-apresentam-potencial-turistico-do-nordeste-brasileiro-em-roadshow-inedito-na-europa\/#breadcrumb"},"inLanguage":"pt-BR","potentialAction":[{"@type":"ReadAction","target":["https:\/\/bahiaeconomica.com.br\/wp\/2025\/03\/28\/embratur-e-consorcio-nordeste-apresentam-potencial-turistico-do-nordeste-brasileiro-em-roadshow-inedito-na-europa\/"]}]},{"@type":"BreadcrumbList","@id":"https:\/\/bahiaeconomica.com.br\/wp\/2025\/03\/28\/embratur-e-consorcio-nordeste-apresentam-potencial-turistico-do-nordeste-brasileiro-em-roadshow-inedito-na-europa\/#breadcrumb","itemListElement":[{"@type":"ListItem","position":1,"name":"In\u00edcio","item":"https:\/\/bahiaeconomica.com.br\/wp\/"},{"@type":"ListItem","position":2,"name":"EMBRATUR E CONS\u00d3RCIO NORDESTE APRESENTAM POTENCIAL TUR\u00cdSTICO DO NORDESTE BRASILEIRO EM ROADSHOW IN\u00c9DITO NA EUROPA"}]},{"@type":"WebSite","@id":"https:\/\/bahiaeconomica.com.br\/wp\/#website","url":"https:\/\/bahiaeconomica.com.br\/wp\/","name":"Bahia Economica","description":"O maior portal de Economia da Bahia","publisher":{"@id":"https:\/\/bahiaeconomica.com.br\/wp\/#organization"},"potentialAction":[{"@type":"SearchAction","target":{"@type":"EntryPoint","urlTemplate":"https:\/\/bahiaeconomica.com.br\/wp\/?s={search_term_string}"},"query-input":"required name=search_term_string"}],"inLanguage":"pt-BR"},{"@type":"Organization","@id":"https:\/\/bahiaeconomica.com.br\/wp\/#organization","name":"Bahia Econ\u00f4mica","url":"https:\/\/bahiaeconomica.com.br\/wp\/","logo":{"@type":"ImageObject","inLanguage":"pt-BR","@id":"https:\/\/bahiaeconomica.com.br\/wp\/#\/schema\/logo\/image\/","url":"https:\/\/bahiaeconomica.com.br\/wp\/wp-content\/uploads\/2020\/12\/cropped-BE.png","contentUrl":"https:\/\/bahiaeconomica.com.br\/wp\/wp-content\/uploads\/2020\/12\/cropped-BE.png","width":512,"height":512,"caption":"Bahia Econ\u00f4mica"},"image":{"@id":"https:\/\/bahiaeconomica.com.br\/wp\/#\/schema\/logo\/image\/"},"sameAs":["https:\/\/www.facebook.com\/bahiaeconomica"]},{"@type":"Person","@id":"https:\/\/bahiaeconomica.com.br\/wp\/#\/schema\/person\/b719ce0fb1c09f3c7a00d9243ced4a6f","name":"VICTORIA ISABEL","sameAs":["http:\/\/www.bahiaeconomica.com.br"],"url":"https:\/\/bahiaeconomica.com.br\/wp\/author\/victoria-isabel\/"}]}},"views":21,"_links":{"self":[{"href":"https:\/\/bahiaeconomica.com.br\/wp\/wp-json\/wp\/v2\/posts\/891451"}],"collection":[{"href":"https:\/\/bahiaeconomica.com.br\/wp\/wp-json\/wp\/v2\/posts"}],"about":[{"href":"https:\/\/bahiaeconomica.com.br\/wp\/wp-json\/wp\/v2\/types\/post"}],"author":[{"embeddable":true,"href":"https:\/\/bahiaeconomica.com.br\/wp\/wp-json\/wp\/v2\/users\/15"}],"replies":[{"embeddable":true,"href":"https:\/\/bahiaeconomica.com.br\/wp\/wp-json\/wp\/v2\/comments?post=891451"}],"version-history":[{"count":1,"href":"https:\/\/bahiaeconomica.com.br\/wp\/wp-json\/wp\/v2\/posts\/891451\/revisions"}],"predecessor-version":[{"id":891457,"href":"https:\/\/bahiaeconomica.com.br\/wp\/wp-json\/wp\/v2\/posts\/891451\/revisions\/891457"}],"wp:featuredmedia":[{"embeddable":true,"href":"https:\/\/bahiaeconomica.com.br\/wp\/wp-json\/wp\/v2\/media\/891456"}],"wp:attachment":[{"href":"https:\/\/bahiaeconomica.com.br\/wp\/wp-json\/wp\/v2\/media?parent=891451"}],"wp:term":[{"taxonomy":"category","embeddable":true,"href":"https:\/\/bahiaeconomica.com.br\/wp\/wp-json\/wp\/v2\/categories?post=891451"},{"taxonomy":"post_tag","embeddable":true,"href":"https:\/\/bahiaeconomica.com.br\/wp\/wp-json\/wp\/v2\/tags?post=891451"}],"curies":[{"name":"wp","href":"https:\/\/api.w.org\/{rel}","templated":true}]}}