{"id":891301,"date":"2025-03-28T14:25:17","date_gmt":"2025-03-28T17:25:17","guid":{"rendered":"https:\/\/bahiaeconomica.com.br\/wp\/?p=891301"},"modified":"2025-03-28T14:38:18","modified_gmt":"2025-03-28T17:38:18","slug":"bom-julgar-este-ano-diz-barroso-sobre-denuncia-de-golpe-de-estado","status":"publish","type":"post","link":"https:\/\/bahiaeconomica.com.br\/wp\/2025\/03\/28\/bom-julgar-este-ano-diz-barroso-sobre-denuncia-de-golpe-de-estado\/","title":{"rendered":"\u201cBOM JULGAR ESTE ANO\u201d, DIZ BARROSO SOBRE DEN\u00daNCIA DE GOLPE DE ESTADO"},"content":{"rendered":"<p>O ministro Lu\u00eds Roberto Barroso, presidente do Supremo Tribunal Federal (STF), disse nesta sexta-feira (28) ser melhor realizar ainda neste ano o julgamento do processo de tentativa de golpe liderada ex-presidente Jair Bolsonaro, de modo a evitar que a an\u00e1lise do caso seja feita em 2026, ano de elei\u00e7\u00e3o presidencial.<\/p>\n<p>\u201cSeria bom julgar este ano para evitar o ano eleitoral\u201d, afirmou Barroso. Ele ressalvou, contudo, que tudo depender\u00e1 do andamento regular do processo, em que devem ser garantidos os direitos inerentes a cada parte.<\/p>\n<p>\u201cO devido processo legal vem \u00e0 frente do ano eleitoral. Portanto, vai depender da tramita\u00e7\u00e3o\u201d, salientou o presidente do Supremo.<\/p>\n<p>Nesta semana, a Primeira Turma do Supremo aceitou a parte da den\u00fancia apresentada pela Procuradoria-Geral da Rep\u00fablica (PGR) contra Bolsonaro e mais sete aliados, apontados como n\u00facleo duro de uma tentativa fracassada de golpe de Estado e aboli\u00e7\u00e3o violenta do Estado Democr\u00e1tico de Direito.<\/p>\n<p>Ap\u00f3s proferir uma aula inaugural na Universidade do Estado do Rio de Janeiro (Uerj), Barroso foi questionado sobre a previs\u00e3o para conclus\u00e3o do caso. &#8220;Eu tenho dificuldade de prever [quando ser\u00e1 o julgamento], porque, recebida a den\u00fancia, v\u00e3o ser requeridas as provas. Portanto, depende do n\u00famero de testemunhas que cada r\u00e9u vai indicar, depende se eles v\u00e3o pedir prova pericial que demande mais tempo\u201d, respondeu o presidente do Supremo.<\/p>\n<p>Ap\u00f3s o recebimento da den\u00fancia, Bolsonaro disse que o querem julgar rapidamente para evitar que ele \u201cchegue livre \u00e0s elei\u00e7\u00f5es de 2026\u201d. O ex-presidente segue se apresentando como candidato na pr\u00f3xima corrida presidencial, apesar de estar ineleg\u00edvel desde 2023, quando o Tribunal Superior Eleitoral (TSE) o condenou por abuso de poder pol\u00edtico.<\/p>\n<p><strong>Entenda<\/strong><br \/>\nAo todo, 34 pessoas foram denunciadas no m\u00eas passado pelo procurador-geral da Rep\u00fablica, Paulo Gonet, pelos crimes de golpe de Estado; tentativa de abolir o Estado Democr\u00e1tico de Direito; organiza\u00e7\u00e3o criminosa armada; dano qualificado pelo emprego de viol\u00eancia e grave amea\u00e7a; e deteriora\u00e7\u00e3o de patrim\u00f4nio tombado. Somadas as penas ultrapassam os 30 anos de cadeia.<\/p>\n<p>O presidente do Supremo, contudo, n\u00e3o participa do julgamento sobre o golpe, pois o caso tramita na Primeira Turma, colegiado composto por cinco dos 11 ministros da Corte &#8211; Alexandre de Moraes, Fl\u00e1vio Dino, Luiz Fux, C\u00e1rmen L\u00facia e Cristiano Zanin.<\/p>\n<p>Ao votar um pedido das defesas, os ministros da Primeira Turma decidiram, por unanimidade, que cabe ao colegiado e n\u00e3o ao plen\u00e1rio do Supremo o processamento do caso, conforme determina o Regimento Interno da Corte, apontaram.<\/p>\n<p>Segundo a den\u00fancia do PGR, os atos golpistas foram coordenados durante anos, come\u00e7ando em meados de 2021, com o in\u00edcio de um ataque deliberado \u00e0s urnas eletr\u00f4nicas e ao sistema eleitoral, e culminando com o 8 de janeiro de 2023, quando apoiadores de Bolsonaro invadiram e depredaram as sedes dos Tr\u00eas Poderes, em Bras\u00edlia.<\/p>\n<p><strong>Tamanho das penas<\/strong><br \/>\nBarroso tamb\u00e9m foi questionado por jornalistas a respeito do c\u00e1lculo das penas impostas aos participantes dos atos golpistas de 8 de janeiro, criticadas como excessivas. Ele disse que as puni\u00e7\u00f5es s\u00e3o previstas na legisla\u00e7\u00e3o e necess\u00e1rias para que os crimes praticados n\u00e3o voltem a acontecer.<\/p>\n<p>&#8220;Foram muitos crimes e, mesmo aplicando a pena m\u00ednima, resulta em uma pena elevada\u201d, afirmou Barroso.<\/p>\n<p>\u201cQuando os epis\u00f3dios acontecem, as pessoas t\u00eam uma indigna\u00e7\u00e3o profunda. Depois, na medida em que o tempo passa, elas v\u00e3o ficando com pena. Por\u00e9m, a n\u00e3o puni\u00e7\u00e3o desse epis\u00f3dio pode fazer parecer que, na pr\u00f3xima elei\u00e7\u00e3o, quem n\u00e3o estiver satisfeito pode pregar a derrubada do governo eleito e invadir pr\u00e9dios p\u00fablicos. N\u00e3o \u00e9 bom para a democracia, nem para o futuro do pa\u00eds, que prevale\u00e7a esse tipo de vis\u00e3o&#8221;, concluiu o presidente do Supremo.<\/p>\n<p>Foto: Marcelo Camargo\/Ag\u00eancia Brasil<\/p>\n","protected":false},"excerpt":{"rendered":"<p>O ministro Lu\u00eds Roberto Barroso, presidente do Supremo Tribunal Federal (STF), disse nesta sexta-feira (28) ser melhor realizar ainda neste ano o julgamento do processo de tentativa de golpe liderada ex-presidente Jair Bolsonaro, de modo a evitar que a an\u00e1lise do caso seja feita em 2026, ano de elei\u00e7\u00e3o presidencial. \u201cSeria bom julgar este ano [&hellip;]<\/p>\n","protected":false},"author":15,"featured_media":891304,"comment_status":"closed","ping_status":"closed","sticky":false,"template":"","format":"standard","meta":[],"categories":[14601],"tags":[95,1818,8124],"acf":[],"yoast_head":"<!-- This site is optimized with the Yoast SEO plugin v20.8 - https:\/\/yoast.com\/wordpress\/plugins\/seo\/ -->\n<title>\u201cBOM JULGAR ESTE ANO\u201d, DIZ BARROSO SOBRE DEN\u00daNCIA DE GOLPE DE ESTADO - Bahia Economica<\/title>\n<meta name=\"description\" content=\"O maior portal de Economia da Bahia Pol\u00edtica Bahia Economica O ministro Lu\u00eds Roberto Barroso, presidente do Supremo Tribunal Federal (STF),\" \/>\n<meta name=\"robots\" content=\"index, follow, max-snippet:-1, max-image-preview:large, max-video-preview:-1\" \/>\n<link rel=\"canonical\" href=\"https:\/\/bahiaeconomica.com.br\/wp\/2025\/03\/28\/bom-julgar-este-ano-diz-barroso-sobre-denuncia-de-golpe-de-estado\/\" \/>\n<meta property=\"og:locale\" content=\"pt_BR\" \/>\n<meta property=\"og:type\" content=\"article\" \/>\n<meta property=\"og:title\" content=\"\u201cBOM JULGAR ESTE ANO\u201d, DIZ BARROSO SOBRE DEN\u00daNCIA DE GOLPE DE ESTADO - Bahia Economica\" \/>\n<meta property=\"og:description\" content=\"O maior portal de Economia da Bahia Pol\u00edtica Bahia Economica O ministro Lu\u00eds Roberto Barroso, presidente do Supremo Tribunal Federal (STF),\" \/>\n<meta property=\"og:url\" content=\"https:\/\/bahiaeconomica.com.br\/wp\/2025\/03\/28\/bom-julgar-este-ano-diz-barroso-sobre-denuncia-de-golpe-de-estado\/\" \/>\n<meta property=\"og:site_name\" content=\"Bahia Economica\" \/>\n<meta property=\"article:publisher\" content=\"https:\/\/www.facebook.com\/bahiaeconomica\" \/>\n<meta property=\"article:published_time\" content=\"2025-03-28T17:25:17+00:00\" \/>\n<meta property=\"article:modified_time\" content=\"2025-03-28T17:38:18+00:00\" \/>\n<meta property=\"og:image\" content=\"https:\/\/bahiaeconomica.com.br\/wp\/wp-content\/uploads\/2025\/03\/posse-tcu_mcamgo_abr_11122024-3.webp\" \/>\n\t<meta property=\"og:image:width\" content=\"1170\" \/>\n\t<meta property=\"og:image:height\" content=\"700\" \/>\n\t<meta property=\"og:image:type\" content=\"image\/webp\" \/>\n<meta name=\"author\" content=\"VICTORIA ISABEL\" \/>\n<meta name=\"twitter:card\" content=\"summary_large_image\" \/>\n<meta name=\"twitter:label1\" content=\"Escrito por\" \/>\n\t<meta name=\"twitter:data1\" content=\"VICTORIA ISABEL\" \/>\n\t<meta name=\"twitter:label2\" content=\"Est. tempo de leitura\" \/>\n\t<meta name=\"twitter:data2\" content=\"4 minutos\" \/>\n<script type=\"application\/ld+json\" class=\"yoast-schema-graph\">{\"@context\":\"https:\/\/schema.org\",\"@graph\":[{\"@type\":\"Article\",\"@id\":\"https:\/\/bahiaeconomica.com.br\/wp\/2025\/03\/28\/bom-julgar-este-ano-diz-barroso-sobre-denuncia-de-golpe-de-estado\/#article\",\"isPartOf\":{\"@id\":\"https:\/\/bahiaeconomica.com.br\/wp\/2025\/03\/28\/bom-julgar-este-ano-diz-barroso-sobre-denuncia-de-golpe-de-estado\/\"},\"author\":{\"name\":\"VICTORIA ISABEL\",\"@id\":\"https:\/\/bahiaeconomica.com.br\/wp\/#\/schema\/person\/b719ce0fb1c09f3c7a00d9243ced4a6f\"},\"headline\":\"\u201cBOM JULGAR ESTE ANO\u201d, DIZ BARROSO SOBRE DEN\u00daNCIA DE GOLPE DE ESTADO\",\"datePublished\":\"2025-03-28T17:25:17+00:00\",\"dateModified\":\"2025-03-28T17:38:18+00:00\",\"mainEntityOfPage\":{\"@id\":\"https:\/\/bahiaeconomica.com.br\/wp\/2025\/03\/28\/bom-julgar-este-ano-diz-barroso-sobre-denuncia-de-golpe-de-estado\/\"},\"wordCount\":668,\"publisher\":{\"@id\":\"https:\/\/bahiaeconomica.com.br\/wp\/#organization\"},\"keywords\":[\"Bolsonaro\",\"julgamento\",\"Supremo Tribunal Federal\"],\"articleSection\":[\"Pol\u00edtica\"],\"inLanguage\":\"pt-BR\"},{\"@type\":\"WebPage\",\"@id\":\"https:\/\/bahiaeconomica.com.br\/wp\/2025\/03\/28\/bom-julgar-este-ano-diz-barroso-sobre-denuncia-de-golpe-de-estado\/\",\"url\":\"https:\/\/bahiaeconomica.com.br\/wp\/2025\/03\/28\/bom-julgar-este-ano-diz-barroso-sobre-denuncia-de-golpe-de-estado\/\",\"name\":\"\u201cBOM JULGAR ESTE ANO\u201d, DIZ BARROSO SOBRE DEN\u00daNCIA DE GOLPE DE ESTADO - Bahia Economica\",\"isPartOf\":{\"@id\":\"https:\/\/bahiaeconomica.com.br\/wp\/#website\"},\"datePublished\":\"2025-03-28T17:25:17+00:00\",\"dateModified\":\"2025-03-28T17:38:18+00:00\",\"description\":\"O maior portal de Economia da Bahia Pol\u00edtica Bahia Economica O ministro Lu\u00eds Roberto Barroso, presidente do Supremo Tribunal Federal (STF),\",\"breadcrumb\":{\"@id\":\"https:\/\/bahiaeconomica.com.br\/wp\/2025\/03\/28\/bom-julgar-este-ano-diz-barroso-sobre-denuncia-de-golpe-de-estado\/#breadcrumb\"},\"inLanguage\":\"pt-BR\",\"potentialAction\":[{\"@type\":\"ReadAction\",\"target\":[\"https:\/\/bahiaeconomica.com.br\/wp\/2025\/03\/28\/bom-julgar-este-ano-diz-barroso-sobre-denuncia-de-golpe-de-estado\/\"]}]},{\"@type\":\"BreadcrumbList\",\"@id\":\"https:\/\/bahiaeconomica.com.br\/wp\/2025\/03\/28\/bom-julgar-este-ano-diz-barroso-sobre-denuncia-de-golpe-de-estado\/#breadcrumb\",\"itemListElement\":[{\"@type\":\"ListItem\",\"position\":1,\"name\":\"In\u00edcio\",\"item\":\"https:\/\/bahiaeconomica.com.br\/wp\/\"},{\"@type\":\"ListItem\",\"position\":2,\"name\":\"\u201cBOM JULGAR ESTE ANO\u201d, DIZ BARROSO SOBRE DEN\u00daNCIA DE GOLPE DE ESTADO\"}]},{\"@type\":\"WebSite\",\"@id\":\"https:\/\/bahiaeconomica.com.br\/wp\/#website\",\"url\":\"https:\/\/bahiaeconomica.com.br\/wp\/\",\"name\":\"Bahia Economica\",\"description\":\"O maior portal de Economia da Bahia\",\"publisher\":{\"@id\":\"https:\/\/bahiaeconomica.com.br\/wp\/#organization\"},\"potentialAction\":[{\"@type\":\"SearchAction\",\"target\":{\"@type\":\"EntryPoint\",\"urlTemplate\":\"https:\/\/bahiaeconomica.com.br\/wp\/?s={search_term_string}\"},\"query-input\":\"required name=search_term_string\"}],\"inLanguage\":\"pt-BR\"},{\"@type\":\"Organization\",\"@id\":\"https:\/\/bahiaeconomica.com.br\/wp\/#organization\",\"name\":\"Bahia Econ\u00f4mica\",\"url\":\"https:\/\/bahiaeconomica.com.br\/wp\/\",\"logo\":{\"@type\":\"ImageObject\",\"inLanguage\":\"pt-BR\",\"@id\":\"https:\/\/bahiaeconomica.com.br\/wp\/#\/schema\/logo\/image\/\",\"url\":\"https:\/\/bahiaeconomica.com.br\/wp\/wp-content\/uploads\/2020\/12\/cropped-BE.png\",\"contentUrl\":\"https:\/\/bahiaeconomica.com.br\/wp\/wp-content\/uploads\/2020\/12\/cropped-BE.png\",\"width\":512,\"height\":512,\"caption\":\"Bahia Econ\u00f4mica\"},\"image\":{\"@id\":\"https:\/\/bahiaeconomica.com.br\/wp\/#\/schema\/logo\/image\/\"},\"sameAs\":[\"https:\/\/www.facebook.com\/bahiaeconomica\"]},{\"@type\":\"Person\",\"@id\":\"https:\/\/bahiaeconomica.com.br\/wp\/#\/schema\/person\/b719ce0fb1c09f3c7a00d9243ced4a6f\",\"name\":\"VICTORIA ISABEL\",\"sameAs\":[\"http:\/\/www.bahiaeconomica.com.br\"],\"url\":\"https:\/\/bahiaeconomica.com.br\/wp\/author\/victoria-isabel\/\"}]}<\/script>\n<!-- \/ Yoast SEO plugin. -->","yoast_head_json":{"title":"\u201cBOM JULGAR ESTE ANO\u201d, DIZ BARROSO SOBRE DEN\u00daNCIA DE GOLPE DE ESTADO - Bahia Economica","description":"O maior portal de Economia da Bahia Pol\u00edtica Bahia Economica O ministro Lu\u00eds Roberto Barroso, presidente do Supremo Tribunal Federal (STF),","robots":{"index":"index","follow":"follow","max-snippet":"max-snippet:-1","max-image-preview":"max-image-preview:large","max-video-preview":"max-video-preview:-1"},"canonical":"https:\/\/bahiaeconomica.com.br\/wp\/2025\/03\/28\/bom-julgar-este-ano-diz-barroso-sobre-denuncia-de-golpe-de-estado\/","og_locale":"pt_BR","og_type":"article","og_title":"\u201cBOM JULGAR ESTE ANO\u201d, DIZ BARROSO SOBRE DEN\u00daNCIA DE GOLPE DE ESTADO - Bahia Economica","og_description":"O maior portal de Economia da Bahia Pol\u00edtica Bahia Economica O ministro Lu\u00eds Roberto Barroso, presidente do Supremo Tribunal Federal (STF),","og_url":"https:\/\/bahiaeconomica.com.br\/wp\/2025\/03\/28\/bom-julgar-este-ano-diz-barroso-sobre-denuncia-de-golpe-de-estado\/","og_site_name":"Bahia Economica","article_publisher":"https:\/\/www.facebook.com\/bahiaeconomica","article_published_time":"2025-03-28T17:25:17+00:00","article_modified_time":"2025-03-28T17:38:18+00:00","og_image":[{"width":1170,"height":700,"url":"https:\/\/bahiaeconomica.com.br\/wp\/wp-content\/uploads\/2025\/03\/posse-tcu_mcamgo_abr_11122024-3.webp","type":"image\/webp"}],"author":"VICTORIA ISABEL","twitter_card":"summary_large_image","twitter_misc":{"Escrito por":"VICTORIA ISABEL","Est. tempo de leitura":"4 minutos"},"schema":{"@context":"https:\/\/schema.org","@graph":[{"@type":"Article","@id":"https:\/\/bahiaeconomica.com.br\/wp\/2025\/03\/28\/bom-julgar-este-ano-diz-barroso-sobre-denuncia-de-golpe-de-estado\/#article","isPartOf":{"@id":"https:\/\/bahiaeconomica.com.br\/wp\/2025\/03\/28\/bom-julgar-este-ano-diz-barroso-sobre-denuncia-de-golpe-de-estado\/"},"author":{"name":"VICTORIA ISABEL","@id":"https:\/\/bahiaeconomica.com.br\/wp\/#\/schema\/person\/b719ce0fb1c09f3c7a00d9243ced4a6f"},"headline":"\u201cBOM JULGAR ESTE ANO\u201d, DIZ BARROSO SOBRE DEN\u00daNCIA DE GOLPE DE ESTADO","datePublished":"2025-03-28T17:25:17+00:00","dateModified":"2025-03-28T17:38:18+00:00","mainEntityOfPage":{"@id":"https:\/\/bahiaeconomica.com.br\/wp\/2025\/03\/28\/bom-julgar-este-ano-diz-barroso-sobre-denuncia-de-golpe-de-estado\/"},"wordCount":668,"publisher":{"@id":"https:\/\/bahiaeconomica.com.br\/wp\/#organization"},"keywords":["Bolsonaro","julgamento","Supremo Tribunal Federal"],"articleSection":["Pol\u00edtica"],"inLanguage":"pt-BR"},{"@type":"WebPage","@id":"https:\/\/bahiaeconomica.com.br\/wp\/2025\/03\/28\/bom-julgar-este-ano-diz-barroso-sobre-denuncia-de-golpe-de-estado\/","url":"https:\/\/bahiaeconomica.com.br\/wp\/2025\/03\/28\/bom-julgar-este-ano-diz-barroso-sobre-denuncia-de-golpe-de-estado\/","name":"\u201cBOM JULGAR ESTE ANO\u201d, DIZ BARROSO SOBRE DEN\u00daNCIA DE GOLPE DE ESTADO - Bahia Economica","isPartOf":{"@id":"https:\/\/bahiaeconomica.com.br\/wp\/#website"},"datePublished":"2025-03-28T17:25:17+00:00","dateModified":"2025-03-28T17:38:18+00:00","description":"O maior portal de Economia da Bahia Pol\u00edtica Bahia Economica O ministro Lu\u00eds Roberto Barroso, presidente do Supremo Tribunal Federal (STF),","breadcrumb":{"@id":"https:\/\/bahiaeconomica.com.br\/wp\/2025\/03\/28\/bom-julgar-este-ano-diz-barroso-sobre-denuncia-de-golpe-de-estado\/#breadcrumb"},"inLanguage":"pt-BR","potentialAction":[{"@type":"ReadAction","target":["https:\/\/bahiaeconomica.com.br\/wp\/2025\/03\/28\/bom-julgar-este-ano-diz-barroso-sobre-denuncia-de-golpe-de-estado\/"]}]},{"@type":"BreadcrumbList","@id":"https:\/\/bahiaeconomica.com.br\/wp\/2025\/03\/28\/bom-julgar-este-ano-diz-barroso-sobre-denuncia-de-golpe-de-estado\/#breadcrumb","itemListElement":[{"@type":"ListItem","position":1,"name":"In\u00edcio","item":"https:\/\/bahiaeconomica.com.br\/wp\/"},{"@type":"ListItem","position":2,"name":"\u201cBOM JULGAR ESTE ANO\u201d, DIZ BARROSO SOBRE DEN\u00daNCIA DE GOLPE DE ESTADO"}]},{"@type":"WebSite","@id":"https:\/\/bahiaeconomica.com.br\/wp\/#website","url":"https:\/\/bahiaeconomica.com.br\/wp\/","name":"Bahia Economica","description":"O maior portal de Economia da Bahia","publisher":{"@id":"https:\/\/bahiaeconomica.com.br\/wp\/#organization"},"potentialAction":[{"@type":"SearchAction","target":{"@type":"EntryPoint","urlTemplate":"https:\/\/bahiaeconomica.com.br\/wp\/?s={search_term_string}"},"query-input":"required name=search_term_string"}],"inLanguage":"pt-BR"},{"@type":"Organization","@id":"https:\/\/bahiaeconomica.com.br\/wp\/#organization","name":"Bahia Econ\u00f4mica","url":"https:\/\/bahiaeconomica.com.br\/wp\/","logo":{"@type":"ImageObject","inLanguage":"pt-BR","@id":"https:\/\/bahiaeconomica.com.br\/wp\/#\/schema\/logo\/image\/","url":"https:\/\/bahiaeconomica.com.br\/wp\/wp-content\/uploads\/2020\/12\/cropped-BE.png","contentUrl":"https:\/\/bahiaeconomica.com.br\/wp\/wp-content\/uploads\/2020\/12\/cropped-BE.png","width":512,"height":512,"caption":"Bahia Econ\u00f4mica"},"image":{"@id":"https:\/\/bahiaeconomica.com.br\/wp\/#\/schema\/logo\/image\/"},"sameAs":["https:\/\/www.facebook.com\/bahiaeconomica"]},{"@type":"Person","@id":"https:\/\/bahiaeconomica.com.br\/wp\/#\/schema\/person\/b719ce0fb1c09f3c7a00d9243ced4a6f","name":"VICTORIA ISABEL","sameAs":["http:\/\/www.bahiaeconomica.com.br"],"url":"https:\/\/bahiaeconomica.com.br\/wp\/author\/victoria-isabel\/"}]}},"views":3,"_links":{"self":[{"href":"https:\/\/bahiaeconomica.com.br\/wp\/wp-json\/wp\/v2\/posts\/891301"}],"collection":[{"href":"https:\/\/bahiaeconomica.com.br\/wp\/wp-json\/wp\/v2\/posts"}],"about":[{"href":"https:\/\/bahiaeconomica.com.br\/wp\/wp-json\/wp\/v2\/types\/post"}],"author":[{"embeddable":true,"href":"https:\/\/bahiaeconomica.com.br\/wp\/wp-json\/wp\/v2\/users\/15"}],"replies":[{"embeddable":true,"href":"https:\/\/bahiaeconomica.com.br\/wp\/wp-json\/wp\/v2\/comments?post=891301"}],"version-history":[{"count":1,"href":"https:\/\/bahiaeconomica.com.br\/wp\/wp-json\/wp\/v2\/posts\/891301\/revisions"}],"predecessor-version":[{"id":891305,"href":"https:\/\/bahiaeconomica.com.br\/wp\/wp-json\/wp\/v2\/posts\/891301\/revisions\/891305"}],"wp:featuredmedia":[{"embeddable":true,"href":"https:\/\/bahiaeconomica.com.br\/wp\/wp-json\/wp\/v2\/media\/891304"}],"wp:attachment":[{"href":"https:\/\/bahiaeconomica.com.br\/wp\/wp-json\/wp\/v2\/media?parent=891301"}],"wp:term":[{"taxonomy":"category","embeddable":true,"href":"https:\/\/bahiaeconomica.com.br\/wp\/wp-json\/wp\/v2\/categories?post=891301"},{"taxonomy":"post_tag","embeddable":true,"href":"https:\/\/bahiaeconomica.com.br\/wp\/wp-json\/wp\/v2\/tags?post=891301"}],"curies":[{"name":"wp","href":"https:\/\/api.w.org\/{rel}","templated":true}]}}