{"id":890913,"date":"2025-03-27T12:58:20","date_gmt":"2025-03-27T15:58:20","guid":{"rendered":"https:\/\/bahiaeconomica.com.br\/wp\/?p=890913"},"modified":"2025-03-27T12:48:41","modified_gmt":"2025-03-27T15:48:41","slug":"ipva-com-desconto-de-8-termina-nesta-sexta-28","status":"publish","type":"post","link":"https:\/\/bahiaeconomica.com.br\/wp\/2025\/03\/27\/ipva-com-desconto-de-8-termina-nesta-sexta-28\/","title":{"rendered":"IPVA COM DESCONTO DE 8% TERMINA NESTA SEXTA (28)"},"content":{"rendered":"<p>Termina nesta sexta-feira (28) o prazo para os donos de autom\u00f3veis com placas de final 2 quitarem a cota \u00fanica do Imposto sobre Propriedade de Ve\u00edculos Automotores (IPVA) com desconto de 8%. O calend\u00e1rio completo est\u00e1 dispon\u00edvel no site da Secretaria da Fazenda do Estado (Sefaz-Ba), no endere\u00e7o www.sefaz.ba.gov.br, canal Inspetoria Eletr\u00f4nica. O pagamento do tributo pode ser feito via Pix, acessando o portal www.ba.gov.br. Para isso, basta entrar com usu\u00e1rio, senha e solicitar o servi\u00e7o \u201cPagar licenciamento cota \u00fanica \u2013 emiss\u00e3o do DAE\u201d. O pagamento tamb\u00e9m pode ser feito pelos canais das institui\u00e7\u00f5es parceiras da Sefaz-Ba: Banco do Brasil, Bradesco ou Bancoob.<\/p>\n<p>Existe ainda a op\u00e7\u00e3o de quitar o IPVA em cinco vezes. Para aderir ao parcelamento, o pagamento da primeira cota deve ser feito na mesma data do vencimento do desconto de 8%, isto \u00e9, 28 de mar\u00e7o para placa final 2. Caso o contribuinte prefira quitar o imposto em cota \u00fanica, sem desconto, o prazo para a placa 2 \u00e9 at\u00e9 31 de julho. Para mais informa\u00e7\u00f5es, o contribuinte pode utilizar o atendimento do Balc\u00e3o Virtual, dispon\u00edvel no site www.sefaz.ba.gov.br, enviar e-mail para faleconosco@sefaz.ba.gov.br ou ligar para o call center, no 0800 071 0071 (para liga\u00e7\u00f5es de telefone fixo) ou no 71 3319-2501 (para liga\u00e7\u00f5es de celular ou de telefone fixo).<\/p>\n<p>De acordo com o Departamento Estadual de Tr\u00e2nsito da Bahia (Detran-Ba), o contribuinte deve estar atento pois o licenciamento completo do ve\u00edculo engloba outros itens al\u00e9m do IPVA, ou seja, para o autom\u00f3vel estar regularizado \u00e9 necess\u00e1rio quitar tamb\u00e9m d\u00e9bitos do licenciamento anual e multas, se houver. O prazo para ficar em dia com a documenta\u00e7\u00e3o do ve\u00edculo termina na data do vencimento da quinta parcela do imposto.<\/p>\n<p>Imagem de\u00a0Cristhian Adame\u00a0por\u00a0Pixabay<\/p>\n","protected":false},"excerpt":{"rendered":"<p>Termina nesta sexta-feira (28) o prazo para os donos de autom\u00f3veis com placas de final 2 quitarem a cota \u00fanica do Imposto sobre Propriedade de Ve\u00edculos Automotores (IPVA) com desconto de 8%. O calend\u00e1rio completo est\u00e1 dispon\u00edvel no site da Secretaria da Fazenda do Estado (Sefaz-Ba), no endere\u00e7o www.sefaz.ba.gov.br, canal Inspetoria Eletr\u00f4nica. O pagamento do [&hellip;]<\/p>\n","protected":false},"author":8,"featured_media":890914,"comment_status":"closed","ping_status":"closed","sticky":false,"template":"","format":"standard","meta":[],"categories":[14,3],"tags":[85,472,100],"acf":[],"yoast_head":"<!-- This site is optimized with the Yoast SEO plugin v20.8 - https:\/\/yoast.com\/wordpress\/plugins\/seo\/ -->\n<title>IPVA COM DESCONTO DE 8% TERMINA NESTA SEXTA (28) - Bahia Economica<\/title>\n<meta name=\"description\" content=\"O maior portal de Economia da Bahia DESTAQUE DO DIA, ECONOMIA \/ POL\u00cdTICA Bahia Economica Termina nesta sexta-feira (28) o prazo para os donos de autom\u00f3veis com placas\" \/>\n<meta name=\"robots\" content=\"index, follow, max-snippet:-1, max-image-preview:large, max-video-preview:-1\" \/>\n<link rel=\"canonical\" href=\"https:\/\/bahiaeconomica.com.br\/wp\/2025\/03\/27\/ipva-com-desconto-de-8-termina-nesta-sexta-28\/\" \/>\n<meta property=\"og:locale\" content=\"pt_BR\" \/>\n<meta property=\"og:type\" content=\"article\" \/>\n<meta property=\"og:title\" content=\"IPVA COM DESCONTO DE 8% TERMINA NESTA SEXTA (28) - Bahia Economica\" \/>\n<meta property=\"og:description\" content=\"O maior portal de Economia da Bahia DESTAQUE DO DIA, ECONOMIA \/ POL\u00cdTICA Bahia Economica Termina nesta sexta-feira (28) o prazo para os donos de autom\u00f3veis com placas\" \/>\n<meta property=\"og:url\" content=\"https:\/\/bahiaeconomica.com.br\/wp\/2025\/03\/27\/ipva-com-desconto-de-8-termina-nesta-sexta-28\/\" \/>\n<meta property=\"og:site_name\" content=\"Bahia Economica\" \/>\n<meta property=\"article:publisher\" content=\"https:\/\/www.facebook.com\/bahiaeconomica\" \/>\n<meta property=\"article:published_time\" content=\"2025-03-27T15:58:20+00:00\" \/>\n<meta property=\"article:modified_time\" content=\"2025-03-27T15:48:41+00:00\" \/>\n<meta property=\"og:image\" content=\"https:\/\/bahiaeconomica.com.br\/wp\/wp-content\/uploads\/2025\/03\/city-7569067_1280.jpg\" \/>\n\t<meta property=\"og:image:width\" content=\"1280\" \/>\n\t<meta property=\"og:image:height\" content=\"852\" \/>\n\t<meta property=\"og:image:type\" content=\"image\/jpeg\" \/>\n<meta name=\"author\" content=\"JP\" \/>\n<meta name=\"twitter:card\" content=\"summary_large_image\" \/>\n<meta name=\"twitter:label1\" content=\"Escrito por\" \/>\n\t<meta name=\"twitter:data1\" content=\"JP\" \/>\n\t<meta name=\"twitter:label2\" content=\"Est. tempo de leitura\" \/>\n\t<meta name=\"twitter:data2\" content=\"2 minutos\" \/>\n<script type=\"application\/ld+json\" class=\"yoast-schema-graph\">{\"@context\":\"https:\/\/schema.org\",\"@graph\":[{\"@type\":\"Article\",\"@id\":\"https:\/\/bahiaeconomica.com.br\/wp\/2025\/03\/27\/ipva-com-desconto-de-8-termina-nesta-sexta-28\/#article\",\"isPartOf\":{\"@id\":\"https:\/\/bahiaeconomica.com.br\/wp\/2025\/03\/27\/ipva-com-desconto-de-8-termina-nesta-sexta-28\/\"},\"author\":{\"name\":\"JP\",\"@id\":\"https:\/\/bahiaeconomica.com.br\/wp\/#\/schema\/person\/c86d3a3f8960425a0f9d0e5245991f4e\"},\"headline\":\"IPVA COM DESCONTO DE 8% TERMINA NESTA SEXTA (28)\",\"datePublished\":\"2025-03-27T15:58:20+00:00\",\"dateModified\":\"2025-03-27T15:48:41+00:00\",\"mainEntityOfPage\":{\"@id\":\"https:\/\/bahiaeconomica.com.br\/wp\/2025\/03\/27\/ipva-com-desconto-de-8-termina-nesta-sexta-28\/\"},\"wordCount\":321,\"publisher\":{\"@id\":\"https:\/\/bahiaeconomica.com.br\/wp\/#organization\"},\"keywords\":[\"Bahia\",\"IPVA\",\"Pol\u00edtica\"],\"articleSection\":[\"DESTAQUE DO DIA\",\"ECONOMIA \/ POL\u00cdTICA\"],\"inLanguage\":\"pt-BR\"},{\"@type\":\"WebPage\",\"@id\":\"https:\/\/bahiaeconomica.com.br\/wp\/2025\/03\/27\/ipva-com-desconto-de-8-termina-nesta-sexta-28\/\",\"url\":\"https:\/\/bahiaeconomica.com.br\/wp\/2025\/03\/27\/ipva-com-desconto-de-8-termina-nesta-sexta-28\/\",\"name\":\"IPVA COM DESCONTO DE 8% TERMINA NESTA SEXTA (28) - Bahia Economica\",\"isPartOf\":{\"@id\":\"https:\/\/bahiaeconomica.com.br\/wp\/#website\"},\"datePublished\":\"2025-03-27T15:58:20+00:00\",\"dateModified\":\"2025-03-27T15:48:41+00:00\",\"description\":\"O maior portal de Economia da Bahia DESTAQUE DO DIA, ECONOMIA \/ POL\u00cdTICA Bahia Economica Termina nesta sexta-feira (28) o prazo para os donos de autom\u00f3veis com placas\",\"breadcrumb\":{\"@id\":\"https:\/\/bahiaeconomica.com.br\/wp\/2025\/03\/27\/ipva-com-desconto-de-8-termina-nesta-sexta-28\/#breadcrumb\"},\"inLanguage\":\"pt-BR\",\"potentialAction\":[{\"@type\":\"ReadAction\",\"target\":[\"https:\/\/bahiaeconomica.com.br\/wp\/2025\/03\/27\/ipva-com-desconto-de-8-termina-nesta-sexta-28\/\"]}]},{\"@type\":\"BreadcrumbList\",\"@id\":\"https:\/\/bahiaeconomica.com.br\/wp\/2025\/03\/27\/ipva-com-desconto-de-8-termina-nesta-sexta-28\/#breadcrumb\",\"itemListElement\":[{\"@type\":\"ListItem\",\"position\":1,\"name\":\"In\u00edcio\",\"item\":\"https:\/\/bahiaeconomica.com.br\/wp\/\"},{\"@type\":\"ListItem\",\"position\":2,\"name\":\"IPVA COM DESCONTO DE 8% TERMINA NESTA SEXTA (28)\"}]},{\"@type\":\"WebSite\",\"@id\":\"https:\/\/bahiaeconomica.com.br\/wp\/#website\",\"url\":\"https:\/\/bahiaeconomica.com.br\/wp\/\",\"name\":\"Bahia Economica\",\"description\":\"O maior portal de Economia da Bahia\",\"publisher\":{\"@id\":\"https:\/\/bahiaeconomica.com.br\/wp\/#organization\"},\"potentialAction\":[{\"@type\":\"SearchAction\",\"target\":{\"@type\":\"EntryPoint\",\"urlTemplate\":\"https:\/\/bahiaeconomica.com.br\/wp\/?s={search_term_string}\"},\"query-input\":\"required name=search_term_string\"}],\"inLanguage\":\"pt-BR\"},{\"@type\":\"Organization\",\"@id\":\"https:\/\/bahiaeconomica.com.br\/wp\/#organization\",\"name\":\"Bahia Econ\u00f4mica\",\"url\":\"https:\/\/bahiaeconomica.com.br\/wp\/\",\"logo\":{\"@type\":\"ImageObject\",\"inLanguage\":\"pt-BR\",\"@id\":\"https:\/\/bahiaeconomica.com.br\/wp\/#\/schema\/logo\/image\/\",\"url\":\"https:\/\/bahiaeconomica.com.br\/wp\/wp-content\/uploads\/2020\/12\/cropped-BE.png\",\"contentUrl\":\"https:\/\/bahiaeconomica.com.br\/wp\/wp-content\/uploads\/2020\/12\/cropped-BE.png\",\"width\":512,\"height\":512,\"caption\":\"Bahia Econ\u00f4mica\"},\"image\":{\"@id\":\"https:\/\/bahiaeconomica.com.br\/wp\/#\/schema\/logo\/image\/\"},\"sameAs\":[\"https:\/\/www.facebook.com\/bahiaeconomica\"]},{\"@type\":\"Person\",\"@id\":\"https:\/\/bahiaeconomica.com.br\/wp\/#\/schema\/person\/c86d3a3f8960425a0f9d0e5245991f4e\",\"name\":\"JP\",\"sameAs\":[\"https:\/\/bahiaeconomica.com.br\/wp\/beta\/\"],\"url\":\"https:\/\/bahiaeconomica.com.br\/wp\/author\/jp\/\"}]}<\/script>\n<!-- \/ Yoast SEO plugin. -->","yoast_head_json":{"title":"IPVA COM DESCONTO DE 8% TERMINA NESTA SEXTA (28) - Bahia Economica","description":"O maior portal de Economia da Bahia DESTAQUE DO DIA, ECONOMIA \/ POL\u00cdTICA Bahia Economica Termina nesta sexta-feira (28) o prazo para os donos de autom\u00f3veis com placas","robots":{"index":"index","follow":"follow","max-snippet":"max-snippet:-1","max-image-preview":"max-image-preview:large","max-video-preview":"max-video-preview:-1"},"canonical":"https:\/\/bahiaeconomica.com.br\/wp\/2025\/03\/27\/ipva-com-desconto-de-8-termina-nesta-sexta-28\/","og_locale":"pt_BR","og_type":"article","og_title":"IPVA COM DESCONTO DE 8% TERMINA NESTA SEXTA (28) - Bahia Economica","og_description":"O maior portal de Economia da Bahia DESTAQUE DO DIA, ECONOMIA \/ POL\u00cdTICA Bahia Economica Termina nesta sexta-feira (28) o prazo para os donos de autom\u00f3veis com placas","og_url":"https:\/\/bahiaeconomica.com.br\/wp\/2025\/03\/27\/ipva-com-desconto-de-8-termina-nesta-sexta-28\/","og_site_name":"Bahia Economica","article_publisher":"https:\/\/www.facebook.com\/bahiaeconomica","article_published_time":"2025-03-27T15:58:20+00:00","article_modified_time":"2025-03-27T15:48:41+00:00","og_image":[{"width":1280,"height":852,"url":"https:\/\/bahiaeconomica.com.br\/wp\/wp-content\/uploads\/2025\/03\/city-7569067_1280.jpg","type":"image\/jpeg"}],"author":"JP","twitter_card":"summary_large_image","twitter_misc":{"Escrito por":"JP","Est. tempo de leitura":"2 minutos"},"schema":{"@context":"https:\/\/schema.org","@graph":[{"@type":"Article","@id":"https:\/\/bahiaeconomica.com.br\/wp\/2025\/03\/27\/ipva-com-desconto-de-8-termina-nesta-sexta-28\/#article","isPartOf":{"@id":"https:\/\/bahiaeconomica.com.br\/wp\/2025\/03\/27\/ipva-com-desconto-de-8-termina-nesta-sexta-28\/"},"author":{"name":"JP","@id":"https:\/\/bahiaeconomica.com.br\/wp\/#\/schema\/person\/c86d3a3f8960425a0f9d0e5245991f4e"},"headline":"IPVA COM DESCONTO DE 8% TERMINA NESTA SEXTA (28)","datePublished":"2025-03-27T15:58:20+00:00","dateModified":"2025-03-27T15:48:41+00:00","mainEntityOfPage":{"@id":"https:\/\/bahiaeconomica.com.br\/wp\/2025\/03\/27\/ipva-com-desconto-de-8-termina-nesta-sexta-28\/"},"wordCount":321,"publisher":{"@id":"https:\/\/bahiaeconomica.com.br\/wp\/#organization"},"keywords":["Bahia","IPVA","Pol\u00edtica"],"articleSection":["DESTAQUE DO DIA","ECONOMIA \/ POL\u00cdTICA"],"inLanguage":"pt-BR"},{"@type":"WebPage","@id":"https:\/\/bahiaeconomica.com.br\/wp\/2025\/03\/27\/ipva-com-desconto-de-8-termina-nesta-sexta-28\/","url":"https:\/\/bahiaeconomica.com.br\/wp\/2025\/03\/27\/ipva-com-desconto-de-8-termina-nesta-sexta-28\/","name":"IPVA COM DESCONTO DE 8% TERMINA NESTA SEXTA (28) - Bahia Economica","isPartOf":{"@id":"https:\/\/bahiaeconomica.com.br\/wp\/#website"},"datePublished":"2025-03-27T15:58:20+00:00","dateModified":"2025-03-27T15:48:41+00:00","description":"O maior portal de Economia da Bahia DESTAQUE DO DIA, ECONOMIA \/ POL\u00cdTICA Bahia Economica Termina nesta sexta-feira (28) o prazo para os donos de autom\u00f3veis com placas","breadcrumb":{"@id":"https:\/\/bahiaeconomica.com.br\/wp\/2025\/03\/27\/ipva-com-desconto-de-8-termina-nesta-sexta-28\/#breadcrumb"},"inLanguage":"pt-BR","potentialAction":[{"@type":"ReadAction","target":["https:\/\/bahiaeconomica.com.br\/wp\/2025\/03\/27\/ipva-com-desconto-de-8-termina-nesta-sexta-28\/"]}]},{"@type":"BreadcrumbList","@id":"https:\/\/bahiaeconomica.com.br\/wp\/2025\/03\/27\/ipva-com-desconto-de-8-termina-nesta-sexta-28\/#breadcrumb","itemListElement":[{"@type":"ListItem","position":1,"name":"In\u00edcio","item":"https:\/\/bahiaeconomica.com.br\/wp\/"},{"@type":"ListItem","position":2,"name":"IPVA COM DESCONTO DE 8% TERMINA NESTA SEXTA (28)"}]},{"@type":"WebSite","@id":"https:\/\/bahiaeconomica.com.br\/wp\/#website","url":"https:\/\/bahiaeconomica.com.br\/wp\/","name":"Bahia Economica","description":"O maior portal de Economia da Bahia","publisher":{"@id":"https:\/\/bahiaeconomica.com.br\/wp\/#organization"},"potentialAction":[{"@type":"SearchAction","target":{"@type":"EntryPoint","urlTemplate":"https:\/\/bahiaeconomica.com.br\/wp\/?s={search_term_string}"},"query-input":"required name=search_term_string"}],"inLanguage":"pt-BR"},{"@type":"Organization","@id":"https:\/\/bahiaeconomica.com.br\/wp\/#organization","name":"Bahia Econ\u00f4mica","url":"https:\/\/bahiaeconomica.com.br\/wp\/","logo":{"@type":"ImageObject","inLanguage":"pt-BR","@id":"https:\/\/bahiaeconomica.com.br\/wp\/#\/schema\/logo\/image\/","url":"https:\/\/bahiaeconomica.com.br\/wp\/wp-content\/uploads\/2020\/12\/cropped-BE.png","contentUrl":"https:\/\/bahiaeconomica.com.br\/wp\/wp-content\/uploads\/2020\/12\/cropped-BE.png","width":512,"height":512,"caption":"Bahia Econ\u00f4mica"},"image":{"@id":"https:\/\/bahiaeconomica.com.br\/wp\/#\/schema\/logo\/image\/"},"sameAs":["https:\/\/www.facebook.com\/bahiaeconomica"]},{"@type":"Person","@id":"https:\/\/bahiaeconomica.com.br\/wp\/#\/schema\/person\/c86d3a3f8960425a0f9d0e5245991f4e","name":"JP","sameAs":["https:\/\/bahiaeconomica.com.br\/wp\/beta\/"],"url":"https:\/\/bahiaeconomica.com.br\/wp\/author\/jp\/"}]}},"views":8,"_links":{"self":[{"href":"https:\/\/bahiaeconomica.com.br\/wp\/wp-json\/wp\/v2\/posts\/890913"}],"collection":[{"href":"https:\/\/bahiaeconomica.com.br\/wp\/wp-json\/wp\/v2\/posts"}],"about":[{"href":"https:\/\/bahiaeconomica.com.br\/wp\/wp-json\/wp\/v2\/types\/post"}],"author":[{"embeddable":true,"href":"https:\/\/bahiaeconomica.com.br\/wp\/wp-json\/wp\/v2\/users\/8"}],"replies":[{"embeddable":true,"href":"https:\/\/bahiaeconomica.com.br\/wp\/wp-json\/wp\/v2\/comments?post=890913"}],"version-history":[{"count":1,"href":"https:\/\/bahiaeconomica.com.br\/wp\/wp-json\/wp\/v2\/posts\/890913\/revisions"}],"predecessor-version":[{"id":890915,"href":"https:\/\/bahiaeconomica.com.br\/wp\/wp-json\/wp\/v2\/posts\/890913\/revisions\/890915"}],"wp:featuredmedia":[{"embeddable":true,"href":"https:\/\/bahiaeconomica.com.br\/wp\/wp-json\/wp\/v2\/media\/890914"}],"wp:attachment":[{"href":"https:\/\/bahiaeconomica.com.br\/wp\/wp-json\/wp\/v2\/media?parent=890913"}],"wp:term":[{"taxonomy":"category","embeddable":true,"href":"https:\/\/bahiaeconomica.com.br\/wp\/wp-json\/wp\/v2\/categories?post=890913"},{"taxonomy":"post_tag","embeddable":true,"href":"https:\/\/bahiaeconomica.com.br\/wp\/wp-json\/wp\/v2\/tags?post=890913"}],"curies":[{"name":"wp","href":"https:\/\/api.w.org\/{rel}","templated":true}]}}