{"id":890590,"date":"2025-03-26T15:50:02","date_gmt":"2025-03-26T18:50:02","guid":{"rendered":"https:\/\/bahiaeconomica.com.br\/wp\/?p=890590"},"modified":"2025-03-26T15:48:29","modified_gmt":"2025-03-26T18:48:29","slug":"jeronimo-apresenta-projetos-para-o-turismo-e-anuncia-novos-voos-internacionais-nesta-quinta-feira-27","status":"publish","type":"post","link":"https:\/\/bahiaeconomica.com.br\/wp\/2025\/03\/26\/jeronimo-apresenta-projetos-para-o-turismo-e-anuncia-novos-voos-internacionais-nesta-quinta-feira-27\/","title":{"rendered":"JER\u00d4NIMO APRESENTA PROJETOS PARA O TURISMO E ANUNCIA NOVOS VOOS INTERNACIONAIS NESTA QUINTA-FEIRA, 27"},"content":{"rendered":"<p>Uma s\u00e9rie de a\u00e7\u00f5es voltadas para o fortalecimento do setor tur\u00edstico ser\u00e1 apresentada pelo governador Jer\u00f4nimo Rodrigues nesta quinta-feira (27), \u00e0s 17h30, no Hotel Wish, no Campo Grande. Entre as iniciativas, que integram as comemora\u00e7\u00f5es pelos 476 anos de Salvador, est\u00e3o projetos de qualifica\u00e7\u00e3o, promo\u00e7\u00e3o cultural e amplia\u00e7\u00e3o da malha a\u00e9rea internacional. Ser\u00e3o apresentados o projeto de capacita\u00e7\u00e3o de guias com foco no afroturismo, a qualifica\u00e7\u00e3o de feirantes de mercados e feiras livres, o projeto de sinaliza\u00e7\u00e3o tur\u00edstica de Salvador e o novo Guia dos Museus.<\/p>\n<p>Tamb\u00e9m ser\u00e1 anunciada a amplia\u00e7\u00e3o da conectividade internacional, com o in\u00edcio do voo da Sky Airline, entre Salvador e Argentina, e a implanta\u00e7\u00e3o da quarta frequ\u00eancia do voo Madri\/Salvador pela Air Europa.<\/p>\n<p>&nbsp;<\/p>\n<p>Foto: Jo\u00e1 Souza\/GOVBA<\/p>\n","protected":false},"excerpt":{"rendered":"<p>Uma s\u00e9rie de a\u00e7\u00f5es voltadas para o fortalecimento do setor tur\u00edstico ser\u00e1 apresentada pelo governador Jer\u00f4nimo Rodrigues nesta quinta-feira (27), \u00e0s 17h30, no Hotel Wish, no Campo Grande. Entre as iniciativas, que integram as comemora\u00e7\u00f5es pelos 476 anos de Salvador, est\u00e3o projetos de qualifica\u00e7\u00e3o, promo\u00e7\u00e3o cultural e amplia\u00e7\u00e3o da malha a\u00e9rea internacional. Ser\u00e3o apresentados o [&hellip;]<\/p>\n","protected":false},"author":15,"featured_media":890600,"comment_status":"closed","ping_status":"closed","sticky":false,"template":"","format":"standard","meta":[],"categories":[3],"tags":[4701,37080],"acf":[],"yoast_head":"<!-- This site is optimized with the Yoast SEO plugin v20.8 - https:\/\/yoast.com\/wordpress\/plugins\/seo\/ -->\n<title>JER\u00d4NIMO APRESENTA PROJETOS PARA O TURISMO E ANUNCIA NOVOS VOOS INTERNACIONAIS NESTA QUINTA-FEIRA, 27 - Bahia Economica<\/title>\n<meta name=\"description\" content=\"O maior portal de Economia da Bahia ECONOMIA \/ POL\u00cdTICA Bahia Economica Uma s\u00e9rie de a\u00e7\u00f5es voltadas para o fortalecimento do setor tur\u00edstico ser\u00e1\" \/>\n<meta name=\"robots\" content=\"index, follow, max-snippet:-1, max-image-preview:large, max-video-preview:-1\" \/>\n<link rel=\"canonical\" href=\"https:\/\/bahiaeconomica.com.br\/wp\/2025\/03\/26\/jeronimo-apresenta-projetos-para-o-turismo-e-anuncia-novos-voos-internacionais-nesta-quinta-feira-27\/\" \/>\n<meta property=\"og:locale\" content=\"pt_BR\" \/>\n<meta property=\"og:type\" content=\"article\" \/>\n<meta property=\"og:title\" content=\"JER\u00d4NIMO APRESENTA PROJETOS PARA O TURISMO E ANUNCIA NOVOS VOOS INTERNACIONAIS NESTA QUINTA-FEIRA, 27 - Bahia Economica\" \/>\n<meta property=\"og:description\" content=\"O maior portal de Economia da Bahia ECONOMIA \/ POL\u00cdTICA Bahia Economica Uma s\u00e9rie de a\u00e7\u00f5es voltadas para o fortalecimento do setor tur\u00edstico ser\u00e1\" \/>\n<meta property=\"og:url\" content=\"https:\/\/bahiaeconomica.com.br\/wp\/2025\/03\/26\/jeronimo-apresenta-projetos-para-o-turismo-e-anuncia-novos-voos-internacionais-nesta-quinta-feira-27\/\" \/>\n<meta property=\"og:site_name\" content=\"Bahia Economica\" \/>\n<meta property=\"article:publisher\" content=\"https:\/\/www.facebook.com\/bahiaeconomica\" \/>\n<meta property=\"article:published_time\" content=\"2025-03-26T18:50:02+00:00\" \/>\n<meta property=\"article:modified_time\" content=\"2025-03-26T18:48:29+00:00\" \/>\n<meta property=\"og:image\" content=\"https:\/\/bahiaeconomica.com.br\/wp\/wp-content\/uploads\/2025\/03\/150626governador-jeronimo-rodrigues-vai-receber-presidente-do-benin-nesta-sexta-feira-3-1536x722-1.webp\" \/>\n\t<meta property=\"og:image:width\" content=\"1536\" \/>\n\t<meta property=\"og:image:height\" content=\"722\" \/>\n\t<meta property=\"og:image:type\" content=\"image\/webp\" \/>\n<meta name=\"author\" content=\"VICTORIA ISABEL\" \/>\n<meta name=\"twitter:card\" content=\"summary_large_image\" \/>\n<meta name=\"twitter:label1\" content=\"Escrito por\" \/>\n\t<meta name=\"twitter:data1\" content=\"VICTORIA ISABEL\" \/>\n\t<meta name=\"twitter:label2\" content=\"Est. tempo de leitura\" \/>\n\t<meta name=\"twitter:data2\" content=\"1 minuto\" \/>\n<script type=\"application\/ld+json\" class=\"yoast-schema-graph\">{\"@context\":\"https:\/\/schema.org\",\"@graph\":[{\"@type\":\"Article\",\"@id\":\"https:\/\/bahiaeconomica.com.br\/wp\/2025\/03\/26\/jeronimo-apresenta-projetos-para-o-turismo-e-anuncia-novos-voos-internacionais-nesta-quinta-feira-27\/#article\",\"isPartOf\":{\"@id\":\"https:\/\/bahiaeconomica.com.br\/wp\/2025\/03\/26\/jeronimo-apresenta-projetos-para-o-turismo-e-anuncia-novos-voos-internacionais-nesta-quinta-feira-27\/\"},\"author\":{\"name\":\"VICTORIA ISABEL\",\"@id\":\"https:\/\/bahiaeconomica.com.br\/wp\/#\/schema\/person\/b719ce0fb1c09f3c7a00d9243ced4a6f\"},\"headline\":\"JER\u00d4NIMO APRESENTA PROJETOS PARA O TURISMO E ANUNCIA NOVOS VOOS INTERNACIONAIS NESTA QUINTA-FEIRA, 27\",\"datePublished\":\"2025-03-26T18:50:02+00:00\",\"dateModified\":\"2025-03-26T18:48:29+00:00\",\"mainEntityOfPage\":{\"@id\":\"https:\/\/bahiaeconomica.com.br\/wp\/2025\/03\/26\/jeronimo-apresenta-projetos-para-o-turismo-e-anuncia-novos-voos-internacionais-nesta-quinta-feira-27\/\"},\"wordCount\":156,\"publisher\":{\"@id\":\"https:\/\/bahiaeconomica.com.br\/wp\/#organization\"},\"keywords\":[\"jer\u00f4nimo rodrigues\",\"setor tur\u00edstico\"],\"articleSection\":[\"ECONOMIA \/ POL\u00cdTICA\"],\"inLanguage\":\"pt-BR\"},{\"@type\":\"WebPage\",\"@id\":\"https:\/\/bahiaeconomica.com.br\/wp\/2025\/03\/26\/jeronimo-apresenta-projetos-para-o-turismo-e-anuncia-novos-voos-internacionais-nesta-quinta-feira-27\/\",\"url\":\"https:\/\/bahiaeconomica.com.br\/wp\/2025\/03\/26\/jeronimo-apresenta-projetos-para-o-turismo-e-anuncia-novos-voos-internacionais-nesta-quinta-feira-27\/\",\"name\":\"JER\u00d4NIMO APRESENTA PROJETOS PARA O TURISMO E ANUNCIA NOVOS VOOS INTERNACIONAIS NESTA QUINTA-FEIRA, 27 - Bahia Economica\",\"isPartOf\":{\"@id\":\"https:\/\/bahiaeconomica.com.br\/wp\/#website\"},\"datePublished\":\"2025-03-26T18:50:02+00:00\",\"dateModified\":\"2025-03-26T18:48:29+00:00\",\"description\":\"O maior portal de Economia da Bahia ECONOMIA \/ POL\u00cdTICA Bahia Economica Uma s\u00e9rie de a\u00e7\u00f5es voltadas para o fortalecimento do setor tur\u00edstico ser\u00e1\",\"breadcrumb\":{\"@id\":\"https:\/\/bahiaeconomica.com.br\/wp\/2025\/03\/26\/jeronimo-apresenta-projetos-para-o-turismo-e-anuncia-novos-voos-internacionais-nesta-quinta-feira-27\/#breadcrumb\"},\"inLanguage\":\"pt-BR\",\"potentialAction\":[{\"@type\":\"ReadAction\",\"target\":[\"https:\/\/bahiaeconomica.com.br\/wp\/2025\/03\/26\/jeronimo-apresenta-projetos-para-o-turismo-e-anuncia-novos-voos-internacionais-nesta-quinta-feira-27\/\"]}]},{\"@type\":\"BreadcrumbList\",\"@id\":\"https:\/\/bahiaeconomica.com.br\/wp\/2025\/03\/26\/jeronimo-apresenta-projetos-para-o-turismo-e-anuncia-novos-voos-internacionais-nesta-quinta-feira-27\/#breadcrumb\",\"itemListElement\":[{\"@type\":\"ListItem\",\"position\":1,\"name\":\"In\u00edcio\",\"item\":\"https:\/\/bahiaeconomica.com.br\/wp\/\"},{\"@type\":\"ListItem\",\"position\":2,\"name\":\"JER\u00d4NIMO APRESENTA PROJETOS PARA O TURISMO E ANUNCIA NOVOS VOOS INTERNACIONAIS NESTA QUINTA-FEIRA, 27\"}]},{\"@type\":\"WebSite\",\"@id\":\"https:\/\/bahiaeconomica.com.br\/wp\/#website\",\"url\":\"https:\/\/bahiaeconomica.com.br\/wp\/\",\"name\":\"Bahia Economica\",\"description\":\"O maior portal de Economia da Bahia\",\"publisher\":{\"@id\":\"https:\/\/bahiaeconomica.com.br\/wp\/#organization\"},\"potentialAction\":[{\"@type\":\"SearchAction\",\"target\":{\"@type\":\"EntryPoint\",\"urlTemplate\":\"https:\/\/bahiaeconomica.com.br\/wp\/?s={search_term_string}\"},\"query-input\":\"required name=search_term_string\"}],\"inLanguage\":\"pt-BR\"},{\"@type\":\"Organization\",\"@id\":\"https:\/\/bahiaeconomica.com.br\/wp\/#organization\",\"name\":\"Bahia Econ\u00f4mica\",\"url\":\"https:\/\/bahiaeconomica.com.br\/wp\/\",\"logo\":{\"@type\":\"ImageObject\",\"inLanguage\":\"pt-BR\",\"@id\":\"https:\/\/bahiaeconomica.com.br\/wp\/#\/schema\/logo\/image\/\",\"url\":\"https:\/\/bahiaeconomica.com.br\/wp\/wp-content\/uploads\/2020\/12\/cropped-BE.png\",\"contentUrl\":\"https:\/\/bahiaeconomica.com.br\/wp\/wp-content\/uploads\/2020\/12\/cropped-BE.png\",\"width\":512,\"height\":512,\"caption\":\"Bahia Econ\u00f4mica\"},\"image\":{\"@id\":\"https:\/\/bahiaeconomica.com.br\/wp\/#\/schema\/logo\/image\/\"},\"sameAs\":[\"https:\/\/www.facebook.com\/bahiaeconomica\"]},{\"@type\":\"Person\",\"@id\":\"https:\/\/bahiaeconomica.com.br\/wp\/#\/schema\/person\/b719ce0fb1c09f3c7a00d9243ced4a6f\",\"name\":\"VICTORIA ISABEL\",\"sameAs\":[\"http:\/\/www.bahiaeconomica.com.br\"],\"url\":\"https:\/\/bahiaeconomica.com.br\/wp\/author\/victoria-isabel\/\"}]}<\/script>\n<!-- \/ Yoast SEO plugin. -->","yoast_head_json":{"title":"JER\u00d4NIMO APRESENTA PROJETOS PARA O TURISMO E ANUNCIA NOVOS VOOS INTERNACIONAIS NESTA QUINTA-FEIRA, 27 - Bahia Economica","description":"O maior portal de Economia da Bahia ECONOMIA \/ POL\u00cdTICA Bahia Economica Uma s\u00e9rie de a\u00e7\u00f5es voltadas para o fortalecimento do setor tur\u00edstico ser\u00e1","robots":{"index":"index","follow":"follow","max-snippet":"max-snippet:-1","max-image-preview":"max-image-preview:large","max-video-preview":"max-video-preview:-1"},"canonical":"https:\/\/bahiaeconomica.com.br\/wp\/2025\/03\/26\/jeronimo-apresenta-projetos-para-o-turismo-e-anuncia-novos-voos-internacionais-nesta-quinta-feira-27\/","og_locale":"pt_BR","og_type":"article","og_title":"JER\u00d4NIMO APRESENTA PROJETOS PARA O TURISMO E ANUNCIA NOVOS VOOS INTERNACIONAIS NESTA QUINTA-FEIRA, 27 - Bahia Economica","og_description":"O maior portal de Economia da Bahia ECONOMIA \/ POL\u00cdTICA Bahia Economica Uma s\u00e9rie de a\u00e7\u00f5es voltadas para o fortalecimento do setor tur\u00edstico ser\u00e1","og_url":"https:\/\/bahiaeconomica.com.br\/wp\/2025\/03\/26\/jeronimo-apresenta-projetos-para-o-turismo-e-anuncia-novos-voos-internacionais-nesta-quinta-feira-27\/","og_site_name":"Bahia Economica","article_publisher":"https:\/\/www.facebook.com\/bahiaeconomica","article_published_time":"2025-03-26T18:50:02+00:00","article_modified_time":"2025-03-26T18:48:29+00:00","og_image":[{"width":1536,"height":722,"url":"https:\/\/bahiaeconomica.com.br\/wp\/wp-content\/uploads\/2025\/03\/150626governador-jeronimo-rodrigues-vai-receber-presidente-do-benin-nesta-sexta-feira-3-1536x722-1.webp","type":"image\/webp"}],"author":"VICTORIA ISABEL","twitter_card":"summary_large_image","twitter_misc":{"Escrito por":"VICTORIA ISABEL","Est. tempo de leitura":"1 minuto"},"schema":{"@context":"https:\/\/schema.org","@graph":[{"@type":"Article","@id":"https:\/\/bahiaeconomica.com.br\/wp\/2025\/03\/26\/jeronimo-apresenta-projetos-para-o-turismo-e-anuncia-novos-voos-internacionais-nesta-quinta-feira-27\/#article","isPartOf":{"@id":"https:\/\/bahiaeconomica.com.br\/wp\/2025\/03\/26\/jeronimo-apresenta-projetos-para-o-turismo-e-anuncia-novos-voos-internacionais-nesta-quinta-feira-27\/"},"author":{"name":"VICTORIA ISABEL","@id":"https:\/\/bahiaeconomica.com.br\/wp\/#\/schema\/person\/b719ce0fb1c09f3c7a00d9243ced4a6f"},"headline":"JER\u00d4NIMO APRESENTA PROJETOS PARA O TURISMO E ANUNCIA NOVOS VOOS INTERNACIONAIS NESTA QUINTA-FEIRA, 27","datePublished":"2025-03-26T18:50:02+00:00","dateModified":"2025-03-26T18:48:29+00:00","mainEntityOfPage":{"@id":"https:\/\/bahiaeconomica.com.br\/wp\/2025\/03\/26\/jeronimo-apresenta-projetos-para-o-turismo-e-anuncia-novos-voos-internacionais-nesta-quinta-feira-27\/"},"wordCount":156,"publisher":{"@id":"https:\/\/bahiaeconomica.com.br\/wp\/#organization"},"keywords":["jer\u00f4nimo rodrigues","setor tur\u00edstico"],"articleSection":["ECONOMIA \/ POL\u00cdTICA"],"inLanguage":"pt-BR"},{"@type":"WebPage","@id":"https:\/\/bahiaeconomica.com.br\/wp\/2025\/03\/26\/jeronimo-apresenta-projetos-para-o-turismo-e-anuncia-novos-voos-internacionais-nesta-quinta-feira-27\/","url":"https:\/\/bahiaeconomica.com.br\/wp\/2025\/03\/26\/jeronimo-apresenta-projetos-para-o-turismo-e-anuncia-novos-voos-internacionais-nesta-quinta-feira-27\/","name":"JER\u00d4NIMO APRESENTA PROJETOS PARA O TURISMO E ANUNCIA NOVOS VOOS INTERNACIONAIS NESTA QUINTA-FEIRA, 27 - Bahia Economica","isPartOf":{"@id":"https:\/\/bahiaeconomica.com.br\/wp\/#website"},"datePublished":"2025-03-26T18:50:02+00:00","dateModified":"2025-03-26T18:48:29+00:00","description":"O maior portal de Economia da Bahia ECONOMIA \/ POL\u00cdTICA Bahia Economica Uma s\u00e9rie de a\u00e7\u00f5es voltadas para o fortalecimento do setor tur\u00edstico ser\u00e1","breadcrumb":{"@id":"https:\/\/bahiaeconomica.com.br\/wp\/2025\/03\/26\/jeronimo-apresenta-projetos-para-o-turismo-e-anuncia-novos-voos-internacionais-nesta-quinta-feira-27\/#breadcrumb"},"inLanguage":"pt-BR","potentialAction":[{"@type":"ReadAction","target":["https:\/\/bahiaeconomica.com.br\/wp\/2025\/03\/26\/jeronimo-apresenta-projetos-para-o-turismo-e-anuncia-novos-voos-internacionais-nesta-quinta-feira-27\/"]}]},{"@type":"BreadcrumbList","@id":"https:\/\/bahiaeconomica.com.br\/wp\/2025\/03\/26\/jeronimo-apresenta-projetos-para-o-turismo-e-anuncia-novos-voos-internacionais-nesta-quinta-feira-27\/#breadcrumb","itemListElement":[{"@type":"ListItem","position":1,"name":"In\u00edcio","item":"https:\/\/bahiaeconomica.com.br\/wp\/"},{"@type":"ListItem","position":2,"name":"JER\u00d4NIMO APRESENTA PROJETOS PARA O TURISMO E ANUNCIA NOVOS VOOS INTERNACIONAIS NESTA QUINTA-FEIRA, 27"}]},{"@type":"WebSite","@id":"https:\/\/bahiaeconomica.com.br\/wp\/#website","url":"https:\/\/bahiaeconomica.com.br\/wp\/","name":"Bahia Economica","description":"O maior portal de Economia da Bahia","publisher":{"@id":"https:\/\/bahiaeconomica.com.br\/wp\/#organization"},"potentialAction":[{"@type":"SearchAction","target":{"@type":"EntryPoint","urlTemplate":"https:\/\/bahiaeconomica.com.br\/wp\/?s={search_term_string}"},"query-input":"required name=search_term_string"}],"inLanguage":"pt-BR"},{"@type":"Organization","@id":"https:\/\/bahiaeconomica.com.br\/wp\/#organization","name":"Bahia Econ\u00f4mica","url":"https:\/\/bahiaeconomica.com.br\/wp\/","logo":{"@type":"ImageObject","inLanguage":"pt-BR","@id":"https:\/\/bahiaeconomica.com.br\/wp\/#\/schema\/logo\/image\/","url":"https:\/\/bahiaeconomica.com.br\/wp\/wp-content\/uploads\/2020\/12\/cropped-BE.png","contentUrl":"https:\/\/bahiaeconomica.com.br\/wp\/wp-content\/uploads\/2020\/12\/cropped-BE.png","width":512,"height":512,"caption":"Bahia Econ\u00f4mica"},"image":{"@id":"https:\/\/bahiaeconomica.com.br\/wp\/#\/schema\/logo\/image\/"},"sameAs":["https:\/\/www.facebook.com\/bahiaeconomica"]},{"@type":"Person","@id":"https:\/\/bahiaeconomica.com.br\/wp\/#\/schema\/person\/b719ce0fb1c09f3c7a00d9243ced4a6f","name":"VICTORIA ISABEL","sameAs":["http:\/\/www.bahiaeconomica.com.br"],"url":"https:\/\/bahiaeconomica.com.br\/wp\/author\/victoria-isabel\/"}]}},"views":49,"_links":{"self":[{"href":"https:\/\/bahiaeconomica.com.br\/wp\/wp-json\/wp\/v2\/posts\/890590"}],"collection":[{"href":"https:\/\/bahiaeconomica.com.br\/wp\/wp-json\/wp\/v2\/posts"}],"about":[{"href":"https:\/\/bahiaeconomica.com.br\/wp\/wp-json\/wp\/v2\/types\/post"}],"author":[{"embeddable":true,"href":"https:\/\/bahiaeconomica.com.br\/wp\/wp-json\/wp\/v2\/users\/15"}],"replies":[{"embeddable":true,"href":"https:\/\/bahiaeconomica.com.br\/wp\/wp-json\/wp\/v2\/comments?post=890590"}],"version-history":[{"count":1,"href":"https:\/\/bahiaeconomica.com.br\/wp\/wp-json\/wp\/v2\/posts\/890590\/revisions"}],"predecessor-version":[{"id":890602,"href":"https:\/\/bahiaeconomica.com.br\/wp\/wp-json\/wp\/v2\/posts\/890590\/revisions\/890602"}],"wp:featuredmedia":[{"embeddable":true,"href":"https:\/\/bahiaeconomica.com.br\/wp\/wp-json\/wp\/v2\/media\/890600"}],"wp:attachment":[{"href":"https:\/\/bahiaeconomica.com.br\/wp\/wp-json\/wp\/v2\/media?parent=890590"}],"wp:term":[{"taxonomy":"category","embeddable":true,"href":"https:\/\/bahiaeconomica.com.br\/wp\/wp-json\/wp\/v2\/categories?post=890590"},{"taxonomy":"post_tag","embeddable":true,"href":"https:\/\/bahiaeconomica.com.br\/wp\/wp-json\/wp\/v2\/tags?post=890590"}],"curies":[{"name":"wp","href":"https:\/\/api.w.org\/{rel}","templated":true}]}}