{"id":890037,"date":"2025-03-25T09:20:02","date_gmt":"2025-03-25T12:20:02","guid":{"rendered":"https:\/\/bahiaeconomica.com.br\/wp\/?p=890037"},"modified":"2025-03-25T08:43:42","modified_gmt":"2025-03-25T11:43:42","slug":"novo-presidente-da-ccj-paulo-azi-cobra-transparencia-nas-emendas","status":"publish","type":"post","link":"https:\/\/bahiaeconomica.com.br\/wp\/2025\/03\/25\/novo-presidente-da-ccj-paulo-azi-cobra-transparencia-nas-emendas\/","title":{"rendered":"NOVO PRESIDENTE DA CCJ, PAULO AZI COBRA TRANSPAR\u00caNCIA NAS EMENDAS"},"content":{"rendered":"<p>Rec\u00e9m-eleito presidente da Comiss\u00e3o de Constitui\u00e7\u00e3o e Justi\u00e7a (CCJ) da C\u00e2mara dos Deputados, o deputado federal Paulo Azi (Uni\u00e3o Brasil-BA) comentou ontem as rela\u00e7\u00f5es de seu partido com o governo Lula, a pol\u00eamica das emendas parlamentares e a legaliza\u00e7\u00e3o dos cassinos no Brasil. Em entrevista \u00e0 R\u00e1dio Metr\u00f3pole, Azi destacou que a oposi\u00e7\u00e3o ao governo federal \u00e9 mais contundente na Bahia do que em outros estados onde o presidente foi majorit\u00e1rio.<\/p>\n<p>&#8220;Os deputados que pertencem aos estados em que Lula foi majorit\u00e1rio, a Bahia \u00e9 exce\u00e7\u00e3o, t\u00eam uma aproxima\u00e7\u00e3o melhor com o governo que aqueles que est\u00e3o ligados aos estados em que Bolsonaro foi majorit\u00e1rio. Isso reflete no partido, tem uma divis\u00e3o clara&#8221;, afirmou. Azi ressaltou que, na Bahia, h\u00e1 uma quase unanimidade entre os parlamentares estaduais em se manter na oposi\u00e7\u00e3o, embora algumas exce\u00e7\u00f5es ocorram devido \u00e0s rela\u00e7\u00f5es pol\u00edticas locais.<\/p>\n<p>Como presidente da CCJ, Azi defendeu que as emendas impositivas d\u00e3o mais liberdade aos parlamentares, mas cobrou mais transpar\u00eancia na libera\u00e7\u00e3o e uso, especialmente das chamadas &#8220;emendas Pix&#8221;. Ele tamb\u00e9m abordou a disputa entre a C\u00e2mara e o Supremo Tribunal Federal (STF) em rela\u00e7\u00e3o \u00e0s emendas secretas.<\/p>\n<p>&#8220;O advento das emendas impositivas tem um papel fundamental de dar uma certa liberdade aos parlamentares. Diferentemente dos deputados estaduais, que t\u00eam emendas muito limitadas, os federais t\u00eam uma independ\u00eancia maior&#8221;, explicou. O deputado ressaltou que, durante seus tr\u00eas mandatos como deputado estadual, nenhum dos governadores cumpriu a libera\u00e7\u00e3o das emendas.<\/p>\n<p>Sobre as emendas secretas, Azi criticou a falta de transpar\u00eancia na destina\u00e7\u00e3o de recursos. &#8220;Eu n\u00e3o sei nem porque existe hoje tanta rea\u00e7\u00e3o de alguns membros do Poder Legislativo de tornar isso mais transparente. Eu, por exemplo, quando tinha acesso a uma emenda dessas, era o primeiro a anunciar, porque era um benef\u00edcio para o munic\u00edpio&#8221;, argumentou.<\/p>\n<p>O impasse sobre as emendas secretas se intensificou ap\u00f3s o ministro Fl\u00e1vio Dino suspender o pagamento de R$ 4,2 bilh\u00f5es at\u00e9 que fossem implementadas regras de transpar\u00eancia. Para Azi, a quest\u00e3o se agravou pela rela\u00e7\u00e3o conturbada entre a gest\u00e3o do ex-presidente da C\u00e2mara, Arthur Lira, e o STF. &#8220;Acho que agora essas coisas v\u00e3o caminhar de uma forma mais tranquila&#8221;, previu.(TB)<\/p>\n<p>Foto:\u00a0<b>Kayo Magalh\u00e3es\/C\u00e2mara dos Deputados<\/b><\/p>\n","protected":false},"excerpt":{"rendered":"<p>Rec\u00e9m-eleito presidente da Comiss\u00e3o de Constitui\u00e7\u00e3o e Justi\u00e7a (CCJ) da C\u00e2mara dos Deputados, o deputado federal Paulo Azi (Uni\u00e3o Brasil-BA) comentou ontem as rela\u00e7\u00f5es de seu partido com o governo Lula, a pol\u00eamica das emendas parlamentares e a legaliza\u00e7\u00e3o dos cassinos no Brasil. Em entrevista \u00e0 R\u00e1dio Metr\u00f3pole, Azi destacou que a oposi\u00e7\u00e3o ao governo [&hellip;]<\/p>\n","protected":false},"author":8,"featured_media":890038,"comment_status":"closed","ping_status":"closed","sticky":false,"template":"","format":"standard","meta":[],"categories":[14601],"tags":[2184,1176,842,100],"acf":[],"yoast_head":"<!-- This site is optimized with the Yoast SEO plugin v20.8 - https:\/\/yoast.com\/wordpress\/plugins\/seo\/ -->\n<title>NOVO PRESIDENTE DA CCJ, PAULO AZI COBRA TRANSPAR\u00caNCIA NAS EMENDAS - Bahia Economica<\/title>\n<meta name=\"description\" content=\"O maior portal de Economia da Bahia Pol\u00edtica Bahia Economica Rec\u00e9m-eleito presidente da Comiss\u00e3o de Constitui\u00e7\u00e3o e Justi\u00e7a\" \/>\n<meta name=\"robots\" content=\"index, follow, max-snippet:-1, max-image-preview:large, max-video-preview:-1\" \/>\n<link rel=\"canonical\" href=\"https:\/\/bahiaeconomica.com.br\/wp\/2025\/03\/25\/novo-presidente-da-ccj-paulo-azi-cobra-transparencia-nas-emendas\/\" \/>\n<meta property=\"og:locale\" content=\"pt_BR\" \/>\n<meta property=\"og:type\" content=\"article\" \/>\n<meta property=\"og:title\" content=\"NOVO PRESIDENTE DA CCJ, PAULO AZI COBRA TRANSPAR\u00caNCIA NAS EMENDAS - Bahia Economica\" \/>\n<meta property=\"og:description\" content=\"O maior portal de Economia da Bahia Pol\u00edtica Bahia Economica Rec\u00e9m-eleito presidente da Comiss\u00e3o de Constitui\u00e7\u00e3o e Justi\u00e7a\" \/>\n<meta property=\"og:url\" content=\"https:\/\/bahiaeconomica.com.br\/wp\/2025\/03\/25\/novo-presidente-da-ccj-paulo-azi-cobra-transparencia-nas-emendas\/\" \/>\n<meta property=\"og:site_name\" content=\"Bahia Economica\" \/>\n<meta property=\"article:publisher\" content=\"https:\/\/www.facebook.com\/bahiaeconomica\" \/>\n<meta property=\"article:published_time\" content=\"2025-03-25T12:20:02+00:00\" \/>\n<meta property=\"article:modified_time\" content=\"2025-03-25T11:43:42+00:00\" \/>\n<meta property=\"og:image\" content=\"https:\/\/bahiaeconomica.com.br\/wp\/wp-content\/uploads\/2025\/03\/162613grande-responsabilidade-diz-paulo-azi-ao-ser-eleito-presidente-da-ccj-3.jpg\" \/>\n\t<meta property=\"og:image:width\" content=\"1600\" \/>\n\t<meta property=\"og:image:height\" content=\"752\" \/>\n\t<meta property=\"og:image:type\" content=\"image\/jpeg\" \/>\n<meta name=\"author\" content=\"JP\" \/>\n<meta name=\"twitter:card\" content=\"summary_large_image\" \/>\n<meta name=\"twitter:label1\" content=\"Escrito por\" \/>\n\t<meta name=\"twitter:data1\" content=\"JP\" \/>\n\t<meta name=\"twitter:label2\" content=\"Est. tempo de leitura\" \/>\n\t<meta name=\"twitter:data2\" content=\"2 minutos\" \/>\n<script type=\"application\/ld+json\" class=\"yoast-schema-graph\">{\"@context\":\"https:\/\/schema.org\",\"@graph\":[{\"@type\":\"Article\",\"@id\":\"https:\/\/bahiaeconomica.com.br\/wp\/2025\/03\/25\/novo-presidente-da-ccj-paulo-azi-cobra-transparencia-nas-emendas\/#article\",\"isPartOf\":{\"@id\":\"https:\/\/bahiaeconomica.com.br\/wp\/2025\/03\/25\/novo-presidente-da-ccj-paulo-azi-cobra-transparencia-nas-emendas\/\"},\"author\":{\"name\":\"JP\",\"@id\":\"https:\/\/bahiaeconomica.com.br\/wp\/#\/schema\/person\/c86d3a3f8960425a0f9d0e5245991f4e\"},\"headline\":\"NOVO PRESIDENTE DA CCJ, PAULO AZI COBRA TRANSPAR\u00caNCIA NAS EMENDAS\",\"datePublished\":\"2025-03-25T12:20:02+00:00\",\"dateModified\":\"2025-03-25T11:43:42+00:00\",\"mainEntityOfPage\":{\"@id\":\"https:\/\/bahiaeconomica.com.br\/wp\/2025\/03\/25\/novo-presidente-da-ccj-paulo-azi-cobra-transparencia-nas-emendas\/\"},\"wordCount\":423,\"publisher\":{\"@id\":\"https:\/\/bahiaeconomica.com.br\/wp\/#organization\"},\"keywords\":[\"azi\",\"mudan\u00e7a\",\"paulo\",\"Pol\u00edtica\"],\"articleSection\":[\"Pol\u00edtica\"],\"inLanguage\":\"pt-BR\"},{\"@type\":\"WebPage\",\"@id\":\"https:\/\/bahiaeconomica.com.br\/wp\/2025\/03\/25\/novo-presidente-da-ccj-paulo-azi-cobra-transparencia-nas-emendas\/\",\"url\":\"https:\/\/bahiaeconomica.com.br\/wp\/2025\/03\/25\/novo-presidente-da-ccj-paulo-azi-cobra-transparencia-nas-emendas\/\",\"name\":\"NOVO PRESIDENTE DA CCJ, PAULO AZI COBRA TRANSPAR\u00caNCIA NAS EMENDAS - Bahia Economica\",\"isPartOf\":{\"@id\":\"https:\/\/bahiaeconomica.com.br\/wp\/#website\"},\"datePublished\":\"2025-03-25T12:20:02+00:00\",\"dateModified\":\"2025-03-25T11:43:42+00:00\",\"description\":\"O maior portal de Economia da Bahia Pol\u00edtica Bahia Economica Rec\u00e9m-eleito presidente da Comiss\u00e3o de Constitui\u00e7\u00e3o e Justi\u00e7a\",\"breadcrumb\":{\"@id\":\"https:\/\/bahiaeconomica.com.br\/wp\/2025\/03\/25\/novo-presidente-da-ccj-paulo-azi-cobra-transparencia-nas-emendas\/#breadcrumb\"},\"inLanguage\":\"pt-BR\",\"potentialAction\":[{\"@type\":\"ReadAction\",\"target\":[\"https:\/\/bahiaeconomica.com.br\/wp\/2025\/03\/25\/novo-presidente-da-ccj-paulo-azi-cobra-transparencia-nas-emendas\/\"]}]},{\"@type\":\"BreadcrumbList\",\"@id\":\"https:\/\/bahiaeconomica.com.br\/wp\/2025\/03\/25\/novo-presidente-da-ccj-paulo-azi-cobra-transparencia-nas-emendas\/#breadcrumb\",\"itemListElement\":[{\"@type\":\"ListItem\",\"position\":1,\"name\":\"In\u00edcio\",\"item\":\"https:\/\/bahiaeconomica.com.br\/wp\/\"},{\"@type\":\"ListItem\",\"position\":2,\"name\":\"NOVO PRESIDENTE DA CCJ, PAULO AZI COBRA TRANSPAR\u00caNCIA NAS EMENDAS\"}]},{\"@type\":\"WebSite\",\"@id\":\"https:\/\/bahiaeconomica.com.br\/wp\/#website\",\"url\":\"https:\/\/bahiaeconomica.com.br\/wp\/\",\"name\":\"Bahia Economica\",\"description\":\"O maior portal de Economia da Bahia\",\"publisher\":{\"@id\":\"https:\/\/bahiaeconomica.com.br\/wp\/#organization\"},\"potentialAction\":[{\"@type\":\"SearchAction\",\"target\":{\"@type\":\"EntryPoint\",\"urlTemplate\":\"https:\/\/bahiaeconomica.com.br\/wp\/?s={search_term_string}\"},\"query-input\":\"required name=search_term_string\"}],\"inLanguage\":\"pt-BR\"},{\"@type\":\"Organization\",\"@id\":\"https:\/\/bahiaeconomica.com.br\/wp\/#organization\",\"name\":\"Bahia Econ\u00f4mica\",\"url\":\"https:\/\/bahiaeconomica.com.br\/wp\/\",\"logo\":{\"@type\":\"ImageObject\",\"inLanguage\":\"pt-BR\",\"@id\":\"https:\/\/bahiaeconomica.com.br\/wp\/#\/schema\/logo\/image\/\",\"url\":\"https:\/\/bahiaeconomica.com.br\/wp\/wp-content\/uploads\/2020\/12\/cropped-BE.png\",\"contentUrl\":\"https:\/\/bahiaeconomica.com.br\/wp\/wp-content\/uploads\/2020\/12\/cropped-BE.png\",\"width\":512,\"height\":512,\"caption\":\"Bahia Econ\u00f4mica\"},\"image\":{\"@id\":\"https:\/\/bahiaeconomica.com.br\/wp\/#\/schema\/logo\/image\/\"},\"sameAs\":[\"https:\/\/www.facebook.com\/bahiaeconomica\"]},{\"@type\":\"Person\",\"@id\":\"https:\/\/bahiaeconomica.com.br\/wp\/#\/schema\/person\/c86d3a3f8960425a0f9d0e5245991f4e\",\"name\":\"JP\",\"sameAs\":[\"https:\/\/bahiaeconomica.com.br\/wp\/beta\/\"],\"url\":\"https:\/\/bahiaeconomica.com.br\/wp\/author\/jp\/\"}]}<\/script>\n<!-- \/ Yoast SEO plugin. -->","yoast_head_json":{"title":"NOVO PRESIDENTE DA CCJ, PAULO AZI COBRA TRANSPAR\u00caNCIA NAS EMENDAS - Bahia Economica","description":"O maior portal de Economia da Bahia Pol\u00edtica Bahia Economica Rec\u00e9m-eleito presidente da Comiss\u00e3o de Constitui\u00e7\u00e3o e Justi\u00e7a","robots":{"index":"index","follow":"follow","max-snippet":"max-snippet:-1","max-image-preview":"max-image-preview:large","max-video-preview":"max-video-preview:-1"},"canonical":"https:\/\/bahiaeconomica.com.br\/wp\/2025\/03\/25\/novo-presidente-da-ccj-paulo-azi-cobra-transparencia-nas-emendas\/","og_locale":"pt_BR","og_type":"article","og_title":"NOVO PRESIDENTE DA CCJ, PAULO AZI COBRA TRANSPAR\u00caNCIA NAS EMENDAS - Bahia Economica","og_description":"O maior portal de Economia da Bahia Pol\u00edtica Bahia Economica Rec\u00e9m-eleito presidente da Comiss\u00e3o de Constitui\u00e7\u00e3o e Justi\u00e7a","og_url":"https:\/\/bahiaeconomica.com.br\/wp\/2025\/03\/25\/novo-presidente-da-ccj-paulo-azi-cobra-transparencia-nas-emendas\/","og_site_name":"Bahia Economica","article_publisher":"https:\/\/www.facebook.com\/bahiaeconomica","article_published_time":"2025-03-25T12:20:02+00:00","article_modified_time":"2025-03-25T11:43:42+00:00","og_image":[{"width":1600,"height":752,"url":"https:\/\/bahiaeconomica.com.br\/wp\/wp-content\/uploads\/2025\/03\/162613grande-responsabilidade-diz-paulo-azi-ao-ser-eleito-presidente-da-ccj-3.jpg","type":"image\/jpeg"}],"author":"JP","twitter_card":"summary_large_image","twitter_misc":{"Escrito por":"JP","Est. tempo de leitura":"2 minutos"},"schema":{"@context":"https:\/\/schema.org","@graph":[{"@type":"Article","@id":"https:\/\/bahiaeconomica.com.br\/wp\/2025\/03\/25\/novo-presidente-da-ccj-paulo-azi-cobra-transparencia-nas-emendas\/#article","isPartOf":{"@id":"https:\/\/bahiaeconomica.com.br\/wp\/2025\/03\/25\/novo-presidente-da-ccj-paulo-azi-cobra-transparencia-nas-emendas\/"},"author":{"name":"JP","@id":"https:\/\/bahiaeconomica.com.br\/wp\/#\/schema\/person\/c86d3a3f8960425a0f9d0e5245991f4e"},"headline":"NOVO PRESIDENTE DA CCJ, PAULO AZI COBRA TRANSPAR\u00caNCIA NAS EMENDAS","datePublished":"2025-03-25T12:20:02+00:00","dateModified":"2025-03-25T11:43:42+00:00","mainEntityOfPage":{"@id":"https:\/\/bahiaeconomica.com.br\/wp\/2025\/03\/25\/novo-presidente-da-ccj-paulo-azi-cobra-transparencia-nas-emendas\/"},"wordCount":423,"publisher":{"@id":"https:\/\/bahiaeconomica.com.br\/wp\/#organization"},"keywords":["azi","mudan\u00e7a","paulo","Pol\u00edtica"],"articleSection":["Pol\u00edtica"],"inLanguage":"pt-BR"},{"@type":"WebPage","@id":"https:\/\/bahiaeconomica.com.br\/wp\/2025\/03\/25\/novo-presidente-da-ccj-paulo-azi-cobra-transparencia-nas-emendas\/","url":"https:\/\/bahiaeconomica.com.br\/wp\/2025\/03\/25\/novo-presidente-da-ccj-paulo-azi-cobra-transparencia-nas-emendas\/","name":"NOVO PRESIDENTE DA CCJ, PAULO AZI COBRA TRANSPAR\u00caNCIA NAS EMENDAS - Bahia Economica","isPartOf":{"@id":"https:\/\/bahiaeconomica.com.br\/wp\/#website"},"datePublished":"2025-03-25T12:20:02+00:00","dateModified":"2025-03-25T11:43:42+00:00","description":"O maior portal de Economia da Bahia Pol\u00edtica Bahia Economica Rec\u00e9m-eleito presidente da Comiss\u00e3o de Constitui\u00e7\u00e3o e Justi\u00e7a","breadcrumb":{"@id":"https:\/\/bahiaeconomica.com.br\/wp\/2025\/03\/25\/novo-presidente-da-ccj-paulo-azi-cobra-transparencia-nas-emendas\/#breadcrumb"},"inLanguage":"pt-BR","potentialAction":[{"@type":"ReadAction","target":["https:\/\/bahiaeconomica.com.br\/wp\/2025\/03\/25\/novo-presidente-da-ccj-paulo-azi-cobra-transparencia-nas-emendas\/"]}]},{"@type":"BreadcrumbList","@id":"https:\/\/bahiaeconomica.com.br\/wp\/2025\/03\/25\/novo-presidente-da-ccj-paulo-azi-cobra-transparencia-nas-emendas\/#breadcrumb","itemListElement":[{"@type":"ListItem","position":1,"name":"In\u00edcio","item":"https:\/\/bahiaeconomica.com.br\/wp\/"},{"@type":"ListItem","position":2,"name":"NOVO PRESIDENTE DA CCJ, PAULO AZI COBRA TRANSPAR\u00caNCIA NAS EMENDAS"}]},{"@type":"WebSite","@id":"https:\/\/bahiaeconomica.com.br\/wp\/#website","url":"https:\/\/bahiaeconomica.com.br\/wp\/","name":"Bahia Economica","description":"O maior portal de Economia da Bahia","publisher":{"@id":"https:\/\/bahiaeconomica.com.br\/wp\/#organization"},"potentialAction":[{"@type":"SearchAction","target":{"@type":"EntryPoint","urlTemplate":"https:\/\/bahiaeconomica.com.br\/wp\/?s={search_term_string}"},"query-input":"required name=search_term_string"}],"inLanguage":"pt-BR"},{"@type":"Organization","@id":"https:\/\/bahiaeconomica.com.br\/wp\/#organization","name":"Bahia Econ\u00f4mica","url":"https:\/\/bahiaeconomica.com.br\/wp\/","logo":{"@type":"ImageObject","inLanguage":"pt-BR","@id":"https:\/\/bahiaeconomica.com.br\/wp\/#\/schema\/logo\/image\/","url":"https:\/\/bahiaeconomica.com.br\/wp\/wp-content\/uploads\/2020\/12\/cropped-BE.png","contentUrl":"https:\/\/bahiaeconomica.com.br\/wp\/wp-content\/uploads\/2020\/12\/cropped-BE.png","width":512,"height":512,"caption":"Bahia Econ\u00f4mica"},"image":{"@id":"https:\/\/bahiaeconomica.com.br\/wp\/#\/schema\/logo\/image\/"},"sameAs":["https:\/\/www.facebook.com\/bahiaeconomica"]},{"@type":"Person","@id":"https:\/\/bahiaeconomica.com.br\/wp\/#\/schema\/person\/c86d3a3f8960425a0f9d0e5245991f4e","name":"JP","sameAs":["https:\/\/bahiaeconomica.com.br\/wp\/beta\/"],"url":"https:\/\/bahiaeconomica.com.br\/wp\/author\/jp\/"}]}},"views":8,"_links":{"self":[{"href":"https:\/\/bahiaeconomica.com.br\/wp\/wp-json\/wp\/v2\/posts\/890037"}],"collection":[{"href":"https:\/\/bahiaeconomica.com.br\/wp\/wp-json\/wp\/v2\/posts"}],"about":[{"href":"https:\/\/bahiaeconomica.com.br\/wp\/wp-json\/wp\/v2\/types\/post"}],"author":[{"embeddable":true,"href":"https:\/\/bahiaeconomica.com.br\/wp\/wp-json\/wp\/v2\/users\/8"}],"replies":[{"embeddable":true,"href":"https:\/\/bahiaeconomica.com.br\/wp\/wp-json\/wp\/v2\/comments?post=890037"}],"version-history":[{"count":1,"href":"https:\/\/bahiaeconomica.com.br\/wp\/wp-json\/wp\/v2\/posts\/890037\/revisions"}],"predecessor-version":[{"id":890039,"href":"https:\/\/bahiaeconomica.com.br\/wp\/wp-json\/wp\/v2\/posts\/890037\/revisions\/890039"}],"wp:featuredmedia":[{"embeddable":true,"href":"https:\/\/bahiaeconomica.com.br\/wp\/wp-json\/wp\/v2\/media\/890038"}],"wp:attachment":[{"href":"https:\/\/bahiaeconomica.com.br\/wp\/wp-json\/wp\/v2\/media?parent=890037"}],"wp:term":[{"taxonomy":"category","embeddable":true,"href":"https:\/\/bahiaeconomica.com.br\/wp\/wp-json\/wp\/v2\/categories?post=890037"},{"taxonomy":"post_tag","embeddable":true,"href":"https:\/\/bahiaeconomica.com.br\/wp\/wp-json\/wp\/v2\/tags?post=890037"}],"curies":[{"name":"wp","href":"https:\/\/api.w.org\/{rel}","templated":true}]}}