{"id":889682,"date":"2025-03-23T18:24:26","date_gmt":"2025-03-23T21:24:26","guid":{"rendered":"https:\/\/bahiaeconomica.com.br\/wp\/?p=889682"},"modified":"2025-03-23T19:46:03","modified_gmt":"2025-03-23T22:46:03","slug":"bahia-empata-no-fim-e-conquista-mais-um-titulo-baiano","status":"publish","type":"post","link":"https:\/\/bahiaeconomica.com.br\/wp\/2025\/03\/23\/bahia-empata-no-fim-e-conquista-mais-um-titulo-baiano\/","title":{"rendered":"BAHIA EMPATA NO FIM E CONQUISTA MAIS UM T\u00cdTULO BAIANO"},"content":{"rendered":"<p>O Bahia conquistou o 51\u00ba t\u00edtulo do Campeonato Baiano. Na tarde deste domingo (23), o Esquadr\u00e3o de A\u00e7o arrancou o empate em 1 a 1 com o rival Vit\u00f3ria, no Barrad\u00e3o, pelo jogo de volta da final da competi\u00e7\u00e3o estadual. Claudinho marcou para o os donos da casa, mas Kayky deixou tudo igual. O Tricolor ganhou o confronto pelo placar agregado de 3 a 1. Agora, Bahia e Vit\u00f3ria voltam a focar na Copa do Nordeste. L\u00edder do Grupo B com 10 pontos, o Tricolor recebe a visita do Cear\u00e1, na pr\u00f3xima quarta-feira (26), \u00e0s 19h, na Arena Fonte Nova, pelo jogo adiado da quarta rodada. No mesmo dia, mas um pouco mais tarde, \u00e0s 21h30, o Le\u00e3o, que \u00e9 primeiro colocado da chave A com 14 e j\u00e1 classificado para as quartas de final, encara o Moto Club, pela s\u00e9tima e jornada.<\/p>\n<p><strong>FICHA T\u00c9CNICA<br \/>\nVit\u00f3ria 1&#215;1 Bahia (placar agregado: 1&#215;3)<br \/>\nCampeonato Baiano &#8211; Final (jogo de volta)<br \/>\nLocal:<\/strong>\u00a0Barrad\u00e3o, em Salvador (BA)<br \/>\n<strong>Data:<\/strong>\u00a023\/03\/2025 (domingo)<br \/>\n<strong>Hor\u00e1rio:<\/strong>\u00a016h<br \/>\n<strong>\u00c1rbitro:<\/strong>\u00a0Wilton Pereira Sampaio (Fifa-GO)<br \/>\n<strong>Assistentes:<\/strong>\u00a0Rodrigo Figueiredo Henrique Correa (Fifa-RJ) e Nailton Junior de Sousa Oliveira (Fifa-CE)<br \/>\n<strong>VAR:<\/strong>\u00a0Marco Aur\u00e9lio Augusto Fazekas Ferreira (Fifa-MG)<br \/>\n<strong>Cart\u00f5es amarelos:<\/strong>\u00a0Z\u00e9 Marcos, Matheuzinho, Wellington Rato, Ra\u00fal C\u00e1ceres, Baralhas, Lucas Arcanjo (Vit\u00f3ria) \/ Caio Alexandre, Gabriel Xavier, Kanu, Ramos Mingo\u00a0(Bahia)<\/p>\n<p><strong>Cart\u00f5es vermelhos:<\/strong>\u00a0Z\u00e9 Marcos (Vit\u00f3ria) \/ Cauly, Caio Alexandre (Bahia)<\/p>\n<p><strong>Gols:<\/strong>\u00a0Claudinho (Vit\u00f3ria) \/ Kayky (Bahia)<\/p>\n<p><strong>Vit\u00f3ria:<\/strong>\u00a0Lucas Arcanjo; Ra\u00fal C\u00e1ceres (Claudinho), Neris, Lucas Halter e Jamerson (Hugo); Ricardo Ryller (Gustavo Mosquito), Baralhas, Ronald (Carlinhos) e Matheuzinho; Wellington Rato (Fabri) e Janderson.\u00a0<strong>T\u00e9cnico:<\/strong>\u00a0Thiago Carpini.<\/p>\n<p><strong>Bahia:<\/strong>\u00a0Marcos Felipe; Gabriel Xavier, Kanu, Ramos Mingo e Luciano Juba; Caio Alexandre (Acevedo), Jean Lucas e Everton Ribeiro (Erick); Ademir (Gilberto), Erick Pulga (Kayky) e Willian Jos\u00e9 (Cauly).\u00a0<strong>T\u00e9cnico:<\/strong>\u00a0Rog\u00e9rio Ceni.<\/p>\n<p>&nbsp;<\/p>\n<p>Foto: Let\u00edcia Martins e Rafael Rodrigues\/EC Bahia<\/p>\n","protected":false},"excerpt":{"rendered":"<p>O Bahia conquistou o 51\u00ba t\u00edtulo do Campeonato Baiano. Na tarde deste domingo (23), o Esquadr\u00e3o de A\u00e7o arrancou o empate em 1 a 1 com o rival Vit\u00f3ria, no Barrad\u00e3o, pelo jogo de volta da final da competi\u00e7\u00e3o estadual. Claudinho marcou para o os donos da casa, mas Kayky deixou tudo igual. O Tricolor [&hellip;]<\/p>\n","protected":false},"author":8,"featured_media":889686,"comment_status":"closed","ping_status":"closed","sticky":false,"template":"","format":"standard","meta":[],"categories":[14,4486],"tags":[85,1140,100],"acf":[],"yoast_head":"<!-- This site is optimized with the Yoast SEO plugin v20.8 - https:\/\/yoast.com\/wordpress\/plugins\/seo\/ -->\n<title>BAHIA EMPATA NO FIM E CONQUISTA MAIS UM T\u00cdTULO BAIANO - Bahia Economica<\/title>\n<meta name=\"description\" content=\"O maior portal de Economia da Bahia DESTAQUE DO DIA, Esporte Bahia Economica O Bahia conquistou o 51\u00ba t\u00edtulo do Campeonato Baiano\" \/>\n<meta name=\"robots\" content=\"index, follow, max-snippet:-1, max-image-preview:large, max-video-preview:-1\" \/>\n<link rel=\"canonical\" href=\"https:\/\/bahiaeconomica.com.br\/wp\/2025\/03\/23\/bahia-empata-no-fim-e-conquista-mais-um-titulo-baiano\/\" \/>\n<meta property=\"og:locale\" content=\"pt_BR\" \/>\n<meta property=\"og:type\" content=\"article\" \/>\n<meta property=\"og:title\" content=\"BAHIA EMPATA NO FIM E CONQUISTA MAIS UM T\u00cdTULO BAIANO - Bahia Economica\" \/>\n<meta property=\"og:description\" content=\"O maior portal de Economia da Bahia DESTAQUE DO DIA, Esporte Bahia Economica O Bahia conquistou o 51\u00ba t\u00edtulo do Campeonato Baiano\" \/>\n<meta property=\"og:url\" content=\"https:\/\/bahiaeconomica.com.br\/wp\/2025\/03\/23\/bahia-empata-no-fim-e-conquista-mais-um-titulo-baiano\/\" \/>\n<meta property=\"og:site_name\" content=\"Bahia Economica\" \/>\n<meta property=\"article:publisher\" content=\"https:\/\/www.facebook.com\/bahiaeconomica\" \/>\n<meta property=\"article:published_time\" content=\"2025-03-23T21:24:26+00:00\" \/>\n<meta property=\"article:modified_time\" content=\"2025-03-23T22:46:03+00:00\" \/>\n<meta property=\"og:image\" content=\"https:\/\/bahiaeconomica.com.br\/wp\/wp-content\/uploads\/2025\/03\/IMAGEM_BAHIA_9.webp\" \/>\n\t<meta property=\"og:image:width\" content=\"1200\" \/>\n\t<meta property=\"og:image:height\" content=\"630\" \/>\n\t<meta property=\"og:image:type\" content=\"image\/webp\" \/>\n<meta name=\"author\" content=\"JP\" \/>\n<meta name=\"twitter:card\" content=\"summary_large_image\" \/>\n<meta name=\"twitter:label1\" content=\"Escrito por\" \/>\n\t<meta name=\"twitter:data1\" content=\"JP\" \/>\n\t<meta name=\"twitter:label2\" content=\"Est. tempo de leitura\" \/>\n\t<meta name=\"twitter:data2\" content=\"2 minutos\" \/>\n<script type=\"application\/ld+json\" class=\"yoast-schema-graph\">{\"@context\":\"https:\/\/schema.org\",\"@graph\":[{\"@type\":\"Article\",\"@id\":\"https:\/\/bahiaeconomica.com.br\/wp\/2025\/03\/23\/bahia-empata-no-fim-e-conquista-mais-um-titulo-baiano\/#article\",\"isPartOf\":{\"@id\":\"https:\/\/bahiaeconomica.com.br\/wp\/2025\/03\/23\/bahia-empata-no-fim-e-conquista-mais-um-titulo-baiano\/\"},\"author\":{\"name\":\"JP\",\"@id\":\"https:\/\/bahiaeconomica.com.br\/wp\/#\/schema\/person\/c86d3a3f8960425a0f9d0e5245991f4e\"},\"headline\":\"BAHIA EMPATA NO FIM E CONQUISTA MAIS UM T\u00cdTULO BAIANO\",\"datePublished\":\"2025-03-23T21:24:26+00:00\",\"dateModified\":\"2025-03-23T22:46:03+00:00\",\"mainEntityOfPage\":{\"@id\":\"https:\/\/bahiaeconomica.com.br\/wp\/2025\/03\/23\/bahia-empata-no-fim-e-conquista-mais-um-titulo-baiano\/\"},\"wordCount\":328,\"publisher\":{\"@id\":\"https:\/\/bahiaeconomica.com.br\/wp\/#organization\"},\"keywords\":[\"Bahia\",\"baiano\",\"Pol\u00edtica\"],\"articleSection\":[\"DESTAQUE DO DIA\",\"Esporte\"],\"inLanguage\":\"pt-BR\"},{\"@type\":\"WebPage\",\"@id\":\"https:\/\/bahiaeconomica.com.br\/wp\/2025\/03\/23\/bahia-empata-no-fim-e-conquista-mais-um-titulo-baiano\/\",\"url\":\"https:\/\/bahiaeconomica.com.br\/wp\/2025\/03\/23\/bahia-empata-no-fim-e-conquista-mais-um-titulo-baiano\/\",\"name\":\"BAHIA EMPATA NO FIM E CONQUISTA MAIS UM T\u00cdTULO BAIANO - Bahia Economica\",\"isPartOf\":{\"@id\":\"https:\/\/bahiaeconomica.com.br\/wp\/#website\"},\"datePublished\":\"2025-03-23T21:24:26+00:00\",\"dateModified\":\"2025-03-23T22:46:03+00:00\",\"description\":\"O maior portal de Economia da Bahia DESTAQUE DO DIA, Esporte Bahia Economica O Bahia conquistou o 51\u00ba t\u00edtulo do Campeonato Baiano\",\"breadcrumb\":{\"@id\":\"https:\/\/bahiaeconomica.com.br\/wp\/2025\/03\/23\/bahia-empata-no-fim-e-conquista-mais-um-titulo-baiano\/#breadcrumb\"},\"inLanguage\":\"pt-BR\",\"potentialAction\":[{\"@type\":\"ReadAction\",\"target\":[\"https:\/\/bahiaeconomica.com.br\/wp\/2025\/03\/23\/bahia-empata-no-fim-e-conquista-mais-um-titulo-baiano\/\"]}]},{\"@type\":\"BreadcrumbList\",\"@id\":\"https:\/\/bahiaeconomica.com.br\/wp\/2025\/03\/23\/bahia-empata-no-fim-e-conquista-mais-um-titulo-baiano\/#breadcrumb\",\"itemListElement\":[{\"@type\":\"ListItem\",\"position\":1,\"name\":\"In\u00edcio\",\"item\":\"https:\/\/bahiaeconomica.com.br\/wp\/\"},{\"@type\":\"ListItem\",\"position\":2,\"name\":\"BAHIA EMPATA NO FIM E CONQUISTA MAIS UM T\u00cdTULO BAIANO\"}]},{\"@type\":\"WebSite\",\"@id\":\"https:\/\/bahiaeconomica.com.br\/wp\/#website\",\"url\":\"https:\/\/bahiaeconomica.com.br\/wp\/\",\"name\":\"Bahia Economica\",\"description\":\"O maior portal de Economia da Bahia\",\"publisher\":{\"@id\":\"https:\/\/bahiaeconomica.com.br\/wp\/#organization\"},\"potentialAction\":[{\"@type\":\"SearchAction\",\"target\":{\"@type\":\"EntryPoint\",\"urlTemplate\":\"https:\/\/bahiaeconomica.com.br\/wp\/?s={search_term_string}\"},\"query-input\":\"required name=search_term_string\"}],\"inLanguage\":\"pt-BR\"},{\"@type\":\"Organization\",\"@id\":\"https:\/\/bahiaeconomica.com.br\/wp\/#organization\",\"name\":\"Bahia Econ\u00f4mica\",\"url\":\"https:\/\/bahiaeconomica.com.br\/wp\/\",\"logo\":{\"@type\":\"ImageObject\",\"inLanguage\":\"pt-BR\",\"@id\":\"https:\/\/bahiaeconomica.com.br\/wp\/#\/schema\/logo\/image\/\",\"url\":\"https:\/\/bahiaeconomica.com.br\/wp\/wp-content\/uploads\/2020\/12\/cropped-BE.png\",\"contentUrl\":\"https:\/\/bahiaeconomica.com.br\/wp\/wp-content\/uploads\/2020\/12\/cropped-BE.png\",\"width\":512,\"height\":512,\"caption\":\"Bahia Econ\u00f4mica\"},\"image\":{\"@id\":\"https:\/\/bahiaeconomica.com.br\/wp\/#\/schema\/logo\/image\/\"},\"sameAs\":[\"https:\/\/www.facebook.com\/bahiaeconomica\"]},{\"@type\":\"Person\",\"@id\":\"https:\/\/bahiaeconomica.com.br\/wp\/#\/schema\/person\/c86d3a3f8960425a0f9d0e5245991f4e\",\"name\":\"JP\",\"sameAs\":[\"https:\/\/bahiaeconomica.com.br\/wp\/beta\/\"],\"url\":\"https:\/\/bahiaeconomica.com.br\/wp\/author\/jp\/\"}]}<\/script>\n<!-- \/ Yoast SEO plugin. -->","yoast_head_json":{"title":"BAHIA EMPATA NO FIM E CONQUISTA MAIS UM T\u00cdTULO BAIANO - Bahia Economica","description":"O maior portal de Economia da Bahia DESTAQUE DO DIA, Esporte Bahia Economica O Bahia conquistou o 51\u00ba t\u00edtulo do Campeonato Baiano","robots":{"index":"index","follow":"follow","max-snippet":"max-snippet:-1","max-image-preview":"max-image-preview:large","max-video-preview":"max-video-preview:-1"},"canonical":"https:\/\/bahiaeconomica.com.br\/wp\/2025\/03\/23\/bahia-empata-no-fim-e-conquista-mais-um-titulo-baiano\/","og_locale":"pt_BR","og_type":"article","og_title":"BAHIA EMPATA NO FIM E CONQUISTA MAIS UM T\u00cdTULO BAIANO - Bahia Economica","og_description":"O maior portal de Economia da Bahia DESTAQUE DO DIA, Esporte Bahia Economica O Bahia conquistou o 51\u00ba t\u00edtulo do Campeonato Baiano","og_url":"https:\/\/bahiaeconomica.com.br\/wp\/2025\/03\/23\/bahia-empata-no-fim-e-conquista-mais-um-titulo-baiano\/","og_site_name":"Bahia Economica","article_publisher":"https:\/\/www.facebook.com\/bahiaeconomica","article_published_time":"2025-03-23T21:24:26+00:00","article_modified_time":"2025-03-23T22:46:03+00:00","og_image":[{"width":1200,"height":630,"url":"https:\/\/bahiaeconomica.com.br\/wp\/wp-content\/uploads\/2025\/03\/IMAGEM_BAHIA_9.webp","type":"image\/webp"}],"author":"JP","twitter_card":"summary_large_image","twitter_misc":{"Escrito por":"JP","Est. tempo de leitura":"2 minutos"},"schema":{"@context":"https:\/\/schema.org","@graph":[{"@type":"Article","@id":"https:\/\/bahiaeconomica.com.br\/wp\/2025\/03\/23\/bahia-empata-no-fim-e-conquista-mais-um-titulo-baiano\/#article","isPartOf":{"@id":"https:\/\/bahiaeconomica.com.br\/wp\/2025\/03\/23\/bahia-empata-no-fim-e-conquista-mais-um-titulo-baiano\/"},"author":{"name":"JP","@id":"https:\/\/bahiaeconomica.com.br\/wp\/#\/schema\/person\/c86d3a3f8960425a0f9d0e5245991f4e"},"headline":"BAHIA EMPATA NO FIM E CONQUISTA MAIS UM T\u00cdTULO BAIANO","datePublished":"2025-03-23T21:24:26+00:00","dateModified":"2025-03-23T22:46:03+00:00","mainEntityOfPage":{"@id":"https:\/\/bahiaeconomica.com.br\/wp\/2025\/03\/23\/bahia-empata-no-fim-e-conquista-mais-um-titulo-baiano\/"},"wordCount":328,"publisher":{"@id":"https:\/\/bahiaeconomica.com.br\/wp\/#organization"},"keywords":["Bahia","baiano","Pol\u00edtica"],"articleSection":["DESTAQUE DO DIA","Esporte"],"inLanguage":"pt-BR"},{"@type":"WebPage","@id":"https:\/\/bahiaeconomica.com.br\/wp\/2025\/03\/23\/bahia-empata-no-fim-e-conquista-mais-um-titulo-baiano\/","url":"https:\/\/bahiaeconomica.com.br\/wp\/2025\/03\/23\/bahia-empata-no-fim-e-conquista-mais-um-titulo-baiano\/","name":"BAHIA EMPATA NO FIM E CONQUISTA MAIS UM T\u00cdTULO BAIANO - Bahia Economica","isPartOf":{"@id":"https:\/\/bahiaeconomica.com.br\/wp\/#website"},"datePublished":"2025-03-23T21:24:26+00:00","dateModified":"2025-03-23T22:46:03+00:00","description":"O maior portal de Economia da Bahia DESTAQUE DO DIA, Esporte Bahia Economica O Bahia conquistou o 51\u00ba t\u00edtulo do Campeonato Baiano","breadcrumb":{"@id":"https:\/\/bahiaeconomica.com.br\/wp\/2025\/03\/23\/bahia-empata-no-fim-e-conquista-mais-um-titulo-baiano\/#breadcrumb"},"inLanguage":"pt-BR","potentialAction":[{"@type":"ReadAction","target":["https:\/\/bahiaeconomica.com.br\/wp\/2025\/03\/23\/bahia-empata-no-fim-e-conquista-mais-um-titulo-baiano\/"]}]},{"@type":"BreadcrumbList","@id":"https:\/\/bahiaeconomica.com.br\/wp\/2025\/03\/23\/bahia-empata-no-fim-e-conquista-mais-um-titulo-baiano\/#breadcrumb","itemListElement":[{"@type":"ListItem","position":1,"name":"In\u00edcio","item":"https:\/\/bahiaeconomica.com.br\/wp\/"},{"@type":"ListItem","position":2,"name":"BAHIA EMPATA NO FIM E CONQUISTA MAIS UM T\u00cdTULO BAIANO"}]},{"@type":"WebSite","@id":"https:\/\/bahiaeconomica.com.br\/wp\/#website","url":"https:\/\/bahiaeconomica.com.br\/wp\/","name":"Bahia Economica","description":"O maior portal de Economia da Bahia","publisher":{"@id":"https:\/\/bahiaeconomica.com.br\/wp\/#organization"},"potentialAction":[{"@type":"SearchAction","target":{"@type":"EntryPoint","urlTemplate":"https:\/\/bahiaeconomica.com.br\/wp\/?s={search_term_string}"},"query-input":"required name=search_term_string"}],"inLanguage":"pt-BR"},{"@type":"Organization","@id":"https:\/\/bahiaeconomica.com.br\/wp\/#organization","name":"Bahia Econ\u00f4mica","url":"https:\/\/bahiaeconomica.com.br\/wp\/","logo":{"@type":"ImageObject","inLanguage":"pt-BR","@id":"https:\/\/bahiaeconomica.com.br\/wp\/#\/schema\/logo\/image\/","url":"https:\/\/bahiaeconomica.com.br\/wp\/wp-content\/uploads\/2020\/12\/cropped-BE.png","contentUrl":"https:\/\/bahiaeconomica.com.br\/wp\/wp-content\/uploads\/2020\/12\/cropped-BE.png","width":512,"height":512,"caption":"Bahia Econ\u00f4mica"},"image":{"@id":"https:\/\/bahiaeconomica.com.br\/wp\/#\/schema\/logo\/image\/"},"sameAs":["https:\/\/www.facebook.com\/bahiaeconomica"]},{"@type":"Person","@id":"https:\/\/bahiaeconomica.com.br\/wp\/#\/schema\/person\/c86d3a3f8960425a0f9d0e5245991f4e","name":"JP","sameAs":["https:\/\/bahiaeconomica.com.br\/wp\/beta\/"],"url":"https:\/\/bahiaeconomica.com.br\/wp\/author\/jp\/"}]}},"views":36,"_links":{"self":[{"href":"https:\/\/bahiaeconomica.com.br\/wp\/wp-json\/wp\/v2\/posts\/889682"}],"collection":[{"href":"https:\/\/bahiaeconomica.com.br\/wp\/wp-json\/wp\/v2\/posts"}],"about":[{"href":"https:\/\/bahiaeconomica.com.br\/wp\/wp-json\/wp\/v2\/types\/post"}],"author":[{"embeddable":true,"href":"https:\/\/bahiaeconomica.com.br\/wp\/wp-json\/wp\/v2\/users\/8"}],"replies":[{"embeddable":true,"href":"https:\/\/bahiaeconomica.com.br\/wp\/wp-json\/wp\/v2\/comments?post=889682"}],"version-history":[{"count":2,"href":"https:\/\/bahiaeconomica.com.br\/wp\/wp-json\/wp\/v2\/posts\/889682\/revisions"}],"predecessor-version":[{"id":889685,"href":"https:\/\/bahiaeconomica.com.br\/wp\/wp-json\/wp\/v2\/posts\/889682\/revisions\/889685"}],"wp:featuredmedia":[{"embeddable":true,"href":"https:\/\/bahiaeconomica.com.br\/wp\/wp-json\/wp\/v2\/media\/889686"}],"wp:attachment":[{"href":"https:\/\/bahiaeconomica.com.br\/wp\/wp-json\/wp\/v2\/media?parent=889682"}],"wp:term":[{"taxonomy":"category","embeddable":true,"href":"https:\/\/bahiaeconomica.com.br\/wp\/wp-json\/wp\/v2\/categories?post=889682"},{"taxonomy":"post_tag","embeddable":true,"href":"https:\/\/bahiaeconomica.com.br\/wp\/wp-json\/wp\/v2\/tags?post=889682"}],"curies":[{"name":"wp","href":"https:\/\/api.w.org\/{rel}","templated":true}]}}