{"id":889652,"date":"2025-03-22T09:11:53","date_gmt":"2025-03-22T12:11:53","guid":{"rendered":"https:\/\/bahiaeconomica.com.br\/wp\/?p=889652"},"modified":"2025-03-22T09:12:23","modified_gmt":"2025-03-22T12:12:23","slug":"projeto-de-educacao-ambiental-fara-plantio-de-600-mudas-de-mangue-em-madre-de-deus","status":"publish","type":"post","link":"https:\/\/bahiaeconomica.com.br\/wp\/2025\/03\/22\/projeto-de-educacao-ambiental-fara-plantio-de-600-mudas-de-mangue-em-madre-de-deus\/","title":{"rendered":"PROJETO DE EDUCA\u00c7\u00c3O AMBIENTAL FAR\u00c1 PLANTIO DE 600 MUDAS DE MANGUE EM MADRE DE DEUS"},"content":{"rendered":"<p>O Programa de Educa\u00e7\u00e3o Ambiental Movimento Replantio, realizado pelo Projeto Recife das Pina\u00fanas, iniciativa realizada com o apoio da Acelen, aportou no munic\u00edpio de Madre de Deus, onde desenvolvem atividades que visam sensibilizar para a prote\u00e7\u00e3o e conserva\u00e7\u00e3o do ecossistema manguezal. Iniciado no dia 17 de mar\u00e7o, o projeto envolve estudantes e professores do 5\u00ba ano da Escola Municipal Deijair Maria Pinheiro e do 9\u00ba do ano do Complexo de Educa\u00e7\u00e3o Municipal Professor Magalh\u00e3es Netto. A programa\u00e7\u00e3o conta com aulas te\u00f3ricas sobre \u201cO ecossistema manguezal e a sua import\u00e2ncia\u201d e \u201cOs res\u00edduos s\u00f3lidos e suas problem\u00e1ticas\u201d. J\u00e1 a parte pr\u00e1tica envolver\u00e1 o monitoramento dos res\u00edduos s\u00f3lidos no manguezal e o replantio de 600 mudas de mangue vermelho.<\/p>\n<p>Deusd\u00e9lia Andrade, educadora ambiental e coordenadora do projeto, destaca a relev\u00e2ncia de sensibilizar a comunidade sobre o valor dos manguezais. &#8220;Nossa proposta \u00e9 que, por meio da educa\u00e7\u00e3o ambiental, possamos chamar a aten\u00e7\u00e3o da comunidade para a import\u00e2ncia da conserva\u00e7\u00e3o desse ecossistema essencial&#8221;, comenta. A expectativa \u00e9 que mais de 100 estudantes participem do projeto. Destes, seis (9\u00ba ano) ser\u00e3o capacitados para atuar como monitores junto aos profissionais respons\u00e1veis pela execu\u00e7\u00e3o do Programa de Educa\u00e7\u00e3o Ambiental Movimento Replantio.<\/p>\n<p>Madre de Deus, cidade que conta com uma \u00e1rea de 29 km\u00b2 de mangue, \u00e9 a segunda localidade a receber a iniciativa apoiada pela Acelen. Antes, o Projeto Recife das Pina\u00fanas passou pela comunidade do Ca\u00edpe, em S\u00e3o Francisco do Conde, onde realizou o plantio de 650 mudas de mangue vermelho e coleta de quase 400kg de lixo. Em Madre de Deus a a\u00e7\u00e3o segue at\u00e9 o m\u00eas de julho, com a certifica\u00e7\u00e3o de todos os participantes.<\/p>\n<p>Os manguezais brasileiros s\u00e3o considerados \u00e1reas de preserva\u00e7\u00e3o permanente, protegidos por diversas leis que reconhecem sua import\u00e2ncia para a estabilidade ecol\u00f3gica e a prote\u00e7\u00e3o das \u00e1reas costeiras. Com iniciativas como o Projeto Recife das Pina\u00fanas, a Acelen refor\u00e7a seu compromisso com a\u00e7\u00f5es de ESG para a conserva\u00e7\u00e3o ambiental e a conscientiza\u00e7\u00e3o das futuras gera\u00e7\u00f5es para pr\u00e1ticas sustent\u00e1veis.<\/p>\n<p>&nbsp;<\/p>\n<p>Cr\u00e9dito: Afonso Santana<\/p>\n","protected":false},"excerpt":{"rendered":"<p>O Programa de Educa\u00e7\u00e3o Ambiental Movimento Replantio, realizado pelo Projeto Recife das Pina\u00fanas, iniciativa realizada com o apoio da Acelen, aportou no munic\u00edpio de Madre de Deus, onde desenvolvem atividades que visam sensibilizar para a prote\u00e7\u00e3o e conserva\u00e7\u00e3o do ecossistema manguezal. Iniciado no dia 17 de mar\u00e7o, o projeto envolve estudantes e professores do 5\u00ba [&hellip;]<\/p>\n","protected":false},"author":8,"featured_media":889653,"comment_status":"closed","ping_status":"closed","sticky":false,"template":"","format":"standard","meta":[],"categories":[5],"tags":[52,1176,1086],"acf":[],"yoast_head":"<!-- This site is optimized with the Yoast SEO plugin v20.8 - https:\/\/yoast.com\/wordpress\/plugins\/seo\/ -->\n<title>PROJETO DE EDUCA\u00c7\u00c3O AMBIENTAL FAR\u00c1 PLANTIO DE 600 MUDAS DE MANGUE EM MADRE DE DEUS - Bahia Economica<\/title>\n<meta name=\"description\" content=\"O maior portal de Economia da Bahia MUNIC\u00cdPIOS Bahia Economica Os manguezais brasileiros s\u00e3o considerados \u00e1reas de preserva\u00e7\u00e3o\" \/>\n<meta name=\"robots\" content=\"index, follow, max-snippet:-1, max-image-preview:large, max-video-preview:-1\" \/>\n<link rel=\"canonical\" href=\"https:\/\/bahiaeconomica.com.br\/wp\/2025\/03\/22\/projeto-de-educacao-ambiental-fara-plantio-de-600-mudas-de-mangue-em-madre-de-deus\/\" \/>\n<meta property=\"og:locale\" content=\"pt_BR\" \/>\n<meta property=\"og:type\" content=\"article\" \/>\n<meta property=\"og:title\" content=\"PROJETO DE EDUCA\u00c7\u00c3O AMBIENTAL FAR\u00c1 PLANTIO DE 600 MUDAS DE MANGUE EM MADRE DE DEUS - Bahia Economica\" \/>\n<meta property=\"og:description\" content=\"O maior portal de Economia da Bahia MUNIC\u00cdPIOS Bahia Economica Os manguezais brasileiros s\u00e3o considerados \u00e1reas de preserva\u00e7\u00e3o\" \/>\n<meta property=\"og:url\" content=\"https:\/\/bahiaeconomica.com.br\/wp\/2025\/03\/22\/projeto-de-educacao-ambiental-fara-plantio-de-600-mudas-de-mangue-em-madre-de-deus\/\" \/>\n<meta property=\"og:site_name\" content=\"Bahia Economica\" \/>\n<meta property=\"article:publisher\" content=\"https:\/\/www.facebook.com\/bahiaeconomica\" \/>\n<meta property=\"article:published_time\" content=\"2025-03-22T12:11:53+00:00\" \/>\n<meta property=\"article:modified_time\" content=\"2025-03-22T12:12:23+00:00\" \/>\n<meta property=\"og:image\" content=\"https:\/\/bahiaeconomica.com.br\/wp\/wp-content\/uploads\/2025\/03\/WhatsApp-Image-2025-03-21-at-15.16.30.jpeg\" \/>\n\t<meta property=\"og:image:width\" content=\"1600\" \/>\n\t<meta property=\"og:image:height\" content=\"1066\" \/>\n\t<meta property=\"og:image:type\" content=\"image\/jpeg\" \/>\n<meta name=\"author\" content=\"JP\" \/>\n<meta name=\"twitter:card\" content=\"summary_large_image\" \/>\n<meta name=\"twitter:label1\" content=\"Escrito por\" \/>\n\t<meta name=\"twitter:data1\" content=\"JP\" \/>\n\t<meta name=\"twitter:label2\" content=\"Est. tempo de leitura\" \/>\n\t<meta name=\"twitter:data2\" content=\"2 minutos\" \/>\n<script type=\"application\/ld+json\" class=\"yoast-schema-graph\">{\"@context\":\"https:\/\/schema.org\",\"@graph\":[{\"@type\":\"Article\",\"@id\":\"https:\/\/bahiaeconomica.com.br\/wp\/2025\/03\/22\/projeto-de-educacao-ambiental-fara-plantio-de-600-mudas-de-mangue-em-madre-de-deus\/#article\",\"isPartOf\":{\"@id\":\"https:\/\/bahiaeconomica.com.br\/wp\/2025\/03\/22\/projeto-de-educacao-ambiental-fara-plantio-de-600-mudas-de-mangue-em-madre-de-deus\/\"},\"author\":{\"name\":\"JP\",\"@id\":\"https:\/\/bahiaeconomica.com.br\/wp\/#\/schema\/person\/c86d3a3f8960425a0f9d0e5245991f4e\"},\"headline\":\"PROJETO DE EDUCA\u00c7\u00c3O AMBIENTAL FAR\u00c1 PLANTIO DE 600 MUDAS DE MANGUE EM MADRE DE DEUS\",\"datePublished\":\"2025-03-22T12:11:53+00:00\",\"dateModified\":\"2025-03-22T12:12:23+00:00\",\"mainEntityOfPage\":{\"@id\":\"https:\/\/bahiaeconomica.com.br\/wp\/2025\/03\/22\/projeto-de-educacao-ambiental-fara-plantio-de-600-mudas-de-mangue-em-madre-de-deus\/\"},\"wordCount\":384,\"publisher\":{\"@id\":\"https:\/\/bahiaeconomica.com.br\/wp\/#organization\"},\"keywords\":[\"Brasil\",\"mudan\u00e7a\",\"novidade\"],\"articleSection\":[\"MUNIC\u00cdPIOS\"],\"inLanguage\":\"pt-BR\"},{\"@type\":\"WebPage\",\"@id\":\"https:\/\/bahiaeconomica.com.br\/wp\/2025\/03\/22\/projeto-de-educacao-ambiental-fara-plantio-de-600-mudas-de-mangue-em-madre-de-deus\/\",\"url\":\"https:\/\/bahiaeconomica.com.br\/wp\/2025\/03\/22\/projeto-de-educacao-ambiental-fara-plantio-de-600-mudas-de-mangue-em-madre-de-deus\/\",\"name\":\"PROJETO DE EDUCA\u00c7\u00c3O AMBIENTAL FAR\u00c1 PLANTIO DE 600 MUDAS DE MANGUE EM MADRE DE DEUS - Bahia Economica\",\"isPartOf\":{\"@id\":\"https:\/\/bahiaeconomica.com.br\/wp\/#website\"},\"datePublished\":\"2025-03-22T12:11:53+00:00\",\"dateModified\":\"2025-03-22T12:12:23+00:00\",\"description\":\"O maior portal de Economia da Bahia MUNIC\u00cdPIOS Bahia Economica Os manguezais brasileiros s\u00e3o considerados \u00e1reas de preserva\u00e7\u00e3o\",\"breadcrumb\":{\"@id\":\"https:\/\/bahiaeconomica.com.br\/wp\/2025\/03\/22\/projeto-de-educacao-ambiental-fara-plantio-de-600-mudas-de-mangue-em-madre-de-deus\/#breadcrumb\"},\"inLanguage\":\"pt-BR\",\"potentialAction\":[{\"@type\":\"ReadAction\",\"target\":[\"https:\/\/bahiaeconomica.com.br\/wp\/2025\/03\/22\/projeto-de-educacao-ambiental-fara-plantio-de-600-mudas-de-mangue-em-madre-de-deus\/\"]}]},{\"@type\":\"BreadcrumbList\",\"@id\":\"https:\/\/bahiaeconomica.com.br\/wp\/2025\/03\/22\/projeto-de-educacao-ambiental-fara-plantio-de-600-mudas-de-mangue-em-madre-de-deus\/#breadcrumb\",\"itemListElement\":[{\"@type\":\"ListItem\",\"position\":1,\"name\":\"In\u00edcio\",\"item\":\"https:\/\/bahiaeconomica.com.br\/wp\/\"},{\"@type\":\"ListItem\",\"position\":2,\"name\":\"PROJETO DE EDUCA\u00c7\u00c3O AMBIENTAL FAR\u00c1 PLANTIO DE 600 MUDAS DE MANGUE EM MADRE DE DEUS\"}]},{\"@type\":\"WebSite\",\"@id\":\"https:\/\/bahiaeconomica.com.br\/wp\/#website\",\"url\":\"https:\/\/bahiaeconomica.com.br\/wp\/\",\"name\":\"Bahia Economica\",\"description\":\"O maior portal de Economia da Bahia\",\"publisher\":{\"@id\":\"https:\/\/bahiaeconomica.com.br\/wp\/#organization\"},\"potentialAction\":[{\"@type\":\"SearchAction\",\"target\":{\"@type\":\"EntryPoint\",\"urlTemplate\":\"https:\/\/bahiaeconomica.com.br\/wp\/?s={search_term_string}\"},\"query-input\":\"required name=search_term_string\"}],\"inLanguage\":\"pt-BR\"},{\"@type\":\"Organization\",\"@id\":\"https:\/\/bahiaeconomica.com.br\/wp\/#organization\",\"name\":\"Bahia Econ\u00f4mica\",\"url\":\"https:\/\/bahiaeconomica.com.br\/wp\/\",\"logo\":{\"@type\":\"ImageObject\",\"inLanguage\":\"pt-BR\",\"@id\":\"https:\/\/bahiaeconomica.com.br\/wp\/#\/schema\/logo\/image\/\",\"url\":\"https:\/\/bahiaeconomica.com.br\/wp\/wp-content\/uploads\/2020\/12\/cropped-BE.png\",\"contentUrl\":\"https:\/\/bahiaeconomica.com.br\/wp\/wp-content\/uploads\/2020\/12\/cropped-BE.png\",\"width\":512,\"height\":512,\"caption\":\"Bahia Econ\u00f4mica\"},\"image\":{\"@id\":\"https:\/\/bahiaeconomica.com.br\/wp\/#\/schema\/logo\/image\/\"},\"sameAs\":[\"https:\/\/www.facebook.com\/bahiaeconomica\"]},{\"@type\":\"Person\",\"@id\":\"https:\/\/bahiaeconomica.com.br\/wp\/#\/schema\/person\/c86d3a3f8960425a0f9d0e5245991f4e\",\"name\":\"JP\",\"sameAs\":[\"https:\/\/bahiaeconomica.com.br\/wp\/beta\/\"],\"url\":\"https:\/\/bahiaeconomica.com.br\/wp\/author\/jp\/\"}]}<\/script>\n<!-- \/ Yoast SEO plugin. -->","yoast_head_json":{"title":"PROJETO DE EDUCA\u00c7\u00c3O AMBIENTAL FAR\u00c1 PLANTIO DE 600 MUDAS DE MANGUE EM MADRE DE DEUS - Bahia Economica","description":"O maior portal de Economia da Bahia MUNIC\u00cdPIOS Bahia Economica Os manguezais brasileiros s\u00e3o considerados \u00e1reas de preserva\u00e7\u00e3o","robots":{"index":"index","follow":"follow","max-snippet":"max-snippet:-1","max-image-preview":"max-image-preview:large","max-video-preview":"max-video-preview:-1"},"canonical":"https:\/\/bahiaeconomica.com.br\/wp\/2025\/03\/22\/projeto-de-educacao-ambiental-fara-plantio-de-600-mudas-de-mangue-em-madre-de-deus\/","og_locale":"pt_BR","og_type":"article","og_title":"PROJETO DE EDUCA\u00c7\u00c3O AMBIENTAL FAR\u00c1 PLANTIO DE 600 MUDAS DE MANGUE EM MADRE DE DEUS - Bahia Economica","og_description":"O maior portal de Economia da Bahia MUNIC\u00cdPIOS Bahia Economica Os manguezais brasileiros s\u00e3o considerados \u00e1reas de preserva\u00e7\u00e3o","og_url":"https:\/\/bahiaeconomica.com.br\/wp\/2025\/03\/22\/projeto-de-educacao-ambiental-fara-plantio-de-600-mudas-de-mangue-em-madre-de-deus\/","og_site_name":"Bahia Economica","article_publisher":"https:\/\/www.facebook.com\/bahiaeconomica","article_published_time":"2025-03-22T12:11:53+00:00","article_modified_time":"2025-03-22T12:12:23+00:00","og_image":[{"width":1600,"height":1066,"url":"https:\/\/bahiaeconomica.com.br\/wp\/wp-content\/uploads\/2025\/03\/WhatsApp-Image-2025-03-21-at-15.16.30.jpeg","type":"image\/jpeg"}],"author":"JP","twitter_card":"summary_large_image","twitter_misc":{"Escrito por":"JP","Est. tempo de leitura":"2 minutos"},"schema":{"@context":"https:\/\/schema.org","@graph":[{"@type":"Article","@id":"https:\/\/bahiaeconomica.com.br\/wp\/2025\/03\/22\/projeto-de-educacao-ambiental-fara-plantio-de-600-mudas-de-mangue-em-madre-de-deus\/#article","isPartOf":{"@id":"https:\/\/bahiaeconomica.com.br\/wp\/2025\/03\/22\/projeto-de-educacao-ambiental-fara-plantio-de-600-mudas-de-mangue-em-madre-de-deus\/"},"author":{"name":"JP","@id":"https:\/\/bahiaeconomica.com.br\/wp\/#\/schema\/person\/c86d3a3f8960425a0f9d0e5245991f4e"},"headline":"PROJETO DE EDUCA\u00c7\u00c3O AMBIENTAL FAR\u00c1 PLANTIO DE 600 MUDAS DE MANGUE EM MADRE DE DEUS","datePublished":"2025-03-22T12:11:53+00:00","dateModified":"2025-03-22T12:12:23+00:00","mainEntityOfPage":{"@id":"https:\/\/bahiaeconomica.com.br\/wp\/2025\/03\/22\/projeto-de-educacao-ambiental-fara-plantio-de-600-mudas-de-mangue-em-madre-de-deus\/"},"wordCount":384,"publisher":{"@id":"https:\/\/bahiaeconomica.com.br\/wp\/#organization"},"keywords":["Brasil","mudan\u00e7a","novidade"],"articleSection":["MUNIC\u00cdPIOS"],"inLanguage":"pt-BR"},{"@type":"WebPage","@id":"https:\/\/bahiaeconomica.com.br\/wp\/2025\/03\/22\/projeto-de-educacao-ambiental-fara-plantio-de-600-mudas-de-mangue-em-madre-de-deus\/","url":"https:\/\/bahiaeconomica.com.br\/wp\/2025\/03\/22\/projeto-de-educacao-ambiental-fara-plantio-de-600-mudas-de-mangue-em-madre-de-deus\/","name":"PROJETO DE EDUCA\u00c7\u00c3O AMBIENTAL FAR\u00c1 PLANTIO DE 600 MUDAS DE MANGUE EM MADRE DE DEUS - Bahia Economica","isPartOf":{"@id":"https:\/\/bahiaeconomica.com.br\/wp\/#website"},"datePublished":"2025-03-22T12:11:53+00:00","dateModified":"2025-03-22T12:12:23+00:00","description":"O maior portal de Economia da Bahia MUNIC\u00cdPIOS Bahia Economica Os manguezais brasileiros s\u00e3o considerados \u00e1reas de preserva\u00e7\u00e3o","breadcrumb":{"@id":"https:\/\/bahiaeconomica.com.br\/wp\/2025\/03\/22\/projeto-de-educacao-ambiental-fara-plantio-de-600-mudas-de-mangue-em-madre-de-deus\/#breadcrumb"},"inLanguage":"pt-BR","potentialAction":[{"@type":"ReadAction","target":["https:\/\/bahiaeconomica.com.br\/wp\/2025\/03\/22\/projeto-de-educacao-ambiental-fara-plantio-de-600-mudas-de-mangue-em-madre-de-deus\/"]}]},{"@type":"BreadcrumbList","@id":"https:\/\/bahiaeconomica.com.br\/wp\/2025\/03\/22\/projeto-de-educacao-ambiental-fara-plantio-de-600-mudas-de-mangue-em-madre-de-deus\/#breadcrumb","itemListElement":[{"@type":"ListItem","position":1,"name":"In\u00edcio","item":"https:\/\/bahiaeconomica.com.br\/wp\/"},{"@type":"ListItem","position":2,"name":"PROJETO DE EDUCA\u00c7\u00c3O AMBIENTAL FAR\u00c1 PLANTIO DE 600 MUDAS DE MANGUE EM MADRE DE DEUS"}]},{"@type":"WebSite","@id":"https:\/\/bahiaeconomica.com.br\/wp\/#website","url":"https:\/\/bahiaeconomica.com.br\/wp\/","name":"Bahia Economica","description":"O maior portal de Economia da Bahia","publisher":{"@id":"https:\/\/bahiaeconomica.com.br\/wp\/#organization"},"potentialAction":[{"@type":"SearchAction","target":{"@type":"EntryPoint","urlTemplate":"https:\/\/bahiaeconomica.com.br\/wp\/?s={search_term_string}"},"query-input":"required name=search_term_string"}],"inLanguage":"pt-BR"},{"@type":"Organization","@id":"https:\/\/bahiaeconomica.com.br\/wp\/#organization","name":"Bahia Econ\u00f4mica","url":"https:\/\/bahiaeconomica.com.br\/wp\/","logo":{"@type":"ImageObject","inLanguage":"pt-BR","@id":"https:\/\/bahiaeconomica.com.br\/wp\/#\/schema\/logo\/image\/","url":"https:\/\/bahiaeconomica.com.br\/wp\/wp-content\/uploads\/2020\/12\/cropped-BE.png","contentUrl":"https:\/\/bahiaeconomica.com.br\/wp\/wp-content\/uploads\/2020\/12\/cropped-BE.png","width":512,"height":512,"caption":"Bahia Econ\u00f4mica"},"image":{"@id":"https:\/\/bahiaeconomica.com.br\/wp\/#\/schema\/logo\/image\/"},"sameAs":["https:\/\/www.facebook.com\/bahiaeconomica"]},{"@type":"Person","@id":"https:\/\/bahiaeconomica.com.br\/wp\/#\/schema\/person\/c86d3a3f8960425a0f9d0e5245991f4e","name":"JP","sameAs":["https:\/\/bahiaeconomica.com.br\/wp\/beta\/"],"url":"https:\/\/bahiaeconomica.com.br\/wp\/author\/jp\/"}]}},"views":31,"_links":{"self":[{"href":"https:\/\/bahiaeconomica.com.br\/wp\/wp-json\/wp\/v2\/posts\/889652"}],"collection":[{"href":"https:\/\/bahiaeconomica.com.br\/wp\/wp-json\/wp\/v2\/posts"}],"about":[{"href":"https:\/\/bahiaeconomica.com.br\/wp\/wp-json\/wp\/v2\/types\/post"}],"author":[{"embeddable":true,"href":"https:\/\/bahiaeconomica.com.br\/wp\/wp-json\/wp\/v2\/users\/8"}],"replies":[{"embeddable":true,"href":"https:\/\/bahiaeconomica.com.br\/wp\/wp-json\/wp\/v2\/comments?post=889652"}],"version-history":[{"count":2,"href":"https:\/\/bahiaeconomica.com.br\/wp\/wp-json\/wp\/v2\/posts\/889652\/revisions"}],"predecessor-version":[{"id":889655,"href":"https:\/\/bahiaeconomica.com.br\/wp\/wp-json\/wp\/v2\/posts\/889652\/revisions\/889655"}],"wp:featuredmedia":[{"embeddable":true,"href":"https:\/\/bahiaeconomica.com.br\/wp\/wp-json\/wp\/v2\/media\/889653"}],"wp:attachment":[{"href":"https:\/\/bahiaeconomica.com.br\/wp\/wp-json\/wp\/v2\/media?parent=889652"}],"wp:term":[{"taxonomy":"category","embeddable":true,"href":"https:\/\/bahiaeconomica.com.br\/wp\/wp-json\/wp\/v2\/categories?post=889652"},{"taxonomy":"post_tag","embeddable":true,"href":"https:\/\/bahiaeconomica.com.br\/wp\/wp-json\/wp\/v2\/tags?post=889652"}],"curies":[{"name":"wp","href":"https:\/\/api.w.org\/{rel}","templated":true}]}}