{"id":889611,"date":"2025-03-21T19:52:56","date_gmt":"2025-03-21T22:52:56","guid":{"rendered":"https:\/\/bahiaeconomica.com.br\/wp\/?p=889611"},"modified":"2025-03-21T19:13:59","modified_gmt":"2025-03-21T22:13:59","slug":"aviacao-brasileira-registra-mais-de-750-mil-passageiros-em-fevereiro","status":"publish","type":"post","link":"https:\/\/bahiaeconomica.com.br\/wp\/2025\/03\/21\/aviacao-brasileira-registra-mais-de-750-mil-passageiros-em-fevereiro\/","title":{"rendered":"AVIA\u00c7\u00c3O BRASILEIRA REGISTRA MAIS DE 750 MIL PASSAGEIROS EM FEVEREIRO"},"content":{"rendered":"<p>A avia\u00e7\u00e3o civil brasileira segue crescendo em ritmo acelerado em 2025. No segundo m\u00eas deste ano, o pa\u00eds registou um acr\u00e9scimo de 750 mil viajantes em rotas nacionais e internacionais, quando 9,56 milh\u00f5es de passageiros utilizaram o modal a\u00e9reo. H\u00e1 um ano, o pa\u00eds havia registrado 8,81 milh\u00f5es. O resultado representa o segundo melhor da hist\u00f3ria para o m\u00eas de fevereiro, com alta de 8,5% na compara\u00e7\u00e3o com igual per\u00edodo do ano passado.<\/p>\n<p>O destaque no segundo m\u00eas do ano se deu na movimenta\u00e7\u00e3o de passageiros em voos dentro pa\u00eds. No total, 7,2 milh\u00f5es de pessoas foram transportadas em mais de 140 aeroportos espalhados por todo o Brasil, valor 7% superior aos n\u00fameros registrados h\u00e1 um ano. S\u00f3 nesse mercado foram inseridas mais de 475 mil pessoas. Este \u00e9 o melhor resultado no mercado dom\u00e9stico para o m\u00eas de fevereiro em cinco anos.<\/p>\n<p>O ministro de Portos e Aeroportos, Silvio Costa Filho, acredita que o sucesso da avia\u00e7\u00e3o est\u00e1 diretamente ligado ao trabalho que vem sendo realizado pelo Governo Federal na moderniza\u00e7\u00e3o dos aeroportos e nas pol\u00edticas p\u00fablicas desenvolvidas para inclus\u00e3o de brasileiros no modal a\u00e9reo, al\u00e9m do bom momento econ\u00f4mico em que pa\u00eds se encontra.<\/p>\n<p>&#8220;A avia\u00e7\u00e3o dialoga com o desenvolvimento econ\u00f4mico. A gente tem tido um olhar estrat\u00e9gico para o turismo interno, que \u00e9 fundamental para o crescimento da economia brasileira. O Brasil est\u00e1 vivendo um momento importante do ponto de vista econ\u00f4mico. A gente precisa preservar as nossas conquistas sociais e avan\u00e7ar na agenda de inclus\u00e3o de passageiros no setor a\u00e9reo. Desde que o presidente Lula assumiu o governo, n\u00f3s tivemos o ingresso de 20 milh\u00f5es de brasileiros a mais viajando pelo pa\u00eds&#8221;, destacou.<\/p>\n<p>Segundo dados da Ag\u00eancia Nacional de Avia\u00e7\u00e3o Civil (Anac), com exce\u00e7\u00e3o do Nordeste, todas as regi\u00f5es brasileiras tiveram crescimento na movimenta\u00e7\u00e3o de passageiros durante o segundo m\u00eas do ano. A maior alta percentual foi observada no Sudeste, que passou de 3,3 milh\u00f5es em 2024 para 3,7 milh\u00f5es em 2025, alta de 10%. Apesar das opera\u00e7\u00f5es estarem sendo retomadas gradativamente no aeroporto Salgado Filho, em Porto Alegre, ap\u00f3s as fortes enchentes que atingiram o estado em maio do ano passado, o n\u00famero de viajantes no Sul aumentou 8%, chegando a 924 este ano.<\/p>\n<p>Foto: Marcelo Camargo\/Ag\u00eancia Brasil<\/p>\n","protected":false},"excerpt":{"rendered":"<p>A avia\u00e7\u00e3o civil brasileira segue crescendo em ritmo acelerado em 2025. No segundo m\u00eas deste ano, o pa\u00eds registou um acr\u00e9scimo de 750 mil viajantes em rotas nacionais e internacionais, quando 9,56 milh\u00f5es de passageiros utilizaram o modal a\u00e9reo. H\u00e1 um ano, o pa\u00eds havia registrado 8,81 milh\u00f5es. O resultado representa o segundo melhor da [&hellip;]<\/p>\n","protected":false},"author":16,"featured_media":889612,"comment_status":"closed","ping_status":"closed","sticky":false,"template":"","format":"standard","meta":[],"categories":[3],"tags":[2851,52,300],"acf":[],"yoast_head":"<!-- This site is optimized with the Yoast SEO plugin v20.8 - https:\/\/yoast.com\/wordpress\/plugins\/seo\/ -->\n<title>AVIA\u00c7\u00c3O BRASILEIRA REGISTRA MAIS DE 750 MIL PASSAGEIROS EM FEVEREIRO - Bahia Economica<\/title>\n<meta name=\"description\" content=\"O maior portal de Economia da Bahia ECONOMIA \/ POL\u00cdTICA Bahia Economica\" \/>\n<meta name=\"robots\" content=\"index, follow, max-snippet:-1, max-image-preview:large, max-video-preview:-1\" \/>\n<link rel=\"canonical\" href=\"https:\/\/bahiaeconomica.com.br\/wp\/2025\/03\/21\/aviacao-brasileira-registra-mais-de-750-mil-passageiros-em-fevereiro\/\" \/>\n<meta property=\"og:locale\" content=\"pt_BR\" \/>\n<meta property=\"og:type\" content=\"article\" \/>\n<meta property=\"og:title\" content=\"AVIA\u00c7\u00c3O BRASILEIRA REGISTRA MAIS DE 750 MIL PASSAGEIROS EM FEVEREIRO - Bahia Economica\" \/>\n<meta property=\"og:description\" content=\"O maior portal de Economia da Bahia ECONOMIA \/ POL\u00cdTICA Bahia Economica\" \/>\n<meta property=\"og:url\" content=\"https:\/\/bahiaeconomica.com.br\/wp\/2025\/03\/21\/aviacao-brasileira-registra-mais-de-750-mil-passageiros-em-fevereiro\/\" \/>\n<meta property=\"og:site_name\" content=\"Bahia Economica\" \/>\n<meta property=\"article:publisher\" content=\"https:\/\/www.facebook.com\/bahiaeconomica\" \/>\n<meta property=\"article:published_time\" content=\"2025-03-21T22:52:56+00:00\" \/>\n<meta property=\"article:modified_time\" content=\"2025-03-21T22:13:59+00:00\" \/>\n<meta property=\"og:image\" content=\"https:\/\/bahiaeconomica.com.br\/wp\/wp-content\/uploads\/2025\/03\/handler-12-1.jpg\" \/>\n\t<meta property=\"og:image:width\" content=\"768\" \/>\n\t<meta property=\"og:image:height\" content=\"576\" \/>\n\t<meta property=\"og:image:type\" content=\"image\/jpeg\" \/>\n<meta name=\"author\" content=\"LUIZA NASCIMENTO\" \/>\n<meta name=\"twitter:card\" content=\"summary_large_image\" \/>\n<meta name=\"twitter:label1\" content=\"Escrito por\" \/>\n\t<meta name=\"twitter:data1\" content=\"LUIZA NASCIMENTO\" \/>\n\t<meta name=\"twitter:label2\" content=\"Est. tempo de leitura\" \/>\n\t<meta name=\"twitter:data2\" content=\"3 minutos\" \/>\n<script type=\"application\/ld+json\" class=\"yoast-schema-graph\">{\"@context\":\"https:\/\/schema.org\",\"@graph\":[{\"@type\":\"Article\",\"@id\":\"https:\/\/bahiaeconomica.com.br\/wp\/2025\/03\/21\/aviacao-brasileira-registra-mais-de-750-mil-passageiros-em-fevereiro\/#article\",\"isPartOf\":{\"@id\":\"https:\/\/bahiaeconomica.com.br\/wp\/2025\/03\/21\/aviacao-brasileira-registra-mais-de-750-mil-passageiros-em-fevereiro\/\"},\"author\":{\"name\":\"LUIZA NASCIMENTO\",\"@id\":\"https:\/\/bahiaeconomica.com.br\/wp\/#\/schema\/person\/18273ac0fe04bfd4e7b101bf17d40152\"},\"headline\":\"AVIA\u00c7\u00c3O BRASILEIRA REGISTRA MAIS DE 750 MIL PASSAGEIROS EM FEVEREIRO\",\"datePublished\":\"2025-03-21T22:52:56+00:00\",\"dateModified\":\"2025-03-21T22:13:59+00:00\",\"mainEntityOfPage\":{\"@id\":\"https:\/\/bahiaeconomica.com.br\/wp\/2025\/03\/21\/aviacao-brasileira-registra-mais-de-750-mil-passageiros-em-fevereiro\/\"},\"wordCount\":415,\"publisher\":{\"@id\":\"https:\/\/bahiaeconomica.com.br\/wp\/#organization\"},\"keywords\":[\"avia\u00e7\u00e3o\",\"Brasil\",\"passageiros\"],\"articleSection\":[\"ECONOMIA \/ POL\u00cdTICA\"],\"inLanguage\":\"pt-BR\"},{\"@type\":\"WebPage\",\"@id\":\"https:\/\/bahiaeconomica.com.br\/wp\/2025\/03\/21\/aviacao-brasileira-registra-mais-de-750-mil-passageiros-em-fevereiro\/\",\"url\":\"https:\/\/bahiaeconomica.com.br\/wp\/2025\/03\/21\/aviacao-brasileira-registra-mais-de-750-mil-passageiros-em-fevereiro\/\",\"name\":\"AVIA\u00c7\u00c3O BRASILEIRA REGISTRA MAIS DE 750 MIL PASSAGEIROS EM FEVEREIRO - Bahia Economica\",\"isPartOf\":{\"@id\":\"https:\/\/bahiaeconomica.com.br\/wp\/#website\"},\"datePublished\":\"2025-03-21T22:52:56+00:00\",\"dateModified\":\"2025-03-21T22:13:59+00:00\",\"description\":\"O maior portal de Economia da Bahia ECONOMIA \/ POL\u00cdTICA Bahia Economica\",\"breadcrumb\":{\"@id\":\"https:\/\/bahiaeconomica.com.br\/wp\/2025\/03\/21\/aviacao-brasileira-registra-mais-de-750-mil-passageiros-em-fevereiro\/#breadcrumb\"},\"inLanguage\":\"pt-BR\",\"potentialAction\":[{\"@type\":\"ReadAction\",\"target\":[\"https:\/\/bahiaeconomica.com.br\/wp\/2025\/03\/21\/aviacao-brasileira-registra-mais-de-750-mil-passageiros-em-fevereiro\/\"]}]},{\"@type\":\"BreadcrumbList\",\"@id\":\"https:\/\/bahiaeconomica.com.br\/wp\/2025\/03\/21\/aviacao-brasileira-registra-mais-de-750-mil-passageiros-em-fevereiro\/#breadcrumb\",\"itemListElement\":[{\"@type\":\"ListItem\",\"position\":1,\"name\":\"In\u00edcio\",\"item\":\"https:\/\/bahiaeconomica.com.br\/wp\/\"},{\"@type\":\"ListItem\",\"position\":2,\"name\":\"AVIA\u00c7\u00c3O BRASILEIRA REGISTRA MAIS DE 750 MIL PASSAGEIROS EM FEVEREIRO\"}]},{\"@type\":\"WebSite\",\"@id\":\"https:\/\/bahiaeconomica.com.br\/wp\/#website\",\"url\":\"https:\/\/bahiaeconomica.com.br\/wp\/\",\"name\":\"Bahia Economica\",\"description\":\"O maior portal de Economia da Bahia\",\"publisher\":{\"@id\":\"https:\/\/bahiaeconomica.com.br\/wp\/#organization\"},\"potentialAction\":[{\"@type\":\"SearchAction\",\"target\":{\"@type\":\"EntryPoint\",\"urlTemplate\":\"https:\/\/bahiaeconomica.com.br\/wp\/?s={search_term_string}\"},\"query-input\":\"required name=search_term_string\"}],\"inLanguage\":\"pt-BR\"},{\"@type\":\"Organization\",\"@id\":\"https:\/\/bahiaeconomica.com.br\/wp\/#organization\",\"name\":\"Bahia Econ\u00f4mica\",\"url\":\"https:\/\/bahiaeconomica.com.br\/wp\/\",\"logo\":{\"@type\":\"ImageObject\",\"inLanguage\":\"pt-BR\",\"@id\":\"https:\/\/bahiaeconomica.com.br\/wp\/#\/schema\/logo\/image\/\",\"url\":\"https:\/\/bahiaeconomica.com.br\/wp\/wp-content\/uploads\/2020\/12\/cropped-BE.png\",\"contentUrl\":\"https:\/\/bahiaeconomica.com.br\/wp\/wp-content\/uploads\/2020\/12\/cropped-BE.png\",\"width\":512,\"height\":512,\"caption\":\"Bahia Econ\u00f4mica\"},\"image\":{\"@id\":\"https:\/\/bahiaeconomica.com.br\/wp\/#\/schema\/logo\/image\/\"},\"sameAs\":[\"https:\/\/www.facebook.com\/bahiaeconomica\"]},{\"@type\":\"Person\",\"@id\":\"https:\/\/bahiaeconomica.com.br\/wp\/#\/schema\/person\/18273ac0fe04bfd4e7b101bf17d40152\",\"name\":\"LUIZA NASCIMENTO\",\"sameAs\":[\"http:\/\/www.bahiaeconomica.com.br\"],\"url\":\"https:\/\/bahiaeconomica.com.br\/wp\/author\/luiza-nascimento\/\"}]}<\/script>\n<!-- \/ Yoast SEO plugin. -->","yoast_head_json":{"title":"AVIA\u00c7\u00c3O BRASILEIRA REGISTRA MAIS DE 750 MIL PASSAGEIROS EM FEVEREIRO - Bahia Economica","description":"O maior portal de Economia da Bahia ECONOMIA \/ POL\u00cdTICA Bahia Economica","robots":{"index":"index","follow":"follow","max-snippet":"max-snippet:-1","max-image-preview":"max-image-preview:large","max-video-preview":"max-video-preview:-1"},"canonical":"https:\/\/bahiaeconomica.com.br\/wp\/2025\/03\/21\/aviacao-brasileira-registra-mais-de-750-mil-passageiros-em-fevereiro\/","og_locale":"pt_BR","og_type":"article","og_title":"AVIA\u00c7\u00c3O BRASILEIRA REGISTRA MAIS DE 750 MIL PASSAGEIROS EM FEVEREIRO - Bahia Economica","og_description":"O maior portal de Economia da Bahia ECONOMIA \/ POL\u00cdTICA Bahia Economica","og_url":"https:\/\/bahiaeconomica.com.br\/wp\/2025\/03\/21\/aviacao-brasileira-registra-mais-de-750-mil-passageiros-em-fevereiro\/","og_site_name":"Bahia Economica","article_publisher":"https:\/\/www.facebook.com\/bahiaeconomica","article_published_time":"2025-03-21T22:52:56+00:00","article_modified_time":"2025-03-21T22:13:59+00:00","og_image":[{"width":768,"height":576,"url":"https:\/\/bahiaeconomica.com.br\/wp\/wp-content\/uploads\/2025\/03\/handler-12-1.jpg","type":"image\/jpeg"}],"author":"LUIZA NASCIMENTO","twitter_card":"summary_large_image","twitter_misc":{"Escrito por":"LUIZA NASCIMENTO","Est. tempo de leitura":"3 minutos"},"schema":{"@context":"https:\/\/schema.org","@graph":[{"@type":"Article","@id":"https:\/\/bahiaeconomica.com.br\/wp\/2025\/03\/21\/aviacao-brasileira-registra-mais-de-750-mil-passageiros-em-fevereiro\/#article","isPartOf":{"@id":"https:\/\/bahiaeconomica.com.br\/wp\/2025\/03\/21\/aviacao-brasileira-registra-mais-de-750-mil-passageiros-em-fevereiro\/"},"author":{"name":"LUIZA NASCIMENTO","@id":"https:\/\/bahiaeconomica.com.br\/wp\/#\/schema\/person\/18273ac0fe04bfd4e7b101bf17d40152"},"headline":"AVIA\u00c7\u00c3O BRASILEIRA REGISTRA MAIS DE 750 MIL PASSAGEIROS EM FEVEREIRO","datePublished":"2025-03-21T22:52:56+00:00","dateModified":"2025-03-21T22:13:59+00:00","mainEntityOfPage":{"@id":"https:\/\/bahiaeconomica.com.br\/wp\/2025\/03\/21\/aviacao-brasileira-registra-mais-de-750-mil-passageiros-em-fevereiro\/"},"wordCount":415,"publisher":{"@id":"https:\/\/bahiaeconomica.com.br\/wp\/#organization"},"keywords":["avia\u00e7\u00e3o","Brasil","passageiros"],"articleSection":["ECONOMIA \/ POL\u00cdTICA"],"inLanguage":"pt-BR"},{"@type":"WebPage","@id":"https:\/\/bahiaeconomica.com.br\/wp\/2025\/03\/21\/aviacao-brasileira-registra-mais-de-750-mil-passageiros-em-fevereiro\/","url":"https:\/\/bahiaeconomica.com.br\/wp\/2025\/03\/21\/aviacao-brasileira-registra-mais-de-750-mil-passageiros-em-fevereiro\/","name":"AVIA\u00c7\u00c3O BRASILEIRA REGISTRA MAIS DE 750 MIL PASSAGEIROS EM FEVEREIRO - Bahia Economica","isPartOf":{"@id":"https:\/\/bahiaeconomica.com.br\/wp\/#website"},"datePublished":"2025-03-21T22:52:56+00:00","dateModified":"2025-03-21T22:13:59+00:00","description":"O maior portal de Economia da Bahia ECONOMIA \/ POL\u00cdTICA Bahia Economica","breadcrumb":{"@id":"https:\/\/bahiaeconomica.com.br\/wp\/2025\/03\/21\/aviacao-brasileira-registra-mais-de-750-mil-passageiros-em-fevereiro\/#breadcrumb"},"inLanguage":"pt-BR","potentialAction":[{"@type":"ReadAction","target":["https:\/\/bahiaeconomica.com.br\/wp\/2025\/03\/21\/aviacao-brasileira-registra-mais-de-750-mil-passageiros-em-fevereiro\/"]}]},{"@type":"BreadcrumbList","@id":"https:\/\/bahiaeconomica.com.br\/wp\/2025\/03\/21\/aviacao-brasileira-registra-mais-de-750-mil-passageiros-em-fevereiro\/#breadcrumb","itemListElement":[{"@type":"ListItem","position":1,"name":"In\u00edcio","item":"https:\/\/bahiaeconomica.com.br\/wp\/"},{"@type":"ListItem","position":2,"name":"AVIA\u00c7\u00c3O BRASILEIRA REGISTRA MAIS DE 750 MIL PASSAGEIROS EM FEVEREIRO"}]},{"@type":"WebSite","@id":"https:\/\/bahiaeconomica.com.br\/wp\/#website","url":"https:\/\/bahiaeconomica.com.br\/wp\/","name":"Bahia Economica","description":"O maior portal de Economia da Bahia","publisher":{"@id":"https:\/\/bahiaeconomica.com.br\/wp\/#organization"},"potentialAction":[{"@type":"SearchAction","target":{"@type":"EntryPoint","urlTemplate":"https:\/\/bahiaeconomica.com.br\/wp\/?s={search_term_string}"},"query-input":"required name=search_term_string"}],"inLanguage":"pt-BR"},{"@type":"Organization","@id":"https:\/\/bahiaeconomica.com.br\/wp\/#organization","name":"Bahia Econ\u00f4mica","url":"https:\/\/bahiaeconomica.com.br\/wp\/","logo":{"@type":"ImageObject","inLanguage":"pt-BR","@id":"https:\/\/bahiaeconomica.com.br\/wp\/#\/schema\/logo\/image\/","url":"https:\/\/bahiaeconomica.com.br\/wp\/wp-content\/uploads\/2020\/12\/cropped-BE.png","contentUrl":"https:\/\/bahiaeconomica.com.br\/wp\/wp-content\/uploads\/2020\/12\/cropped-BE.png","width":512,"height":512,"caption":"Bahia Econ\u00f4mica"},"image":{"@id":"https:\/\/bahiaeconomica.com.br\/wp\/#\/schema\/logo\/image\/"},"sameAs":["https:\/\/www.facebook.com\/bahiaeconomica"]},{"@type":"Person","@id":"https:\/\/bahiaeconomica.com.br\/wp\/#\/schema\/person\/18273ac0fe04bfd4e7b101bf17d40152","name":"LUIZA NASCIMENTO","sameAs":["http:\/\/www.bahiaeconomica.com.br"],"url":"https:\/\/bahiaeconomica.com.br\/wp\/author\/luiza-nascimento\/"}]}},"views":9,"_links":{"self":[{"href":"https:\/\/bahiaeconomica.com.br\/wp\/wp-json\/wp\/v2\/posts\/889611"}],"collection":[{"href":"https:\/\/bahiaeconomica.com.br\/wp\/wp-json\/wp\/v2\/posts"}],"about":[{"href":"https:\/\/bahiaeconomica.com.br\/wp\/wp-json\/wp\/v2\/types\/post"}],"author":[{"embeddable":true,"href":"https:\/\/bahiaeconomica.com.br\/wp\/wp-json\/wp\/v2\/users\/16"}],"replies":[{"embeddable":true,"href":"https:\/\/bahiaeconomica.com.br\/wp\/wp-json\/wp\/v2\/comments?post=889611"}],"version-history":[{"count":1,"href":"https:\/\/bahiaeconomica.com.br\/wp\/wp-json\/wp\/v2\/posts\/889611\/revisions"}],"predecessor-version":[{"id":889613,"href":"https:\/\/bahiaeconomica.com.br\/wp\/wp-json\/wp\/v2\/posts\/889611\/revisions\/889613"}],"wp:featuredmedia":[{"embeddable":true,"href":"https:\/\/bahiaeconomica.com.br\/wp\/wp-json\/wp\/v2\/media\/889612"}],"wp:attachment":[{"href":"https:\/\/bahiaeconomica.com.br\/wp\/wp-json\/wp\/v2\/media?parent=889611"}],"wp:term":[{"taxonomy":"category","embeddable":true,"href":"https:\/\/bahiaeconomica.com.br\/wp\/wp-json\/wp\/v2\/categories?post=889611"},{"taxonomy":"post_tag","embeddable":true,"href":"https:\/\/bahiaeconomica.com.br\/wp\/wp-json\/wp\/v2\/tags?post=889611"}],"curies":[{"name":"wp","href":"https:\/\/api.w.org\/{rel}","templated":true}]}}