{"id":889392,"date":"2025-03-21T12:00:35","date_gmt":"2025-03-21T15:00:35","guid":{"rendered":"https:\/\/bahiaeconomica.com.br\/wp\/?p=889392"},"modified":"2025-03-21T10:49:03","modified_gmt":"2025-03-21T13:49:03","slug":"reajuste-para-servidores-publicos-sera-retroativo-apos-aprovacao-do-orcamento-de-2025","status":"publish","type":"post","link":"https:\/\/bahiaeconomica.com.br\/wp\/2025\/03\/21\/reajuste-para-servidores-publicos-sera-retroativo-apos-aprovacao-do-orcamento-de-2025\/","title":{"rendered":"REAJUSTE PARA SERVIDORES P\u00daBLICOS SER\u00c1 RETROATIVO AP\u00d3S APROVA\u00c7\u00c3O DO OR\u00c7AMENTO DE 2025"},"content":{"rendered":"<p>Com a aprova\u00e7\u00e3o do Or\u00e7amento de 2025, os servidores p\u00fablicos federais ter\u00e3o um reajuste salarial m\u00e9dio de 27%, a ser pago de forma escalonada at\u00e9 o pr\u00f3ximo ano. Como a vota\u00e7\u00e3o do Or\u00e7amento sofreu um atraso de tr\u00eas meses, os valores ser\u00e3o pagos retroativamente. O impacto fiscal da medida foi estimado em R$ 16,2 bilh\u00f5es, dentro de um total de R$ 27,90 bilh\u00f5es reservados para os reajustes.<\/p>\n<p>Durante a leitura do parecer na Comiss\u00e3o Mista de Or\u00e7amento (CMO) do Congresso, o relator Angelo Coronel (PSD-BA) ressaltou que manteve R$ 22 bilh\u00f5es para os reajustes dos servidores. &#8220;Neste Or\u00e7amento, os servidores p\u00fablicos foram respeitados. Mantivemos os reajustes de R$ 22 bilh\u00f5es acordados e garantimos o pagamento retroativo, reconhecendo o valor do funcionalismo para o funcionamento do Estado e a presta\u00e7\u00e3o de servi\u00e7os essenciais \u00e0 popula\u00e7\u00e3o&#8221;, afirmou.<\/p>\n<p>Ele tamb\u00e9m destacou a import\u00e2ncia das manifesta\u00e7\u00f5es dos sindicatos ao longo dos \u00faltimos 90 dias para corrigir distor\u00e7\u00f5es. &#8220;Os sindicatos v\u00e3o sair daqui hoje alegres, porque v\u00e3o receber o &#8216;dim dim&#8217; retroativo a janeiro, ent\u00e3o n\u00e3o precisam mais fazer greve, fazer zoada&#8221;, declarou.<\/p>\n<p>Al\u00e9m do reajuste, o Or\u00e7amento prev\u00ea um super\u00e1vit de R$ 15 bilh\u00f5es nas contas p\u00fablicas, revertendo a proje\u00e7\u00e3o inicial de um d\u00e9ficit de R$ 40,4 bilh\u00f5es (-0,330% do PIB). A proposta tamb\u00e9m destina recursos expressivos para programas sociais e emendas parlamentares.<\/p>\n<ul>\n<li>R$ 50,50 bilh\u00f5es para emendas parlamentares (sendo R$ 39,0 bilh\u00f5es de execu\u00e7\u00e3o obrigat\u00f3ria);<\/li>\n<li>R$ 3,0 bilh\u00f5es para o Aux\u00edlio-G\u00e1s;<\/li>\n<li>R$ 4,2 bilh\u00f5es para o Farm\u00e1cia Popular e Bolsa Capes;<\/li>\n<li>R$ 1,0 bilh\u00e3o para o programa estudantil P\u00e9-de-Meia.<\/li>\n<\/ul>\n<p>O Tribunal de Contas da Uni\u00e3o (TCU) determinou que o governo assegure os recursos necess\u00e1rios para o P\u00e9-de-Meia dentro de 120 dias. Caso contr\u00e1rio, o Poder Executivo dever\u00e1 indicar a origem de R$ 10 bilh\u00f5es adicionais para o programa.<\/p>\n<p>Foto: Leonardo S\u00e1\/Ag\u00eancia Senado<\/p>\n","protected":false},"excerpt":{"rendered":"<p>Com a aprova\u00e7\u00e3o do Or\u00e7amento de 2025, os servidores p\u00fablicos federais ter\u00e3o um reajuste salarial m\u00e9dio de 27%, a ser pago de forma escalonada at\u00e9 o pr\u00f3ximo ano. Como a vota\u00e7\u00e3o do Or\u00e7amento sofreu um atraso de tr\u00eas meses, os valores ser\u00e3o pagos retroativamente. O impacto fiscal da medida foi estimado em R$ 16,2 bilh\u00f5es, [&hellip;]<\/p>\n","protected":false},"author":20,"featured_media":889393,"comment_status":"closed","ping_status":"closed","sticky":false,"template":"","format":"standard","meta":[],"categories":[3],"tags":[37781,1207,8215,238],"acf":[],"yoast_head":"<!-- This site is optimized with the Yoast SEO plugin v20.8 - https:\/\/yoast.com\/wordpress\/plugins\/seo\/ -->\n<title>REAJUSTE PARA SERVIDORES P\u00daBLICOS SER\u00c1 RETROATIVO AP\u00d3S APROVA\u00c7\u00c3O DO OR\u00c7AMENTO DE 2025 - Bahia Economica<\/title>\n<meta name=\"description\" content=\"O maior portal de Economia da Bahia ECONOMIA \/ POL\u00cdTICA Bahia Economica impacto fiscal da medida foi estimado em R$ 16,2 bilh\u00f5es\" \/>\n<meta name=\"robots\" content=\"index, follow, max-snippet:-1, max-image-preview:large, max-video-preview:-1\" \/>\n<link rel=\"canonical\" href=\"https:\/\/bahiaeconomica.com.br\/wp\/2025\/03\/21\/reajuste-para-servidores-publicos-sera-retroativo-apos-aprovacao-do-orcamento-de-2025\/\" \/>\n<meta property=\"og:locale\" content=\"pt_BR\" \/>\n<meta property=\"og:type\" content=\"article\" \/>\n<meta property=\"og:title\" content=\"REAJUSTE PARA SERVIDORES P\u00daBLICOS SER\u00c1 RETROATIVO AP\u00d3S APROVA\u00c7\u00c3O DO OR\u00c7AMENTO DE 2025 - Bahia Economica\" \/>\n<meta property=\"og:description\" content=\"O maior portal de Economia da Bahia ECONOMIA \/ POL\u00cdTICA Bahia Economica impacto fiscal da medida foi estimado em R$ 16,2 bilh\u00f5es\" \/>\n<meta property=\"og:url\" content=\"https:\/\/bahiaeconomica.com.br\/wp\/2025\/03\/21\/reajuste-para-servidores-publicos-sera-retroativo-apos-aprovacao-do-orcamento-de-2025\/\" \/>\n<meta property=\"og:site_name\" content=\"Bahia Economica\" \/>\n<meta property=\"article:publisher\" content=\"https:\/\/www.facebook.com\/bahiaeconomica\" \/>\n<meta property=\"article:published_time\" content=\"2025-03-21T15:00:35+00:00\" \/>\n<meta property=\"article:modified_time\" content=\"2025-03-21T13:49:03+00:00\" \/>\n<meta property=\"og:image\" content=\"https:\/\/bahiaeconomica.com.br\/wp\/wp-content\/uploads\/2025\/03\/fachada-do-congresso-nacional-2657102-article.webp\" \/>\n\t<meta property=\"og:image:width\" content=\"1200\" \/>\n\t<meta property=\"og:image:height\" content=\"900\" \/>\n\t<meta property=\"og:image:type\" content=\"image\/webp\" \/>\n<meta name=\"author\" content=\"BRUNA CARVALHO\" \/>\n<meta name=\"twitter:card\" content=\"summary_large_image\" \/>\n<meta name=\"twitter:label1\" content=\"Escrito por\" \/>\n\t<meta name=\"twitter:data1\" content=\"BRUNA CARVALHO\" \/>\n\t<meta name=\"twitter:label2\" content=\"Est. tempo de leitura\" \/>\n\t<meta name=\"twitter:data2\" content=\"2 minutos\" \/>\n<script type=\"application\/ld+json\" class=\"yoast-schema-graph\">{\"@context\":\"https:\/\/schema.org\",\"@graph\":[{\"@type\":\"Article\",\"@id\":\"https:\/\/bahiaeconomica.com.br\/wp\/2025\/03\/21\/reajuste-para-servidores-publicos-sera-retroativo-apos-aprovacao-do-orcamento-de-2025\/#article\",\"isPartOf\":{\"@id\":\"https:\/\/bahiaeconomica.com.br\/wp\/2025\/03\/21\/reajuste-para-servidores-publicos-sera-retroativo-apos-aprovacao-do-orcamento-de-2025\/\"},\"author\":{\"name\":\"BRUNA CARVALHO\",\"@id\":\"https:\/\/bahiaeconomica.com.br\/wp\/#\/schema\/person\/9310b0e591f5979f6f99773eac5804e6\"},\"headline\":\"REAJUSTE PARA SERVIDORES P\u00daBLICOS SER\u00c1 RETROATIVO AP\u00d3S APROVA\u00c7\u00c3O DO OR\u00c7AMENTO DE 2025\",\"datePublished\":\"2025-03-21T15:00:35+00:00\",\"dateModified\":\"2025-03-21T13:49:03+00:00\",\"mainEntityOfPage\":{\"@id\":\"https:\/\/bahiaeconomica.com.br\/wp\/2025\/03\/21\/reajuste-para-servidores-publicos-sera-retroativo-apos-aprovacao-do-orcamento-de-2025\/\"},\"wordCount\":353,\"publisher\":{\"@id\":\"https:\/\/bahiaeconomica.com.br\/wp\/#organization\"},\"keywords\":[\"aprovacao do corcamento 2025\",\"reajuste\",\"retroativo\",\"servidores p\u00fablicos\"],\"articleSection\":[\"ECONOMIA \/ POL\u00cdTICA\"],\"inLanguage\":\"pt-BR\"},{\"@type\":\"WebPage\",\"@id\":\"https:\/\/bahiaeconomica.com.br\/wp\/2025\/03\/21\/reajuste-para-servidores-publicos-sera-retroativo-apos-aprovacao-do-orcamento-de-2025\/\",\"url\":\"https:\/\/bahiaeconomica.com.br\/wp\/2025\/03\/21\/reajuste-para-servidores-publicos-sera-retroativo-apos-aprovacao-do-orcamento-de-2025\/\",\"name\":\"REAJUSTE PARA SERVIDORES P\u00daBLICOS SER\u00c1 RETROATIVO AP\u00d3S APROVA\u00c7\u00c3O DO OR\u00c7AMENTO DE 2025 - Bahia Economica\",\"isPartOf\":{\"@id\":\"https:\/\/bahiaeconomica.com.br\/wp\/#website\"},\"datePublished\":\"2025-03-21T15:00:35+00:00\",\"dateModified\":\"2025-03-21T13:49:03+00:00\",\"description\":\"O maior portal de Economia da Bahia ECONOMIA \/ POL\u00cdTICA Bahia Economica impacto fiscal da medida foi estimado em R$ 16,2 bilh\u00f5es\",\"breadcrumb\":{\"@id\":\"https:\/\/bahiaeconomica.com.br\/wp\/2025\/03\/21\/reajuste-para-servidores-publicos-sera-retroativo-apos-aprovacao-do-orcamento-de-2025\/#breadcrumb\"},\"inLanguage\":\"pt-BR\",\"potentialAction\":[{\"@type\":\"ReadAction\",\"target\":[\"https:\/\/bahiaeconomica.com.br\/wp\/2025\/03\/21\/reajuste-para-servidores-publicos-sera-retroativo-apos-aprovacao-do-orcamento-de-2025\/\"]}]},{\"@type\":\"BreadcrumbList\",\"@id\":\"https:\/\/bahiaeconomica.com.br\/wp\/2025\/03\/21\/reajuste-para-servidores-publicos-sera-retroativo-apos-aprovacao-do-orcamento-de-2025\/#breadcrumb\",\"itemListElement\":[{\"@type\":\"ListItem\",\"position\":1,\"name\":\"In\u00edcio\",\"item\":\"https:\/\/bahiaeconomica.com.br\/wp\/\"},{\"@type\":\"ListItem\",\"position\":2,\"name\":\"REAJUSTE PARA SERVIDORES P\u00daBLICOS SER\u00c1 RETROATIVO AP\u00d3S APROVA\u00c7\u00c3O DO OR\u00c7AMENTO DE 2025\"}]},{\"@type\":\"WebSite\",\"@id\":\"https:\/\/bahiaeconomica.com.br\/wp\/#website\",\"url\":\"https:\/\/bahiaeconomica.com.br\/wp\/\",\"name\":\"Bahia Economica\",\"description\":\"O maior portal de Economia da Bahia\",\"publisher\":{\"@id\":\"https:\/\/bahiaeconomica.com.br\/wp\/#organization\"},\"potentialAction\":[{\"@type\":\"SearchAction\",\"target\":{\"@type\":\"EntryPoint\",\"urlTemplate\":\"https:\/\/bahiaeconomica.com.br\/wp\/?s={search_term_string}\"},\"query-input\":\"required name=search_term_string\"}],\"inLanguage\":\"pt-BR\"},{\"@type\":\"Organization\",\"@id\":\"https:\/\/bahiaeconomica.com.br\/wp\/#organization\",\"name\":\"Bahia Econ\u00f4mica\",\"url\":\"https:\/\/bahiaeconomica.com.br\/wp\/\",\"logo\":{\"@type\":\"ImageObject\",\"inLanguage\":\"pt-BR\",\"@id\":\"https:\/\/bahiaeconomica.com.br\/wp\/#\/schema\/logo\/image\/\",\"url\":\"https:\/\/bahiaeconomica.com.br\/wp\/wp-content\/uploads\/2020\/12\/cropped-BE.png\",\"contentUrl\":\"https:\/\/bahiaeconomica.com.br\/wp\/wp-content\/uploads\/2020\/12\/cropped-BE.png\",\"width\":512,\"height\":512,\"caption\":\"Bahia Econ\u00f4mica\"},\"image\":{\"@id\":\"https:\/\/bahiaeconomica.com.br\/wp\/#\/schema\/logo\/image\/\"},\"sameAs\":[\"https:\/\/www.facebook.com\/bahiaeconomica\"]},{\"@type\":\"Person\",\"@id\":\"https:\/\/bahiaeconomica.com.br\/wp\/#\/schema\/person\/9310b0e591f5979f6f99773eac5804e6\",\"name\":\"BRUNA CARVALHO\",\"sameAs\":[\"http:\/\/www.bahiaeconomica.com.br\"],\"url\":\"https:\/\/bahiaeconomica.com.br\/wp\/author\/bruna\/\"}]}<\/script>\n<!-- \/ Yoast SEO plugin. -->","yoast_head_json":{"title":"REAJUSTE PARA SERVIDORES P\u00daBLICOS SER\u00c1 RETROATIVO AP\u00d3S APROVA\u00c7\u00c3O DO OR\u00c7AMENTO DE 2025 - Bahia Economica","description":"O maior portal de Economia da Bahia ECONOMIA \/ POL\u00cdTICA Bahia Economica impacto fiscal da medida foi estimado em R$ 16,2 bilh\u00f5es","robots":{"index":"index","follow":"follow","max-snippet":"max-snippet:-1","max-image-preview":"max-image-preview:large","max-video-preview":"max-video-preview:-1"},"canonical":"https:\/\/bahiaeconomica.com.br\/wp\/2025\/03\/21\/reajuste-para-servidores-publicos-sera-retroativo-apos-aprovacao-do-orcamento-de-2025\/","og_locale":"pt_BR","og_type":"article","og_title":"REAJUSTE PARA SERVIDORES P\u00daBLICOS SER\u00c1 RETROATIVO AP\u00d3S APROVA\u00c7\u00c3O DO OR\u00c7AMENTO DE 2025 - Bahia Economica","og_description":"O maior portal de Economia da Bahia ECONOMIA \/ POL\u00cdTICA Bahia Economica impacto fiscal da medida foi estimado em R$ 16,2 bilh\u00f5es","og_url":"https:\/\/bahiaeconomica.com.br\/wp\/2025\/03\/21\/reajuste-para-servidores-publicos-sera-retroativo-apos-aprovacao-do-orcamento-de-2025\/","og_site_name":"Bahia Economica","article_publisher":"https:\/\/www.facebook.com\/bahiaeconomica","article_published_time":"2025-03-21T15:00:35+00:00","article_modified_time":"2025-03-21T13:49:03+00:00","og_image":[{"width":1200,"height":900,"url":"https:\/\/bahiaeconomica.com.br\/wp\/wp-content\/uploads\/2025\/03\/fachada-do-congresso-nacional-2657102-article.webp","type":"image\/webp"}],"author":"BRUNA CARVALHO","twitter_card":"summary_large_image","twitter_misc":{"Escrito por":"BRUNA CARVALHO","Est. tempo de leitura":"2 minutos"},"schema":{"@context":"https:\/\/schema.org","@graph":[{"@type":"Article","@id":"https:\/\/bahiaeconomica.com.br\/wp\/2025\/03\/21\/reajuste-para-servidores-publicos-sera-retroativo-apos-aprovacao-do-orcamento-de-2025\/#article","isPartOf":{"@id":"https:\/\/bahiaeconomica.com.br\/wp\/2025\/03\/21\/reajuste-para-servidores-publicos-sera-retroativo-apos-aprovacao-do-orcamento-de-2025\/"},"author":{"name":"BRUNA CARVALHO","@id":"https:\/\/bahiaeconomica.com.br\/wp\/#\/schema\/person\/9310b0e591f5979f6f99773eac5804e6"},"headline":"REAJUSTE PARA SERVIDORES P\u00daBLICOS SER\u00c1 RETROATIVO AP\u00d3S APROVA\u00c7\u00c3O DO OR\u00c7AMENTO DE 2025","datePublished":"2025-03-21T15:00:35+00:00","dateModified":"2025-03-21T13:49:03+00:00","mainEntityOfPage":{"@id":"https:\/\/bahiaeconomica.com.br\/wp\/2025\/03\/21\/reajuste-para-servidores-publicos-sera-retroativo-apos-aprovacao-do-orcamento-de-2025\/"},"wordCount":353,"publisher":{"@id":"https:\/\/bahiaeconomica.com.br\/wp\/#organization"},"keywords":["aprovacao do corcamento 2025","reajuste","retroativo","servidores p\u00fablicos"],"articleSection":["ECONOMIA \/ POL\u00cdTICA"],"inLanguage":"pt-BR"},{"@type":"WebPage","@id":"https:\/\/bahiaeconomica.com.br\/wp\/2025\/03\/21\/reajuste-para-servidores-publicos-sera-retroativo-apos-aprovacao-do-orcamento-de-2025\/","url":"https:\/\/bahiaeconomica.com.br\/wp\/2025\/03\/21\/reajuste-para-servidores-publicos-sera-retroativo-apos-aprovacao-do-orcamento-de-2025\/","name":"REAJUSTE PARA SERVIDORES P\u00daBLICOS SER\u00c1 RETROATIVO AP\u00d3S APROVA\u00c7\u00c3O DO OR\u00c7AMENTO DE 2025 - Bahia Economica","isPartOf":{"@id":"https:\/\/bahiaeconomica.com.br\/wp\/#website"},"datePublished":"2025-03-21T15:00:35+00:00","dateModified":"2025-03-21T13:49:03+00:00","description":"O maior portal de Economia da Bahia ECONOMIA \/ POL\u00cdTICA Bahia Economica impacto fiscal da medida foi estimado em R$ 16,2 bilh\u00f5es","breadcrumb":{"@id":"https:\/\/bahiaeconomica.com.br\/wp\/2025\/03\/21\/reajuste-para-servidores-publicos-sera-retroativo-apos-aprovacao-do-orcamento-de-2025\/#breadcrumb"},"inLanguage":"pt-BR","potentialAction":[{"@type":"ReadAction","target":["https:\/\/bahiaeconomica.com.br\/wp\/2025\/03\/21\/reajuste-para-servidores-publicos-sera-retroativo-apos-aprovacao-do-orcamento-de-2025\/"]}]},{"@type":"BreadcrumbList","@id":"https:\/\/bahiaeconomica.com.br\/wp\/2025\/03\/21\/reajuste-para-servidores-publicos-sera-retroativo-apos-aprovacao-do-orcamento-de-2025\/#breadcrumb","itemListElement":[{"@type":"ListItem","position":1,"name":"In\u00edcio","item":"https:\/\/bahiaeconomica.com.br\/wp\/"},{"@type":"ListItem","position":2,"name":"REAJUSTE PARA SERVIDORES P\u00daBLICOS SER\u00c1 RETROATIVO AP\u00d3S APROVA\u00c7\u00c3O DO OR\u00c7AMENTO DE 2025"}]},{"@type":"WebSite","@id":"https:\/\/bahiaeconomica.com.br\/wp\/#website","url":"https:\/\/bahiaeconomica.com.br\/wp\/","name":"Bahia Economica","description":"O maior portal de Economia da Bahia","publisher":{"@id":"https:\/\/bahiaeconomica.com.br\/wp\/#organization"},"potentialAction":[{"@type":"SearchAction","target":{"@type":"EntryPoint","urlTemplate":"https:\/\/bahiaeconomica.com.br\/wp\/?s={search_term_string}"},"query-input":"required name=search_term_string"}],"inLanguage":"pt-BR"},{"@type":"Organization","@id":"https:\/\/bahiaeconomica.com.br\/wp\/#organization","name":"Bahia Econ\u00f4mica","url":"https:\/\/bahiaeconomica.com.br\/wp\/","logo":{"@type":"ImageObject","inLanguage":"pt-BR","@id":"https:\/\/bahiaeconomica.com.br\/wp\/#\/schema\/logo\/image\/","url":"https:\/\/bahiaeconomica.com.br\/wp\/wp-content\/uploads\/2020\/12\/cropped-BE.png","contentUrl":"https:\/\/bahiaeconomica.com.br\/wp\/wp-content\/uploads\/2020\/12\/cropped-BE.png","width":512,"height":512,"caption":"Bahia Econ\u00f4mica"},"image":{"@id":"https:\/\/bahiaeconomica.com.br\/wp\/#\/schema\/logo\/image\/"},"sameAs":["https:\/\/www.facebook.com\/bahiaeconomica"]},{"@type":"Person","@id":"https:\/\/bahiaeconomica.com.br\/wp\/#\/schema\/person\/9310b0e591f5979f6f99773eac5804e6","name":"BRUNA CARVALHO","sameAs":["http:\/\/www.bahiaeconomica.com.br"],"url":"https:\/\/bahiaeconomica.com.br\/wp\/author\/bruna\/"}]}},"views":188,"_links":{"self":[{"href":"https:\/\/bahiaeconomica.com.br\/wp\/wp-json\/wp\/v2\/posts\/889392"}],"collection":[{"href":"https:\/\/bahiaeconomica.com.br\/wp\/wp-json\/wp\/v2\/posts"}],"about":[{"href":"https:\/\/bahiaeconomica.com.br\/wp\/wp-json\/wp\/v2\/types\/post"}],"author":[{"embeddable":true,"href":"https:\/\/bahiaeconomica.com.br\/wp\/wp-json\/wp\/v2\/users\/20"}],"replies":[{"embeddable":true,"href":"https:\/\/bahiaeconomica.com.br\/wp\/wp-json\/wp\/v2\/comments?post=889392"}],"version-history":[{"count":1,"href":"https:\/\/bahiaeconomica.com.br\/wp\/wp-json\/wp\/v2\/posts\/889392\/revisions"}],"predecessor-version":[{"id":889394,"href":"https:\/\/bahiaeconomica.com.br\/wp\/wp-json\/wp\/v2\/posts\/889392\/revisions\/889394"}],"wp:featuredmedia":[{"embeddable":true,"href":"https:\/\/bahiaeconomica.com.br\/wp\/wp-json\/wp\/v2\/media\/889393"}],"wp:attachment":[{"href":"https:\/\/bahiaeconomica.com.br\/wp\/wp-json\/wp\/v2\/media?parent=889392"}],"wp:term":[{"taxonomy":"category","embeddable":true,"href":"https:\/\/bahiaeconomica.com.br\/wp\/wp-json\/wp\/v2\/categories?post=889392"},{"taxonomy":"post_tag","embeddable":true,"href":"https:\/\/bahiaeconomica.com.br\/wp\/wp-json\/wp\/v2\/tags?post=889392"}],"curies":[{"name":"wp","href":"https:\/\/api.w.org\/{rel}","templated":true}]}}