{"id":889207,"date":"2025-03-20T18:59:44","date_gmt":"2025-03-20T21:59:44","guid":{"rendered":"https:\/\/bahiaeconomica.com.br\/wp\/?p=889207"},"modified":"2025-03-20T17:27:01","modified_gmt":"2025-03-20T20:27:01","slug":"orcamento-do-governo-para-2025-tera-corte-de-r-7-bilhoes-no-bolsa-familia-aponta-relator","status":"publish","type":"post","link":"https:\/\/bahiaeconomica.com.br\/wp\/2025\/03\/20\/orcamento-do-governo-para-2025-tera-corte-de-r-7-bilhoes-no-bolsa-familia-aponta-relator\/","title":{"rendered":"OR\u00c7AMENTO DO GOVERNO PARA 2025 TER\u00c1 CORTE DE R$ 7 BILH\u00d5ES NO BOLSA FAM\u00cdLIA, APONTA RELATOR"},"content":{"rendered":"<p>O relat\u00f3rio do senador \u00c2ngelo Coronel (PSD-BA) para Or\u00e7amento de 2025 do governo Lula (PT) confirmou uma redu\u00e7\u00e3o de R$ 7,7 bilh\u00f5es nos recursos previstos para o programa Bolsa Fam\u00edlia. O documento foi apresentado na manh\u00e3 desta quinta-feira (20), segundo a CNN. O valor j\u00e1 era esperado amplamente e havia sido antecipado pelo Planalto.<\/p>\n<p>A expectativa \u00e9 que o texto seja votado at\u00e9 esta sexta-feira (21), em sess\u00e3o conjunta do Congresso.<\/p>\n<p>Entre as redu\u00e7\u00f5es de recursos previstas tamb\u00e9m est\u00e1 o apoio \u00e0 Implanta\u00e7\u00e3o de Escolas em Tempo Integral (com -R$ 4,8 bi), sob a justificativa de que as despesas ser\u00e3o realizadas com recursos da Uni\u00e3o ao Fundeb.<\/p>\n<p>Uma das principais novidades apresentadas pelo relator \u00e9 a previs\u00e3o de super\u00e1vit prim\u00e1rio de R$ 15 bilh\u00f5es \u2014 equivalente a 0,1% do Produto Interno Bruto (PIB) em 2025.<\/p>\n<p>A proje\u00e7\u00e3o do or\u00e7amento \u00e9 maior que a feita anteriormente pelo governo, que estimava super\u00e1vit prim\u00e1rio de R$ 3,7 bilh\u00f5es, mais pr\u00f3ximo \u00e0 meta de d\u00e9ficit zero.<\/p>\n<p>Na conta n\u00e3o consta R$ 44,1 bilh\u00f5es em precat\u00f3rios, que foram exclu\u00eddos do c\u00e1lculo da meta por determina\u00e7\u00e3o do STF (Supremo Tribunal Federal).<\/p>\n","protected":false},"excerpt":{"rendered":"<p>O relat\u00f3rio do senador \u00c2ngelo Coronel (PSD-BA) para Or\u00e7amento de 2025 do governo Lula (PT) confirmou uma redu\u00e7\u00e3o de R$ 7,7 bilh\u00f5es nos recursos previstos para o programa Bolsa Fam\u00edlia. O documento foi apresentado na manh\u00e3 desta quinta-feira (20), segundo a CNN. O valor j\u00e1 era esperado amplamente e havia sido antecipado pelo Planalto. A [&hellip;]<\/p>\n","protected":false},"author":22,"featured_media":867036,"comment_status":"closed","ping_status":"closed","sticky":false,"template":"","format":"standard","meta":[],"categories":[14,3],"tags":[6011,707,233,993],"acf":[],"yoast_head":"<!-- This site is optimized with the Yoast SEO plugin v20.8 - https:\/\/yoast.com\/wordpress\/plugins\/seo\/ -->\n<title>OR\u00c7AMENTO DO GOVERNO PARA 2025 TER\u00c1 CORTE DE R$ 7 BILH\u00d5ES NO BOLSA FAM\u00cdLIA, APONTA RELATOR - Bahia Economica<\/title>\n<meta name=\"description\" content=\"O maior portal de Economia da Bahia DESTAQUE DO DIA, ECONOMIA \/ POL\u00cdTICA Bahia Economica\" \/>\n<meta name=\"robots\" content=\"index, follow, max-snippet:-1, max-image-preview:large, max-video-preview:-1\" \/>\n<link rel=\"canonical\" href=\"https:\/\/bahiaeconomica.com.br\/wp\/2025\/03\/20\/orcamento-do-governo-para-2025-tera-corte-de-r-7-bilhoes-no-bolsa-familia-aponta-relator\/\" \/>\n<meta property=\"og:locale\" content=\"pt_BR\" \/>\n<meta property=\"og:type\" content=\"article\" \/>\n<meta property=\"og:title\" content=\"OR\u00c7AMENTO DO GOVERNO PARA 2025 TER\u00c1 CORTE DE R$ 7 BILH\u00d5ES NO BOLSA FAM\u00cdLIA, APONTA RELATOR - Bahia Economica\" \/>\n<meta property=\"og:description\" content=\"O maior portal de Economia da Bahia DESTAQUE DO DIA, ECONOMIA \/ POL\u00cdTICA Bahia Economica\" \/>\n<meta property=\"og:url\" content=\"https:\/\/bahiaeconomica.com.br\/wp\/2025\/03\/20\/orcamento-do-governo-para-2025-tera-corte-de-r-7-bilhoes-no-bolsa-familia-aponta-relator\/\" \/>\n<meta property=\"og:site_name\" content=\"Bahia Economica\" \/>\n<meta property=\"article:publisher\" content=\"https:\/\/www.facebook.com\/bahiaeconomica\" \/>\n<meta property=\"article:published_time\" content=\"2025-03-20T21:59:44+00:00\" \/>\n<meta property=\"article:modified_time\" content=\"2025-03-20T20:27:01+00:00\" \/>\n<meta property=\"og:image\" content=\"https:\/\/bahiaeconomica.com.br\/wp\/wp-content\/uploads\/2024\/12\/novo-cartao-bolsa-familia-2023-2046018-article.webp\" \/>\n\t<meta property=\"og:image:width\" content=\"600\" \/>\n\t<meta property=\"og:image:height\" content=\"359\" \/>\n\t<meta property=\"og:image:type\" content=\"image\/webp\" \/>\n<meta name=\"author\" content=\"Matheus Souza\" \/>\n<meta name=\"twitter:card\" content=\"summary_large_image\" \/>\n<meta name=\"twitter:label1\" content=\"Escrito por\" \/>\n\t<meta name=\"twitter:data1\" content=\"Matheus Souza\" \/>\n\t<meta name=\"twitter:label2\" content=\"Est. tempo de leitura\" \/>\n\t<meta name=\"twitter:data2\" content=\"2 minutos\" \/>\n<script type=\"application\/ld+json\" class=\"yoast-schema-graph\">{\"@context\":\"https:\/\/schema.org\",\"@graph\":[{\"@type\":\"Article\",\"@id\":\"https:\/\/bahiaeconomica.com.br\/wp\/2025\/03\/20\/orcamento-do-governo-para-2025-tera-corte-de-r-7-bilhoes-no-bolsa-familia-aponta-relator\/#article\",\"isPartOf\":{\"@id\":\"https:\/\/bahiaeconomica.com.br\/wp\/2025\/03\/20\/orcamento-do-governo-para-2025-tera-corte-de-r-7-bilhoes-no-bolsa-familia-aponta-relator\/\"},\"author\":{\"name\":\"Matheus Souza\",\"@id\":\"https:\/\/bahiaeconomica.com.br\/wp\/#\/schema\/person\/3304d50cfd32353c7d08c39066638997\"},\"headline\":\"OR\u00c7AMENTO DO GOVERNO PARA 2025 TER\u00c1 CORTE DE R$ 7 BILH\u00d5ES NO BOLSA FAM\u00cdLIA, APONTA RELATOR\",\"datePublished\":\"2025-03-20T21:59:44+00:00\",\"dateModified\":\"2025-03-20T20:27:01+00:00\",\"mainEntityOfPage\":{\"@id\":\"https:\/\/bahiaeconomica.com.br\/wp\/2025\/03\/20\/orcamento-do-governo-para-2025-tera-corte-de-r-7-bilhoes-no-bolsa-familia-aponta-relator\/\"},\"wordCount\":214,\"publisher\":{\"@id\":\"https:\/\/bahiaeconomica.com.br\/wp\/#organization\"},\"keywords\":[\"2025\",\"BOLSA FAM\u00cdLIA\",\"Governo\",\"or\u00e7amento\"],\"articleSection\":[\"DESTAQUE DO DIA\",\"ECONOMIA \/ POL\u00cdTICA\"],\"inLanguage\":\"pt-BR\"},{\"@type\":\"WebPage\",\"@id\":\"https:\/\/bahiaeconomica.com.br\/wp\/2025\/03\/20\/orcamento-do-governo-para-2025-tera-corte-de-r-7-bilhoes-no-bolsa-familia-aponta-relator\/\",\"url\":\"https:\/\/bahiaeconomica.com.br\/wp\/2025\/03\/20\/orcamento-do-governo-para-2025-tera-corte-de-r-7-bilhoes-no-bolsa-familia-aponta-relator\/\",\"name\":\"OR\u00c7AMENTO DO GOVERNO PARA 2025 TER\u00c1 CORTE DE R$ 7 BILH\u00d5ES NO BOLSA FAM\u00cdLIA, APONTA RELATOR - Bahia Economica\",\"isPartOf\":{\"@id\":\"https:\/\/bahiaeconomica.com.br\/wp\/#website\"},\"datePublished\":\"2025-03-20T21:59:44+00:00\",\"dateModified\":\"2025-03-20T20:27:01+00:00\",\"description\":\"O maior portal de Economia da Bahia DESTAQUE DO DIA, ECONOMIA \/ POL\u00cdTICA Bahia Economica\",\"breadcrumb\":{\"@id\":\"https:\/\/bahiaeconomica.com.br\/wp\/2025\/03\/20\/orcamento-do-governo-para-2025-tera-corte-de-r-7-bilhoes-no-bolsa-familia-aponta-relator\/#breadcrumb\"},\"inLanguage\":\"pt-BR\",\"potentialAction\":[{\"@type\":\"ReadAction\",\"target\":[\"https:\/\/bahiaeconomica.com.br\/wp\/2025\/03\/20\/orcamento-do-governo-para-2025-tera-corte-de-r-7-bilhoes-no-bolsa-familia-aponta-relator\/\"]}]},{\"@type\":\"BreadcrumbList\",\"@id\":\"https:\/\/bahiaeconomica.com.br\/wp\/2025\/03\/20\/orcamento-do-governo-para-2025-tera-corte-de-r-7-bilhoes-no-bolsa-familia-aponta-relator\/#breadcrumb\",\"itemListElement\":[{\"@type\":\"ListItem\",\"position\":1,\"name\":\"In\u00edcio\",\"item\":\"https:\/\/bahiaeconomica.com.br\/wp\/\"},{\"@type\":\"ListItem\",\"position\":2,\"name\":\"OR\u00c7AMENTO DO GOVERNO PARA 2025 TER\u00c1 CORTE DE R$ 7 BILH\u00d5ES NO BOLSA FAM\u00cdLIA, APONTA RELATOR\"}]},{\"@type\":\"WebSite\",\"@id\":\"https:\/\/bahiaeconomica.com.br\/wp\/#website\",\"url\":\"https:\/\/bahiaeconomica.com.br\/wp\/\",\"name\":\"Bahia Economica\",\"description\":\"O maior portal de Economia da Bahia\",\"publisher\":{\"@id\":\"https:\/\/bahiaeconomica.com.br\/wp\/#organization\"},\"potentialAction\":[{\"@type\":\"SearchAction\",\"target\":{\"@type\":\"EntryPoint\",\"urlTemplate\":\"https:\/\/bahiaeconomica.com.br\/wp\/?s={search_term_string}\"},\"query-input\":\"required name=search_term_string\"}],\"inLanguage\":\"pt-BR\"},{\"@type\":\"Organization\",\"@id\":\"https:\/\/bahiaeconomica.com.br\/wp\/#organization\",\"name\":\"Bahia Econ\u00f4mica\",\"url\":\"https:\/\/bahiaeconomica.com.br\/wp\/\",\"logo\":{\"@type\":\"ImageObject\",\"inLanguage\":\"pt-BR\",\"@id\":\"https:\/\/bahiaeconomica.com.br\/wp\/#\/schema\/logo\/image\/\",\"url\":\"https:\/\/bahiaeconomica.com.br\/wp\/wp-content\/uploads\/2020\/12\/cropped-BE.png\",\"contentUrl\":\"https:\/\/bahiaeconomica.com.br\/wp\/wp-content\/uploads\/2020\/12\/cropped-BE.png\",\"width\":512,\"height\":512,\"caption\":\"Bahia Econ\u00f4mica\"},\"image\":{\"@id\":\"https:\/\/bahiaeconomica.com.br\/wp\/#\/schema\/logo\/image\/\"},\"sameAs\":[\"https:\/\/www.facebook.com\/bahiaeconomica\"]},{\"@type\":\"Person\",\"@id\":\"https:\/\/bahiaeconomica.com.br\/wp\/#\/schema\/person\/3304d50cfd32353c7d08c39066638997\",\"name\":\"Matheus Souza\",\"sameAs\":[\"http:\/\/www.bahiaeconomica.com.br\"],\"url\":\"https:\/\/bahiaeconomica.com.br\/wp\/author\/matheus-souza\/\"}]}<\/script>\n<!-- \/ Yoast SEO plugin. -->","yoast_head_json":{"title":"OR\u00c7AMENTO DO GOVERNO PARA 2025 TER\u00c1 CORTE DE R$ 7 BILH\u00d5ES NO BOLSA FAM\u00cdLIA, APONTA RELATOR - Bahia Economica","description":"O maior portal de Economia da Bahia DESTAQUE DO DIA, ECONOMIA \/ POL\u00cdTICA Bahia Economica","robots":{"index":"index","follow":"follow","max-snippet":"max-snippet:-1","max-image-preview":"max-image-preview:large","max-video-preview":"max-video-preview:-1"},"canonical":"https:\/\/bahiaeconomica.com.br\/wp\/2025\/03\/20\/orcamento-do-governo-para-2025-tera-corte-de-r-7-bilhoes-no-bolsa-familia-aponta-relator\/","og_locale":"pt_BR","og_type":"article","og_title":"OR\u00c7AMENTO DO GOVERNO PARA 2025 TER\u00c1 CORTE DE R$ 7 BILH\u00d5ES NO BOLSA FAM\u00cdLIA, APONTA RELATOR - Bahia Economica","og_description":"O maior portal de Economia da Bahia DESTAQUE DO DIA, ECONOMIA \/ POL\u00cdTICA Bahia Economica","og_url":"https:\/\/bahiaeconomica.com.br\/wp\/2025\/03\/20\/orcamento-do-governo-para-2025-tera-corte-de-r-7-bilhoes-no-bolsa-familia-aponta-relator\/","og_site_name":"Bahia Economica","article_publisher":"https:\/\/www.facebook.com\/bahiaeconomica","article_published_time":"2025-03-20T21:59:44+00:00","article_modified_time":"2025-03-20T20:27:01+00:00","og_image":[{"width":600,"height":359,"url":"https:\/\/bahiaeconomica.com.br\/wp\/wp-content\/uploads\/2024\/12\/novo-cartao-bolsa-familia-2023-2046018-article.webp","type":"image\/webp"}],"author":"Matheus Souza","twitter_card":"summary_large_image","twitter_misc":{"Escrito por":"Matheus Souza","Est. tempo de leitura":"2 minutos"},"schema":{"@context":"https:\/\/schema.org","@graph":[{"@type":"Article","@id":"https:\/\/bahiaeconomica.com.br\/wp\/2025\/03\/20\/orcamento-do-governo-para-2025-tera-corte-de-r-7-bilhoes-no-bolsa-familia-aponta-relator\/#article","isPartOf":{"@id":"https:\/\/bahiaeconomica.com.br\/wp\/2025\/03\/20\/orcamento-do-governo-para-2025-tera-corte-de-r-7-bilhoes-no-bolsa-familia-aponta-relator\/"},"author":{"name":"Matheus Souza","@id":"https:\/\/bahiaeconomica.com.br\/wp\/#\/schema\/person\/3304d50cfd32353c7d08c39066638997"},"headline":"OR\u00c7AMENTO DO GOVERNO PARA 2025 TER\u00c1 CORTE DE R$ 7 BILH\u00d5ES NO BOLSA FAM\u00cdLIA, APONTA RELATOR","datePublished":"2025-03-20T21:59:44+00:00","dateModified":"2025-03-20T20:27:01+00:00","mainEntityOfPage":{"@id":"https:\/\/bahiaeconomica.com.br\/wp\/2025\/03\/20\/orcamento-do-governo-para-2025-tera-corte-de-r-7-bilhoes-no-bolsa-familia-aponta-relator\/"},"wordCount":214,"publisher":{"@id":"https:\/\/bahiaeconomica.com.br\/wp\/#organization"},"keywords":["2025","BOLSA FAM\u00cdLIA","Governo","or\u00e7amento"],"articleSection":["DESTAQUE DO DIA","ECONOMIA \/ POL\u00cdTICA"],"inLanguage":"pt-BR"},{"@type":"WebPage","@id":"https:\/\/bahiaeconomica.com.br\/wp\/2025\/03\/20\/orcamento-do-governo-para-2025-tera-corte-de-r-7-bilhoes-no-bolsa-familia-aponta-relator\/","url":"https:\/\/bahiaeconomica.com.br\/wp\/2025\/03\/20\/orcamento-do-governo-para-2025-tera-corte-de-r-7-bilhoes-no-bolsa-familia-aponta-relator\/","name":"OR\u00c7AMENTO DO GOVERNO PARA 2025 TER\u00c1 CORTE DE R$ 7 BILH\u00d5ES NO BOLSA FAM\u00cdLIA, APONTA RELATOR - Bahia Economica","isPartOf":{"@id":"https:\/\/bahiaeconomica.com.br\/wp\/#website"},"datePublished":"2025-03-20T21:59:44+00:00","dateModified":"2025-03-20T20:27:01+00:00","description":"O maior portal de Economia da Bahia DESTAQUE DO DIA, ECONOMIA \/ POL\u00cdTICA Bahia Economica","breadcrumb":{"@id":"https:\/\/bahiaeconomica.com.br\/wp\/2025\/03\/20\/orcamento-do-governo-para-2025-tera-corte-de-r-7-bilhoes-no-bolsa-familia-aponta-relator\/#breadcrumb"},"inLanguage":"pt-BR","potentialAction":[{"@type":"ReadAction","target":["https:\/\/bahiaeconomica.com.br\/wp\/2025\/03\/20\/orcamento-do-governo-para-2025-tera-corte-de-r-7-bilhoes-no-bolsa-familia-aponta-relator\/"]}]},{"@type":"BreadcrumbList","@id":"https:\/\/bahiaeconomica.com.br\/wp\/2025\/03\/20\/orcamento-do-governo-para-2025-tera-corte-de-r-7-bilhoes-no-bolsa-familia-aponta-relator\/#breadcrumb","itemListElement":[{"@type":"ListItem","position":1,"name":"In\u00edcio","item":"https:\/\/bahiaeconomica.com.br\/wp\/"},{"@type":"ListItem","position":2,"name":"OR\u00c7AMENTO DO GOVERNO PARA 2025 TER\u00c1 CORTE DE R$ 7 BILH\u00d5ES NO BOLSA FAM\u00cdLIA, APONTA RELATOR"}]},{"@type":"WebSite","@id":"https:\/\/bahiaeconomica.com.br\/wp\/#website","url":"https:\/\/bahiaeconomica.com.br\/wp\/","name":"Bahia Economica","description":"O maior portal de Economia da Bahia","publisher":{"@id":"https:\/\/bahiaeconomica.com.br\/wp\/#organization"},"potentialAction":[{"@type":"SearchAction","target":{"@type":"EntryPoint","urlTemplate":"https:\/\/bahiaeconomica.com.br\/wp\/?s={search_term_string}"},"query-input":"required name=search_term_string"}],"inLanguage":"pt-BR"},{"@type":"Organization","@id":"https:\/\/bahiaeconomica.com.br\/wp\/#organization","name":"Bahia Econ\u00f4mica","url":"https:\/\/bahiaeconomica.com.br\/wp\/","logo":{"@type":"ImageObject","inLanguage":"pt-BR","@id":"https:\/\/bahiaeconomica.com.br\/wp\/#\/schema\/logo\/image\/","url":"https:\/\/bahiaeconomica.com.br\/wp\/wp-content\/uploads\/2020\/12\/cropped-BE.png","contentUrl":"https:\/\/bahiaeconomica.com.br\/wp\/wp-content\/uploads\/2020\/12\/cropped-BE.png","width":512,"height":512,"caption":"Bahia Econ\u00f4mica"},"image":{"@id":"https:\/\/bahiaeconomica.com.br\/wp\/#\/schema\/logo\/image\/"},"sameAs":["https:\/\/www.facebook.com\/bahiaeconomica"]},{"@type":"Person","@id":"https:\/\/bahiaeconomica.com.br\/wp\/#\/schema\/person\/3304d50cfd32353c7d08c39066638997","name":"Matheus Souza","sameAs":["http:\/\/www.bahiaeconomica.com.br"],"url":"https:\/\/bahiaeconomica.com.br\/wp\/author\/matheus-souza\/"}]}},"views":20,"_links":{"self":[{"href":"https:\/\/bahiaeconomica.com.br\/wp\/wp-json\/wp\/v2\/posts\/889207"}],"collection":[{"href":"https:\/\/bahiaeconomica.com.br\/wp\/wp-json\/wp\/v2\/posts"}],"about":[{"href":"https:\/\/bahiaeconomica.com.br\/wp\/wp-json\/wp\/v2\/types\/post"}],"author":[{"embeddable":true,"href":"https:\/\/bahiaeconomica.com.br\/wp\/wp-json\/wp\/v2\/users\/22"}],"replies":[{"embeddable":true,"href":"https:\/\/bahiaeconomica.com.br\/wp\/wp-json\/wp\/v2\/comments?post=889207"}],"version-history":[{"count":1,"href":"https:\/\/bahiaeconomica.com.br\/wp\/wp-json\/wp\/v2\/posts\/889207\/revisions"}],"predecessor-version":[{"id":889211,"href":"https:\/\/bahiaeconomica.com.br\/wp\/wp-json\/wp\/v2\/posts\/889207\/revisions\/889211"}],"wp:featuredmedia":[{"embeddable":true,"href":"https:\/\/bahiaeconomica.com.br\/wp\/wp-json\/wp\/v2\/media\/867036"}],"wp:attachment":[{"href":"https:\/\/bahiaeconomica.com.br\/wp\/wp-json\/wp\/v2\/media?parent=889207"}],"wp:term":[{"taxonomy":"category","embeddable":true,"href":"https:\/\/bahiaeconomica.com.br\/wp\/wp-json\/wp\/v2\/categories?post=889207"},{"taxonomy":"post_tag","embeddable":true,"href":"https:\/\/bahiaeconomica.com.br\/wp\/wp-json\/wp\/v2\/tags?post=889207"}],"curies":[{"name":"wp","href":"https:\/\/api.w.org\/{rel}","templated":true}]}}