{"id":889154,"date":"2025-03-20T15:58:42","date_gmt":"2025-03-20T18:58:42","guid":{"rendered":"https:\/\/bahiaeconomica.com.br\/wp\/?p=889154"},"modified":"2025-03-20T15:58:42","modified_gmt":"2025-03-20T18:58:42","slug":"juros-altos-deve-desacelerar-economia-a-partir-do-2o-trimestre-diz-ifi","status":"publish","type":"post","link":"https:\/\/bahiaeconomica.com.br\/wp\/2025\/03\/20\/juros-altos-deve-desacelerar-economia-a-partir-do-2o-trimestre-diz-ifi\/","title":{"rendered":"JUROS ALTOS DEVE DESACELERAR ECONOMIA A PARTIR DO 2\u00ba TRIMESTRE, DIZ IFI"},"content":{"rendered":"<p>A partir do segundo trimestre deste ano, a atividade econ\u00f4mica do pa\u00eds deve come\u00e7ar a desacelerar, devido \u00e0 eleva\u00e7\u00e3o da taxa de juros, que j\u00e1 chegou a 14,25% ao ano, segundo an\u00e1lise da IFI (Institui\u00e7\u00e3o Fiscal Independente) divulgada nesta quinta-feira (20).<\/p>\n<p>Com o impacto sobre o consumo e o investimento, a economia deve desacelera com as altas taxas de juros e o crescimento mais fraco da massa salarial esperado para este ano, apesar da expectativa de um impulso para o come\u00e7o deste ano com a safra recorde em curso.<\/p>\n<p>\u201cO desempenho do IBC-Br em janeiro indica que a atividade econ\u00f4mica dever\u00e1 ganhar impulso no primeiro trimestre de 2025, liderada pelo setor agropecu\u00e1rio. No entanto, a deteriora\u00e7\u00e3o dos indicadores de confian\u00e7a sugere uma tend\u00eancia de desacelera\u00e7\u00e3o ao longo do ano\u201d, apontou a IFI, segundo o CNN Brasil.<\/p>\n<p>Na esteira dos dados que apontam os rumos da economia brasileira, o indicador considerado a pr\u00e9via do PIB (Produto Interno Bruto), o IBC-Br, teve alta expressiva de 0,9% em janeiro, puxado, sobretudo, pelo agroneg\u00f3cio, segundo o BC (Banco Central).<\/p>\n<p>\u201cA economia continuou operando acima de sua capacidade potencial no come\u00e7o de 2025, mas deve perder ritmo a partir do segundo trimestre, ap\u00f3s o impulso inicial da safra agr\u00edcola recorde\u201c, consta no relat\u00f3rio.<\/p>\n<p>\u201cA desacelera\u00e7\u00e3o reflete o impacto da elevada taxa de juros sobre consumo e investimento, al\u00e9m do menor crescimento da massa salarial ampliada, que tende a se enfraquecer, mesmo considerando os efeitos positivos do aumento real do sal\u00e1rio m\u00ednimo e da recente libera\u00e7\u00e3o de R$ 12 bilh\u00f5es do FGTS (saque-anivers\u00e1rio)\u201d, disse.<\/p>\n<p>foto: Marcello Casal Jr\/Ag\u00eancia Brasil\/Arquivo<\/p>\n","protected":false},"excerpt":{"rendered":"<p>A partir do segundo trimestre deste ano, a atividade econ\u00f4mica do pa\u00eds deve come\u00e7ar a desacelerar, devido \u00e0 eleva\u00e7\u00e3o da taxa de juros, que j\u00e1 chegou a 14,25% ao ano, segundo an\u00e1lise da IFI (Institui\u00e7\u00e3o Fiscal Independente) divulgada nesta quinta-feira (20). Com o impacto sobre o consumo e o investimento, a economia deve desacelera com [&hellip;]<\/p>\n","protected":false},"author":15,"featured_media":889155,"comment_status":"closed","ping_status":"closed","sticky":false,"template":"","format":"standard","meta":[],"categories":[3],"tags":[1802,14297,3393],"acf":[],"yoast_head":"<!-- This site is optimized with the Yoast SEO plugin v20.8 - https:\/\/yoast.com\/wordpress\/plugins\/seo\/ -->\n<title>JUROS ALTOS DEVE DESACELERAR ECONOMIA A PARTIR DO 2\u00ba TRIMESTRE, DIZ IFI - Bahia Economica<\/title>\n<meta name=\"description\" content=\"O maior portal de Economia da Bahia ECONOMIA \/ POL\u00cdTICA Bahia Economica A partir do segundo trimestre deste ano, a atividade\" \/>\n<meta name=\"robots\" content=\"index, follow, max-snippet:-1, max-image-preview:large, max-video-preview:-1\" \/>\n<link rel=\"canonical\" href=\"https:\/\/bahiaeconomica.com.br\/wp\/2025\/03\/20\/juros-altos-deve-desacelerar-economia-a-partir-do-2o-trimestre-diz-ifi\/\" \/>\n<meta property=\"og:locale\" content=\"pt_BR\" \/>\n<meta property=\"og:type\" content=\"article\" \/>\n<meta property=\"og:title\" content=\"JUROS ALTOS DEVE DESACELERAR ECONOMIA A PARTIR DO 2\u00ba TRIMESTRE, DIZ IFI - Bahia Economica\" \/>\n<meta property=\"og:description\" content=\"O maior portal de Economia da Bahia ECONOMIA \/ POL\u00cdTICA Bahia Economica A partir do segundo trimestre deste ano, a atividade\" \/>\n<meta property=\"og:url\" content=\"https:\/\/bahiaeconomica.com.br\/wp\/2025\/03\/20\/juros-altos-deve-desacelerar-economia-a-partir-do-2o-trimestre-diz-ifi\/\" \/>\n<meta property=\"og:site_name\" content=\"Bahia Economica\" \/>\n<meta property=\"article:publisher\" content=\"https:\/\/www.facebook.com\/bahiaeconomica\" \/>\n<meta property=\"article:published_time\" content=\"2025-03-20T18:58:42+00:00\" \/>\n<meta property=\"og:image\" content=\"https:\/\/bahiaeconomica.com.br\/wp\/wp-content\/uploads\/2025\/03\/real_moeda_dinheiro_mcajr_2904223669-1024x613-1.webp\" \/>\n\t<meta property=\"og:image:width\" content=\"1024\" \/>\n\t<meta property=\"og:image:height\" content=\"613\" \/>\n\t<meta property=\"og:image:type\" content=\"image\/webp\" \/>\n<meta name=\"author\" content=\"VICTORIA ISABEL\" \/>\n<meta name=\"twitter:card\" content=\"summary_large_image\" \/>\n<meta name=\"twitter:label1\" content=\"Escrito por\" \/>\n\t<meta name=\"twitter:data1\" content=\"VICTORIA ISABEL\" \/>\n\t<meta name=\"twitter:label2\" content=\"Est. tempo de leitura\" \/>\n\t<meta name=\"twitter:data2\" content=\"2 minutos\" \/>\n<script type=\"application\/ld+json\" class=\"yoast-schema-graph\">{\"@context\":\"https:\/\/schema.org\",\"@graph\":[{\"@type\":\"Article\",\"@id\":\"https:\/\/bahiaeconomica.com.br\/wp\/2025\/03\/20\/juros-altos-deve-desacelerar-economia-a-partir-do-2o-trimestre-diz-ifi\/#article\",\"isPartOf\":{\"@id\":\"https:\/\/bahiaeconomica.com.br\/wp\/2025\/03\/20\/juros-altos-deve-desacelerar-economia-a-partir-do-2o-trimestre-diz-ifi\/\"},\"author\":{\"name\":\"VICTORIA ISABEL\",\"@id\":\"https:\/\/bahiaeconomica.com.br\/wp\/#\/schema\/person\/b719ce0fb1c09f3c7a00d9243ced4a6f\"},\"headline\":\"JUROS ALTOS DEVE DESACELERAR ECONOMIA A PARTIR DO 2\u00ba TRIMESTRE, DIZ IFI\",\"datePublished\":\"2025-03-20T18:58:42+00:00\",\"dateModified\":\"2025-03-20T18:58:42+00:00\",\"mainEntityOfPage\":{\"@id\":\"https:\/\/bahiaeconomica.com.br\/wp\/2025\/03\/20\/juros-altos-deve-desacelerar-economia-a-partir-do-2o-trimestre-diz-ifi\/\"},\"wordCount\":296,\"publisher\":{\"@id\":\"https:\/\/bahiaeconomica.com.br\/wp\/#organization\"},\"keywords\":[\"atividade econ\u00f4mica\",\"DESACELERA\u00c7\u00c3O\",\"juros altos\"],\"articleSection\":[\"ECONOMIA \/ POL\u00cdTICA\"],\"inLanguage\":\"pt-BR\"},{\"@type\":\"WebPage\",\"@id\":\"https:\/\/bahiaeconomica.com.br\/wp\/2025\/03\/20\/juros-altos-deve-desacelerar-economia-a-partir-do-2o-trimestre-diz-ifi\/\",\"url\":\"https:\/\/bahiaeconomica.com.br\/wp\/2025\/03\/20\/juros-altos-deve-desacelerar-economia-a-partir-do-2o-trimestre-diz-ifi\/\",\"name\":\"JUROS ALTOS DEVE DESACELERAR ECONOMIA A PARTIR DO 2\u00ba TRIMESTRE, DIZ IFI - Bahia Economica\",\"isPartOf\":{\"@id\":\"https:\/\/bahiaeconomica.com.br\/wp\/#website\"},\"datePublished\":\"2025-03-20T18:58:42+00:00\",\"dateModified\":\"2025-03-20T18:58:42+00:00\",\"description\":\"O maior portal de Economia da Bahia ECONOMIA \/ POL\u00cdTICA Bahia Economica A partir do segundo trimestre deste ano, a atividade\",\"breadcrumb\":{\"@id\":\"https:\/\/bahiaeconomica.com.br\/wp\/2025\/03\/20\/juros-altos-deve-desacelerar-economia-a-partir-do-2o-trimestre-diz-ifi\/#breadcrumb\"},\"inLanguage\":\"pt-BR\",\"potentialAction\":[{\"@type\":\"ReadAction\",\"target\":[\"https:\/\/bahiaeconomica.com.br\/wp\/2025\/03\/20\/juros-altos-deve-desacelerar-economia-a-partir-do-2o-trimestre-diz-ifi\/\"]}]},{\"@type\":\"BreadcrumbList\",\"@id\":\"https:\/\/bahiaeconomica.com.br\/wp\/2025\/03\/20\/juros-altos-deve-desacelerar-economia-a-partir-do-2o-trimestre-diz-ifi\/#breadcrumb\",\"itemListElement\":[{\"@type\":\"ListItem\",\"position\":1,\"name\":\"In\u00edcio\",\"item\":\"https:\/\/bahiaeconomica.com.br\/wp\/\"},{\"@type\":\"ListItem\",\"position\":2,\"name\":\"JUROS ALTOS DEVE DESACELERAR ECONOMIA A PARTIR DO 2\u00ba TRIMESTRE, DIZ IFI\"}]},{\"@type\":\"WebSite\",\"@id\":\"https:\/\/bahiaeconomica.com.br\/wp\/#website\",\"url\":\"https:\/\/bahiaeconomica.com.br\/wp\/\",\"name\":\"Bahia Economica\",\"description\":\"O maior portal de Economia da Bahia\",\"publisher\":{\"@id\":\"https:\/\/bahiaeconomica.com.br\/wp\/#organization\"},\"potentialAction\":[{\"@type\":\"SearchAction\",\"target\":{\"@type\":\"EntryPoint\",\"urlTemplate\":\"https:\/\/bahiaeconomica.com.br\/wp\/?s={search_term_string}\"},\"query-input\":\"required name=search_term_string\"}],\"inLanguage\":\"pt-BR\"},{\"@type\":\"Organization\",\"@id\":\"https:\/\/bahiaeconomica.com.br\/wp\/#organization\",\"name\":\"Bahia Econ\u00f4mica\",\"url\":\"https:\/\/bahiaeconomica.com.br\/wp\/\",\"logo\":{\"@type\":\"ImageObject\",\"inLanguage\":\"pt-BR\",\"@id\":\"https:\/\/bahiaeconomica.com.br\/wp\/#\/schema\/logo\/image\/\",\"url\":\"https:\/\/bahiaeconomica.com.br\/wp\/wp-content\/uploads\/2020\/12\/cropped-BE.png\",\"contentUrl\":\"https:\/\/bahiaeconomica.com.br\/wp\/wp-content\/uploads\/2020\/12\/cropped-BE.png\",\"width\":512,\"height\":512,\"caption\":\"Bahia Econ\u00f4mica\"},\"image\":{\"@id\":\"https:\/\/bahiaeconomica.com.br\/wp\/#\/schema\/logo\/image\/\"},\"sameAs\":[\"https:\/\/www.facebook.com\/bahiaeconomica\"]},{\"@type\":\"Person\",\"@id\":\"https:\/\/bahiaeconomica.com.br\/wp\/#\/schema\/person\/b719ce0fb1c09f3c7a00d9243ced4a6f\",\"name\":\"VICTORIA ISABEL\",\"sameAs\":[\"http:\/\/www.bahiaeconomica.com.br\"],\"url\":\"https:\/\/bahiaeconomica.com.br\/wp\/author\/victoria-isabel\/\"}]}<\/script>\n<!-- \/ Yoast SEO plugin. -->","yoast_head_json":{"title":"JUROS ALTOS DEVE DESACELERAR ECONOMIA A PARTIR DO 2\u00ba TRIMESTRE, DIZ IFI - Bahia Economica","description":"O maior portal de Economia da Bahia ECONOMIA \/ POL\u00cdTICA Bahia Economica A partir do segundo trimestre deste ano, a atividade","robots":{"index":"index","follow":"follow","max-snippet":"max-snippet:-1","max-image-preview":"max-image-preview:large","max-video-preview":"max-video-preview:-1"},"canonical":"https:\/\/bahiaeconomica.com.br\/wp\/2025\/03\/20\/juros-altos-deve-desacelerar-economia-a-partir-do-2o-trimestre-diz-ifi\/","og_locale":"pt_BR","og_type":"article","og_title":"JUROS ALTOS DEVE DESACELERAR ECONOMIA A PARTIR DO 2\u00ba TRIMESTRE, DIZ IFI - Bahia Economica","og_description":"O maior portal de Economia da Bahia ECONOMIA \/ POL\u00cdTICA Bahia Economica A partir do segundo trimestre deste ano, a atividade","og_url":"https:\/\/bahiaeconomica.com.br\/wp\/2025\/03\/20\/juros-altos-deve-desacelerar-economia-a-partir-do-2o-trimestre-diz-ifi\/","og_site_name":"Bahia Economica","article_publisher":"https:\/\/www.facebook.com\/bahiaeconomica","article_published_time":"2025-03-20T18:58:42+00:00","og_image":[{"width":1024,"height":613,"url":"https:\/\/bahiaeconomica.com.br\/wp\/wp-content\/uploads\/2025\/03\/real_moeda_dinheiro_mcajr_2904223669-1024x613-1.webp","type":"image\/webp"}],"author":"VICTORIA ISABEL","twitter_card":"summary_large_image","twitter_misc":{"Escrito por":"VICTORIA ISABEL","Est. tempo de leitura":"2 minutos"},"schema":{"@context":"https:\/\/schema.org","@graph":[{"@type":"Article","@id":"https:\/\/bahiaeconomica.com.br\/wp\/2025\/03\/20\/juros-altos-deve-desacelerar-economia-a-partir-do-2o-trimestre-diz-ifi\/#article","isPartOf":{"@id":"https:\/\/bahiaeconomica.com.br\/wp\/2025\/03\/20\/juros-altos-deve-desacelerar-economia-a-partir-do-2o-trimestre-diz-ifi\/"},"author":{"name":"VICTORIA ISABEL","@id":"https:\/\/bahiaeconomica.com.br\/wp\/#\/schema\/person\/b719ce0fb1c09f3c7a00d9243ced4a6f"},"headline":"JUROS ALTOS DEVE DESACELERAR ECONOMIA A PARTIR DO 2\u00ba TRIMESTRE, DIZ IFI","datePublished":"2025-03-20T18:58:42+00:00","dateModified":"2025-03-20T18:58:42+00:00","mainEntityOfPage":{"@id":"https:\/\/bahiaeconomica.com.br\/wp\/2025\/03\/20\/juros-altos-deve-desacelerar-economia-a-partir-do-2o-trimestre-diz-ifi\/"},"wordCount":296,"publisher":{"@id":"https:\/\/bahiaeconomica.com.br\/wp\/#organization"},"keywords":["atividade econ\u00f4mica","DESACELERA\u00c7\u00c3O","juros altos"],"articleSection":["ECONOMIA \/ POL\u00cdTICA"],"inLanguage":"pt-BR"},{"@type":"WebPage","@id":"https:\/\/bahiaeconomica.com.br\/wp\/2025\/03\/20\/juros-altos-deve-desacelerar-economia-a-partir-do-2o-trimestre-diz-ifi\/","url":"https:\/\/bahiaeconomica.com.br\/wp\/2025\/03\/20\/juros-altos-deve-desacelerar-economia-a-partir-do-2o-trimestre-diz-ifi\/","name":"JUROS ALTOS DEVE DESACELERAR ECONOMIA A PARTIR DO 2\u00ba TRIMESTRE, DIZ IFI - Bahia Economica","isPartOf":{"@id":"https:\/\/bahiaeconomica.com.br\/wp\/#website"},"datePublished":"2025-03-20T18:58:42+00:00","dateModified":"2025-03-20T18:58:42+00:00","description":"O maior portal de Economia da Bahia ECONOMIA \/ POL\u00cdTICA Bahia Economica A partir do segundo trimestre deste ano, a atividade","breadcrumb":{"@id":"https:\/\/bahiaeconomica.com.br\/wp\/2025\/03\/20\/juros-altos-deve-desacelerar-economia-a-partir-do-2o-trimestre-diz-ifi\/#breadcrumb"},"inLanguage":"pt-BR","potentialAction":[{"@type":"ReadAction","target":["https:\/\/bahiaeconomica.com.br\/wp\/2025\/03\/20\/juros-altos-deve-desacelerar-economia-a-partir-do-2o-trimestre-diz-ifi\/"]}]},{"@type":"BreadcrumbList","@id":"https:\/\/bahiaeconomica.com.br\/wp\/2025\/03\/20\/juros-altos-deve-desacelerar-economia-a-partir-do-2o-trimestre-diz-ifi\/#breadcrumb","itemListElement":[{"@type":"ListItem","position":1,"name":"In\u00edcio","item":"https:\/\/bahiaeconomica.com.br\/wp\/"},{"@type":"ListItem","position":2,"name":"JUROS ALTOS DEVE DESACELERAR ECONOMIA A PARTIR DO 2\u00ba TRIMESTRE, DIZ IFI"}]},{"@type":"WebSite","@id":"https:\/\/bahiaeconomica.com.br\/wp\/#website","url":"https:\/\/bahiaeconomica.com.br\/wp\/","name":"Bahia Economica","description":"O maior portal de Economia da Bahia","publisher":{"@id":"https:\/\/bahiaeconomica.com.br\/wp\/#organization"},"potentialAction":[{"@type":"SearchAction","target":{"@type":"EntryPoint","urlTemplate":"https:\/\/bahiaeconomica.com.br\/wp\/?s={search_term_string}"},"query-input":"required name=search_term_string"}],"inLanguage":"pt-BR"},{"@type":"Organization","@id":"https:\/\/bahiaeconomica.com.br\/wp\/#organization","name":"Bahia Econ\u00f4mica","url":"https:\/\/bahiaeconomica.com.br\/wp\/","logo":{"@type":"ImageObject","inLanguage":"pt-BR","@id":"https:\/\/bahiaeconomica.com.br\/wp\/#\/schema\/logo\/image\/","url":"https:\/\/bahiaeconomica.com.br\/wp\/wp-content\/uploads\/2020\/12\/cropped-BE.png","contentUrl":"https:\/\/bahiaeconomica.com.br\/wp\/wp-content\/uploads\/2020\/12\/cropped-BE.png","width":512,"height":512,"caption":"Bahia Econ\u00f4mica"},"image":{"@id":"https:\/\/bahiaeconomica.com.br\/wp\/#\/schema\/logo\/image\/"},"sameAs":["https:\/\/www.facebook.com\/bahiaeconomica"]},{"@type":"Person","@id":"https:\/\/bahiaeconomica.com.br\/wp\/#\/schema\/person\/b719ce0fb1c09f3c7a00d9243ced4a6f","name":"VICTORIA ISABEL","sameAs":["http:\/\/www.bahiaeconomica.com.br"],"url":"https:\/\/bahiaeconomica.com.br\/wp\/author\/victoria-isabel\/"}]}},"views":3,"_links":{"self":[{"href":"https:\/\/bahiaeconomica.com.br\/wp\/wp-json\/wp\/v2\/posts\/889154"}],"collection":[{"href":"https:\/\/bahiaeconomica.com.br\/wp\/wp-json\/wp\/v2\/posts"}],"about":[{"href":"https:\/\/bahiaeconomica.com.br\/wp\/wp-json\/wp\/v2\/types\/post"}],"author":[{"embeddable":true,"href":"https:\/\/bahiaeconomica.com.br\/wp\/wp-json\/wp\/v2\/users\/15"}],"replies":[{"embeddable":true,"href":"https:\/\/bahiaeconomica.com.br\/wp\/wp-json\/wp\/v2\/comments?post=889154"}],"version-history":[{"count":1,"href":"https:\/\/bahiaeconomica.com.br\/wp\/wp-json\/wp\/v2\/posts\/889154\/revisions"}],"predecessor-version":[{"id":889156,"href":"https:\/\/bahiaeconomica.com.br\/wp\/wp-json\/wp\/v2\/posts\/889154\/revisions\/889156"}],"wp:featuredmedia":[{"embeddable":true,"href":"https:\/\/bahiaeconomica.com.br\/wp\/wp-json\/wp\/v2\/media\/889155"}],"wp:attachment":[{"href":"https:\/\/bahiaeconomica.com.br\/wp\/wp-json\/wp\/v2\/media?parent=889154"}],"wp:term":[{"taxonomy":"category","embeddable":true,"href":"https:\/\/bahiaeconomica.com.br\/wp\/wp-json\/wp\/v2\/categories?post=889154"},{"taxonomy":"post_tag","embeddable":true,"href":"https:\/\/bahiaeconomica.com.br\/wp\/wp-json\/wp\/v2\/tags?post=889154"}],"curies":[{"name":"wp","href":"https:\/\/api.w.org\/{rel}","templated":true}]}}