{"id":888742,"date":"2025-03-19T14:36:19","date_gmt":"2025-03-19T17:36:19","guid":{"rendered":"https:\/\/bahiaeconomica.com.br\/wp\/?p=888742"},"modified":"2025-03-19T14:38:55","modified_gmt":"2025-03-19T17:38:55","slug":"metro-de-salvador-marca-dia-internacional-da-sindrome-de-down-com-exposicao-fotografica-e-viagem-inclusiva-para-criancas-da-apae","status":"publish","type":"post","link":"https:\/\/bahiaeconomica.com.br\/wp\/2025\/03\/19\/metro-de-salvador-marca-dia-internacional-da-sindrome-de-down-com-exposicao-fotografica-e-viagem-inclusiva-para-criancas-da-apae\/","title":{"rendered":"METR\u00d4 DE SALVADOR MARCA DIA INTERNACIONAL DA S\u00cdNDROME DE DOWN COM EXPOSI\u00c7\u00c3O FOTOGR\u00c1FICA E VIAGEM INCLUSIVA PARA CRIAN\u00c7AS DA APAE"},"content":{"rendered":"<p dir=\"ltr\">O Dia Internacional da S\u00edndrome de Down, celebrado em 21 de mar\u00e7o, ser\u00e1 marcado por uma a\u00e7\u00e3o especial no metr\u00f4 da capital baiana. Para refor\u00e7ar seu compromisso com a inclus\u00e3o e a diversidade, a CCR Metr\u00f4 Bahia promover\u00e1, nesta sexta-feira, \u00e0s 10h, um passeio exclusivo para 30 crian\u00e7as e adolescentes da Associa\u00e7\u00e3o de Pais e Amigos dos Excepcionais (Apae). O grupo\u00a0embarcar\u00e1\u00a0em um vag\u00e3o reservado na Esta\u00e7\u00e3o Bom Ju\u00e1 com destino \u00e0 Esta\u00e7\u00e3o da Lapa. Al\u00e9m disso,\u00a0 uma exposi\u00e7\u00e3o fotogr\u00e1fica intitulada &#8220;Encantos do Olhar&#8221;, estar\u00e1 em cartaz na Esta\u00e7\u00e3o Rodovi\u00e1ria, at\u00e9 20 de abril. Muitas crian\u00e7as s\u00e3o protagonistas da mostra, que convida \u00e0 reflex\u00e3o sobre acessibilidade, pertencimento e valoriza\u00e7\u00e3o das diferen\u00e7as em um espa\u00e7o democr\u00e1tico como o Sistema Metrovi\u00e1rio de Salvador e Lauro de Freitas.<\/p>\n<p dir=\"ltr\"><b>Uma viagem inclusiva: crian\u00e7as da APAE Salvador conhecem o metr\u00f4<\/b><\/p>\n<p dir=\"ltr\">Mais do que um simples passeio, a a\u00e7\u00e3o fortalece a autonomia e a confian\u00e7a desse p\u00fablico em ambientes de grande circula\u00e7\u00e3o como o modal, al\u00e9m de promover um contato direto com a mobilidade urbana de forma inclusiva.<\/p>\n<p dir=\"ltr\">&#8220;O metr\u00f4 \u00e9 um espa\u00e7o de todos, e essa iniciativa refor\u00e7a que inclus\u00e3o n\u00e3o \u00e9 apenas um conceito, mas uma pr\u00e1tica di\u00e1ria da concession\u00e1ria. Seja por meio da arte ou da viv\u00eancia cotidiana, \u00e9 imprescind\u00edvel criar ambientes que respeitem e acolham a diversidade. No metr\u00f4, onde hist\u00f3rias se encontram, defendemos que acessibilidade e pertencimento devem fazer parte do caminho de cada pessoa&#8221;, destaca Ivana Nascimento, coordenadora de Responsabilidade Social da Plataforma Mobilidade do Grupo CCR.<\/p>\n<p dir=\"ltr\">A exposi\u00e7\u00e3o &#8220;Encantos do Olhar&#8221; estreia nesta sexta-feira (21) na Esta\u00e7\u00e3o Rodovi\u00e1ria, trazendo imagens reais e inspiradoras de 13 pessoas com S\u00edndrome de Down, registradas pelo olhar apurado do fot\u00f3grafo Ulisses Dumas. Cada retrato conta uma hist\u00f3ria, transmite emo\u00e7\u00f5es e evidencia a singularidade de cada indiv\u00edduo.<\/p>\n<p dir=\"ltr\">&#8220;A exposi\u00e7\u00e3o \u00e9 uma celebra\u00e7\u00e3o da diversidade e da inclus\u00e3o. Mostrar a vida real dessas crian\u00e7as em um espa\u00e7o com ampla visibilidade como a Esta\u00e7\u00e3o Rodovi\u00e1ria \u00e9 uma forma concreta de democratiza\u00e7\u00e3o da arte e da representatividade. Queremos que mais pessoas se inspirem, reflitam e se sensibilizem com as hist\u00f3rias registradas. A Secretaria Estadual de Desenvolvimento Urbano (Sedur) tem compromisso com a inclus\u00e3o e o respeito \u00e0 diversidade, e apoiar exposi\u00e7\u00f5es como essa refor\u00e7a nossa miss\u00e3o de construir um mundo mais justo e acess\u00edvel para todos&#8221;, afirma Jusmari Oliveira, secret\u00e1ria da Sedur.<\/p>\n<p dir=\"ltr\">Foto: Divulga\u00e7\u00e3o\/CCR<\/p>\n","protected":false},"excerpt":{"rendered":"<p>O Dia Internacional da S\u00edndrome de Down, celebrado em 21 de mar\u00e7o, ser\u00e1 marcado por uma a\u00e7\u00e3o especial no metr\u00f4 da capital baiana. Para refor\u00e7ar seu compromisso com a inclus\u00e3o e a diversidade, a CCR Metr\u00f4 Bahia promover\u00e1, nesta sexta-feira, \u00e0s 10h, um passeio exclusivo para 30 crian\u00e7as e adolescentes da Associa\u00e7\u00e3o de Pais e [&hellip;]<\/p>\n","protected":false},"author":24,"featured_media":888758,"comment_status":"closed","ping_status":"closed","sticky":false,"template":"","format":"standard","meta":[],"categories":[5],"tags":[1459,6304,16442],"acf":[],"yoast_head":"<!-- This site is optimized with the Yoast SEO plugin v20.8 - https:\/\/yoast.com\/wordpress\/plugins\/seo\/ -->\n<title>METR\u00d4 DE SALVADOR MARCA DIA INTERNACIONAL DA S\u00cdNDROME DE DOWN COM EXPOSI\u00c7\u00c3O FOTOGR\u00c1FICA E VIAGEM INCLUSIVA PARA CRIAN\u00c7AS DA APAE - Bahia Economica O Dia Internacional da S\u00edndrome de Down, celebrado em 21 de mar\u00e7o, ser\u00e1 marcado por uma a\u00e7\u00e3o especial no metr\u00f4 da capital baiana. Para refor\u00e7ar seu compromisso com a inclus\u00e3o e a diversidade, a CCR Metr\u00f4 Bahia promover\u00e1, nesta sexta-feira, \u00e0s 10h, um passeio exclusivo para 30 crian\u00e7as e adolescentes da Associa\u00e7\u00e3o de Pais e Amigos dos Excepcionais (Apae).<\/title>\n<meta name=\"description\" content=\"O maior portal de Economia da Bahia MUNIC\u00cdPIOS Bahia Economica O Dia Internacional da S\u00edndrome de Down, celebrado em 21 de mar\u00e7o, ser\u00e1 marcado por uma a\u00e7\u00e3o especial no metr\u00f4 da capital baiana. Para refor\u00e7ar seu compromisso com a inclus\u00e3o e a diversidade, a CCR Metr\u00f4 Bahia promover\u00e1, nesta sexta-feira, \u00e0s 10h, um passeio exclusivo para 30 crian\u00e7as e adolescentes da Associa\u00e7\u00e3o de Pais e Amigos dos Excepcionais (Apae).\" \/>\n<meta name=\"robots\" content=\"index, follow, max-snippet:-1, max-image-preview:large, max-video-preview:-1\" \/>\n<link rel=\"canonical\" href=\"https:\/\/bahiaeconomica.com.br\/wp\/2025\/03\/19\/metro-de-salvador-marca-dia-internacional-da-sindrome-de-down-com-exposicao-fotografica-e-viagem-inclusiva-para-criancas-da-apae\/\" \/>\n<meta property=\"og:locale\" content=\"pt_BR\" \/>\n<meta property=\"og:type\" content=\"article\" \/>\n<meta property=\"og:title\" content=\"METR\u00d4 DE SALVADOR MARCA DIA INTERNACIONAL DA S\u00cdNDROME DE DOWN COM EXPOSI\u00c7\u00c3O FOTOGR\u00c1FICA E VIAGEM INCLUSIVA PARA CRIAN\u00c7AS DA APAE - Bahia Economica O Dia Internacional da S\u00edndrome de Down, celebrado em 21 de mar\u00e7o, ser\u00e1 marcado por uma a\u00e7\u00e3o especial no metr\u00f4 da capital baiana. Para refor\u00e7ar seu compromisso com a inclus\u00e3o e a diversidade, a CCR Metr\u00f4 Bahia promover\u00e1, nesta sexta-feira, \u00e0s 10h, um passeio exclusivo para 30 crian\u00e7as e adolescentes da Associa\u00e7\u00e3o de Pais e Amigos dos Excepcionais (Apae).\" \/>\n<meta property=\"og:description\" content=\"O maior portal de Economia da Bahia MUNIC\u00cdPIOS Bahia Economica O Dia Internacional da S\u00edndrome de Down, celebrado em 21 de mar\u00e7o, ser\u00e1 marcado por uma a\u00e7\u00e3o especial no metr\u00f4 da capital baiana. Para refor\u00e7ar seu compromisso com a inclus\u00e3o e a diversidade, a CCR Metr\u00f4 Bahia promover\u00e1, nesta sexta-feira, \u00e0s 10h, um passeio exclusivo para 30 crian\u00e7as e adolescentes da Associa\u00e7\u00e3o de Pais e Amigos dos Excepcionais (Apae).\" \/>\n<meta property=\"og:url\" content=\"https:\/\/bahiaeconomica.com.br\/wp\/2025\/03\/19\/metro-de-salvador-marca-dia-internacional-da-sindrome-de-down-com-exposicao-fotografica-e-viagem-inclusiva-para-criancas-da-apae\/\" \/>\n<meta property=\"og:site_name\" content=\"Bahia Economica\" \/>\n<meta property=\"article:publisher\" content=\"https:\/\/www.facebook.com\/bahiaeconomica\" \/>\n<meta property=\"article:published_time\" content=\"2025-03-19T17:36:19+00:00\" \/>\n<meta property=\"article:modified_time\" content=\"2025-03-19T17:38:55+00:00\" \/>\n<meta property=\"og:image\" content=\"https:\/\/bahiaeconomica.com.br\/wp\/wp-content\/uploads\/2025\/03\/WhatsApp-Image-2025-03-19-at-14.32.05-e1742405912886.jpeg\" \/>\n\t<meta property=\"og:image:width\" content=\"1064\" \/>\n\t<meta property=\"og:image:height\" content=\"1136\" \/>\n\t<meta property=\"og:image:type\" content=\"image\/jpeg\" \/>\n<meta name=\"author\" content=\"VICTOR OLIVEIRA\" \/>\n<meta name=\"twitter:card\" content=\"summary_large_image\" \/>\n<meta name=\"twitter:label1\" content=\"Escrito por\" \/>\n\t<meta name=\"twitter:data1\" content=\"VICTOR OLIVEIRA\" \/>\n\t<meta name=\"twitter:label2\" content=\"Est. tempo de leitura\" \/>\n\t<meta name=\"twitter:data2\" content=\"3 minutos\" \/>\n<script type=\"application\/ld+json\" class=\"yoast-schema-graph\">{\"@context\":\"https:\/\/schema.org\",\"@graph\":[{\"@type\":\"Article\",\"@id\":\"https:\/\/bahiaeconomica.com.br\/wp\/2025\/03\/19\/metro-de-salvador-marca-dia-internacional-da-sindrome-de-down-com-exposicao-fotografica-e-viagem-inclusiva-para-criancas-da-apae\/#article\",\"isPartOf\":{\"@id\":\"https:\/\/bahiaeconomica.com.br\/wp\/2025\/03\/19\/metro-de-salvador-marca-dia-internacional-da-sindrome-de-down-com-exposicao-fotografica-e-viagem-inclusiva-para-criancas-da-apae\/\"},\"author\":{\"name\":\"VICTOR OLIVEIRA\",\"@id\":\"https:\/\/bahiaeconomica.com.br\/wp\/#\/schema\/person\/a17956d0e1112b626f403fb06b8129a9\"},\"headline\":\"METR\u00d4 DE SALVADOR MARCA DIA INTERNACIONAL DA S\u00cdNDROME DE DOWN COM EXPOSI\u00c7\u00c3O FOTOGR\u00c1FICA E VIAGEM INCLUSIVA PARA CRIAN\u00c7AS DA APAE\",\"datePublished\":\"2025-03-19T17:36:19+00:00\",\"dateModified\":\"2025-03-19T17:38:55+00:00\",\"mainEntityOfPage\":{\"@id\":\"https:\/\/bahiaeconomica.com.br\/wp\/2025\/03\/19\/metro-de-salvador-marca-dia-internacional-da-sindrome-de-down-com-exposicao-fotografica-e-viagem-inclusiva-para-criancas-da-apae\/\"},\"wordCount\":463,\"publisher\":{\"@id\":\"https:\/\/bahiaeconomica.com.br\/wp\/#organization\"},\"keywords\":[\"CCR\",\"exposi\u00e7\u00e3o\",\"sindrome de down\"],\"articleSection\":[\"MUNIC\u00cdPIOS\"],\"inLanguage\":\"pt-BR\"},{\"@type\":\"WebPage\",\"@id\":\"https:\/\/bahiaeconomica.com.br\/wp\/2025\/03\/19\/metro-de-salvador-marca-dia-internacional-da-sindrome-de-down-com-exposicao-fotografica-e-viagem-inclusiva-para-criancas-da-apae\/\",\"url\":\"https:\/\/bahiaeconomica.com.br\/wp\/2025\/03\/19\/metro-de-salvador-marca-dia-internacional-da-sindrome-de-down-com-exposicao-fotografica-e-viagem-inclusiva-para-criancas-da-apae\/\",\"name\":\"METR\u00d4 DE SALVADOR MARCA DIA INTERNACIONAL DA S\u00cdNDROME DE DOWN COM EXPOSI\u00c7\u00c3O FOTOGR\u00c1FICA E VIAGEM INCLUSIVA PARA CRIAN\u00c7AS DA APAE - Bahia Economica O Dia Internacional da S\u00edndrome de Down, celebrado em 21 de mar\u00e7o, ser\u00e1 marcado por uma a\u00e7\u00e3o especial no metr\u00f4 da capital baiana. Para refor\u00e7ar seu compromisso com a inclus\u00e3o e a diversidade, a CCR Metr\u00f4 Bahia promover\u00e1, nesta sexta-feira, \u00e0s 10h, um passeio exclusivo para 30 crian\u00e7as e adolescentes da Associa\u00e7\u00e3o de Pais e Amigos dos Excepcionais (Apae).\",\"isPartOf\":{\"@id\":\"https:\/\/bahiaeconomica.com.br\/wp\/#website\"},\"datePublished\":\"2025-03-19T17:36:19+00:00\",\"dateModified\":\"2025-03-19T17:38:55+00:00\",\"description\":\"O maior portal de Economia da Bahia MUNIC\u00cdPIOS Bahia Economica O Dia Internacional da S\u00edndrome de Down, celebrado em 21 de mar\u00e7o, ser\u00e1 marcado por uma a\u00e7\u00e3o especial no metr\u00f4 da capital baiana. Para refor\u00e7ar seu compromisso com a inclus\u00e3o e a diversidade, a CCR Metr\u00f4 Bahia promover\u00e1, nesta sexta-feira, \u00e0s 10h, um passeio exclusivo para 30 crian\u00e7as e adolescentes da Associa\u00e7\u00e3o de Pais e Amigos dos Excepcionais (Apae).\",\"breadcrumb\":{\"@id\":\"https:\/\/bahiaeconomica.com.br\/wp\/2025\/03\/19\/metro-de-salvador-marca-dia-internacional-da-sindrome-de-down-com-exposicao-fotografica-e-viagem-inclusiva-para-criancas-da-apae\/#breadcrumb\"},\"inLanguage\":\"pt-BR\",\"potentialAction\":[{\"@type\":\"ReadAction\",\"target\":[\"https:\/\/bahiaeconomica.com.br\/wp\/2025\/03\/19\/metro-de-salvador-marca-dia-internacional-da-sindrome-de-down-com-exposicao-fotografica-e-viagem-inclusiva-para-criancas-da-apae\/\"]}]},{\"@type\":\"BreadcrumbList\",\"@id\":\"https:\/\/bahiaeconomica.com.br\/wp\/2025\/03\/19\/metro-de-salvador-marca-dia-internacional-da-sindrome-de-down-com-exposicao-fotografica-e-viagem-inclusiva-para-criancas-da-apae\/#breadcrumb\",\"itemListElement\":[{\"@type\":\"ListItem\",\"position\":1,\"name\":\"In\u00edcio\",\"item\":\"https:\/\/bahiaeconomica.com.br\/wp\/\"},{\"@type\":\"ListItem\",\"position\":2,\"name\":\"METR\u00d4 DE SALVADOR MARCA DIA INTERNACIONAL DA S\u00cdNDROME DE DOWN COM EXPOSI\u00c7\u00c3O FOTOGR\u00c1FICA E VIAGEM INCLUSIVA PARA CRIAN\u00c7AS DA APAE\"}]},{\"@type\":\"WebSite\",\"@id\":\"https:\/\/bahiaeconomica.com.br\/wp\/#website\",\"url\":\"https:\/\/bahiaeconomica.com.br\/wp\/\",\"name\":\"Bahia Economica\",\"description\":\"O maior portal de Economia da Bahia\",\"publisher\":{\"@id\":\"https:\/\/bahiaeconomica.com.br\/wp\/#organization\"},\"potentialAction\":[{\"@type\":\"SearchAction\",\"target\":{\"@type\":\"EntryPoint\",\"urlTemplate\":\"https:\/\/bahiaeconomica.com.br\/wp\/?s={search_term_string}\"},\"query-input\":\"required name=search_term_string\"}],\"inLanguage\":\"pt-BR\"},{\"@type\":\"Organization\",\"@id\":\"https:\/\/bahiaeconomica.com.br\/wp\/#organization\",\"name\":\"Bahia Econ\u00f4mica\",\"url\":\"https:\/\/bahiaeconomica.com.br\/wp\/\",\"logo\":{\"@type\":\"ImageObject\",\"inLanguage\":\"pt-BR\",\"@id\":\"https:\/\/bahiaeconomica.com.br\/wp\/#\/schema\/logo\/image\/\",\"url\":\"https:\/\/bahiaeconomica.com.br\/wp\/wp-content\/uploads\/2020\/12\/cropped-BE.png\",\"contentUrl\":\"https:\/\/bahiaeconomica.com.br\/wp\/wp-content\/uploads\/2020\/12\/cropped-BE.png\",\"width\":512,\"height\":512,\"caption\":\"Bahia Econ\u00f4mica\"},\"image\":{\"@id\":\"https:\/\/bahiaeconomica.com.br\/wp\/#\/schema\/logo\/image\/\"},\"sameAs\":[\"https:\/\/www.facebook.com\/bahiaeconomica\"]},{\"@type\":\"Person\",\"@id\":\"https:\/\/bahiaeconomica.com.br\/wp\/#\/schema\/person\/a17956d0e1112b626f403fb06b8129a9\",\"name\":\"VICTOR OLIVEIRA\",\"sameAs\":[\"http:\/\/www.bahiaeconomica.com.br\"],\"url\":\"https:\/\/bahiaeconomica.com.br\/wp\/author\/victor-oliveira\/\"}]}<\/script>\n<!-- \/ Yoast SEO plugin. -->","yoast_head_json":{"title":"METR\u00d4 DE SALVADOR MARCA DIA INTERNACIONAL DA S\u00cdNDROME DE DOWN COM EXPOSI\u00c7\u00c3O FOTOGR\u00c1FICA E VIAGEM INCLUSIVA PARA CRIAN\u00c7AS DA APAE - Bahia Economica O Dia Internacional da S\u00edndrome de Down, celebrado em 21 de mar\u00e7o, ser\u00e1 marcado por uma a\u00e7\u00e3o especial no metr\u00f4 da capital baiana. Para refor\u00e7ar seu compromisso com a inclus\u00e3o e a diversidade, a CCR Metr\u00f4 Bahia promover\u00e1, nesta sexta-feira, \u00e0s 10h, um passeio exclusivo para 30 crian\u00e7as e adolescentes da Associa\u00e7\u00e3o de Pais e Amigos dos Excepcionais (Apae).","description":"O maior portal de Economia da Bahia MUNIC\u00cdPIOS Bahia Economica O Dia Internacional da S\u00edndrome de Down, celebrado em 21 de mar\u00e7o, ser\u00e1 marcado por uma a\u00e7\u00e3o especial no metr\u00f4 da capital baiana. Para refor\u00e7ar seu compromisso com a inclus\u00e3o e a diversidade, a CCR Metr\u00f4 Bahia promover\u00e1, nesta sexta-feira, \u00e0s 10h, um passeio exclusivo para 30 crian\u00e7as e adolescentes da Associa\u00e7\u00e3o de Pais e Amigos dos Excepcionais (Apae).","robots":{"index":"index","follow":"follow","max-snippet":"max-snippet:-1","max-image-preview":"max-image-preview:large","max-video-preview":"max-video-preview:-1"},"canonical":"https:\/\/bahiaeconomica.com.br\/wp\/2025\/03\/19\/metro-de-salvador-marca-dia-internacional-da-sindrome-de-down-com-exposicao-fotografica-e-viagem-inclusiva-para-criancas-da-apae\/","og_locale":"pt_BR","og_type":"article","og_title":"METR\u00d4 DE SALVADOR MARCA DIA INTERNACIONAL DA S\u00cdNDROME DE DOWN COM EXPOSI\u00c7\u00c3O FOTOGR\u00c1FICA E VIAGEM INCLUSIVA PARA CRIAN\u00c7AS DA APAE - Bahia Economica O Dia Internacional da S\u00edndrome de Down, celebrado em 21 de mar\u00e7o, ser\u00e1 marcado por uma a\u00e7\u00e3o especial no metr\u00f4 da capital baiana. Para refor\u00e7ar seu compromisso com a inclus\u00e3o e a diversidade, a CCR Metr\u00f4 Bahia promover\u00e1, nesta sexta-feira, \u00e0s 10h, um passeio exclusivo para 30 crian\u00e7as e adolescentes da Associa\u00e7\u00e3o de Pais e Amigos dos Excepcionais (Apae).","og_description":"O maior portal de Economia da Bahia MUNIC\u00cdPIOS Bahia Economica O Dia Internacional da S\u00edndrome de Down, celebrado em 21 de mar\u00e7o, ser\u00e1 marcado por uma a\u00e7\u00e3o especial no metr\u00f4 da capital baiana. Para refor\u00e7ar seu compromisso com a inclus\u00e3o e a diversidade, a CCR Metr\u00f4 Bahia promover\u00e1, nesta sexta-feira, \u00e0s 10h, um passeio exclusivo para 30 crian\u00e7as e adolescentes da Associa\u00e7\u00e3o de Pais e Amigos dos Excepcionais (Apae).","og_url":"https:\/\/bahiaeconomica.com.br\/wp\/2025\/03\/19\/metro-de-salvador-marca-dia-internacional-da-sindrome-de-down-com-exposicao-fotografica-e-viagem-inclusiva-para-criancas-da-apae\/","og_site_name":"Bahia Economica","article_publisher":"https:\/\/www.facebook.com\/bahiaeconomica","article_published_time":"2025-03-19T17:36:19+00:00","article_modified_time":"2025-03-19T17:38:55+00:00","og_image":[{"width":1064,"height":1136,"url":"https:\/\/bahiaeconomica.com.br\/wp\/wp-content\/uploads\/2025\/03\/WhatsApp-Image-2025-03-19-at-14.32.05-e1742405912886.jpeg","type":"image\/jpeg"}],"author":"VICTOR OLIVEIRA","twitter_card":"summary_large_image","twitter_misc":{"Escrito por":"VICTOR OLIVEIRA","Est. tempo de leitura":"3 minutos"},"schema":{"@context":"https:\/\/schema.org","@graph":[{"@type":"Article","@id":"https:\/\/bahiaeconomica.com.br\/wp\/2025\/03\/19\/metro-de-salvador-marca-dia-internacional-da-sindrome-de-down-com-exposicao-fotografica-e-viagem-inclusiva-para-criancas-da-apae\/#article","isPartOf":{"@id":"https:\/\/bahiaeconomica.com.br\/wp\/2025\/03\/19\/metro-de-salvador-marca-dia-internacional-da-sindrome-de-down-com-exposicao-fotografica-e-viagem-inclusiva-para-criancas-da-apae\/"},"author":{"name":"VICTOR OLIVEIRA","@id":"https:\/\/bahiaeconomica.com.br\/wp\/#\/schema\/person\/a17956d0e1112b626f403fb06b8129a9"},"headline":"METR\u00d4 DE SALVADOR MARCA DIA INTERNACIONAL DA S\u00cdNDROME DE DOWN COM EXPOSI\u00c7\u00c3O FOTOGR\u00c1FICA E VIAGEM INCLUSIVA PARA CRIAN\u00c7AS DA APAE","datePublished":"2025-03-19T17:36:19+00:00","dateModified":"2025-03-19T17:38:55+00:00","mainEntityOfPage":{"@id":"https:\/\/bahiaeconomica.com.br\/wp\/2025\/03\/19\/metro-de-salvador-marca-dia-internacional-da-sindrome-de-down-com-exposicao-fotografica-e-viagem-inclusiva-para-criancas-da-apae\/"},"wordCount":463,"publisher":{"@id":"https:\/\/bahiaeconomica.com.br\/wp\/#organization"},"keywords":["CCR","exposi\u00e7\u00e3o","sindrome de down"],"articleSection":["MUNIC\u00cdPIOS"],"inLanguage":"pt-BR"},{"@type":"WebPage","@id":"https:\/\/bahiaeconomica.com.br\/wp\/2025\/03\/19\/metro-de-salvador-marca-dia-internacional-da-sindrome-de-down-com-exposicao-fotografica-e-viagem-inclusiva-para-criancas-da-apae\/","url":"https:\/\/bahiaeconomica.com.br\/wp\/2025\/03\/19\/metro-de-salvador-marca-dia-internacional-da-sindrome-de-down-com-exposicao-fotografica-e-viagem-inclusiva-para-criancas-da-apae\/","name":"METR\u00d4 DE SALVADOR MARCA DIA INTERNACIONAL DA S\u00cdNDROME DE DOWN COM EXPOSI\u00c7\u00c3O FOTOGR\u00c1FICA E VIAGEM INCLUSIVA PARA CRIAN\u00c7AS DA APAE - Bahia Economica O Dia Internacional da S\u00edndrome de Down, celebrado em 21 de mar\u00e7o, ser\u00e1 marcado por uma a\u00e7\u00e3o especial no metr\u00f4 da capital baiana. Para refor\u00e7ar seu compromisso com a inclus\u00e3o e a diversidade, a CCR Metr\u00f4 Bahia promover\u00e1, nesta sexta-feira, \u00e0s 10h, um passeio exclusivo para 30 crian\u00e7as e adolescentes da Associa\u00e7\u00e3o de Pais e Amigos dos Excepcionais (Apae).","isPartOf":{"@id":"https:\/\/bahiaeconomica.com.br\/wp\/#website"},"datePublished":"2025-03-19T17:36:19+00:00","dateModified":"2025-03-19T17:38:55+00:00","description":"O maior portal de Economia da Bahia MUNIC\u00cdPIOS Bahia Economica O Dia Internacional da S\u00edndrome de Down, celebrado em 21 de mar\u00e7o, ser\u00e1 marcado por uma a\u00e7\u00e3o especial no metr\u00f4 da capital baiana. Para refor\u00e7ar seu compromisso com a inclus\u00e3o e a diversidade, a CCR Metr\u00f4 Bahia promover\u00e1, nesta sexta-feira, \u00e0s 10h, um passeio exclusivo para 30 crian\u00e7as e adolescentes da Associa\u00e7\u00e3o de Pais e Amigos dos Excepcionais (Apae).","breadcrumb":{"@id":"https:\/\/bahiaeconomica.com.br\/wp\/2025\/03\/19\/metro-de-salvador-marca-dia-internacional-da-sindrome-de-down-com-exposicao-fotografica-e-viagem-inclusiva-para-criancas-da-apae\/#breadcrumb"},"inLanguage":"pt-BR","potentialAction":[{"@type":"ReadAction","target":["https:\/\/bahiaeconomica.com.br\/wp\/2025\/03\/19\/metro-de-salvador-marca-dia-internacional-da-sindrome-de-down-com-exposicao-fotografica-e-viagem-inclusiva-para-criancas-da-apae\/"]}]},{"@type":"BreadcrumbList","@id":"https:\/\/bahiaeconomica.com.br\/wp\/2025\/03\/19\/metro-de-salvador-marca-dia-internacional-da-sindrome-de-down-com-exposicao-fotografica-e-viagem-inclusiva-para-criancas-da-apae\/#breadcrumb","itemListElement":[{"@type":"ListItem","position":1,"name":"In\u00edcio","item":"https:\/\/bahiaeconomica.com.br\/wp\/"},{"@type":"ListItem","position":2,"name":"METR\u00d4 DE SALVADOR MARCA DIA INTERNACIONAL DA S\u00cdNDROME DE DOWN COM EXPOSI\u00c7\u00c3O FOTOGR\u00c1FICA E VIAGEM INCLUSIVA PARA CRIAN\u00c7AS DA APAE"}]},{"@type":"WebSite","@id":"https:\/\/bahiaeconomica.com.br\/wp\/#website","url":"https:\/\/bahiaeconomica.com.br\/wp\/","name":"Bahia Economica","description":"O maior portal de Economia da Bahia","publisher":{"@id":"https:\/\/bahiaeconomica.com.br\/wp\/#organization"},"potentialAction":[{"@type":"SearchAction","target":{"@type":"EntryPoint","urlTemplate":"https:\/\/bahiaeconomica.com.br\/wp\/?s={search_term_string}"},"query-input":"required name=search_term_string"}],"inLanguage":"pt-BR"},{"@type":"Organization","@id":"https:\/\/bahiaeconomica.com.br\/wp\/#organization","name":"Bahia Econ\u00f4mica","url":"https:\/\/bahiaeconomica.com.br\/wp\/","logo":{"@type":"ImageObject","inLanguage":"pt-BR","@id":"https:\/\/bahiaeconomica.com.br\/wp\/#\/schema\/logo\/image\/","url":"https:\/\/bahiaeconomica.com.br\/wp\/wp-content\/uploads\/2020\/12\/cropped-BE.png","contentUrl":"https:\/\/bahiaeconomica.com.br\/wp\/wp-content\/uploads\/2020\/12\/cropped-BE.png","width":512,"height":512,"caption":"Bahia Econ\u00f4mica"},"image":{"@id":"https:\/\/bahiaeconomica.com.br\/wp\/#\/schema\/logo\/image\/"},"sameAs":["https:\/\/www.facebook.com\/bahiaeconomica"]},{"@type":"Person","@id":"https:\/\/bahiaeconomica.com.br\/wp\/#\/schema\/person\/a17956d0e1112b626f403fb06b8129a9","name":"VICTOR OLIVEIRA","sameAs":["http:\/\/www.bahiaeconomica.com.br"],"url":"https:\/\/bahiaeconomica.com.br\/wp\/author\/victor-oliveira\/"}]}},"views":42,"_links":{"self":[{"href":"https:\/\/bahiaeconomica.com.br\/wp\/wp-json\/wp\/v2\/posts\/888742"}],"collection":[{"href":"https:\/\/bahiaeconomica.com.br\/wp\/wp-json\/wp\/v2\/posts"}],"about":[{"href":"https:\/\/bahiaeconomica.com.br\/wp\/wp-json\/wp\/v2\/types\/post"}],"author":[{"embeddable":true,"href":"https:\/\/bahiaeconomica.com.br\/wp\/wp-json\/wp\/v2\/users\/24"}],"replies":[{"embeddable":true,"href":"https:\/\/bahiaeconomica.com.br\/wp\/wp-json\/wp\/v2\/comments?post=888742"}],"version-history":[{"count":2,"href":"https:\/\/bahiaeconomica.com.br\/wp\/wp-json\/wp\/v2\/posts\/888742\/revisions"}],"predecessor-version":[{"id":888757,"href":"https:\/\/bahiaeconomica.com.br\/wp\/wp-json\/wp\/v2\/posts\/888742\/revisions\/888757"}],"wp:featuredmedia":[{"embeddable":true,"href":"https:\/\/bahiaeconomica.com.br\/wp\/wp-json\/wp\/v2\/media\/888758"}],"wp:attachment":[{"href":"https:\/\/bahiaeconomica.com.br\/wp\/wp-json\/wp\/v2\/media?parent=888742"}],"wp:term":[{"taxonomy":"category","embeddable":true,"href":"https:\/\/bahiaeconomica.com.br\/wp\/wp-json\/wp\/v2\/categories?post=888742"},{"taxonomy":"post_tag","embeddable":true,"href":"https:\/\/bahiaeconomica.com.br\/wp\/wp-json\/wp\/v2\/tags?post=888742"}],"curies":[{"name":"wp","href":"https:\/\/api.w.org\/{rel}","templated":true}]}}